{"id":6402,"date":"2015-06-30T10:09:46","date_gmt":"2015-06-30T08:09:46","guid":{"rendered":"http:\/\/www.tafeldeko.de\/news\/?p=6402"},"modified":"2023-01-24T13:28:12","modified_gmt":"2023-01-24T12:28:12","slug":"deko-mit-bildern-abwechslungsreich-und-schoen","status":"publish","type":"post","link":"https:\/\/www.tafeldeko.de\/news\/deko-mit-bildern-abwechslungsreich-und-schoen\/","title":{"rendered":"Deko mit Bildern &#8211; abwechslungsreich und sch\u00f6n"},"content":{"rendered":"<p>Die Deko mit Bildern abwechslungsreich steht vor allem im Wohnbereich im Vordergrund. Mit Bildern m\u00f6chte man Pers\u00f6nlichkeit in die R\u00e4umlichkeiten einbringen, sie gestalten und ihnen das gewisse Etwas verleihen. Auch in Gesch\u00e4ftsgeb\u00e4uden sieht man oft Bilder, die die W\u00e4nde schm\u00fccken &#8211; hier beinhalten die Bilder oftmals die Unternehmensgeschichte oder Luftbilder des Geb\u00e4udes, des Gel\u00e4ndes. Solche Bilder sind nat\u00fcrlich interessant und informativ, schm\u00fccken zudem den Raum.<\/p>\n<p><img decoding=\"async\" loading=\"lazy\" src=\"https:\/\/www.tafeldeko.de\/news\/wp-content\/uploads\/2021\/12\/20200506_123218-1024x498.jpg\" sizes=\"(max-width: 800px) 100vw, 800px\" srcset=\"https:\/\/www.tafeldeko.de\/news\/wp-content\/uploads\/2021\/12\/20200506_123218-1024x498.jpg 1024w, https:\/\/www.tafeldeko.de\/news\/wp-content\/uploads\/2021\/12\/20200506_123218-300x146.jpg 300w, https:\/\/www.tafeldeko.de\/news\/wp-content\/uploads\/2021\/12\/20200506_123218-768x373.jpg 768w, https:\/\/www.tafeldeko.de\/news\/wp-content\/uploads\/2021\/12\/20200506_123218-1536x747.jpg 1536w, https:\/\/www.tafeldeko.de\/news\/wp-content\/uploads\/2021\/12\/20200506_123218-2048x996.jpg 2048w, https:\/\/www.tafeldeko.de\/news\/wp-content\/uploads\/2021\/12\/20200506_123218-640x311.jpg 640w\" alt=\"Deko mit Bildern abwechslungsreich\" width=\"800\" height=\"389\" \/><\/p>\n<h2>Die Deko mit Bildern abwechslungsreich zu Hause<\/h2>\n<p>Bei der Auswahl der Bilder, mit denen man sein zuhause schm\u00fccken m\u00f6chte, bietet sich ein breit gef\u00e4chertes Sortiment. Das Angebot an Bildern war selten so gro\u00df wie heute.<strong> Bilder auf Leinw\u00e4nden<\/strong>, Poster, gerahmte Bilder von Gro\u00dfst\u00e4dten und Metropolen, wundersch\u00f6nen Sand- und Palmenstr\u00e4nden und Landschaften sind nur einige der M\u00f6glichkeiten. Hinzu kommen die selbst gestalteten Poster und Bilder, mit denen die Deko zu einer Besonderheit wird.<br \/>\nSo werden Fotos vom letzten Urlaub in den Bergen oder am Strand auf Leinw\u00e4nde oder als Poster anfertigen gelassen und diese schm\u00fccken zum Beispiel die Wand \u00fcber der Couch. Mit dieser Art der Deko mit Bildern verleihen Sie der Wohnung ihren ganz <strong>eigenen Touch und Charme<\/strong>.<br \/>\nSie k\u00f6nnen auch Gem\u00e4lde bekannter Maler an die Wand h\u00e4ngen und so Ihre eigenen Vorlieben und Interessen zur Geltung bringen.<br \/>\nBilder m\u00fcssen auch nicht immer an der Wand h\u00e4ngen, nehmen wir nur das Sideboard im Essbereich, das mit Familienfotos geschm\u00fcckt ist. Diese Deko mit Bildern ist sozusagen ein Zeuge vergangener Zeiten, h\u00e4lt die Vergangenheit auf besondere Weise fest.<\/p>\n<p>Wer etwas Abwechslung in punkto Deko mit Bildern ben\u00f6tigt, kann einen digitalen Bilderrahmen aufstellen. Hier k\u00f6nnen Sie auf einen USB-Stick unz\u00e4hlige Bilder speichern und ablaufen lassen. Familienfotos, die Bilder vom Urlaub, Landschafts- und <strong>Blumenbilder<\/strong>, Tierbilder und vieles mehr kann nun die besondere Deko im Wohnbereich ausmachen.<\/p>\n<p>Die Deko mit Bildern ist eine tolle Idee, die nicht nur schm\u00fcckt, sondern <strong>Individualit\u00e4t und Pers\u00f6nlichkeit<\/strong> wiedergibt und dem Raum eine eigene Darstellung verleiht.<\/p>\n<h2>Weitere Beitr\u00e4ge:<\/h2>\n<h2>Dekoartikel von A-Z<\/h2>\n<p><a href=\"https:\/\/www.tafeldeko.de\/tischdeko-artikel\/\"><br \/>\nJetzt entdecken <\/a><\/p>\n","protected":false},"excerpt":{"rendered":"<p>Die Deko mit Bildern abwechslungsreich steht vor allem im Wohnbereich im Vordergrund. Mit Bildern m\u00f6chte man Pers\u00f6nlichkeit in die R\u00e4umlichkeiten einbringen, sie gestalten und ihnen das gewisse Etwas verleihen. Auch in Gesch\u00e4ftsgeb\u00e4uden sieht man oft Bilder, die die W\u00e4nde schm\u00fccken &#8211; hier beinhalten die Bilder oftmals die Unternehmensgeschichte oder Luftbilder des Geb\u00e4udes, des Gel\u00e4ndes. Solche [&hellip;]<\/p>\n","protected":false},"author":6,"featured_media":14873,"comment_status":"closed","ping_status":"closed","sticky":false,"template":"","format":"standard","meta":{"footnotes":""},"categories":[1],"tags":[],"yoast_head":"<!-- This site is optimized with the Yoast SEO plugin v20.4 - https:\/\/yoast.com\/wordpress\/plugins\/seo\/ -->\n<title>Deko mit Bildern - abwechslungsreich und sch\u00f6n - Tafeldeko<\/title>\n<meta name=\"description\" content=\"Die Deko mit Bildern abwechslungreich ist eine tolle Idee, die nicht nur schm\u00fcckt, sondern Individualit\u00e4t und Pers\u00f6nlichkeit wiedergibt.\" \/>\n<meta name=\"robots\" content=\"index, follow, max-snippet:-1, max-image-preview:large, max-video-preview:-1\" \/>\n<link rel=\"canonical\" href=\"https:\/\/www.tafeldeko.de\/news\/deko-mit-bildern-abwechslungsreich-und-schoen\/\" \/>\n<meta property=\"og:locale\" content=\"de_DE\" \/>\n<meta property=\"og:type\" content=\"article\" \/>\n<meta property=\"og:title\" content=\"Deko mit Bildern - abwechslungsreich und sch\u00f6n - Tafeldeko\" \/>\n<meta property=\"og:description\" content=\"Die Deko mit Bildern abwechslungreich ist eine tolle Idee, die nicht nur schm\u00fcckt, sondern Individualit\u00e4t und Pers\u00f6nlichkeit wiedergibt.\" \/>\n<meta property=\"og:url\" content=\"https:\/\/www.tafeldeko.de\/news\/deko-mit-bildern-abwechslungsreich-und-schoen\/\" \/>\n<meta property=\"og:site_name\" content=\"Tafeldeko\" \/>\n<meta property=\"article:publisher\" content=\"https:\/\/www.facebook.com\/pages\/Tafeldeko-einzigartige-Tischdekoration\/174202655894\" \/>\n<meta property=\"article:published_time\" content=\"2015-06-30T08:09:46+00:00\" \/>\n<meta property=\"article:modified_time\" content=\"2023-01-24T12:28:12+00:00\" \/>\n<meta property=\"og:image\" content=\"https:\/\/www.tafeldeko.de\/news\/wp-content\/uploads\/2021\/12\/20200506_123218-scaled.jpg\" \/>\n\t<meta property=\"og:image:width\" content=\"2560\" \/>\n\t<meta property=\"og:image:height\" content=\"1244\" \/>\n\t<meta property=\"og:image:type\" content=\"image\/jpeg\" \/>\n<meta name=\"author\" content=\"Tafeldeko Deko Team\" \/>\n<meta name=\"twitter:label1\" content=\"Verfasst von\" \/>\n\t<meta name=\"twitter:data1\" content=\"Tafeldeko Deko Team\" \/>\n\t<meta name=\"twitter:label2\" content=\"Gesch\u00e4tzte Lesezeit\" \/>\n\t<meta name=\"twitter:data2\" content=\"2 Minuten\" \/>\n<script type=\"application\/ld+json\" class=\"yoast-schema-graph\">{\"@context\":\"https:\/\/schema.org\",\"@graph\":[{\"@type\":\"WebPage\",\"@id\":\"https:\/\/www.tafeldeko.de\/news\/deko-mit-bildern-abwechslungsreich-und-schoen\/\",\"url\":\"https:\/\/www.tafeldeko.de\/news\/deko-mit-bildern-abwechslungsreich-und-schoen\/\",\"name\":\"Deko mit Bildern - abwechslungsreich und sch\u00f6n - Tafeldeko\",\"isPartOf\":{\"@id\":\"https:\/\/www.tafeldeko.de\/news\/#website\"},\"datePublished\":\"2015-06-30T08:09:46+00:00\",\"dateModified\":\"2023-01-24T12:28:12+00:00\",\"author\":{\"@id\":\"https:\/\/www.tafeldeko.de\/news\/#\/schema\/person\/dc309fbb6a3e380919fc08342c3cc233\"},\"description\":\"Die Deko mit Bildern abwechslungreich ist eine tolle Idee, die nicht nur schm\u00fcckt, sondern Individualit\u00e4t und Pers\u00f6nlichkeit wiedergibt.\",\"breadcrumb\":{\"@id\":\"https:\/\/www.tafeldeko.de\/news\/deko-mit-bildern-abwechslungsreich-und-schoen\/#breadcrumb\"},\"inLanguage\":\"de-DE\",\"potentialAction\":[{\"@type\":\"ReadAction\",\"target\":[\"https:\/\/www.tafeldeko.de\/news\/deko-mit-bildern-abwechslungsreich-und-schoen\/\"]}]},{\"@type\":\"BreadcrumbList\",\"@id\":\"https:\/\/www.tafeldeko.de\/news\/deko-mit-bildern-abwechslungsreich-und-schoen\/#breadcrumb\",\"itemListElement\":[{\"@type\":\"ListItem\",\"position\":1,\"name\":\"Tafeldeko\",\"item\":\"https:\/\/www.tafeldeko.de\/news\/\"},{\"@type\":\"ListItem\",\"position\":2,\"name\":\"Alte Beitr\u00e4ge\",\"item\":\"https:\/\/www.tafeldeko.de\/news\/alte-beitraege\/\"},{\"@type\":\"ListItem\",\"position\":3,\"name\":\"Tischdeko - Blog\",\"item\":\"https:\/\/www.tafeldeko.de\/news\/alte-beitraege\/tischdeko-blog\/\"},{\"@type\":\"ListItem\",\"position\":4,\"name\":\"Deko mit Bildern &#8211; abwechslungsreich und sch\u00f6n\"}]},{\"@type\":\"WebSite\",\"@id\":\"https:\/\/www.tafeldeko.de\/news\/#website\",\"url\":\"https:\/\/www.tafeldeko.de\/news\/\",\"name\":\"Tafeldeko\",\"description\":\"Blog mit Tischdeko und Tischdekoration Ideen\",\"potentialAction\":[{\"@type\":\"SearchAction\",\"target\":{\"@type\":\"EntryPoint\",\"urlTemplate\":\"https:\/\/www.tafeldeko.de\/news\/?s={search_term_string}\"},\"query-input\":\"required name=search_term_string\"}],\"inLanguage\":\"de-DE\"},{\"@type\":\"Person\",\"@id\":\"https:\/\/www.tafeldeko.de\/news\/#\/schema\/person\/dc309fbb6a3e380919fc08342c3cc233\",\"name\":\"Tafeldeko Deko Team\",\"image\":{\"@type\":\"ImageObject\",\"inLanguage\":\"de-DE\",\"@id\":\"https:\/\/www.tafeldeko.de\/news\/#\/schema\/person\/image\/\",\"url\":\"https:\/\/secure.gravatar.com\/avatar\/1e962f4040dc9996f0d200db31598854?s=96&d=mm&r=g\",\"contentUrl\":\"https:\/\/secure.gravatar.com\/avatar\/1e962f4040dc9996f0d200db31598854?s=96&d=mm&r=g\",\"caption\":\"Tafeldeko Deko Team\"}}]}<\/script>\n<!-- \/ Yoast SEO plugin. -->","yoast_head_json":{"title":"Deko mit Bildern - abwechslungsreich und sch\u00f6n - Tafeldeko","description":"Die Deko mit Bildern abwechslungreich ist eine tolle Idee, die nicht nur schm\u00fcckt, sondern Individualit\u00e4t und Pers\u00f6nlichkeit wiedergibt.","robots":{"index":"index","follow":"follow","max-snippet":"max-snippet:-1","max-image-preview":"max-image-preview:large","max-video-preview":"max-video-preview:-1"},"canonical":"https:\/\/www.tafeldeko.de\/news\/deko-mit-bildern-abwechslungsreich-und-schoen\/","og_locale":"de_DE","og_type":"article","og_title":"Deko mit Bildern - abwechslungsreich und sch\u00f6n - Tafeldeko","og_description":"Die Deko mit Bildern abwechslungreich ist eine tolle Idee, die nicht nur schm\u00fcckt, sondern Individualit\u00e4t und Pers\u00f6nlichkeit wiedergibt.","og_url":"https:\/\/www.tafeldeko.de\/news\/deko-mit-bildern-abwechslungsreich-und-schoen\/","og_site_name":"Tafeldeko","article_publisher":"https:\/\/www.facebook.com\/pages\/Tafeldeko-einzigartige-Tischdekoration\/174202655894","article_published_time":"2015-06-30T08:09:46+00:00","article_modified_time":"2023-01-24T12:28:12+00:00","og_image":[{"width":2560,"height":1244,"url":"https:\/\/www.tafeldeko.de\/news\/wp-content\/uploads\/2021\/12\/20200506_123218-scaled.jpg","type":"image\/jpeg"}],"author":"Tafeldeko Deko Team","twitter_misc":{"Verfasst von":"Tafeldeko Deko Team","Gesch\u00e4tzte Lesezeit":"2 Minuten"},"schema":{"@context":"https:\/\/schema.org","@graph":[{"@type":"WebPage","@id":"https:\/\/www.tafeldeko.de\/news\/deko-mit-bildern-abwechslungsreich-und-schoen\/","url":"https:\/\/www.tafeldeko.de\/news\/deko-mit-bildern-abwechslungsreich-und-schoen\/","name":"Deko mit Bildern - abwechslungsreich und sch\u00f6n - Tafeldeko","isPartOf":{"@id":"https:\/\/www.tafeldeko.de\/news\/#website"},"datePublished":"2015-06-30T08:09:46+00:00","dateModified":"2023-01-24T12:28:12+00:00","author":{"@id":"https:\/\/www.tafeldeko.de\/news\/#\/schema\/person\/dc309fbb6a3e380919fc08342c3cc233"},"description":"Die Deko mit Bildern abwechslungreich ist eine tolle Idee, die nicht nur schm\u00fcckt, sondern Individualit\u00e4t und Pers\u00f6nlichkeit wiedergibt.","breadcrumb":{"@id":"https:\/\/www.tafeldeko.de\/news\/deko-mit-bildern-abwechslungsreich-und-schoen\/#breadcrumb"},"inLanguage":"de-DE","potentialAction":[{"@type":"ReadAction","target":["https:\/\/www.tafeldeko.de\/news\/deko-mit-bildern-abwechslungsreich-und-schoen\/"]}]},{"@type":"BreadcrumbList","@id":"https:\/\/www.tafeldeko.de\/news\/deko-mit-bildern-abwechslungsreich-und-schoen\/#breadcrumb","itemListElement":[{"@type":"ListItem","position":1,"name":"Tafeldeko","item":"https:\/\/www.tafeldeko.de\/news\/"},{"@type":"ListItem","position":2,"name":"Alte Beitr\u00e4ge","item":"https:\/\/www.tafeldeko.de\/news\/alte-beitraege\/"},{"@type":"ListItem","position":3,"name":"Tischdeko - Blog","item":"https:\/\/www.tafeldeko.de\/news\/alte-beitraege\/tischdeko-blog\/"},{"@type":"ListItem","position":4,"name":"Deko mit Bildern &#8211; abwechslungsreich und sch\u00f6n"}]},{"@type":"WebSite","@id":"https:\/\/www.tafeldeko.de\/news\/#website","url":"https:\/\/www.tafeldeko.de\/news\/","name":"Tafeldeko","description":"Blog mit Tischdeko und Tischdekoration Ideen","potentialAction":[{"@type":"SearchAction","target":{"@type":"EntryPoint","urlTemplate":"https:\/\/www.tafeldeko.de\/news\/?s={search_term_string}"},"query-input":"required name=search_term_string"}],"inLanguage":"de-DE"},{"@type":"Person","@id":"https:\/\/www.tafeldeko.de\/news\/#\/schema\/person\/dc309fbb6a3e380919fc08342c3cc233","name":"Tafeldeko Deko Team","image":{"@type":"ImageObject","inLanguage":"de-DE","@id":"https:\/\/www.tafeldeko.de\/news\/#\/schema\/person\/image\/","url":"https:\/\/secure.gravatar.com\/avatar\/1e962f4040dc9996f0d200db31598854?s=96&d=mm&r=g","contentUrl":"https:\/\/secure.gravatar.com\/avatar\/1e962f4040dc9996f0d200db31598854?s=96&d=mm&r=g","caption":"Tafeldeko Deko Team"}}]}},"_links":{"self":[{"href":"https:\/\/www.tafeldeko.de\/news\/wp-json\/wp\/v2\/posts\/6402"}],"collection":[{"href":"https:\/\/www.tafeldeko.de\/news\/wp-json\/wp\/v2\/posts"}],"about":[{"href":"https:\/\/www.tafeldeko.de\/news\/wp-json\/wp\/v2\/types\/post"}],"author":[{"embeddable":true,"href":"https:\/\/www.tafeldeko.de\/news\/wp-json\/wp\/v2\/users\/6"}],"replies":[{"embeddable":true,"href":"https:\/\/www.tafeldeko.de\/news\/wp-json\/wp\/v2\/comments?post=6402"}],"version-history":[{"count":8,"href":"https:\/\/www.tafeldeko.de\/news\/wp-json\/wp\/v2\/posts\/6402\/revisions"}],"predecessor-version":[{"id":22203,"href":"https:\/\/www.tafeldeko.de\/news\/wp-json\/wp\/v2\/posts\/6402\/revisions\/22203"}],"wp:featuredmedia":[{"embeddable":true,"href":"https:\/\/www.tafeldeko.de\/news\/wp-json\/wp\/v2\/media\/14873"}],"wp:attachment":[{"href":"https:\/\/www.tafeldeko.de\/news\/wp-json\/wp\/v2\/media?parent=6402"}],"wp:term":[{"taxonomy":"category","embeddable":true,"href":"https:\/\/www.tafeldeko.de\/news\/wp-json\/wp\/v2\/categories?post=6402"},{"taxonomy":"post_tag","embeddable":true,"href":"https:\/\/www.tafeldeko.de\/news\/wp-json\/wp\/v2\/tags?post=6402"}],"curies":[{"name":"wp","href":"https:\/\/api.w.org\/{rel}","templated":true}]}}