{"id":6399,"date":"2015-06-30T09:32:08","date_gmt":"2015-06-30T07:32:08","guid":{"rendered":"http:\/\/www.tafeldeko.de\/news\/?p=6399"},"modified":"2015-06-30T09:32:30","modified_gmt":"2015-06-30T07:32:30","slug":"geburtstagsgruesse-zum-18-geburtstag","status":"publish","type":"post","link":"https:\/\/www.tafeldeko.de\/news\/geburtstagsgruesse-zum-18-geburtstag\/","title":{"rendered":"Geburtstagsgr\u00fc\u00dfe zum 18. Geburtstag"},"content":{"rendered":"<p>Endlich vollj\u00e4hrig, endlich erwachsen, endlich Auto fahren, endlich, endlich\u2026. und mit von der Partie: <strong>Geburtstagsgr\u00fc\u00dfe<\/strong> zum 18. Geburtstag von vielen lieben Menschen. Der 18. Geburtstag ist definitiv ein Grund zum Feiern!<br \/>\nOft wird die Geburtstagsfeier in zwei Bereiche aufgeteilt &#8211; einmal die Feier mit der Familie und einmal die gro\u00dfe Party mit den Freunden. Das ist auch vollkommen legitim und durch die &#8220;Alterstrennung&#8221; sogar von Vorteil.<\/p>\n<h2>Geburtstagsgr\u00fc\u00dfe f\u00fcr das Geburtstagskind<\/h2>\n<p>Geburtstagsgr\u00fc\u00dfe werden zu diesem besonderen Ehrentag in jeglicher Form ankommen. Die &#8220;Jugend&#8221; wird zu den modernen \u00dcbermittlungsarten wie Mail, G\u00e4stebucheintr\u00e4gen in sozialen Netzwerken oder in Chats greifen, w\u00e4hrend die etwas \u00e4ltere Generation gerne zu Telefonanrufen, Gl\u00fcckwunschkarten und vor allem die pers\u00f6nlichen Gl\u00fcckw\u00fcnsche vorzieht.<br \/>\nDie Geburtstagsgr\u00fc\u00dfe, die das Geburtstagskind auf dem<strong> Weg zum Erwachsenwerden<\/strong> erreichen werden, sind sehr vielf\u00e4ltig. Lustig, flippig, witzig, ausgefallen, frech, ernst oder auch etwas traurig, weil die Oma gerade feststellt, wie schnell die Zeit vergangen ist und aus dem kleinen Enkel ein erwachsener Mensch geworden ist.<br \/>\nIn punkto Geburtstagsgr\u00fc\u00dfe gibt es viele M\u00f6glichkeiten, die zu diesem 18. Geburtstag gratulieren. Einfache Geburtstagsgr\u00fc\u00dfe sind wohl &#8220;Alles Gute zum 18. Geburtstag&#8221; oder &#8220;Happy Birthday&#8221;. Dagegen sind jedoch Geburtstagsgr\u00fc\u00dfe, die mit einigen pers\u00f6nlichen Anmerkungen gespickt sind, viel sch\u00f6ner und pers\u00f6nlicher.<br \/>\nSch\u00f6n und passend ist es auch, wenn die <strong>Geburtstagsgr\u00fc\u00dfe zum Geschenk<\/strong> zum 18. formuliert werden. So kommen Tankgutscheine bei den jungen Heranwachsenden hervorragend an und da bietet es sich doch an, den Geburtstagsgru\u00df zum Geschenk zu formulieren.<\/p>\n<p><em>&#8220;Heut ist ein besonderer Tag,<\/em><br \/>\n<em> der dir gro\u00dfe Freude zu bereiten vermag.<\/em><br \/>\n<em> Endlich 18, endlich frei,<\/em><br \/>\n<em> die Zeiten des Fahrradfahrens sind vorbei.<\/em><br \/>\n<em> Mit dem eigenen Wagen,<\/em><br \/>\n<em> l\u00e4sst es sich jetzt t\u00e4glich starten.<\/em><br \/>\n<em> Damit der Tank nicht st\u00e4ndig leer,<\/em><br \/>\n<em> schenk ich dir den Gutschein hier.&#8221;<\/em><\/p>\n<p>So oder so \u00e4hnlich k\u00f6nnen die Geburtstagsgr\u00fc\u00dfe lauten. Nat\u00fcrlich bieten sich weitaus mehr M\u00f6glichkeiten, mit Geburtstagsgr\u00fc\u00dfen den <strong>18. Geburtstag<\/strong> zum besonderen Ereignis werden zu lassen. Ein Blick ins Internet f\u00f6rdert auf jeden Fall sch\u00f6ne Ideen zu Tage.<\/p>\n","protected":false},"excerpt":{"rendered":"<p>Endlich vollj\u00e4hrig, endlich erwachsen, endlich Auto fahren, endlich, endlich\u2026. und mit von der Partie: Geburtstagsgr\u00fc\u00dfe zum 18. Geburtstag von vielen lieben Menschen. Der 18. Geburtstag ist definitiv ein Grund zum Feiern! Oft wird die Geburtstagsfeier in zwei Bereiche aufgeteilt &#8211; einmal die Feier mit der Familie und einmal die gro\u00dfe Party mit den Freunden. Das [&hellip;]<\/p>\n","protected":false},"author":6,"featured_media":0,"comment_status":"closed","ping_status":"closed","sticky":false,"template":"","format":"standard","meta":{"footnotes":""},"categories":[1],"tags":[],"yoast_head":"<!-- This site is optimized with the Yoast SEO plugin v20.4 - https:\/\/yoast.com\/wordpress\/plugins\/seo\/ -->\n<title>Geburtstagsgr\u00fc\u00dfe zum 18. Geburtstag - Tafeldeko<\/title>\n<meta name=\"description\" content=\"Endlich vollj\u00e4hrig, endlich erwachsen - und mit von der Partie: Geburtstagr\u00fc\u00dfe zum 18. Geburtstag. Ideen f\u00fcr Geburtstagsgr\u00fc\u00dfe gibt es hier.\" \/>\n<meta name=\"robots\" content=\"index, follow, max-snippet:-1, max-image-preview:large, max-video-preview:-1\" \/>\n<link rel=\"canonical\" href=\"https:\/\/www.tafeldeko.de\/news\/geburtstagsgruesse-zum-18-geburtstag\/\" \/>\n<meta property=\"og:locale\" content=\"de_DE\" \/>\n<meta property=\"og:type\" content=\"article\" \/>\n<meta property=\"og:title\" content=\"Geburtstagsgr\u00fc\u00dfe zum 18. Geburtstag - Tafeldeko\" \/>\n<meta property=\"og:description\" content=\"Endlich vollj\u00e4hrig, endlich erwachsen - und mit von der Partie: Geburtstagr\u00fc\u00dfe zum 18. Geburtstag. Ideen f\u00fcr Geburtstagsgr\u00fc\u00dfe gibt es hier.\" \/>\n<meta property=\"og:url\" content=\"https:\/\/www.tafeldeko.de\/news\/geburtstagsgruesse-zum-18-geburtstag\/\" \/>\n<meta property=\"og:site_name\" content=\"Tafeldeko\" \/>\n<meta property=\"article:publisher\" content=\"https:\/\/www.facebook.com\/pages\/Tafeldeko-einzigartige-Tischdekoration\/174202655894\" \/>\n<meta property=\"article:published_time\" content=\"2015-06-30T07:32:08+00:00\" \/>\n<meta property=\"article:modified_time\" content=\"2015-06-30T07:32:30+00:00\" \/>\n<meta name=\"author\" content=\"Tafeldeko Deko Team\" \/>\n<meta name=\"twitter:label1\" content=\"Verfasst von\" \/>\n\t<meta name=\"twitter:data1\" content=\"Tafeldeko Deko Team\" \/>\n\t<meta name=\"twitter:label2\" content=\"Gesch\u00e4tzte Lesezeit\" \/>\n\t<meta name=\"twitter:data2\" content=\"2 Minuten\" \/>\n<script type=\"application\/ld+json\" class=\"yoast-schema-graph\">{\"@context\":\"https:\/\/schema.org\",\"@graph\":[{\"@type\":\"WebPage\",\"@id\":\"https:\/\/www.tafeldeko.de\/news\/geburtstagsgruesse-zum-18-geburtstag\/\",\"url\":\"https:\/\/www.tafeldeko.de\/news\/geburtstagsgruesse-zum-18-geburtstag\/\",\"name\":\"Geburtstagsgr\u00fc\u00dfe zum 18. Geburtstag - Tafeldeko\",\"isPartOf\":{\"@id\":\"https:\/\/www.tafeldeko.de\/news\/#website\"},\"datePublished\":\"2015-06-30T07:32:08+00:00\",\"dateModified\":\"2015-06-30T07:32:30+00:00\",\"author\":{\"@id\":\"https:\/\/www.tafeldeko.de\/news\/#\/schema\/person\/dc309fbb6a3e380919fc08342c3cc233\"},\"description\":\"Endlich vollj\u00e4hrig, endlich erwachsen - und mit von der Partie: Geburtstagr\u00fc\u00dfe zum 18. Geburtstag. Ideen f\u00fcr Geburtstagsgr\u00fc\u00dfe gibt es hier.\",\"breadcrumb\":{\"@id\":\"https:\/\/www.tafeldeko.de\/news\/geburtstagsgruesse-zum-18-geburtstag\/#breadcrumb\"},\"inLanguage\":\"de-DE\",\"potentialAction\":[{\"@type\":\"ReadAction\",\"target\":[\"https:\/\/www.tafeldeko.de\/news\/geburtstagsgruesse-zum-18-geburtstag\/\"]}]},{\"@type\":\"BreadcrumbList\",\"@id\":\"https:\/\/www.tafeldeko.de\/news\/geburtstagsgruesse-zum-18-geburtstag\/#breadcrumb\",\"itemListElement\":[{\"@type\":\"ListItem\",\"position\":1,\"name\":\"Tafeldeko\",\"item\":\"https:\/\/www.tafeldeko.de\/news\/\"},{\"@type\":\"ListItem\",\"position\":2,\"name\":\"Alte Beitr\u00e4ge\",\"item\":\"https:\/\/www.tafeldeko.de\/news\/alte-beitraege\/\"},{\"@type\":\"ListItem\",\"position\":3,\"name\":\"Tischdeko - Blog\",\"item\":\"https:\/\/www.tafeldeko.de\/news\/alte-beitraege\/tischdeko-blog\/\"},{\"@type\":\"ListItem\",\"position\":4,\"name\":\"Geburtstagsgr\u00fc\u00dfe zum 18. Geburtstag\"}]},{\"@type\":\"WebSite\",\"@id\":\"https:\/\/www.tafeldeko.de\/news\/#website\",\"url\":\"https:\/\/www.tafeldeko.de\/news\/\",\"name\":\"Tafeldeko\",\"description\":\"Blog mit Tischdeko und Tischdekoration Ideen\",\"potentialAction\":[{\"@type\":\"SearchAction\",\"target\":{\"@type\":\"EntryPoint\",\"urlTemplate\":\"https:\/\/www.tafeldeko.de\/news\/?s={search_term_string}\"},\"query-input\":\"required name=search_term_string\"}],\"inLanguage\":\"de-DE\"},{\"@type\":\"Person\",\"@id\":\"https:\/\/www.tafeldeko.de\/news\/#\/schema\/person\/dc309fbb6a3e380919fc08342c3cc233\",\"name\":\"Tafeldeko Deko Team\",\"image\":{\"@type\":\"ImageObject\",\"inLanguage\":\"de-DE\",\"@id\":\"https:\/\/www.tafeldeko.de\/news\/#\/schema\/person\/image\/\",\"url\":\"https:\/\/secure.gravatar.com\/avatar\/1e962f4040dc9996f0d200db31598854?s=96&d=mm&r=g\",\"contentUrl\":\"https:\/\/secure.gravatar.com\/avatar\/1e962f4040dc9996f0d200db31598854?s=96&d=mm&r=g\",\"caption\":\"Tafeldeko Deko Team\"}}]}<\/script>\n<!-- \/ Yoast SEO plugin. -->","yoast_head_json":{"title":"Geburtstagsgr\u00fc\u00dfe zum 18. Geburtstag - Tafeldeko","description":"Endlich vollj\u00e4hrig, endlich erwachsen - und mit von der Partie: Geburtstagr\u00fc\u00dfe zum 18. Geburtstag. Ideen f\u00fcr Geburtstagsgr\u00fc\u00dfe gibt es hier.","robots":{"index":"index","follow":"follow","max-snippet":"max-snippet:-1","max-image-preview":"max-image-preview:large","max-video-preview":"max-video-preview:-1"},"canonical":"https:\/\/www.tafeldeko.de\/news\/geburtstagsgruesse-zum-18-geburtstag\/","og_locale":"de_DE","og_type":"article","og_title":"Geburtstagsgr\u00fc\u00dfe zum 18. Geburtstag - Tafeldeko","og_description":"Endlich vollj\u00e4hrig, endlich erwachsen - und mit von der Partie: Geburtstagr\u00fc\u00dfe zum 18. Geburtstag. Ideen f\u00fcr Geburtstagsgr\u00fc\u00dfe gibt es hier.","og_url":"https:\/\/www.tafeldeko.de\/news\/geburtstagsgruesse-zum-18-geburtstag\/","og_site_name":"Tafeldeko","article_publisher":"https:\/\/www.facebook.com\/pages\/Tafeldeko-einzigartige-Tischdekoration\/174202655894","article_published_time":"2015-06-30T07:32:08+00:00","article_modified_time":"2015-06-30T07:32:30+00:00","author":"Tafeldeko Deko Team","twitter_misc":{"Verfasst von":"Tafeldeko Deko Team","Gesch\u00e4tzte Lesezeit":"2 Minuten"},"schema":{"@context":"https:\/\/schema.org","@graph":[{"@type":"WebPage","@id":"https:\/\/www.tafeldeko.de\/news\/geburtstagsgruesse-zum-18-geburtstag\/","url":"https:\/\/www.tafeldeko.de\/news\/geburtstagsgruesse-zum-18-geburtstag\/","name":"Geburtstagsgr\u00fc\u00dfe zum 18. Geburtstag - Tafeldeko","isPartOf":{"@id":"https:\/\/www.tafeldeko.de\/news\/#website"},"datePublished":"2015-06-30T07:32:08+00:00","dateModified":"2015-06-30T07:32:30+00:00","author":{"@id":"https:\/\/www.tafeldeko.de\/news\/#\/schema\/person\/dc309fbb6a3e380919fc08342c3cc233"},"description":"Endlich vollj\u00e4hrig, endlich erwachsen - und mit von der Partie: Geburtstagr\u00fc\u00dfe zum 18. Geburtstag. Ideen f\u00fcr Geburtstagsgr\u00fc\u00dfe gibt es hier.","breadcrumb":{"@id":"https:\/\/www.tafeldeko.de\/news\/geburtstagsgruesse-zum-18-geburtstag\/#breadcrumb"},"inLanguage":"de-DE","potentialAction":[{"@type":"ReadAction","target":["https:\/\/www.tafeldeko.de\/news\/geburtstagsgruesse-zum-18-geburtstag\/"]}]},{"@type":"BreadcrumbList","@id":"https:\/\/www.tafeldeko.de\/news\/geburtstagsgruesse-zum-18-geburtstag\/#breadcrumb","itemListElement":[{"@type":"ListItem","position":1,"name":"Tafeldeko","item":"https:\/\/www.tafeldeko.de\/news\/"},{"@type":"ListItem","position":2,"name":"Alte Beitr\u00e4ge","item":"https:\/\/www.tafeldeko.de\/news\/alte-beitraege\/"},{"@type":"ListItem","position":3,"name":"Tischdeko - Blog","item":"https:\/\/www.tafeldeko.de\/news\/alte-beitraege\/tischdeko-blog\/"},{"@type":"ListItem","position":4,"name":"Geburtstagsgr\u00fc\u00dfe zum 18. Geburtstag"}]},{"@type":"WebSite","@id":"https:\/\/www.tafeldeko.de\/news\/#website","url":"https:\/\/www.tafeldeko.de\/news\/","name":"Tafeldeko","description":"Blog mit Tischdeko und Tischdekoration Ideen","potentialAction":[{"@type":"SearchAction","target":{"@type":"EntryPoint","urlTemplate":"https:\/\/www.tafeldeko.de\/news\/?s={search_term_string}"},"query-input":"required name=search_term_string"}],"inLanguage":"de-DE"},{"@type":"Person","@id":"https:\/\/www.tafeldeko.de\/news\/#\/schema\/person\/dc309fbb6a3e380919fc08342c3cc233","name":"Tafeldeko Deko Team","image":{"@type":"ImageObject","inLanguage":"de-DE","@id":"https:\/\/www.tafeldeko.de\/news\/#\/schema\/person\/image\/","url":"https:\/\/secure.gravatar.com\/avatar\/1e962f4040dc9996f0d200db31598854?s=96&d=mm&r=g","contentUrl":"https:\/\/secure.gravatar.com\/avatar\/1e962f4040dc9996f0d200db31598854?s=96&d=mm&r=g","caption":"Tafeldeko Deko Team"}}]}},"_links":{"self":[{"href":"https:\/\/www.tafeldeko.de\/news\/wp-json\/wp\/v2\/posts\/6399"}],"collection":[{"href":"https:\/\/www.tafeldeko.de\/news\/wp-json\/wp\/v2\/posts"}],"about":[{"href":"https:\/\/www.tafeldeko.de\/news\/wp-json\/wp\/v2\/types\/post"}],"author":[{"embeddable":true,"href":"https:\/\/www.tafeldeko.de\/news\/wp-json\/wp\/v2\/users\/6"}],"replies":[{"embeddable":true,"href":"https:\/\/www.tafeldeko.de\/news\/wp-json\/wp\/v2\/comments?post=6399"}],"version-history":[{"count":2,"href":"https:\/\/www.tafeldeko.de\/news\/wp-json\/wp\/v2\/posts\/6399\/revisions"}],"predecessor-version":[{"id":6401,"href":"https:\/\/www.tafeldeko.de\/news\/wp-json\/wp\/v2\/posts\/6399\/revisions\/6401"}],"wp:attachment":[{"href":"https:\/\/www.tafeldeko.de\/news\/wp-json\/wp\/v2\/media?parent=6399"}],"wp:term":[{"taxonomy":"category","embeddable":true,"href":"https:\/\/www.tafeldeko.de\/news\/wp-json\/wp\/v2\/categories?post=6399"},{"taxonomy":"post_tag","embeddable":true,"href":"https:\/\/www.tafeldeko.de\/news\/wp-json\/wp\/v2\/tags?post=6399"}],"curies":[{"name":"wp","href":"https:\/\/api.w.org\/{rel}","templated":true}]}}