{"id":6380,"date":"2015-06-21T21:08:05","date_gmt":"2015-06-21T19:08:05","guid":{"rendered":"http:\/\/www.tafeldeko.de\/news\/?p=6380"},"modified":"2023-01-24T14:01:01","modified_gmt":"2023-01-24T13:01:01","slug":"sommer-tischdeko-bezaubern-sie-die-gaeste","status":"publish","type":"post","link":"https:\/\/www.tafeldeko.de\/news\/sommer-tischdeko-bezaubern-sie-die-gaeste\/","title":{"rendered":"Sommer Tischdeko &#8211; bezaubern Sie die G\u00e4ste"},"content":{"rendered":"<p>Mit einer wundersch\u00f6n arrangierten<strong> Sommer Tischdeko<\/strong> k\u00f6nnen Sie Ihre G\u00e4ste echt beeindrucken. Bei der Auswahl der Accessoires spielt es mitunter eine Rolle, ob Sie im Au\u00dfenbereich oder im Innenbereich feiern werden. Bei einer Feier im Garten, auf der Terrasse, dem Balkon sollten Sie Accessoires ausw\u00e4hlen, die auch einem kleinen Luftzug standhalten k\u00f6nnen. Im Innenbereich k\u00f6nnen Sie nach Lust und Laune Accessoires ausw\u00e4hlen ohne R\u00fccksicht auf Gewicht und Standhaftigkeit.<\/p>\n<p><img decoding=\"async\" loading=\"lazy\" src=\"https:\/\/www.tafeldeko.de\/news\/wp-content\/uploads\/2015\/06\/metalllaterne_pink.jpg\" sizes=\"(max-width: 250px) 100vw, 250px\" srcset=\"https:\/\/www.tafeldeko.de\/news\/wp-content\/uploads\/2015\/06\/metalllaterne_pink.jpg 250w, https:\/\/www.tafeldeko.de\/news\/wp-content\/uploads\/2015\/06\/metalllaterne_pink-150x150.jpg 150w\" alt=\"Sommer Tischdeko\" width=\"250\" height=\"250\" \/><\/p>\n<h2>Sommer Tischdeko im Au\u00dfenbereich<\/h2>\n<p>Ein <strong>Fest im Garten<\/strong> mit der Familie oder Freunden ist immer wieder ein toller Anlass. Gerade in den Sommermonaten ist Grillen angesagt. Fleisch, Fisch, Gem\u00fcse und leckere Desserts lassen sich hervorragend auf dem Grill zubereiten. Und wenn man an einem Tisch Platz nehmen darf, der mit wundersch\u00f6nen Elementen und Farbe nur so strahlt, macht der Abend noch mehr Spa\u00df.<br \/>\nAls Gastgeberin k\u00fcmmert man sich demnach nicht nur um das leibliche Wohl der G\u00e4ste, sondern auch um das <strong>Wohlf\u00fchl-Ambiente<\/strong>. Im Garten bieten sich zur Untermalung der gem\u00fctlichen Atmosph\u00e4re Gartenfackeln, Kerzengl\u00e4ser und Windlichter an. Die k\u00f6nnen Sie an beliebigen Stellen arrangieren. Schwimmkerzen auf dem kleinen Teich arrangiert, sorgen f\u00fcr einen echten Ah- und Oh-Effekt.<br \/>\nIn punkto Farben haben Sie im Sommer wirklich tolle M\u00f6glichkeiten &#8211; doch kr\u00e4ftige Farbt\u00f6ne sind es, die diesen Sommer unterstreichen. Vor allem Pink ist angesagt und beliebt und in Kombination mit einem tollen Gr\u00fcnton k\u00f6nnen Sie eine ausdrucksstarke Sommer <a href=\"https:\/\/www.tafeldeko.de\" target=\"_blank\" rel=\"noopener\"><strong>Tischdeko<\/strong> <\/a>arrangieren.<br \/>\nDie <strong>Metall Laterne mit LED Teelicht<\/strong> in Pink geh\u00f6rt zu den Accessoires, mit denen Sie wundervolle Akzente in die Sommer Tischdeko einbringen k\u00f6nnen. Je nach Gr\u00f6\u00dfe des Tisches k\u00f6nnen Sie mehrere dieser Metall Laternen auf dem Tisch arrangieren und so am Abend f\u00fcr die Untermalung sorgen. Der Vorteil des LED Teelichts: kein Windhauch kann diesem Kerzenschein etwas anhaben, von daher der perfekte Begleiter f\u00fcr die sch\u00f6ne Untermalung der Tischdekoration im Freien. Und nat\u00fcrlich gibt die Metall Laterne auch im Innenbereich ein gutes Bild ab &#8211; ein tolles Accessoire f\u00fcr eine vielseitige Tischdekoration.<\/p>\n<h2>Weitere Beitr\u00e4ge:<\/h2>\n<h2>Dekoartikel von A-Z<\/h2>\n<p><a href=\"https:\/\/www.tafeldeko.de\/tischdeko-artikel\/\"><br \/>\nJetzt entdecken <\/a><\/p>\n","protected":false},"excerpt":{"rendered":"<p>Mit einer wundersch\u00f6n arrangierten Sommer Tischdeko k\u00f6nnen Sie Ihre G\u00e4ste echt beeindrucken. Bei der Auswahl der Accessoires spielt es mitunter eine Rolle, ob Sie im Au\u00dfenbereich oder im Innenbereich feiern werden. Bei einer Feier im Garten, auf der Terrasse, dem Balkon sollten Sie Accessoires ausw\u00e4hlen, die auch einem kleinen Luftzug standhalten k\u00f6nnen. Im Innenbereich k\u00f6nnen [&hellip;]<\/p>\n","protected":false},"author":6,"featured_media":6381,"comment_status":"closed","ping_status":"closed","sticky":false,"template":"","format":"standard","meta":{"footnotes":""},"categories":[1],"tags":[],"yoast_head":"<!-- This site is optimized with the Yoast SEO plugin v20.4 - https:\/\/yoast.com\/wordpress\/plugins\/seo\/ -->\n<title>Sommer Tischdeko - bezaubern Sie die G\u00e4ste - Tafeldeko<\/title>\n<meta name=\"description\" content=\"Pink ist angesagt und in Kombination mit einem tollen Gr\u00fcnton k\u00f6nnen Sie eine ausdrucksstarke Sommer Tischdeko arrangieren - versprochen.\" \/>\n<meta name=\"robots\" content=\"index, follow, max-snippet:-1, max-image-preview:large, max-video-preview:-1\" \/>\n<link rel=\"canonical\" href=\"https:\/\/www.tafeldeko.de\/news\/sommer-tischdeko-bezaubern-sie-die-gaeste\/\" \/>\n<meta property=\"og:locale\" content=\"de_DE\" \/>\n<meta property=\"og:type\" content=\"article\" \/>\n<meta property=\"og:title\" content=\"Sommer Tischdeko - bezaubern Sie die G\u00e4ste - Tafeldeko\" \/>\n<meta property=\"og:description\" content=\"Pink ist angesagt und in Kombination mit einem tollen Gr\u00fcnton k\u00f6nnen Sie eine ausdrucksstarke Sommer Tischdeko arrangieren - versprochen.\" \/>\n<meta property=\"og:url\" content=\"https:\/\/www.tafeldeko.de\/news\/sommer-tischdeko-bezaubern-sie-die-gaeste\/\" \/>\n<meta property=\"og:site_name\" content=\"Tafeldeko\" \/>\n<meta property=\"article:publisher\" content=\"https:\/\/www.facebook.com\/pages\/Tafeldeko-einzigartige-Tischdekoration\/174202655894\" \/>\n<meta property=\"article:published_time\" content=\"2015-06-21T19:08:05+00:00\" \/>\n<meta property=\"article:modified_time\" content=\"2023-01-24T13:01:01+00:00\" \/>\n<meta property=\"og:image\" content=\"https:\/\/www.tafeldeko.de\/news\/wp-content\/uploads\/2015\/06\/metalllaterne_pink.jpg\" \/>\n\t<meta property=\"og:image:width\" content=\"250\" \/>\n\t<meta property=\"og:image:height\" content=\"250\" \/>\n\t<meta property=\"og:image:type\" content=\"image\/jpeg\" \/>\n<meta name=\"author\" content=\"Tafeldeko Deko Team\" \/>\n<meta name=\"twitter:label1\" content=\"Verfasst von\" \/>\n\t<meta name=\"twitter:data1\" content=\"Tafeldeko Deko Team\" \/>\n\t<meta name=\"twitter:label2\" content=\"Gesch\u00e4tzte Lesezeit\" \/>\n\t<meta name=\"twitter:data2\" content=\"2 Minuten\" \/>\n<script type=\"application\/ld+json\" class=\"yoast-schema-graph\">{\"@context\":\"https:\/\/schema.org\",\"@graph\":[{\"@type\":\"WebPage\",\"@id\":\"https:\/\/www.tafeldeko.de\/news\/sommer-tischdeko-bezaubern-sie-die-gaeste\/\",\"url\":\"https:\/\/www.tafeldeko.de\/news\/sommer-tischdeko-bezaubern-sie-die-gaeste\/\",\"name\":\"Sommer Tischdeko - bezaubern Sie die G\u00e4ste - Tafeldeko\",\"isPartOf\":{\"@id\":\"https:\/\/www.tafeldeko.de\/news\/#website\"},\"datePublished\":\"2015-06-21T19:08:05+00:00\",\"dateModified\":\"2023-01-24T13:01:01+00:00\",\"author\":{\"@id\":\"https:\/\/www.tafeldeko.de\/news\/#\/schema\/person\/dc309fbb6a3e380919fc08342c3cc233\"},\"description\":\"Pink ist angesagt und in Kombination mit einem tollen Gr\u00fcnton k\u00f6nnen Sie eine ausdrucksstarke Sommer Tischdeko arrangieren - versprochen.\",\"breadcrumb\":{\"@id\":\"https:\/\/www.tafeldeko.de\/news\/sommer-tischdeko-bezaubern-sie-die-gaeste\/#breadcrumb\"},\"inLanguage\":\"de-DE\",\"potentialAction\":[{\"@type\":\"ReadAction\",\"target\":[\"https:\/\/www.tafeldeko.de\/news\/sommer-tischdeko-bezaubern-sie-die-gaeste\/\"]}]},{\"@type\":\"BreadcrumbList\",\"@id\":\"https:\/\/www.tafeldeko.de\/news\/sommer-tischdeko-bezaubern-sie-die-gaeste\/#breadcrumb\",\"itemListElement\":[{\"@type\":\"ListItem\",\"position\":1,\"name\":\"Tafeldeko\",\"item\":\"https:\/\/www.tafeldeko.de\/news\/\"},{\"@type\":\"ListItem\",\"position\":2,\"name\":\"Alte Beitr\u00e4ge\",\"item\":\"https:\/\/www.tafeldeko.de\/news\/alte-beitraege\/\"},{\"@type\":\"ListItem\",\"position\":3,\"name\":\"Tischdeko - Blog\",\"item\":\"https:\/\/www.tafeldeko.de\/news\/alte-beitraege\/tischdeko-blog\/\"},{\"@type\":\"ListItem\",\"position\":4,\"name\":\"Sommer Tischdeko &#8211; bezaubern Sie die G\u00e4ste\"}]},{\"@type\":\"WebSite\",\"@id\":\"https:\/\/www.tafeldeko.de\/news\/#website\",\"url\":\"https:\/\/www.tafeldeko.de\/news\/\",\"name\":\"Tafeldeko\",\"description\":\"Blog mit Tischdeko und Tischdekoration Ideen\",\"potentialAction\":[{\"@type\":\"SearchAction\",\"target\":{\"@type\":\"EntryPoint\",\"urlTemplate\":\"https:\/\/www.tafeldeko.de\/news\/?s={search_term_string}\"},\"query-input\":\"required name=search_term_string\"}],\"inLanguage\":\"de-DE\"},{\"@type\":\"Person\",\"@id\":\"https:\/\/www.tafeldeko.de\/news\/#\/schema\/person\/dc309fbb6a3e380919fc08342c3cc233\",\"name\":\"Tafeldeko Deko Team\",\"image\":{\"@type\":\"ImageObject\",\"inLanguage\":\"de-DE\",\"@id\":\"https:\/\/www.tafeldeko.de\/news\/#\/schema\/person\/image\/\",\"url\":\"https:\/\/secure.gravatar.com\/avatar\/1e962f4040dc9996f0d200db31598854?s=96&d=mm&r=g\",\"contentUrl\":\"https:\/\/secure.gravatar.com\/avatar\/1e962f4040dc9996f0d200db31598854?s=96&d=mm&r=g\",\"caption\":\"Tafeldeko Deko Team\"}}]}<\/script>\n<!-- \/ Yoast SEO plugin. -->","yoast_head_json":{"title":"Sommer Tischdeko - bezaubern Sie die G\u00e4ste - Tafeldeko","description":"Pink ist angesagt und in Kombination mit einem tollen Gr\u00fcnton k\u00f6nnen Sie eine ausdrucksstarke Sommer Tischdeko arrangieren - versprochen.","robots":{"index":"index","follow":"follow","max-snippet":"max-snippet:-1","max-image-preview":"max-image-preview:large","max-video-preview":"max-video-preview:-1"},"canonical":"https:\/\/www.tafeldeko.de\/news\/sommer-tischdeko-bezaubern-sie-die-gaeste\/","og_locale":"de_DE","og_type":"article","og_title":"Sommer Tischdeko - bezaubern Sie die G\u00e4ste - Tafeldeko","og_description":"Pink ist angesagt und in Kombination mit einem tollen Gr\u00fcnton k\u00f6nnen Sie eine ausdrucksstarke Sommer Tischdeko arrangieren - versprochen.","og_url":"https:\/\/www.tafeldeko.de\/news\/sommer-tischdeko-bezaubern-sie-die-gaeste\/","og_site_name":"Tafeldeko","article_publisher":"https:\/\/www.facebook.com\/pages\/Tafeldeko-einzigartige-Tischdekoration\/174202655894","article_published_time":"2015-06-21T19:08:05+00:00","article_modified_time":"2023-01-24T13:01:01+00:00","og_image":[{"width":250,"height":250,"url":"https:\/\/www.tafeldeko.de\/news\/wp-content\/uploads\/2015\/06\/metalllaterne_pink.jpg","type":"image\/jpeg"}],"author":"Tafeldeko Deko Team","twitter_misc":{"Verfasst von":"Tafeldeko Deko Team","Gesch\u00e4tzte Lesezeit":"2 Minuten"},"schema":{"@context":"https:\/\/schema.org","@graph":[{"@type":"WebPage","@id":"https:\/\/www.tafeldeko.de\/news\/sommer-tischdeko-bezaubern-sie-die-gaeste\/","url":"https:\/\/www.tafeldeko.de\/news\/sommer-tischdeko-bezaubern-sie-die-gaeste\/","name":"Sommer Tischdeko - bezaubern Sie die G\u00e4ste - Tafeldeko","isPartOf":{"@id":"https:\/\/www.tafeldeko.de\/news\/#website"},"datePublished":"2015-06-21T19:08:05+00:00","dateModified":"2023-01-24T13:01:01+00:00","author":{"@id":"https:\/\/www.tafeldeko.de\/news\/#\/schema\/person\/dc309fbb6a3e380919fc08342c3cc233"},"description":"Pink ist angesagt und in Kombination mit einem tollen Gr\u00fcnton k\u00f6nnen Sie eine ausdrucksstarke Sommer Tischdeko arrangieren - versprochen.","breadcrumb":{"@id":"https:\/\/www.tafeldeko.de\/news\/sommer-tischdeko-bezaubern-sie-die-gaeste\/#breadcrumb"},"inLanguage":"de-DE","potentialAction":[{"@type":"ReadAction","target":["https:\/\/www.tafeldeko.de\/news\/sommer-tischdeko-bezaubern-sie-die-gaeste\/"]}]},{"@type":"BreadcrumbList","@id":"https:\/\/www.tafeldeko.de\/news\/sommer-tischdeko-bezaubern-sie-die-gaeste\/#breadcrumb","itemListElement":[{"@type":"ListItem","position":1,"name":"Tafeldeko","item":"https:\/\/www.tafeldeko.de\/news\/"},{"@type":"ListItem","position":2,"name":"Alte Beitr\u00e4ge","item":"https:\/\/www.tafeldeko.de\/news\/alte-beitraege\/"},{"@type":"ListItem","position":3,"name":"Tischdeko - Blog","item":"https:\/\/www.tafeldeko.de\/news\/alte-beitraege\/tischdeko-blog\/"},{"@type":"ListItem","position":4,"name":"Sommer Tischdeko &#8211; bezaubern Sie die G\u00e4ste"}]},{"@type":"WebSite","@id":"https:\/\/www.tafeldeko.de\/news\/#website","url":"https:\/\/www.tafeldeko.de\/news\/","name":"Tafeldeko","description":"Blog mit Tischdeko und Tischdekoration Ideen","potentialAction":[{"@type":"SearchAction","target":{"@type":"EntryPoint","urlTemplate":"https:\/\/www.tafeldeko.de\/news\/?s={search_term_string}"},"query-input":"required name=search_term_string"}],"inLanguage":"de-DE"},{"@type":"Person","@id":"https:\/\/www.tafeldeko.de\/news\/#\/schema\/person\/dc309fbb6a3e380919fc08342c3cc233","name":"Tafeldeko Deko Team","image":{"@type":"ImageObject","inLanguage":"de-DE","@id":"https:\/\/www.tafeldeko.de\/news\/#\/schema\/person\/image\/","url":"https:\/\/secure.gravatar.com\/avatar\/1e962f4040dc9996f0d200db31598854?s=96&d=mm&r=g","contentUrl":"https:\/\/secure.gravatar.com\/avatar\/1e962f4040dc9996f0d200db31598854?s=96&d=mm&r=g","caption":"Tafeldeko Deko Team"}}]}},"_links":{"self":[{"href":"https:\/\/www.tafeldeko.de\/news\/wp-json\/wp\/v2\/posts\/6380"}],"collection":[{"href":"https:\/\/www.tafeldeko.de\/news\/wp-json\/wp\/v2\/posts"}],"about":[{"href":"https:\/\/www.tafeldeko.de\/news\/wp-json\/wp\/v2\/types\/post"}],"author":[{"embeddable":true,"href":"https:\/\/www.tafeldeko.de\/news\/wp-json\/wp\/v2\/users\/6"}],"replies":[{"embeddable":true,"href":"https:\/\/www.tafeldeko.de\/news\/wp-json\/wp\/v2\/comments?post=6380"}],"version-history":[{"count":8,"href":"https:\/\/www.tafeldeko.de\/news\/wp-json\/wp\/v2\/posts\/6380\/revisions"}],"predecessor-version":[{"id":22224,"href":"https:\/\/www.tafeldeko.de\/news\/wp-json\/wp\/v2\/posts\/6380\/revisions\/22224"}],"wp:featuredmedia":[{"embeddable":true,"href":"https:\/\/www.tafeldeko.de\/news\/wp-json\/wp\/v2\/media\/6381"}],"wp:attachment":[{"href":"https:\/\/www.tafeldeko.de\/news\/wp-json\/wp\/v2\/media?parent=6380"}],"wp:term":[{"taxonomy":"category","embeddable":true,"href":"https:\/\/www.tafeldeko.de\/news\/wp-json\/wp\/v2\/categories?post=6380"},{"taxonomy":"post_tag","embeddable":true,"href":"https:\/\/www.tafeldeko.de\/news\/wp-json\/wp\/v2\/tags?post=6380"}],"curies":[{"name":"wp","href":"https:\/\/api.w.org\/{rel}","templated":true}]}}