{"id":6378,"date":"2015-06-18T20:15:39","date_gmt":"2015-06-18T18:15:39","guid":{"rendered":"http:\/\/www.tafeldeko.de\/news\/?p=6378"},"modified":"2023-01-24T14:09:09","modified_gmt":"2023-01-24T13:09:09","slug":"sommerliche-deko-strahlend-schoen","status":"publish","type":"post","link":"https:\/\/www.tafeldeko.de\/news\/sommerliche-deko-strahlend-schoen\/","title":{"rendered":"Sommerliche Deko &#8211; strahlend sch\u00f6n"},"content":{"rendered":"<p>Endlich Sommer! Endlich wieder die Abende gem\u00fctlich im Garten genie\u00dfen, bei einem guten Glas Wein, umrahmt durch die <strong>sommerliche Deko strahlend sch\u00f6n<\/strong>. Eine bunte, farbenfrohe Deko sorgt f\u00fcr gute Laune und ein sch\u00f6nes Flair &#8211; drinnen und drau\u00dfen. Die sommerliche Deko umrahmt so manches sch\u00f6ne Fest, die Gartenparty, die Geburtstagsfeier und sogar die Hochzeitsfeier k\u00f6nnen ihre ganz eigenen, <strong>stilvollen Akzente<\/strong> erhalten.<\/p>\n<p><img decoding=\"async\" loading=\"lazy\" src=\"https:\/\/www.tafeldeko.de\/news\/wp-content\/uploads\/2015\/06\/IMG_9467-1024x683.jpg\" sizes=\"(max-width: 800px) 100vw, 800px\" srcset=\"https:\/\/www.tafeldeko.de\/news\/wp-content\/uploads\/2015\/06\/IMG_9467-1024x683.jpg 1024w, https:\/\/www.tafeldeko.de\/news\/wp-content\/uploads\/2015\/06\/IMG_9467-300x200.jpg 300w, https:\/\/www.tafeldeko.de\/news\/wp-content\/uploads\/2015\/06\/IMG_9467-768x512.jpg 768w, https:\/\/www.tafeldeko.de\/news\/wp-content\/uploads\/2015\/06\/IMG_9467-1536x1024.jpg 1536w, https:\/\/www.tafeldeko.de\/news\/wp-content\/uploads\/2015\/06\/IMG_9467-2048x1365.jpg 2048w, https:\/\/www.tafeldeko.de\/news\/wp-content\/uploads\/2015\/06\/IMG_9467-640x427.jpg 640w\" alt=\"sommerliche Deko strahlend sch\u00f6n\" width=\"800\" height=\"534\" \/><\/p>\n<h2>Sommerliche Deko strahlend sch\u00f6n &#8211; Accessoires<\/h2>\n<p>Accessoires f\u00fcr die sommerliche Deko gibt es in H\u00fclle und in F\u00fclle. Selbst die Blumenwiese am Waldrand ist f\u00fcr die sommerliche Deko perfekt geeignet &#8211; ein frisch gepfl\u00fcckter, kleiner Blumenstrau\u00df bringt einen wundersch\u00f6nen Blickfang in die Deko ein. Accessoires wie Deko Tautrops, kleine Deko-Diamanten und Dekosteine eignen sich hervorragend dazu, etwas Farbe in die Deko zu bringen. Gerade im Au\u00dfenbereich, wenn die Sonne uns mit ihrer W\u00e4rme beehrt, wirken diese Deko-Accessoires wundersch\u00f6n &#8211; sie strahlen mit der Sonne um die Wette. In den Abendstunden k\u00f6nnen Sie mit Windlichtern oder Kerzengl\u00e4sern f\u00fcr die<strong> romantische Untermalung<\/strong> sorgen. Toll ist es, wenn alle Accessoires sich im Farbton \u00e4hneln und somit ein Ton-in-Ton-Arrangement entsteht. Nat\u00fcrlich k\u00f6nnen Sie auch die Accessoires in vielen verschiedenen Farben w\u00e4hlen &#8211; sozusagen als buntes, sommerliches Stelldichein den G\u00e4sten eine besondere sommerliche Deko pr\u00e4sentieren.<br \/>\n<strong>Als sommerliche Farben<\/strong> gelten kr\u00e4ftige Farbt\u00f6ne in Gelb, Gr\u00fcn, Blau, Rot, Orange &#8211; aber auch Pastellt\u00f6ne bringen den sommerlichen Touch auf Tisch, M\u00f6bel und Fensterb\u00e4nke.<br \/>\nIm Shop von Tafeldeko erhalten Sie zudem tolle Accessoires wie kleine Gie\u00dfkannen, Dekofiguren als Fr\u00f6sche, Marienk\u00e4fer, Zwerge und Wichtel. Mit diesen Elementen k\u00f6nnen Sie die sommerliche Deko auf verspielte Weise erg\u00e4nzen. Zudem eignen sich diese kleinen <strong>Dekofiguren<\/strong> hervorragend dazu, die Servietten an den Sitzpl\u00e4tzen der G\u00e4ste zu beschweren. Und wenn Sie m\u00f6chten, k\u00f6nnen Sie zum Ende der Feier die kleinen Figuren den G\u00e4sten als Gastgeschenk und Dankesch\u00f6n schenken. So wird der angenehme und gem\u00fctliche Abend auf tolle Weise unterstrichen.<\/p>\n<h2>Weitere Beitr\u00e4ge:<\/h2>\n<h2>Dekoartikel von A-Z<\/h2>\n<p><a href=\"https:\/\/www.tafeldeko.de\/tischdeko-artikel\/\"><br \/>\nJetzt entdecken <\/a><\/p>\n","protected":false},"excerpt":{"rendered":"<p>Endlich Sommer! Endlich wieder die Abende gem\u00fctlich im Garten genie\u00dfen, bei einem guten Glas Wein, umrahmt durch die sommerliche Deko strahlend sch\u00f6n. Eine bunte, farbenfrohe Deko sorgt f\u00fcr gute Laune und ein sch\u00f6nes Flair &#8211; drinnen und drau\u00dfen. Die sommerliche Deko umrahmt so manches sch\u00f6ne Fest, die Gartenparty, die Geburtstagsfeier und sogar die Hochzeitsfeier k\u00f6nnen [&hellip;]<\/p>\n","protected":false},"author":6,"featured_media":22225,"comment_status":"closed","ping_status":"closed","sticky":false,"template":"","format":"standard","meta":{"footnotes":""},"categories":[1],"tags":[],"yoast_head":"<!-- This site is optimized with the Yoast SEO plugin v20.4 - https:\/\/yoast.com\/wordpress\/plugins\/seo\/ -->\n<title>Sommerliche Deko - strahlend sch\u00f6n - Tafeldeko<\/title>\n<meta name=\"description\" content=\"Begr\u00fc\u00dfen Sie den Sommer und pr\u00e4sentieren Sie Ihren G\u00e4sten eine bunte sommerliche Deko strahlend sch\u00f6n mit tollen Accessoires in wunder...\" \/>\n<meta name=\"robots\" content=\"index, follow, max-snippet:-1, max-image-preview:large, max-video-preview:-1\" \/>\n<link rel=\"canonical\" href=\"https:\/\/www.tafeldeko.de\/news\/sommerliche-deko-strahlend-schoen\/\" \/>\n<meta property=\"og:locale\" content=\"de_DE\" \/>\n<meta property=\"og:type\" content=\"article\" \/>\n<meta property=\"og:title\" content=\"Sommerliche Deko - strahlend sch\u00f6n - Tafeldeko\" \/>\n<meta property=\"og:description\" content=\"Begr\u00fc\u00dfen Sie den Sommer und pr\u00e4sentieren Sie Ihren G\u00e4sten eine bunte sommerliche Deko strahlend sch\u00f6n mit tollen Accessoires in wunder...\" \/>\n<meta property=\"og:url\" content=\"https:\/\/www.tafeldeko.de\/news\/sommerliche-deko-strahlend-schoen\/\" \/>\n<meta property=\"og:site_name\" content=\"Tafeldeko\" \/>\n<meta property=\"article:publisher\" content=\"https:\/\/www.facebook.com\/pages\/Tafeldeko-einzigartige-Tischdekoration\/174202655894\" \/>\n<meta property=\"article:published_time\" content=\"2015-06-18T18:15:39+00:00\" \/>\n<meta property=\"article:modified_time\" content=\"2023-01-24T13:09:09+00:00\" \/>\n<meta property=\"og:image\" content=\"https:\/\/www.tafeldeko.de\/news\/wp-content\/uploads\/2015\/06\/IMG_9467-scaled.jpg\" \/>\n\t<meta property=\"og:image:width\" content=\"2560\" \/>\n\t<meta property=\"og:image:height\" content=\"1707\" \/>\n\t<meta property=\"og:image:type\" content=\"image\/jpeg\" \/>\n<meta name=\"author\" content=\"Tafeldeko Deko Team\" \/>\n<meta name=\"twitter:label1\" content=\"Verfasst von\" \/>\n\t<meta name=\"twitter:data1\" content=\"Tafeldeko Deko Team\" \/>\n\t<meta name=\"twitter:label2\" content=\"Gesch\u00e4tzte Lesezeit\" \/>\n\t<meta name=\"twitter:data2\" content=\"2 Minuten\" \/>\n<script type=\"application\/ld+json\" class=\"yoast-schema-graph\">{\"@context\":\"https:\/\/schema.org\",\"@graph\":[{\"@type\":\"WebPage\",\"@id\":\"https:\/\/www.tafeldeko.de\/news\/sommerliche-deko-strahlend-schoen\/\",\"url\":\"https:\/\/www.tafeldeko.de\/news\/sommerliche-deko-strahlend-schoen\/\",\"name\":\"Sommerliche Deko - strahlend sch\u00f6n - Tafeldeko\",\"isPartOf\":{\"@id\":\"https:\/\/www.tafeldeko.de\/news\/#website\"},\"datePublished\":\"2015-06-18T18:15:39+00:00\",\"dateModified\":\"2023-01-24T13:09:09+00:00\",\"author\":{\"@id\":\"https:\/\/www.tafeldeko.de\/news\/#\/schema\/person\/dc309fbb6a3e380919fc08342c3cc233\"},\"description\":\"Begr\u00fc\u00dfen Sie den Sommer und pr\u00e4sentieren Sie Ihren G\u00e4sten eine bunte sommerliche Deko strahlend sch\u00f6n mit tollen Accessoires in wunder...\",\"breadcrumb\":{\"@id\":\"https:\/\/www.tafeldeko.de\/news\/sommerliche-deko-strahlend-schoen\/#breadcrumb\"},\"inLanguage\":\"de-DE\",\"potentialAction\":[{\"@type\":\"ReadAction\",\"target\":[\"https:\/\/www.tafeldeko.de\/news\/sommerliche-deko-strahlend-schoen\/\"]}]},{\"@type\":\"BreadcrumbList\",\"@id\":\"https:\/\/www.tafeldeko.de\/news\/sommerliche-deko-strahlend-schoen\/#breadcrumb\",\"itemListElement\":[{\"@type\":\"ListItem\",\"position\":1,\"name\":\"Tafeldeko\",\"item\":\"https:\/\/www.tafeldeko.de\/news\/\"},{\"@type\":\"ListItem\",\"position\":2,\"name\":\"Alte Beitr\u00e4ge\",\"item\":\"https:\/\/www.tafeldeko.de\/news\/alte-beitraege\/\"},{\"@type\":\"ListItem\",\"position\":3,\"name\":\"Tischdeko - Blog\",\"item\":\"https:\/\/www.tafeldeko.de\/news\/alte-beitraege\/tischdeko-blog\/\"},{\"@type\":\"ListItem\",\"position\":4,\"name\":\"Sommerliche Deko &#8211; strahlend sch\u00f6n\"}]},{\"@type\":\"WebSite\",\"@id\":\"https:\/\/www.tafeldeko.de\/news\/#website\",\"url\":\"https:\/\/www.tafeldeko.de\/news\/\",\"name\":\"Tafeldeko\",\"description\":\"Blog mit Tischdeko und Tischdekoration Ideen\",\"potentialAction\":[{\"@type\":\"SearchAction\",\"target\":{\"@type\":\"EntryPoint\",\"urlTemplate\":\"https:\/\/www.tafeldeko.de\/news\/?s={search_term_string}\"},\"query-input\":\"required name=search_term_string\"}],\"inLanguage\":\"de-DE\"},{\"@type\":\"Person\",\"@id\":\"https:\/\/www.tafeldeko.de\/news\/#\/schema\/person\/dc309fbb6a3e380919fc08342c3cc233\",\"name\":\"Tafeldeko Deko Team\",\"image\":{\"@type\":\"ImageObject\",\"inLanguage\":\"de-DE\",\"@id\":\"https:\/\/www.tafeldeko.de\/news\/#\/schema\/person\/image\/\",\"url\":\"https:\/\/secure.gravatar.com\/avatar\/1e962f4040dc9996f0d200db31598854?s=96&d=mm&r=g\",\"contentUrl\":\"https:\/\/secure.gravatar.com\/avatar\/1e962f4040dc9996f0d200db31598854?s=96&d=mm&r=g\",\"caption\":\"Tafeldeko Deko Team\"}}]}<\/script>\n<!-- \/ Yoast SEO plugin. -->","yoast_head_json":{"title":"Sommerliche Deko - strahlend sch\u00f6n - Tafeldeko","description":"Begr\u00fc\u00dfen Sie den Sommer und pr\u00e4sentieren Sie Ihren G\u00e4sten eine bunte sommerliche Deko strahlend sch\u00f6n mit tollen Accessoires in wunder...","robots":{"index":"index","follow":"follow","max-snippet":"max-snippet:-1","max-image-preview":"max-image-preview:large","max-video-preview":"max-video-preview:-1"},"canonical":"https:\/\/www.tafeldeko.de\/news\/sommerliche-deko-strahlend-schoen\/","og_locale":"de_DE","og_type":"article","og_title":"Sommerliche Deko - strahlend sch\u00f6n - Tafeldeko","og_description":"Begr\u00fc\u00dfen Sie den Sommer und pr\u00e4sentieren Sie Ihren G\u00e4sten eine bunte sommerliche Deko strahlend sch\u00f6n mit tollen Accessoires in wunder...","og_url":"https:\/\/www.tafeldeko.de\/news\/sommerliche-deko-strahlend-schoen\/","og_site_name":"Tafeldeko","article_publisher":"https:\/\/www.facebook.com\/pages\/Tafeldeko-einzigartige-Tischdekoration\/174202655894","article_published_time":"2015-06-18T18:15:39+00:00","article_modified_time":"2023-01-24T13:09:09+00:00","og_image":[{"width":2560,"height":1707,"url":"https:\/\/www.tafeldeko.de\/news\/wp-content\/uploads\/2015\/06\/IMG_9467-scaled.jpg","type":"image\/jpeg"}],"author":"Tafeldeko Deko Team","twitter_misc":{"Verfasst von":"Tafeldeko Deko Team","Gesch\u00e4tzte Lesezeit":"2 Minuten"},"schema":{"@context":"https:\/\/schema.org","@graph":[{"@type":"WebPage","@id":"https:\/\/www.tafeldeko.de\/news\/sommerliche-deko-strahlend-schoen\/","url":"https:\/\/www.tafeldeko.de\/news\/sommerliche-deko-strahlend-schoen\/","name":"Sommerliche Deko - strahlend sch\u00f6n - Tafeldeko","isPartOf":{"@id":"https:\/\/www.tafeldeko.de\/news\/#website"},"datePublished":"2015-06-18T18:15:39+00:00","dateModified":"2023-01-24T13:09:09+00:00","author":{"@id":"https:\/\/www.tafeldeko.de\/news\/#\/schema\/person\/dc309fbb6a3e380919fc08342c3cc233"},"description":"Begr\u00fc\u00dfen Sie den Sommer und pr\u00e4sentieren Sie Ihren G\u00e4sten eine bunte sommerliche Deko strahlend sch\u00f6n mit tollen Accessoires in wunder...","breadcrumb":{"@id":"https:\/\/www.tafeldeko.de\/news\/sommerliche-deko-strahlend-schoen\/#breadcrumb"},"inLanguage":"de-DE","potentialAction":[{"@type":"ReadAction","target":["https:\/\/www.tafeldeko.de\/news\/sommerliche-deko-strahlend-schoen\/"]}]},{"@type":"BreadcrumbList","@id":"https:\/\/www.tafeldeko.de\/news\/sommerliche-deko-strahlend-schoen\/#breadcrumb","itemListElement":[{"@type":"ListItem","position":1,"name":"Tafeldeko","item":"https:\/\/www.tafeldeko.de\/news\/"},{"@type":"ListItem","position":2,"name":"Alte Beitr\u00e4ge","item":"https:\/\/www.tafeldeko.de\/news\/alte-beitraege\/"},{"@type":"ListItem","position":3,"name":"Tischdeko - Blog","item":"https:\/\/www.tafeldeko.de\/news\/alte-beitraege\/tischdeko-blog\/"},{"@type":"ListItem","position":4,"name":"Sommerliche Deko &#8211; strahlend sch\u00f6n"}]},{"@type":"WebSite","@id":"https:\/\/www.tafeldeko.de\/news\/#website","url":"https:\/\/www.tafeldeko.de\/news\/","name":"Tafeldeko","description":"Blog mit Tischdeko und Tischdekoration Ideen","potentialAction":[{"@type":"SearchAction","target":{"@type":"EntryPoint","urlTemplate":"https:\/\/www.tafeldeko.de\/news\/?s={search_term_string}"},"query-input":"required name=search_term_string"}],"inLanguage":"de-DE"},{"@type":"Person","@id":"https:\/\/www.tafeldeko.de\/news\/#\/schema\/person\/dc309fbb6a3e380919fc08342c3cc233","name":"Tafeldeko Deko Team","image":{"@type":"ImageObject","inLanguage":"de-DE","@id":"https:\/\/www.tafeldeko.de\/news\/#\/schema\/person\/image\/","url":"https:\/\/secure.gravatar.com\/avatar\/1e962f4040dc9996f0d200db31598854?s=96&d=mm&r=g","contentUrl":"https:\/\/secure.gravatar.com\/avatar\/1e962f4040dc9996f0d200db31598854?s=96&d=mm&r=g","caption":"Tafeldeko Deko Team"}}]}},"_links":{"self":[{"href":"https:\/\/www.tafeldeko.de\/news\/wp-json\/wp\/v2\/posts\/6378"}],"collection":[{"href":"https:\/\/www.tafeldeko.de\/news\/wp-json\/wp\/v2\/posts"}],"about":[{"href":"https:\/\/www.tafeldeko.de\/news\/wp-json\/wp\/v2\/types\/post"}],"author":[{"embeddable":true,"href":"https:\/\/www.tafeldeko.de\/news\/wp-json\/wp\/v2\/users\/6"}],"replies":[{"embeddable":true,"href":"https:\/\/www.tafeldeko.de\/news\/wp-json\/wp\/v2\/comments?post=6378"}],"version-history":[{"count":5,"href":"https:\/\/www.tafeldeko.de\/news\/wp-json\/wp\/v2\/posts\/6378\/revisions"}],"predecessor-version":[{"id":22229,"href":"https:\/\/www.tafeldeko.de\/news\/wp-json\/wp\/v2\/posts\/6378\/revisions\/22229"}],"wp:featuredmedia":[{"embeddable":true,"href":"https:\/\/www.tafeldeko.de\/news\/wp-json\/wp\/v2\/media\/22225"}],"wp:attachment":[{"href":"https:\/\/www.tafeldeko.de\/news\/wp-json\/wp\/v2\/media?parent=6378"}],"wp:term":[{"taxonomy":"category","embeddable":true,"href":"https:\/\/www.tafeldeko.de\/news\/wp-json\/wp\/v2\/categories?post=6378"},{"taxonomy":"post_tag","embeddable":true,"href":"https:\/\/www.tafeldeko.de\/news\/wp-json\/wp\/v2\/tags?post=6378"}],"curies":[{"name":"wp","href":"https:\/\/api.w.org\/{rel}","templated":true}]}}