{"id":6319,"date":"2015-05-29T15:05:47","date_gmt":"2015-05-29T13:05:47","guid":{"rendered":"http:\/\/www.tafeldeko.de\/news\/?p=6319"},"modified":"2023-02-13T08:24:02","modified_gmt":"2023-02-13T07:24:02","slug":"tischdeko-sommer-feeling-fuer-den-tisch","status":"publish","type":"post","link":"https:\/\/www.tafeldeko.de\/news\/tischdeko-sommer-feeling-fuer-den-tisch\/","title":{"rendered":"Tischdeko Sommerfeeling f\u00fcr den Tisch"},"content":{"rendered":"<p>Irgendwie hat man das Gef\u00fchl, sobald die ersten Sonnenstrahlen uns beehren, dass man diese Zeit besonders genie\u00dfen muss &#8211; und eine <strong>Tischdeko Sommerfeeling<\/strong> das Ganze unterstreicht. Es zieht es uns raus in die Natur, wir treffen uns mit Freunden im Eiscafe, gehen spazieren, und lassen die Abende gem\u00fctlich auf der Terrasse oder dem Balkon ausklingen. Irgendwie steigt mit den Temperaturen auch die Feierlaune und so laden wir Freunde zum Grillen oder zum Kaffee ein. Gemeinsam die sonnigen Tage zu genie\u00dfen, gemeinsam etwas zu unternehmen &#8211; das macht den Sommer aus.<\/p>\n<p><img decoding=\"async\" loading=\"lazy\" src=\"https:\/\/www.tafeldeko.de\/news\/wp-content\/uploads\/2015\/05\/annmargret_green.jpg\" alt=\"Tischdeko Sommerfeeling\" width=\"250\" height=\"170\" \/><\/p>\n<h2>Die Tischdeko Sommerfeeling &#8211; erfrischend bunt und sch\u00f6n<\/h2>\n<p>Bei der Gestaltung der Tischdeko Sommerfeeling, die als Basis f\u00fcr einen netten Abend dient, bieten sich uns viele M\u00f6glichkeiten. Favorisiert der eine eher eine schlichte Tischdekoration, ist f\u00fcr andere eine bunte, trendige <a href=\"https:\/\/www.tafeldeko.de\" target=\"_blank\" rel=\"noopener\"><strong>Tischdeko<\/strong><\/a> das Non-Plus-Ultra. Duni setzt auch in diesem Jahr in Punkto Sommer Tischdeko auf tolle Designs und Farbkombinationen, beispielsweise mit der Serie Duni Ann-Margret Green. Die Serie ist farblich<strong> ein echtes Highlight<\/strong> und verleiht jeder Tischdeko Sommer ein wundersch\u00f6nes Feeling. Mit Servietten in verschiedenen Gr\u00f6\u00dfen und Materialien, Tischl\u00e4ufern und Tischsets k\u00f6nnen Sie Ihrer Tischdeko auf der Terrasse oder dem Balkon den Sommer einhauchen.<br \/>\nZur Serie und den Farben der Elemente passend sind die Duni Kerzenhalter Scacchi gefrostet. Mit diesen Kerzenhaltern k\u00f6nnen Sie der sommerlichen Tischdeko weitere sch\u00f6ne Effekte einhauchen.<br \/>\nDass die Tischdeko zu einer Feier geh\u00f6rt, ist uns klar. Im Au\u00dfenbereich ist es jedoch nicht unbedingt immer so einfach, die gew\u00fcnschten Accessoires so zu platzieren, dass sie beim ersten Windhauch nicht wegfliegen. <strong>Tischsets oder Tischl\u00e4ufer<\/strong> sind im Au\u00dfenbereich eine hervorragende Variante, den Tisch zu versch\u00f6nern und das haltbar. Wenn Sie zu Tischl\u00e4ufern f\u00fcr Ihre Tischdeko Sommer tendieren, k\u00f6nnen Sie diese quer auf dem Tisch drapieren, Teller und Bestecke sind die ersten &#8220;Beschwerer&#8221;. <strong>Kerzengl\u00e4ser<\/strong>, Vasen mit frischen Wiesenblumen oder Glasschalen mit Schwimmkerzen, ebenfalls darauf arrangiert, tragen zur Festigkeit Ihrer Tischdeko bei.<\/p>\n<h2>Weitere Beitr\u00e4ge:<\/h2>\n<h2>Dekoartikel von A-Z<\/h2>\n<p><a href=\"https:\/\/www.tafeldeko.de\/tischdeko-artikel\/\"><br \/>\nJetzt entdecken <\/a><\/p>\n","protected":false},"excerpt":{"rendered":"<p>Irgendwie hat man das Gef\u00fchl, sobald die ersten Sonnenstrahlen uns beehren, dass man diese Zeit besonders genie\u00dfen muss &#8211; und eine Tischdeko Sommerfeeling das Ganze unterstreicht. Es zieht es uns raus in die Natur, wir treffen uns mit Freunden im Eiscafe, gehen spazieren, und lassen die Abende gem\u00fctlich auf der Terrasse oder dem Balkon ausklingen. [&hellip;]<\/p>\n","protected":false},"author":6,"featured_media":6320,"comment_status":"closed","ping_status":"closed","sticky":false,"template":"","format":"standard","meta":{"footnotes":""},"categories":[1],"tags":[],"yoast_head":"<!-- This site is optimized with the Yoast SEO plugin v20.4 - https:\/\/yoast.com\/wordpress\/plugins\/seo\/ -->\n<title>Tischdeko Sommerfeeling f\u00fcr den Tisch - Tafeldeko<\/title>\n<meta name=\"description\" content=\"Bei der Gestaltung der Tischdeko Sommerfeeling, die als Basis f\u00fcr einen netten Abend dient, bieten sich uns viele M\u00f6glichkeiten.\" \/>\n<meta name=\"robots\" content=\"index, follow, max-snippet:-1, max-image-preview:large, max-video-preview:-1\" \/>\n<link rel=\"canonical\" href=\"https:\/\/www.tafeldeko.de\/news\/tischdeko-sommer-feeling-fuer-den-tisch\/\" \/>\n<meta property=\"og:locale\" content=\"de_DE\" \/>\n<meta property=\"og:type\" content=\"article\" \/>\n<meta property=\"og:title\" content=\"Tischdeko Sommerfeeling f\u00fcr den Tisch - Tafeldeko\" \/>\n<meta property=\"og:description\" content=\"Bei der Gestaltung der Tischdeko Sommerfeeling, die als Basis f\u00fcr einen netten Abend dient, bieten sich uns viele M\u00f6glichkeiten.\" \/>\n<meta property=\"og:url\" content=\"https:\/\/www.tafeldeko.de\/news\/tischdeko-sommer-feeling-fuer-den-tisch\/\" \/>\n<meta property=\"og:site_name\" content=\"Tafeldeko\" \/>\n<meta property=\"article:publisher\" content=\"https:\/\/www.facebook.com\/pages\/Tafeldeko-einzigartige-Tischdekoration\/174202655894\" \/>\n<meta property=\"article:published_time\" content=\"2015-05-29T13:05:47+00:00\" \/>\n<meta property=\"article:modified_time\" content=\"2023-02-13T07:24:02+00:00\" \/>\n<meta property=\"og:image\" content=\"https:\/\/www.tafeldeko.de\/news\/wp-content\/uploads\/2015\/05\/annmargret_green.jpg\" \/>\n\t<meta property=\"og:image:width\" content=\"250\" \/>\n\t<meta property=\"og:image:height\" content=\"170\" \/>\n\t<meta property=\"og:image:type\" content=\"image\/jpeg\" \/>\n<meta name=\"author\" content=\"Tafeldeko Deko Team\" \/>\n<meta name=\"twitter:label1\" content=\"Verfasst von\" \/>\n\t<meta name=\"twitter:data1\" content=\"Tafeldeko Deko Team\" \/>\n\t<meta name=\"twitter:label2\" content=\"Gesch\u00e4tzte Lesezeit\" \/>\n\t<meta name=\"twitter:data2\" content=\"2 Minuten\" \/>\n<script type=\"application\/ld+json\" class=\"yoast-schema-graph\">{\"@context\":\"https:\/\/schema.org\",\"@graph\":[{\"@type\":\"WebPage\",\"@id\":\"https:\/\/www.tafeldeko.de\/news\/tischdeko-sommer-feeling-fuer-den-tisch\/\",\"url\":\"https:\/\/www.tafeldeko.de\/news\/tischdeko-sommer-feeling-fuer-den-tisch\/\",\"name\":\"Tischdeko Sommerfeeling f\u00fcr den Tisch - Tafeldeko\",\"isPartOf\":{\"@id\":\"https:\/\/www.tafeldeko.de\/news\/#website\"},\"datePublished\":\"2015-05-29T13:05:47+00:00\",\"dateModified\":\"2023-02-13T07:24:02+00:00\",\"author\":{\"@id\":\"https:\/\/www.tafeldeko.de\/news\/#\/schema\/person\/dc309fbb6a3e380919fc08342c3cc233\"},\"description\":\"Bei der Gestaltung der Tischdeko Sommerfeeling, die als Basis f\u00fcr einen netten Abend dient, bieten sich uns viele M\u00f6glichkeiten.\",\"breadcrumb\":{\"@id\":\"https:\/\/www.tafeldeko.de\/news\/tischdeko-sommer-feeling-fuer-den-tisch\/#breadcrumb\"},\"inLanguage\":\"de-DE\",\"potentialAction\":[{\"@type\":\"ReadAction\",\"target\":[\"https:\/\/www.tafeldeko.de\/news\/tischdeko-sommer-feeling-fuer-den-tisch\/\"]}]},{\"@type\":\"BreadcrumbList\",\"@id\":\"https:\/\/www.tafeldeko.de\/news\/tischdeko-sommer-feeling-fuer-den-tisch\/#breadcrumb\",\"itemListElement\":[{\"@type\":\"ListItem\",\"position\":1,\"name\":\"Tafeldeko\",\"item\":\"https:\/\/www.tafeldeko.de\/news\/\"},{\"@type\":\"ListItem\",\"position\":2,\"name\":\"Alte Beitr\u00e4ge\",\"item\":\"https:\/\/www.tafeldeko.de\/news\/alte-beitraege\/\"},{\"@type\":\"ListItem\",\"position\":3,\"name\":\"Tischdeko - Blog\",\"item\":\"https:\/\/www.tafeldeko.de\/news\/alte-beitraege\/tischdeko-blog\/\"},{\"@type\":\"ListItem\",\"position\":4,\"name\":\"Tischdeko Sommerfeeling f\u00fcr den Tisch\"}]},{\"@type\":\"WebSite\",\"@id\":\"https:\/\/www.tafeldeko.de\/news\/#website\",\"url\":\"https:\/\/www.tafeldeko.de\/news\/\",\"name\":\"Tafeldeko\",\"description\":\"Blog mit Tischdeko und Tischdekoration Ideen\",\"potentialAction\":[{\"@type\":\"SearchAction\",\"target\":{\"@type\":\"EntryPoint\",\"urlTemplate\":\"https:\/\/www.tafeldeko.de\/news\/?s={search_term_string}\"},\"query-input\":\"required name=search_term_string\"}],\"inLanguage\":\"de-DE\"},{\"@type\":\"Person\",\"@id\":\"https:\/\/www.tafeldeko.de\/news\/#\/schema\/person\/dc309fbb6a3e380919fc08342c3cc233\",\"name\":\"Tafeldeko Deko Team\",\"image\":{\"@type\":\"ImageObject\",\"inLanguage\":\"de-DE\",\"@id\":\"https:\/\/www.tafeldeko.de\/news\/#\/schema\/person\/image\/\",\"url\":\"https:\/\/secure.gravatar.com\/avatar\/1e962f4040dc9996f0d200db31598854?s=96&d=mm&r=g\",\"contentUrl\":\"https:\/\/secure.gravatar.com\/avatar\/1e962f4040dc9996f0d200db31598854?s=96&d=mm&r=g\",\"caption\":\"Tafeldeko Deko Team\"}}]}<\/script>\n<!-- \/ Yoast SEO plugin. -->","yoast_head_json":{"title":"Tischdeko Sommerfeeling f\u00fcr den Tisch - Tafeldeko","description":"Bei der Gestaltung der Tischdeko Sommerfeeling, die als Basis f\u00fcr einen netten Abend dient, bieten sich uns viele M\u00f6glichkeiten.","robots":{"index":"index","follow":"follow","max-snippet":"max-snippet:-1","max-image-preview":"max-image-preview:large","max-video-preview":"max-video-preview:-1"},"canonical":"https:\/\/www.tafeldeko.de\/news\/tischdeko-sommer-feeling-fuer-den-tisch\/","og_locale":"de_DE","og_type":"article","og_title":"Tischdeko Sommerfeeling f\u00fcr den Tisch - Tafeldeko","og_description":"Bei der Gestaltung der Tischdeko Sommerfeeling, die als Basis f\u00fcr einen netten Abend dient, bieten sich uns viele M\u00f6glichkeiten.","og_url":"https:\/\/www.tafeldeko.de\/news\/tischdeko-sommer-feeling-fuer-den-tisch\/","og_site_name":"Tafeldeko","article_publisher":"https:\/\/www.facebook.com\/pages\/Tafeldeko-einzigartige-Tischdekoration\/174202655894","article_published_time":"2015-05-29T13:05:47+00:00","article_modified_time":"2023-02-13T07:24:02+00:00","og_image":[{"width":250,"height":170,"url":"https:\/\/www.tafeldeko.de\/news\/wp-content\/uploads\/2015\/05\/annmargret_green.jpg","type":"image\/jpeg"}],"author":"Tafeldeko Deko Team","twitter_misc":{"Verfasst von":"Tafeldeko Deko Team","Gesch\u00e4tzte Lesezeit":"2 Minuten"},"schema":{"@context":"https:\/\/schema.org","@graph":[{"@type":"WebPage","@id":"https:\/\/www.tafeldeko.de\/news\/tischdeko-sommer-feeling-fuer-den-tisch\/","url":"https:\/\/www.tafeldeko.de\/news\/tischdeko-sommer-feeling-fuer-den-tisch\/","name":"Tischdeko Sommerfeeling f\u00fcr den Tisch - Tafeldeko","isPartOf":{"@id":"https:\/\/www.tafeldeko.de\/news\/#website"},"datePublished":"2015-05-29T13:05:47+00:00","dateModified":"2023-02-13T07:24:02+00:00","author":{"@id":"https:\/\/www.tafeldeko.de\/news\/#\/schema\/person\/dc309fbb6a3e380919fc08342c3cc233"},"description":"Bei der Gestaltung der Tischdeko Sommerfeeling, die als Basis f\u00fcr einen netten Abend dient, bieten sich uns viele M\u00f6glichkeiten.","breadcrumb":{"@id":"https:\/\/www.tafeldeko.de\/news\/tischdeko-sommer-feeling-fuer-den-tisch\/#breadcrumb"},"inLanguage":"de-DE","potentialAction":[{"@type":"ReadAction","target":["https:\/\/www.tafeldeko.de\/news\/tischdeko-sommer-feeling-fuer-den-tisch\/"]}]},{"@type":"BreadcrumbList","@id":"https:\/\/www.tafeldeko.de\/news\/tischdeko-sommer-feeling-fuer-den-tisch\/#breadcrumb","itemListElement":[{"@type":"ListItem","position":1,"name":"Tafeldeko","item":"https:\/\/www.tafeldeko.de\/news\/"},{"@type":"ListItem","position":2,"name":"Alte Beitr\u00e4ge","item":"https:\/\/www.tafeldeko.de\/news\/alte-beitraege\/"},{"@type":"ListItem","position":3,"name":"Tischdeko - Blog","item":"https:\/\/www.tafeldeko.de\/news\/alte-beitraege\/tischdeko-blog\/"},{"@type":"ListItem","position":4,"name":"Tischdeko Sommerfeeling f\u00fcr den Tisch"}]},{"@type":"WebSite","@id":"https:\/\/www.tafeldeko.de\/news\/#website","url":"https:\/\/www.tafeldeko.de\/news\/","name":"Tafeldeko","description":"Blog mit Tischdeko und Tischdekoration Ideen","potentialAction":[{"@type":"SearchAction","target":{"@type":"EntryPoint","urlTemplate":"https:\/\/www.tafeldeko.de\/news\/?s={search_term_string}"},"query-input":"required name=search_term_string"}],"inLanguage":"de-DE"},{"@type":"Person","@id":"https:\/\/www.tafeldeko.de\/news\/#\/schema\/person\/dc309fbb6a3e380919fc08342c3cc233","name":"Tafeldeko Deko Team","image":{"@type":"ImageObject","inLanguage":"de-DE","@id":"https:\/\/www.tafeldeko.de\/news\/#\/schema\/person\/image\/","url":"https:\/\/secure.gravatar.com\/avatar\/1e962f4040dc9996f0d200db31598854?s=96&d=mm&r=g","contentUrl":"https:\/\/secure.gravatar.com\/avatar\/1e962f4040dc9996f0d200db31598854?s=96&d=mm&r=g","caption":"Tafeldeko Deko Team"}}]}},"_links":{"self":[{"href":"https:\/\/www.tafeldeko.de\/news\/wp-json\/wp\/v2\/posts\/6319"}],"collection":[{"href":"https:\/\/www.tafeldeko.de\/news\/wp-json\/wp\/v2\/posts"}],"about":[{"href":"https:\/\/www.tafeldeko.de\/news\/wp-json\/wp\/v2\/types\/post"}],"author":[{"embeddable":true,"href":"https:\/\/www.tafeldeko.de\/news\/wp-json\/wp\/v2\/users\/6"}],"replies":[{"embeddable":true,"href":"https:\/\/www.tafeldeko.de\/news\/wp-json\/wp\/v2\/comments?post=6319"}],"version-history":[{"count":7,"href":"https:\/\/www.tafeldeko.de\/news\/wp-json\/wp\/v2\/posts\/6319\/revisions"}],"predecessor-version":[{"id":22451,"href":"https:\/\/www.tafeldeko.de\/news\/wp-json\/wp\/v2\/posts\/6319\/revisions\/22451"}],"wp:featuredmedia":[{"embeddable":true,"href":"https:\/\/www.tafeldeko.de\/news\/wp-json\/wp\/v2\/media\/6320"}],"wp:attachment":[{"href":"https:\/\/www.tafeldeko.de\/news\/wp-json\/wp\/v2\/media?parent=6319"}],"wp:term":[{"taxonomy":"category","embeddable":true,"href":"https:\/\/www.tafeldeko.de\/news\/wp-json\/wp\/v2\/categories?post=6319"},{"taxonomy":"post_tag","embeddable":true,"href":"https:\/\/www.tafeldeko.de\/news\/wp-json\/wp\/v2\/tags?post=6319"}],"curies":[{"name":"wp","href":"https:\/\/api.w.org\/{rel}","templated":true}]}}