{"id":6307,"date":"2015-05-29T10:43:16","date_gmt":"2015-05-29T08:43:16","guid":{"rendered":"http:\/\/www.tafeldeko.de\/news\/?p=6307"},"modified":"2023-02-13T08:41:01","modified_gmt":"2023-02-13T07:41:01","slug":"einladung-zum-geburtstag-stilvoll-gestaltet","status":"publish","type":"post","link":"https:\/\/www.tafeldeko.de\/news\/einladung-zum-geburtstag-stilvoll-gestaltet\/","title":{"rendered":"Einladung zum Geburtstag &#8211; stilvoll gestaltet"},"content":{"rendered":"<p>Wer eine <strong>Einladung zum Geburtstag<\/strong> in den H\u00e4nden h\u00e4lt, wird einen Grund zur Freude haben. Geburtstage zu feiern stellt einen sch\u00f6nen Anlass dar und man sagt nicht ohne Grund, dass man Feste so feiern soll, wie sie fallen. Eine Einladung zum Geburtstag kann sehr verschieden gestaltet sein. Man kann seine G\u00e4ste telefonisch, schriftlich oder m\u00fcndlich einladen.<br \/>\nDie <strong>schriftliche Einladung<\/strong> &#8211; das hei\u00dft, die in Papierform &#8211; ist immer noch eine sehr beliebte und durchaus sch\u00f6ne M\u00f6glichkeit, die sich gerade zum runden Geburtstag anbietet. Dadurch haben die G\u00e4ste alle Daten und Fakten schwarz auf wei\u00df und k\u00f6nnen die Einladung an einen Platz h\u00e4ngen, der sie immer wieder an diesen Tag erinnert. Die Einladung zum Geburtstag kann von schlicht bis originelle gestaltet sein &#8211; einfach nach den Vorstellungen des Geburtstagskindes.<\/p>\n<p><img decoding=\"async\" loading=\"lazy\" src=\"https:\/\/www.tafeldeko.de\/news\/wp-content\/uploads\/2018\/03\/einladungskarte-blueten-glimmer-sommer.jpg\" sizes=\"(max-width: 500px) 100vw, 500px\" srcset=\"https:\/\/www.tafeldeko.de\/news\/wp-content\/uploads\/2018\/03\/einladungskarte-blueten-glimmer-sommer.jpg 500w, https:\/\/www.tafeldeko.de\/news\/wp-content\/uploads\/2018\/03\/einladungskarte-blueten-glimmer-sommer-300x300.jpg 300w, https:\/\/www.tafeldeko.de\/news\/wp-content\/uploads\/2018\/03\/einladungskarte-blueten-glimmer-sommer-150x150.jpg 150w\" alt=\"Einladung zum Geburtstag\" width=\"500\" height=\"500\" \/><\/p>\n<h2>Wie w\u00e4re es mit einer ausgefallenen Einladung zum Geburtstag?<\/h2>\n<p>Das h\u00f6rt sich doch gut an &#8211; gerade f\u00fcr diejenigen, die von solchen Ideen begeistert sind. An eine <strong>ausgefallene Einladung<\/strong> zum Geburtstag wird man sich erinnern und den Tag gleich in den Kalender eintragen. Was ist jedoch ausgefallen? Das kann bei der Einladung im Aussehen von einer <strong>Parkscheibe<\/strong> beginnen und bei einer <strong>VIP-Eintrittskarte<\/strong> zum Event des Jahres enden. Ideen rund um die <strong>Geburtstageinladung<\/strong> findet man im Internet und wer nicht selbst kreativ werden m\u00f6chte, kann die Einladung zum Geburtstag auch in Druck geben &#8211; vieles ist m\u00f6glich. Am besten verteilt man die Einladungen fr\u00fchzeitig damit sich die G\u00e4ste auf diesen Tag auch entsprechend einstellen k\u00f6nnen.<br \/>\nAls Gast wird man sich dann auch zeitnah um ein Geschenk k\u00fcmmern. Mit leeren H\u00e4nden m\u00f6chte man dem Gastgeber nat\u00fcrlich nicht gegen\u00fcber treten. In Punkto \u201eGeschenk\u201c kann es m\u00f6glich sein, dass das Geburtstagskind W\u00fcnsche ge\u00e4u\u00dfert hat, wenn nicht, muss man sich selbst Gedanken machen. Von Standard-Geschenken sollte man Abstand nehmen, denn sie bescheren einem nicht immer Freude. Lieber ein Geschenk, das von Herzen kommt als ein Geschenk, dass aus dem Regal kommt. Damit ist gemeint, dass man gerne zu einem personalisierten Geschenk greifen kann.<\/p>\n<h2>Weitere Beitr\u00e4ge:<\/h2>\n<h2>Dekoartikel von A-Z<\/h2>\n<p><a href=\"https:\/\/www.tafeldeko.de\/tischdeko-artikel\/\"><br \/>\nJetzt entdecken <\/a><\/p>\n","protected":false},"excerpt":{"rendered":"<p>Wer eine Einladung zum Geburtstag in den H\u00e4nden h\u00e4lt, wird einen Grund zur Freude haben. Geburtstage zu feiern stellt einen sch\u00f6nen Anlass dar und man sagt nicht ohne Grund, dass man Feste so feiern soll, wie sie fallen. Eine Einladung zum Geburtstag kann sehr verschieden gestaltet sein. Man kann seine G\u00e4ste telefonisch, schriftlich oder m\u00fcndlich [&hellip;]<\/p>\n","protected":false},"author":6,"featured_media":15243,"comment_status":"closed","ping_status":"closed","sticky":false,"template":"","format":"standard","meta":{"footnotes":""},"categories":[1],"tags":[],"yoast_head":"<!-- This site is optimized with the Yoast SEO plugin v20.4 - https:\/\/yoast.com\/wordpress\/plugins\/seo\/ -->\n<title>Einladung zum Geburtstag - stilvoll gestaltet - Tafeldeko<\/title>\n<meta name=\"description\" content=\"Die Einladung zum Geburtstag kann von schlicht bis originelle gestaltet sein - eben nach den Vorstellungen des Geburtstagskindes.\" \/>\n<meta name=\"robots\" content=\"index, follow, max-snippet:-1, max-image-preview:large, max-video-preview:-1\" \/>\n<link rel=\"canonical\" href=\"https:\/\/www.tafeldeko.de\/news\/einladung-zum-geburtstag-stilvoll-gestaltet\/\" \/>\n<meta property=\"og:locale\" content=\"de_DE\" \/>\n<meta property=\"og:type\" content=\"article\" \/>\n<meta property=\"og:title\" content=\"Einladung zum Geburtstag - stilvoll gestaltet - Tafeldeko\" \/>\n<meta property=\"og:description\" content=\"Die Einladung zum Geburtstag kann von schlicht bis originelle gestaltet sein - eben nach den Vorstellungen des Geburtstagskindes.\" \/>\n<meta property=\"og:url\" content=\"https:\/\/www.tafeldeko.de\/news\/einladung-zum-geburtstag-stilvoll-gestaltet\/\" \/>\n<meta property=\"og:site_name\" content=\"Tafeldeko\" \/>\n<meta property=\"article:publisher\" content=\"https:\/\/www.facebook.com\/pages\/Tafeldeko-einzigartige-Tischdekoration\/174202655894\" \/>\n<meta property=\"article:published_time\" content=\"2015-05-29T08:43:16+00:00\" \/>\n<meta property=\"article:modified_time\" content=\"2023-02-13T07:41:01+00:00\" \/>\n<meta property=\"og:image\" content=\"https:\/\/www.tafeldeko.de\/news\/wp-content\/uploads\/2018\/03\/einladungskarte-blueten-glimmer-sommer.jpg\" \/>\n\t<meta property=\"og:image:width\" content=\"500\" \/>\n\t<meta property=\"og:image:height\" content=\"500\" \/>\n\t<meta property=\"og:image:type\" content=\"image\/jpeg\" \/>\n<meta name=\"author\" content=\"Tafeldeko Deko Team\" \/>\n<meta name=\"twitter:label1\" content=\"Verfasst von\" \/>\n\t<meta name=\"twitter:data1\" content=\"Tafeldeko Deko Team\" \/>\n\t<meta name=\"twitter:label2\" content=\"Gesch\u00e4tzte Lesezeit\" \/>\n\t<meta name=\"twitter:data2\" content=\"3 Minuten\" \/>\n<script type=\"application\/ld+json\" class=\"yoast-schema-graph\">{\"@context\":\"https:\/\/schema.org\",\"@graph\":[{\"@type\":\"WebPage\",\"@id\":\"https:\/\/www.tafeldeko.de\/news\/einladung-zum-geburtstag-stilvoll-gestaltet\/\",\"url\":\"https:\/\/www.tafeldeko.de\/news\/einladung-zum-geburtstag-stilvoll-gestaltet\/\",\"name\":\"Einladung zum Geburtstag - stilvoll gestaltet - Tafeldeko\",\"isPartOf\":{\"@id\":\"https:\/\/www.tafeldeko.de\/news\/#website\"},\"datePublished\":\"2015-05-29T08:43:16+00:00\",\"dateModified\":\"2023-02-13T07:41:01+00:00\",\"author\":{\"@id\":\"https:\/\/www.tafeldeko.de\/news\/#\/schema\/person\/dc309fbb6a3e380919fc08342c3cc233\"},\"description\":\"Die Einladung zum Geburtstag kann von schlicht bis originelle gestaltet sein - eben nach den Vorstellungen des Geburtstagskindes.\",\"breadcrumb\":{\"@id\":\"https:\/\/www.tafeldeko.de\/news\/einladung-zum-geburtstag-stilvoll-gestaltet\/#breadcrumb\"},\"inLanguage\":\"de-DE\",\"potentialAction\":[{\"@type\":\"ReadAction\",\"target\":[\"https:\/\/www.tafeldeko.de\/news\/einladung-zum-geburtstag-stilvoll-gestaltet\/\"]}]},{\"@type\":\"BreadcrumbList\",\"@id\":\"https:\/\/www.tafeldeko.de\/news\/einladung-zum-geburtstag-stilvoll-gestaltet\/#breadcrumb\",\"itemListElement\":[{\"@type\":\"ListItem\",\"position\":1,\"name\":\"Tafeldeko\",\"item\":\"https:\/\/www.tafeldeko.de\/news\/\"},{\"@type\":\"ListItem\",\"position\":2,\"name\":\"Alte Beitr\u00e4ge\",\"item\":\"https:\/\/www.tafeldeko.de\/news\/alte-beitraege\/\"},{\"@type\":\"ListItem\",\"position\":3,\"name\":\"Tischdeko - Blog\",\"item\":\"https:\/\/www.tafeldeko.de\/news\/alte-beitraege\/tischdeko-blog\/\"},{\"@type\":\"ListItem\",\"position\":4,\"name\":\"Einladung zum Geburtstag &#8211; stilvoll gestaltet\"}]},{\"@type\":\"WebSite\",\"@id\":\"https:\/\/www.tafeldeko.de\/news\/#website\",\"url\":\"https:\/\/www.tafeldeko.de\/news\/\",\"name\":\"Tafeldeko\",\"description\":\"Blog mit Tischdeko und Tischdekoration Ideen\",\"potentialAction\":[{\"@type\":\"SearchAction\",\"target\":{\"@type\":\"EntryPoint\",\"urlTemplate\":\"https:\/\/www.tafeldeko.de\/news\/?s={search_term_string}\"},\"query-input\":\"required name=search_term_string\"}],\"inLanguage\":\"de-DE\"},{\"@type\":\"Person\",\"@id\":\"https:\/\/www.tafeldeko.de\/news\/#\/schema\/person\/dc309fbb6a3e380919fc08342c3cc233\",\"name\":\"Tafeldeko Deko Team\",\"image\":{\"@type\":\"ImageObject\",\"inLanguage\":\"de-DE\",\"@id\":\"https:\/\/www.tafeldeko.de\/news\/#\/schema\/person\/image\/\",\"url\":\"https:\/\/secure.gravatar.com\/avatar\/1e962f4040dc9996f0d200db31598854?s=96&d=mm&r=g\",\"contentUrl\":\"https:\/\/secure.gravatar.com\/avatar\/1e962f4040dc9996f0d200db31598854?s=96&d=mm&r=g\",\"caption\":\"Tafeldeko Deko Team\"}}]}<\/script>\n<!-- \/ Yoast SEO plugin. -->","yoast_head_json":{"title":"Einladung zum Geburtstag - stilvoll gestaltet - Tafeldeko","description":"Die Einladung zum Geburtstag kann von schlicht bis originelle gestaltet sein - eben nach den Vorstellungen des Geburtstagskindes.","robots":{"index":"index","follow":"follow","max-snippet":"max-snippet:-1","max-image-preview":"max-image-preview:large","max-video-preview":"max-video-preview:-1"},"canonical":"https:\/\/www.tafeldeko.de\/news\/einladung-zum-geburtstag-stilvoll-gestaltet\/","og_locale":"de_DE","og_type":"article","og_title":"Einladung zum Geburtstag - stilvoll gestaltet - Tafeldeko","og_description":"Die Einladung zum Geburtstag kann von schlicht bis originelle gestaltet sein - eben nach den Vorstellungen des Geburtstagskindes.","og_url":"https:\/\/www.tafeldeko.de\/news\/einladung-zum-geburtstag-stilvoll-gestaltet\/","og_site_name":"Tafeldeko","article_publisher":"https:\/\/www.facebook.com\/pages\/Tafeldeko-einzigartige-Tischdekoration\/174202655894","article_published_time":"2015-05-29T08:43:16+00:00","article_modified_time":"2023-02-13T07:41:01+00:00","og_image":[{"width":500,"height":500,"url":"https:\/\/www.tafeldeko.de\/news\/wp-content\/uploads\/2018\/03\/einladungskarte-blueten-glimmer-sommer.jpg","type":"image\/jpeg"}],"author":"Tafeldeko Deko Team","twitter_misc":{"Verfasst von":"Tafeldeko Deko Team","Gesch\u00e4tzte Lesezeit":"3 Minuten"},"schema":{"@context":"https:\/\/schema.org","@graph":[{"@type":"WebPage","@id":"https:\/\/www.tafeldeko.de\/news\/einladung-zum-geburtstag-stilvoll-gestaltet\/","url":"https:\/\/www.tafeldeko.de\/news\/einladung-zum-geburtstag-stilvoll-gestaltet\/","name":"Einladung zum Geburtstag - stilvoll gestaltet - Tafeldeko","isPartOf":{"@id":"https:\/\/www.tafeldeko.de\/news\/#website"},"datePublished":"2015-05-29T08:43:16+00:00","dateModified":"2023-02-13T07:41:01+00:00","author":{"@id":"https:\/\/www.tafeldeko.de\/news\/#\/schema\/person\/dc309fbb6a3e380919fc08342c3cc233"},"description":"Die Einladung zum Geburtstag kann von schlicht bis originelle gestaltet sein - eben nach den Vorstellungen des Geburtstagskindes.","breadcrumb":{"@id":"https:\/\/www.tafeldeko.de\/news\/einladung-zum-geburtstag-stilvoll-gestaltet\/#breadcrumb"},"inLanguage":"de-DE","potentialAction":[{"@type":"ReadAction","target":["https:\/\/www.tafeldeko.de\/news\/einladung-zum-geburtstag-stilvoll-gestaltet\/"]}]},{"@type":"BreadcrumbList","@id":"https:\/\/www.tafeldeko.de\/news\/einladung-zum-geburtstag-stilvoll-gestaltet\/#breadcrumb","itemListElement":[{"@type":"ListItem","position":1,"name":"Tafeldeko","item":"https:\/\/www.tafeldeko.de\/news\/"},{"@type":"ListItem","position":2,"name":"Alte Beitr\u00e4ge","item":"https:\/\/www.tafeldeko.de\/news\/alte-beitraege\/"},{"@type":"ListItem","position":3,"name":"Tischdeko - Blog","item":"https:\/\/www.tafeldeko.de\/news\/alte-beitraege\/tischdeko-blog\/"},{"@type":"ListItem","position":4,"name":"Einladung zum Geburtstag &#8211; stilvoll gestaltet"}]},{"@type":"WebSite","@id":"https:\/\/www.tafeldeko.de\/news\/#website","url":"https:\/\/www.tafeldeko.de\/news\/","name":"Tafeldeko","description":"Blog mit Tischdeko und Tischdekoration Ideen","potentialAction":[{"@type":"SearchAction","target":{"@type":"EntryPoint","urlTemplate":"https:\/\/www.tafeldeko.de\/news\/?s={search_term_string}"},"query-input":"required name=search_term_string"}],"inLanguage":"de-DE"},{"@type":"Person","@id":"https:\/\/www.tafeldeko.de\/news\/#\/schema\/person\/dc309fbb6a3e380919fc08342c3cc233","name":"Tafeldeko Deko Team","image":{"@type":"ImageObject","inLanguage":"de-DE","@id":"https:\/\/www.tafeldeko.de\/news\/#\/schema\/person\/image\/","url":"https:\/\/secure.gravatar.com\/avatar\/1e962f4040dc9996f0d200db31598854?s=96&d=mm&r=g","contentUrl":"https:\/\/secure.gravatar.com\/avatar\/1e962f4040dc9996f0d200db31598854?s=96&d=mm&r=g","caption":"Tafeldeko Deko Team"}}]}},"_links":{"self":[{"href":"https:\/\/www.tafeldeko.de\/news\/wp-json\/wp\/v2\/posts\/6307"}],"collection":[{"href":"https:\/\/www.tafeldeko.de\/news\/wp-json\/wp\/v2\/posts"}],"about":[{"href":"https:\/\/www.tafeldeko.de\/news\/wp-json\/wp\/v2\/types\/post"}],"author":[{"embeddable":true,"href":"https:\/\/www.tafeldeko.de\/news\/wp-json\/wp\/v2\/users\/6"}],"replies":[{"embeddable":true,"href":"https:\/\/www.tafeldeko.de\/news\/wp-json\/wp\/v2\/comments?post=6307"}],"version-history":[{"count":6,"href":"https:\/\/www.tafeldeko.de\/news\/wp-json\/wp\/v2\/posts\/6307\/revisions"}],"predecessor-version":[{"id":22469,"href":"https:\/\/www.tafeldeko.de\/news\/wp-json\/wp\/v2\/posts\/6307\/revisions\/22469"}],"wp:featuredmedia":[{"embeddable":true,"href":"https:\/\/www.tafeldeko.de\/news\/wp-json\/wp\/v2\/media\/15243"}],"wp:attachment":[{"href":"https:\/\/www.tafeldeko.de\/news\/wp-json\/wp\/v2\/media?parent=6307"}],"wp:term":[{"taxonomy":"category","embeddable":true,"href":"https:\/\/www.tafeldeko.de\/news\/wp-json\/wp\/v2\/categories?post=6307"},{"taxonomy":"post_tag","embeddable":true,"href":"https:\/\/www.tafeldeko.de\/news\/wp-json\/wp\/v2\/tags?post=6307"}],"curies":[{"name":"wp","href":"https:\/\/api.w.org\/{rel}","templated":true}]}}