{"id":6305,"date":"2015-05-29T10:36:50","date_gmt":"2015-05-29T08:36:50","guid":{"rendered":"http:\/\/www.tafeldeko.de\/news\/?p=6305"},"modified":"2023-02-13T08:45:49","modified_gmt":"2023-02-13T07:45:49","slug":"schwarz-weisse-deko-fuer-zu-hause","status":"publish","type":"post","link":"https:\/\/www.tafeldeko.de\/news\/schwarz-weisse-deko-fuer-zu-hause\/","title":{"rendered":"Schwarz wei\u00dfe Deko f\u00fcr zu Hause"},"content":{"rendered":"<p>Eine <strong>schwarz wei\u00dfe Deko<\/strong> sorgt f\u00fcr einen tollen Kontrast und bietet zugleich eine tolle M\u00f6glichkeit zum Dekorieren. Man kann sowohl schwarze als auch wei\u00dfe Deko-Utensilien ausw\u00e4hlen sowie eine Mischung aus beiden Farben perfekt in Szene setzen. Die schwarz wei\u00dfe Deko kann zum <strong>Highlight<\/strong> in der eigenen Wohnung werden und das positive Wohnerlebnis steigern. Am besten schaut man sich heute noch nach sch\u00f6nen Wohnaccessoires um, die man zu Hause entsprechend drapieren kann und so seiner Wohnung einen neuen, stylischen und trendigen Look verpasst.<\/p>\n<p><img decoding=\"async\" loading=\"lazy\" src=\"https:\/\/www.tafeldeko.de\/news\/wp-content\/uploads\/2015\/05\/20221110103014_IMG_7828-1024x683.jpg\" sizes=\"(max-width: 800px) 100vw, 800px\" srcset=\"https:\/\/www.tafeldeko.de\/news\/wp-content\/uploads\/2015\/05\/20221110103014_IMG_7828-1024x683.jpg 1024w, https:\/\/www.tafeldeko.de\/news\/wp-content\/uploads\/2015\/05\/20221110103014_IMG_7828-300x200.jpg 300w, https:\/\/www.tafeldeko.de\/news\/wp-content\/uploads\/2015\/05\/20221110103014_IMG_7828-768x512.jpg 768w, https:\/\/www.tafeldeko.de\/news\/wp-content\/uploads\/2015\/05\/20221110103014_IMG_7828-1536x1024.jpg 1536w, https:\/\/www.tafeldeko.de\/news\/wp-content\/uploads\/2015\/05\/20221110103014_IMG_7828-640x427.jpg 640w, https:\/\/www.tafeldeko.de\/news\/wp-content\/uploads\/2015\/05\/20221110103014_IMG_7828.jpg 1920w\" alt=\"schwarz wei\u00dfe Deko\" width=\"800\" height=\"534\" \/><\/p>\n<h2>Schwarz wei\u00dfe Deko &#8211; was kann hierf\u00fcr in Frage kommen?<\/h2>\n<p>F\u00fcr die schwarz wei\u00dfe Deko gibt es vielerlei <strong>Wohnaccessoires<\/strong>, die man f\u00fcr seine Dekoration verwenden kann.<br \/>\nWie w\u00e4re es mit gemusterten Vasen in den Farben schwarz und wei\u00df? Diese kann man ganz unterschiedlich arrangieren, mit der Anzahl der Vasen experimentieren und beispielsweise mit k\u00fcnstlichen Blumen, Gr\u00e4sern oder auch Gr\u00e4sern, die mit Perlen verziert sind, aufpeppen.<br \/>\nEine weitere Idee sind <strong>Bilderrahmen<\/strong> in unterschiedlichen Formen, mit oder ohne Muster oder eben unifarben. Wer die Rahmen mit sch\u00f6nen Erinnerungsfotos best\u00fcckt, zaubert eine sch\u00f6ne Bilderwand, die durchaus zum Blickfang werden kann.<br \/>\nWer der Meinung ist, dass die schwarz wei\u00dfe Deko eher langweilig ist, der t\u00e4uscht sich. Mit dieser Farbkombination kann man tolle Akzente setzen und sein zu Hause in einem neuen Licht erscheinen lassen. Man muss nur die richtigen dekorativen Accessoires miteinander kombinieren.<br \/>\nDar\u00fcber hinaus sind Deko-Figuren, Kerzen oder auch Schalen immer eine sch\u00f6ne M\u00f6glichkeit um seine Wohnung aufzupeppen. Wer m\u00f6chte kann sich auch in Punkto \u201eVorh\u00e4nge\u201c kreativ zeigen und dadurch tolle Akzente setzen. Und wenn Sie das besondere Etwas m\u00f6chten, kombinieren Sie zu dem <strong>schwarz und wei\u00df<\/strong> der Basiselemente Accessoires in rot oder in kr\u00e4ftigen Gr\u00fcnt\u00f6nen. Auch t\u00fcrkisfarbene Elemente k\u00f6nnen f\u00fcr tolle Akzente innerhalb der Deko sorgen.<br \/>\nEine Dekoration in den eigenen vier W\u00e4nden sollte niemals fehlen oder zu kurz kommen, denn eine langweilige und sterile Wohnung m\u00f6chte keiner vorfinden. Lieber Farbe bekennen und mit der Liebe zum Detail seinem Ziel n\u00e4her kommen und ein sch\u00f6nes Reich f\u00fcr sich und seine Freunde gestalten.<\/p>\n<h2>Weitere Beitr\u00e4ge:<\/h2>\n<h2>Dekoartikel von A-Z<\/h2>\n<p><a href=\"https:\/\/www.tafeldeko.de\/tischdeko-artikel\/\"><br \/>\nJetzt entdecken <\/a><\/p>\n","protected":false},"excerpt":{"rendered":"<p>Eine schwarz wei\u00dfe Deko sorgt f\u00fcr einen tollen Kontrast und bietet zugleich eine tolle M\u00f6glichkeit zum Dekorieren. Man kann sowohl schwarze als auch wei\u00dfe Deko-Utensilien ausw\u00e4hlen sowie eine Mischung aus beiden Farben perfekt in Szene setzen. Die schwarz wei\u00dfe Deko kann zum Highlight in der eigenen Wohnung werden und das positive Wohnerlebnis steigern. Am besten [&hellip;]<\/p>\n","protected":false},"author":6,"featured_media":22470,"comment_status":"closed","ping_status":"closed","sticky":false,"template":"","format":"standard","meta":{"footnotes":""},"categories":[1],"tags":[],"yoast_head":"<!-- This site is optimized with the Yoast SEO plugin v20.4 - https:\/\/yoast.com\/wordpress\/plugins\/seo\/ -->\n<title>Schwarz wei\u00dfe Deko f\u00fcr zu Hause - Tafeldeko<\/title>\n<meta name=\"description\" content=\"Eine schwarz wei\u00dfe Deko sorgt f\u00fcr einen tollen Kontrast und bietet zugleich eine tolle M\u00f6glichkeit zum Dekorieren - inklusive toller Akzente\" \/>\n<meta name=\"robots\" content=\"index, follow, max-snippet:-1, max-image-preview:large, max-video-preview:-1\" \/>\n<link rel=\"canonical\" href=\"https:\/\/www.tafeldeko.de\/news\/schwarz-weisse-deko-fuer-zu-hause\/\" \/>\n<meta property=\"og:locale\" content=\"de_DE\" \/>\n<meta property=\"og:type\" content=\"article\" \/>\n<meta property=\"og:title\" content=\"Schwarz wei\u00dfe Deko f\u00fcr zu Hause - Tafeldeko\" \/>\n<meta property=\"og:description\" content=\"Eine schwarz wei\u00dfe Deko sorgt f\u00fcr einen tollen Kontrast und bietet zugleich eine tolle M\u00f6glichkeit zum Dekorieren - inklusive toller Akzente\" \/>\n<meta property=\"og:url\" content=\"https:\/\/www.tafeldeko.de\/news\/schwarz-weisse-deko-fuer-zu-hause\/\" \/>\n<meta property=\"og:site_name\" content=\"Tafeldeko\" \/>\n<meta property=\"article:publisher\" content=\"https:\/\/www.facebook.com\/pages\/Tafeldeko-einzigartige-Tischdekoration\/174202655894\" \/>\n<meta property=\"article:published_time\" content=\"2015-05-29T08:36:50+00:00\" \/>\n<meta property=\"article:modified_time\" content=\"2023-02-13T07:45:49+00:00\" \/>\n<meta property=\"og:image\" content=\"https:\/\/www.tafeldeko.de\/news\/wp-content\/uploads\/2015\/05\/20221110103014_IMG_7828.jpg\" \/>\n\t<meta property=\"og:image:width\" content=\"1920\" \/>\n\t<meta property=\"og:image:height\" content=\"1280\" \/>\n\t<meta property=\"og:image:type\" content=\"image\/jpeg\" \/>\n<meta name=\"author\" content=\"Tafeldeko Deko Team\" \/>\n<meta name=\"twitter:label1\" content=\"Verfasst von\" \/>\n\t<meta name=\"twitter:data1\" content=\"Tafeldeko Deko Team\" \/>\n\t<meta name=\"twitter:label2\" content=\"Gesch\u00e4tzte Lesezeit\" \/>\n\t<meta name=\"twitter:data2\" content=\"3 Minuten\" \/>\n<script type=\"application\/ld+json\" class=\"yoast-schema-graph\">{\"@context\":\"https:\/\/schema.org\",\"@graph\":[{\"@type\":\"WebPage\",\"@id\":\"https:\/\/www.tafeldeko.de\/news\/schwarz-weisse-deko-fuer-zu-hause\/\",\"url\":\"https:\/\/www.tafeldeko.de\/news\/schwarz-weisse-deko-fuer-zu-hause\/\",\"name\":\"Schwarz wei\u00dfe Deko f\u00fcr zu Hause - Tafeldeko\",\"isPartOf\":{\"@id\":\"https:\/\/www.tafeldeko.de\/news\/#website\"},\"datePublished\":\"2015-05-29T08:36:50+00:00\",\"dateModified\":\"2023-02-13T07:45:49+00:00\",\"author\":{\"@id\":\"https:\/\/www.tafeldeko.de\/news\/#\/schema\/person\/dc309fbb6a3e380919fc08342c3cc233\"},\"description\":\"Eine schwarz wei\u00dfe Deko sorgt f\u00fcr einen tollen Kontrast und bietet zugleich eine tolle M\u00f6glichkeit zum Dekorieren - inklusive toller Akzente\",\"breadcrumb\":{\"@id\":\"https:\/\/www.tafeldeko.de\/news\/schwarz-weisse-deko-fuer-zu-hause\/#breadcrumb\"},\"inLanguage\":\"de-DE\",\"potentialAction\":[{\"@type\":\"ReadAction\",\"target\":[\"https:\/\/www.tafeldeko.de\/news\/schwarz-weisse-deko-fuer-zu-hause\/\"]}]},{\"@type\":\"BreadcrumbList\",\"@id\":\"https:\/\/www.tafeldeko.de\/news\/schwarz-weisse-deko-fuer-zu-hause\/#breadcrumb\",\"itemListElement\":[{\"@type\":\"ListItem\",\"position\":1,\"name\":\"Tafeldeko\",\"item\":\"https:\/\/www.tafeldeko.de\/news\/\"},{\"@type\":\"ListItem\",\"position\":2,\"name\":\"Alte Beitr\u00e4ge\",\"item\":\"https:\/\/www.tafeldeko.de\/news\/alte-beitraege\/\"},{\"@type\":\"ListItem\",\"position\":3,\"name\":\"Tischdeko - Blog\",\"item\":\"https:\/\/www.tafeldeko.de\/news\/alte-beitraege\/tischdeko-blog\/\"},{\"@type\":\"ListItem\",\"position\":4,\"name\":\"Schwarz wei\u00dfe Deko f\u00fcr zu Hause\"}]},{\"@type\":\"WebSite\",\"@id\":\"https:\/\/www.tafeldeko.de\/news\/#website\",\"url\":\"https:\/\/www.tafeldeko.de\/news\/\",\"name\":\"Tafeldeko\",\"description\":\"Blog mit Tischdeko und Tischdekoration Ideen\",\"potentialAction\":[{\"@type\":\"SearchAction\",\"target\":{\"@type\":\"EntryPoint\",\"urlTemplate\":\"https:\/\/www.tafeldeko.de\/news\/?s={search_term_string}\"},\"query-input\":\"required name=search_term_string\"}],\"inLanguage\":\"de-DE\"},{\"@type\":\"Person\",\"@id\":\"https:\/\/www.tafeldeko.de\/news\/#\/schema\/person\/dc309fbb6a3e380919fc08342c3cc233\",\"name\":\"Tafeldeko Deko Team\",\"image\":{\"@type\":\"ImageObject\",\"inLanguage\":\"de-DE\",\"@id\":\"https:\/\/www.tafeldeko.de\/news\/#\/schema\/person\/image\/\",\"url\":\"https:\/\/secure.gravatar.com\/avatar\/1e962f4040dc9996f0d200db31598854?s=96&d=mm&r=g\",\"contentUrl\":\"https:\/\/secure.gravatar.com\/avatar\/1e962f4040dc9996f0d200db31598854?s=96&d=mm&r=g\",\"caption\":\"Tafeldeko Deko Team\"}}]}<\/script>\n<!-- \/ Yoast SEO plugin. -->","yoast_head_json":{"title":"Schwarz wei\u00dfe Deko f\u00fcr zu Hause - Tafeldeko","description":"Eine schwarz wei\u00dfe Deko sorgt f\u00fcr einen tollen Kontrast und bietet zugleich eine tolle M\u00f6glichkeit zum Dekorieren - inklusive toller Akzente","robots":{"index":"index","follow":"follow","max-snippet":"max-snippet:-1","max-image-preview":"max-image-preview:large","max-video-preview":"max-video-preview:-1"},"canonical":"https:\/\/www.tafeldeko.de\/news\/schwarz-weisse-deko-fuer-zu-hause\/","og_locale":"de_DE","og_type":"article","og_title":"Schwarz wei\u00dfe Deko f\u00fcr zu Hause - Tafeldeko","og_description":"Eine schwarz wei\u00dfe Deko sorgt f\u00fcr einen tollen Kontrast und bietet zugleich eine tolle M\u00f6glichkeit zum Dekorieren - inklusive toller Akzente","og_url":"https:\/\/www.tafeldeko.de\/news\/schwarz-weisse-deko-fuer-zu-hause\/","og_site_name":"Tafeldeko","article_publisher":"https:\/\/www.facebook.com\/pages\/Tafeldeko-einzigartige-Tischdekoration\/174202655894","article_published_time":"2015-05-29T08:36:50+00:00","article_modified_time":"2023-02-13T07:45:49+00:00","og_image":[{"width":1920,"height":1280,"url":"https:\/\/www.tafeldeko.de\/news\/wp-content\/uploads\/2015\/05\/20221110103014_IMG_7828.jpg","type":"image\/jpeg"}],"author":"Tafeldeko Deko Team","twitter_misc":{"Verfasst von":"Tafeldeko Deko Team","Gesch\u00e4tzte Lesezeit":"3 Minuten"},"schema":{"@context":"https:\/\/schema.org","@graph":[{"@type":"WebPage","@id":"https:\/\/www.tafeldeko.de\/news\/schwarz-weisse-deko-fuer-zu-hause\/","url":"https:\/\/www.tafeldeko.de\/news\/schwarz-weisse-deko-fuer-zu-hause\/","name":"Schwarz wei\u00dfe Deko f\u00fcr zu Hause - Tafeldeko","isPartOf":{"@id":"https:\/\/www.tafeldeko.de\/news\/#website"},"datePublished":"2015-05-29T08:36:50+00:00","dateModified":"2023-02-13T07:45:49+00:00","author":{"@id":"https:\/\/www.tafeldeko.de\/news\/#\/schema\/person\/dc309fbb6a3e380919fc08342c3cc233"},"description":"Eine schwarz wei\u00dfe Deko sorgt f\u00fcr einen tollen Kontrast und bietet zugleich eine tolle M\u00f6glichkeit zum Dekorieren - inklusive toller Akzente","breadcrumb":{"@id":"https:\/\/www.tafeldeko.de\/news\/schwarz-weisse-deko-fuer-zu-hause\/#breadcrumb"},"inLanguage":"de-DE","potentialAction":[{"@type":"ReadAction","target":["https:\/\/www.tafeldeko.de\/news\/schwarz-weisse-deko-fuer-zu-hause\/"]}]},{"@type":"BreadcrumbList","@id":"https:\/\/www.tafeldeko.de\/news\/schwarz-weisse-deko-fuer-zu-hause\/#breadcrumb","itemListElement":[{"@type":"ListItem","position":1,"name":"Tafeldeko","item":"https:\/\/www.tafeldeko.de\/news\/"},{"@type":"ListItem","position":2,"name":"Alte Beitr\u00e4ge","item":"https:\/\/www.tafeldeko.de\/news\/alte-beitraege\/"},{"@type":"ListItem","position":3,"name":"Tischdeko - Blog","item":"https:\/\/www.tafeldeko.de\/news\/alte-beitraege\/tischdeko-blog\/"},{"@type":"ListItem","position":4,"name":"Schwarz wei\u00dfe Deko f\u00fcr zu Hause"}]},{"@type":"WebSite","@id":"https:\/\/www.tafeldeko.de\/news\/#website","url":"https:\/\/www.tafeldeko.de\/news\/","name":"Tafeldeko","description":"Blog mit Tischdeko und Tischdekoration Ideen","potentialAction":[{"@type":"SearchAction","target":{"@type":"EntryPoint","urlTemplate":"https:\/\/www.tafeldeko.de\/news\/?s={search_term_string}"},"query-input":"required name=search_term_string"}],"inLanguage":"de-DE"},{"@type":"Person","@id":"https:\/\/www.tafeldeko.de\/news\/#\/schema\/person\/dc309fbb6a3e380919fc08342c3cc233","name":"Tafeldeko Deko Team","image":{"@type":"ImageObject","inLanguage":"de-DE","@id":"https:\/\/www.tafeldeko.de\/news\/#\/schema\/person\/image\/","url":"https:\/\/secure.gravatar.com\/avatar\/1e962f4040dc9996f0d200db31598854?s=96&d=mm&r=g","contentUrl":"https:\/\/secure.gravatar.com\/avatar\/1e962f4040dc9996f0d200db31598854?s=96&d=mm&r=g","caption":"Tafeldeko Deko Team"}}]}},"_links":{"self":[{"href":"https:\/\/www.tafeldeko.de\/news\/wp-json\/wp\/v2\/posts\/6305"}],"collection":[{"href":"https:\/\/www.tafeldeko.de\/news\/wp-json\/wp\/v2\/posts"}],"about":[{"href":"https:\/\/www.tafeldeko.de\/news\/wp-json\/wp\/v2\/types\/post"}],"author":[{"embeddable":true,"href":"https:\/\/www.tafeldeko.de\/news\/wp-json\/wp\/v2\/users\/6"}],"replies":[{"embeddable":true,"href":"https:\/\/www.tafeldeko.de\/news\/wp-json\/wp\/v2\/comments?post=6305"}],"version-history":[{"count":5,"href":"https:\/\/www.tafeldeko.de\/news\/wp-json\/wp\/v2\/posts\/6305\/revisions"}],"predecessor-version":[{"id":22474,"href":"https:\/\/www.tafeldeko.de\/news\/wp-json\/wp\/v2\/posts\/6305\/revisions\/22474"}],"wp:featuredmedia":[{"embeddable":true,"href":"https:\/\/www.tafeldeko.de\/news\/wp-json\/wp\/v2\/media\/22470"}],"wp:attachment":[{"href":"https:\/\/www.tafeldeko.de\/news\/wp-json\/wp\/v2\/media?parent=6305"}],"wp:term":[{"taxonomy":"category","embeddable":true,"href":"https:\/\/www.tafeldeko.de\/news\/wp-json\/wp\/v2\/categories?post=6305"},{"taxonomy":"post_tag","embeddable":true,"href":"https:\/\/www.tafeldeko.de\/news\/wp-json\/wp\/v2\/tags?post=6305"}],"curies":[{"name":"wp","href":"https:\/\/api.w.org\/{rel}","templated":true}]}}