{"id":6298,"date":"2015-05-21T18:20:08","date_gmt":"2015-05-21T16:20:08","guid":{"rendered":"http:\/\/www.tafeldeko.de\/news\/?p=6298"},"modified":"2023-02-13T09:02:14","modified_gmt":"2023-02-13T08:02:14","slug":"geburtstags-tischdeko-fuer-den-ehrentag","status":"publish","type":"post","link":"https:\/\/www.tafeldeko.de\/news\/geburtstags-tischdeko-fuer-den-ehrentag\/","title":{"rendered":"Geburtstags Tischdeko f\u00fcr den Ehrentag"},"content":{"rendered":"<p>Wer seinen Geburtstag feiern m\u00f6chte, der braucht auch eine sch\u00f6ne<strong> Geburtstags Tischdeko Ehrentag<\/strong>. Jedes Fest lebt er von der Gestaltung der Tischdeko und jede Kleinigkeit tr\u00e4gt zum Gelingen des Festes bei &#8211; auch die Deko auf dem Tisch. Die Geburtstags Tischdeko ist somit das A und O f\u00fcr den Ehrentag und darf nicht in Vergessenheit geraten. Mit der <a href=\"https:\/\/www.tafeldeko.de\" target=\"_blank\" rel=\"noopener\"><strong>Tischdekoration<\/strong><\/a> kann man seine G\u00e4ste durchaus \u00fcberraschen und f\u00fcr tolle Momente sorgen. Man muss sich nur an die Deko heran wagen.<strong> Ideen und Gestaltungsm\u00f6glichkeiten<\/strong> gibt es sehr viele und man kann sich f\u00fcr seine \u201eLieblingsausf\u00fchrung\u201c entscheiden.<\/p>\n<p><img decoding=\"async\" loading=\"lazy\" src=\"https:\/\/www.tafeldeko.de\/news\/wp-content\/uploads\/2015\/05\/konfetti_schmetterlinge.jpg\" sizes=\"(max-width: 250px) 100vw, 250px\" srcset=\"https:\/\/www.tafeldeko.de\/news\/wp-content\/uploads\/2015\/05\/konfetti_schmetterlinge.jpg 250w, https:\/\/www.tafeldeko.de\/news\/wp-content\/uploads\/2015\/05\/konfetti_schmetterlinge-150x150.jpg 150w\" alt=\"Geburtstags Tischdeko Ehrentag\" width=\"250\" height=\"250\" \/><\/p>\n<h2>Eine bunte Geburtstags Tischdeko Ehrentag &#8211; los geht&#8217;s<\/h2>\n<p>Wer sich eine bunte Geburtstags Tischdeko w\u00fcnscht, sollte bunte und farbige <strong>dekorative Accessoires<\/strong> miteinander kombinieren und so seinem Ziel einer bunten Tischdeko immer n\u00e4her kommen. Keine Dekoration gleicht der anderen und das ist das Sch\u00f6ne daran. Deko-Produkte gibt es in den unterschiedlichsten Ausf\u00fchrungen und man kann unterschiedliche Deko-Utensilien kombinieren, die zueinander passen. Wie w\u00e4re es mit dem Artikel \u201eKonfetti Schmetterling bunt?\u201c Konfetti bringen Farbe f\u00fcr die Geburtstags Tischdeko auf den Tisch und l\u00e4sst sich hervorragend mit weiteren dekorativen Utensilien aufpeppen. Neben einer farblich aufeinander abgestimmten Tischware mit <strong>Tischl\u00e4ufer<\/strong>, Tischsets und Servietten sind auch Kerzen, Blumenschmuck oder eine weitere Streudeko ideal f\u00fcr die Geburtstags Tischdeko Ehrentag. Ein leckeres Essen oder auch Fingerfood f\u00fcr den kleinen Hunger k\u00f6nnen ihren Platz auf dem Tisch finden.<br \/>\nSchlie\u00dflich m\u00f6chte man seinen G\u00e4sten ein stimmiges Gesamtpaket bieten. Dies beginnt mit der <strong>Geburtstageinladung<\/strong> und endet mit einem unvergesslichen Tag f\u00fcr alle Beteiligten. Die Liebe zum Detail zeichnet sich in vielerlei Hinsicht aus und letztlich kann man nur noch viel Spa\u00df beim Feiern w\u00fcnschen . Es hei\u00dft nich ohne Grund, dass man Feste so feiern soll, wie sie fallen. Man kann nie wissen, wann man erneut in dieser Konstellation zusammen kommt und den Jahrestag eines lieben Menschen zu feiern.<\/p>\n<h2>Weitere Beitr\u00e4ge:<\/h2>\n<h2>Dekoartikel von A-Z<\/h2>\n<p><a href=\"https:\/\/www.tafeldeko.de\/tischdeko-artikel\/\"><br \/>\nJetzt entdecken <\/a><\/p>\n","protected":false},"excerpt":{"rendered":"<p>Wer seinen Geburtstag feiern m\u00f6chte, der braucht auch eine sch\u00f6ne Geburtstags Tischdeko Ehrentag. Jedes Fest lebt er von der Gestaltung der Tischdeko und jede Kleinigkeit tr\u00e4gt zum Gelingen des Festes bei &#8211; auch die Deko auf dem Tisch. Die Geburtstags Tischdeko ist somit das A und O f\u00fcr den Ehrentag und darf nicht in Vergessenheit [&hellip;]<\/p>\n","protected":false},"author":6,"featured_media":6299,"comment_status":"closed","ping_status":"closed","sticky":false,"template":"","format":"standard","meta":{"footnotes":""},"categories":[1],"tags":[],"yoast_head":"<!-- This site is optimized with the Yoast SEO plugin v20.4 - https:\/\/yoast.com\/wordpress\/plugins\/seo\/ -->\n<title>Geburtstags Tischdeko f\u00fcr den Ehrentag - Tafeldeko<\/title>\n<meta name=\"description\" content=\"Konfetti bringen Farbe f\u00fcr die Geburtstags Tischdeko Ehrentag auf den Tisch und l\u00e4sst sich hervorragend mit weiteren dekorativen....\" \/>\n<meta name=\"robots\" content=\"index, follow, max-snippet:-1, max-image-preview:large, max-video-preview:-1\" \/>\n<link rel=\"canonical\" href=\"https:\/\/www.tafeldeko.de\/news\/geburtstags-tischdeko-fuer-den-ehrentag\/\" \/>\n<meta property=\"og:locale\" content=\"de_DE\" \/>\n<meta property=\"og:type\" content=\"article\" \/>\n<meta property=\"og:title\" content=\"Geburtstags Tischdeko f\u00fcr den Ehrentag - Tafeldeko\" \/>\n<meta property=\"og:description\" content=\"Konfetti bringen Farbe f\u00fcr die Geburtstags Tischdeko Ehrentag auf den Tisch und l\u00e4sst sich hervorragend mit weiteren dekorativen....\" \/>\n<meta property=\"og:url\" content=\"https:\/\/www.tafeldeko.de\/news\/geburtstags-tischdeko-fuer-den-ehrentag\/\" \/>\n<meta property=\"og:site_name\" content=\"Tafeldeko\" \/>\n<meta property=\"article:publisher\" content=\"https:\/\/www.facebook.com\/pages\/Tafeldeko-einzigartige-Tischdekoration\/174202655894\" \/>\n<meta property=\"article:published_time\" content=\"2015-05-21T16:20:08+00:00\" \/>\n<meta property=\"article:modified_time\" content=\"2023-02-13T08:02:14+00:00\" \/>\n<meta property=\"og:image\" content=\"https:\/\/www.tafeldeko.de\/news\/wp-content\/uploads\/2015\/05\/konfetti_schmetterlinge.jpg\" \/>\n\t<meta property=\"og:image:width\" content=\"250\" \/>\n\t<meta property=\"og:image:height\" content=\"250\" \/>\n\t<meta property=\"og:image:type\" content=\"image\/jpeg\" \/>\n<meta name=\"author\" content=\"Tafeldeko Deko Team\" \/>\n<meta name=\"twitter:label1\" content=\"Verfasst von\" \/>\n\t<meta name=\"twitter:data1\" content=\"Tafeldeko Deko Team\" \/>\n\t<meta name=\"twitter:label2\" content=\"Gesch\u00e4tzte Lesezeit\" \/>\n\t<meta name=\"twitter:data2\" content=\"2 Minuten\" \/>\n<script type=\"application\/ld+json\" class=\"yoast-schema-graph\">{\"@context\":\"https:\/\/schema.org\",\"@graph\":[{\"@type\":\"WebPage\",\"@id\":\"https:\/\/www.tafeldeko.de\/news\/geburtstags-tischdeko-fuer-den-ehrentag\/\",\"url\":\"https:\/\/www.tafeldeko.de\/news\/geburtstags-tischdeko-fuer-den-ehrentag\/\",\"name\":\"Geburtstags Tischdeko f\u00fcr den Ehrentag - Tafeldeko\",\"isPartOf\":{\"@id\":\"https:\/\/www.tafeldeko.de\/news\/#website\"},\"datePublished\":\"2015-05-21T16:20:08+00:00\",\"dateModified\":\"2023-02-13T08:02:14+00:00\",\"author\":{\"@id\":\"https:\/\/www.tafeldeko.de\/news\/#\/schema\/person\/dc309fbb6a3e380919fc08342c3cc233\"},\"description\":\"Konfetti bringen Farbe f\u00fcr die Geburtstags Tischdeko Ehrentag auf den Tisch und l\u00e4sst sich hervorragend mit weiteren dekorativen....\",\"breadcrumb\":{\"@id\":\"https:\/\/www.tafeldeko.de\/news\/geburtstags-tischdeko-fuer-den-ehrentag\/#breadcrumb\"},\"inLanguage\":\"de-DE\",\"potentialAction\":[{\"@type\":\"ReadAction\",\"target\":[\"https:\/\/www.tafeldeko.de\/news\/geburtstags-tischdeko-fuer-den-ehrentag\/\"]}]},{\"@type\":\"BreadcrumbList\",\"@id\":\"https:\/\/www.tafeldeko.de\/news\/geburtstags-tischdeko-fuer-den-ehrentag\/#breadcrumb\",\"itemListElement\":[{\"@type\":\"ListItem\",\"position\":1,\"name\":\"Tafeldeko\",\"item\":\"https:\/\/www.tafeldeko.de\/news\/\"},{\"@type\":\"ListItem\",\"position\":2,\"name\":\"Alte Beitr\u00e4ge\",\"item\":\"https:\/\/www.tafeldeko.de\/news\/alte-beitraege\/\"},{\"@type\":\"ListItem\",\"position\":3,\"name\":\"Tischdeko - Blog\",\"item\":\"https:\/\/www.tafeldeko.de\/news\/alte-beitraege\/tischdeko-blog\/\"},{\"@type\":\"ListItem\",\"position\":4,\"name\":\"Geburtstags Tischdeko f\u00fcr den Ehrentag\"}]},{\"@type\":\"WebSite\",\"@id\":\"https:\/\/www.tafeldeko.de\/news\/#website\",\"url\":\"https:\/\/www.tafeldeko.de\/news\/\",\"name\":\"Tafeldeko\",\"description\":\"Blog mit Tischdeko und Tischdekoration Ideen\",\"potentialAction\":[{\"@type\":\"SearchAction\",\"target\":{\"@type\":\"EntryPoint\",\"urlTemplate\":\"https:\/\/www.tafeldeko.de\/news\/?s={search_term_string}\"},\"query-input\":\"required name=search_term_string\"}],\"inLanguage\":\"de-DE\"},{\"@type\":\"Person\",\"@id\":\"https:\/\/www.tafeldeko.de\/news\/#\/schema\/person\/dc309fbb6a3e380919fc08342c3cc233\",\"name\":\"Tafeldeko Deko Team\",\"image\":{\"@type\":\"ImageObject\",\"inLanguage\":\"de-DE\",\"@id\":\"https:\/\/www.tafeldeko.de\/news\/#\/schema\/person\/image\/\",\"url\":\"https:\/\/secure.gravatar.com\/avatar\/1e962f4040dc9996f0d200db31598854?s=96&d=mm&r=g\",\"contentUrl\":\"https:\/\/secure.gravatar.com\/avatar\/1e962f4040dc9996f0d200db31598854?s=96&d=mm&r=g\",\"caption\":\"Tafeldeko Deko Team\"}}]}<\/script>\n<!-- \/ Yoast SEO plugin. -->","yoast_head_json":{"title":"Geburtstags Tischdeko f\u00fcr den Ehrentag - Tafeldeko","description":"Konfetti bringen Farbe f\u00fcr die Geburtstags Tischdeko Ehrentag auf den Tisch und l\u00e4sst sich hervorragend mit weiteren dekorativen....","robots":{"index":"index","follow":"follow","max-snippet":"max-snippet:-1","max-image-preview":"max-image-preview:large","max-video-preview":"max-video-preview:-1"},"canonical":"https:\/\/www.tafeldeko.de\/news\/geburtstags-tischdeko-fuer-den-ehrentag\/","og_locale":"de_DE","og_type":"article","og_title":"Geburtstags Tischdeko f\u00fcr den Ehrentag - Tafeldeko","og_description":"Konfetti bringen Farbe f\u00fcr die Geburtstags Tischdeko Ehrentag auf den Tisch und l\u00e4sst sich hervorragend mit weiteren dekorativen....","og_url":"https:\/\/www.tafeldeko.de\/news\/geburtstags-tischdeko-fuer-den-ehrentag\/","og_site_name":"Tafeldeko","article_publisher":"https:\/\/www.facebook.com\/pages\/Tafeldeko-einzigartige-Tischdekoration\/174202655894","article_published_time":"2015-05-21T16:20:08+00:00","article_modified_time":"2023-02-13T08:02:14+00:00","og_image":[{"width":250,"height":250,"url":"https:\/\/www.tafeldeko.de\/news\/wp-content\/uploads\/2015\/05\/konfetti_schmetterlinge.jpg","type":"image\/jpeg"}],"author":"Tafeldeko Deko Team","twitter_misc":{"Verfasst von":"Tafeldeko Deko Team","Gesch\u00e4tzte Lesezeit":"2 Minuten"},"schema":{"@context":"https:\/\/schema.org","@graph":[{"@type":"WebPage","@id":"https:\/\/www.tafeldeko.de\/news\/geburtstags-tischdeko-fuer-den-ehrentag\/","url":"https:\/\/www.tafeldeko.de\/news\/geburtstags-tischdeko-fuer-den-ehrentag\/","name":"Geburtstags Tischdeko f\u00fcr den Ehrentag - Tafeldeko","isPartOf":{"@id":"https:\/\/www.tafeldeko.de\/news\/#website"},"datePublished":"2015-05-21T16:20:08+00:00","dateModified":"2023-02-13T08:02:14+00:00","author":{"@id":"https:\/\/www.tafeldeko.de\/news\/#\/schema\/person\/dc309fbb6a3e380919fc08342c3cc233"},"description":"Konfetti bringen Farbe f\u00fcr die Geburtstags Tischdeko Ehrentag auf den Tisch und l\u00e4sst sich hervorragend mit weiteren dekorativen....","breadcrumb":{"@id":"https:\/\/www.tafeldeko.de\/news\/geburtstags-tischdeko-fuer-den-ehrentag\/#breadcrumb"},"inLanguage":"de-DE","potentialAction":[{"@type":"ReadAction","target":["https:\/\/www.tafeldeko.de\/news\/geburtstags-tischdeko-fuer-den-ehrentag\/"]}]},{"@type":"BreadcrumbList","@id":"https:\/\/www.tafeldeko.de\/news\/geburtstags-tischdeko-fuer-den-ehrentag\/#breadcrumb","itemListElement":[{"@type":"ListItem","position":1,"name":"Tafeldeko","item":"https:\/\/www.tafeldeko.de\/news\/"},{"@type":"ListItem","position":2,"name":"Alte Beitr\u00e4ge","item":"https:\/\/www.tafeldeko.de\/news\/alte-beitraege\/"},{"@type":"ListItem","position":3,"name":"Tischdeko - Blog","item":"https:\/\/www.tafeldeko.de\/news\/alte-beitraege\/tischdeko-blog\/"},{"@type":"ListItem","position":4,"name":"Geburtstags Tischdeko f\u00fcr den Ehrentag"}]},{"@type":"WebSite","@id":"https:\/\/www.tafeldeko.de\/news\/#website","url":"https:\/\/www.tafeldeko.de\/news\/","name":"Tafeldeko","description":"Blog mit Tischdeko und Tischdekoration Ideen","potentialAction":[{"@type":"SearchAction","target":{"@type":"EntryPoint","urlTemplate":"https:\/\/www.tafeldeko.de\/news\/?s={search_term_string}"},"query-input":"required name=search_term_string"}],"inLanguage":"de-DE"},{"@type":"Person","@id":"https:\/\/www.tafeldeko.de\/news\/#\/schema\/person\/dc309fbb6a3e380919fc08342c3cc233","name":"Tafeldeko Deko Team","image":{"@type":"ImageObject","inLanguage":"de-DE","@id":"https:\/\/www.tafeldeko.de\/news\/#\/schema\/person\/image\/","url":"https:\/\/secure.gravatar.com\/avatar\/1e962f4040dc9996f0d200db31598854?s=96&d=mm&r=g","contentUrl":"https:\/\/secure.gravatar.com\/avatar\/1e962f4040dc9996f0d200db31598854?s=96&d=mm&r=g","caption":"Tafeldeko Deko Team"}}]}},"_links":{"self":[{"href":"https:\/\/www.tafeldeko.de\/news\/wp-json\/wp\/v2\/posts\/6298"}],"collection":[{"href":"https:\/\/www.tafeldeko.de\/news\/wp-json\/wp\/v2\/posts"}],"about":[{"href":"https:\/\/www.tafeldeko.de\/news\/wp-json\/wp\/v2\/types\/post"}],"author":[{"embeddable":true,"href":"https:\/\/www.tafeldeko.de\/news\/wp-json\/wp\/v2\/users\/6"}],"replies":[{"embeddable":true,"href":"https:\/\/www.tafeldeko.de\/news\/wp-json\/wp\/v2\/comments?post=6298"}],"version-history":[{"count":16,"href":"https:\/\/www.tafeldeko.de\/news\/wp-json\/wp\/v2\/posts\/6298\/revisions"}],"predecessor-version":[{"id":22499,"href":"https:\/\/www.tafeldeko.de\/news\/wp-json\/wp\/v2\/posts\/6298\/revisions\/22499"}],"wp:featuredmedia":[{"embeddable":true,"href":"https:\/\/www.tafeldeko.de\/news\/wp-json\/wp\/v2\/media\/6299"}],"wp:attachment":[{"href":"https:\/\/www.tafeldeko.de\/news\/wp-json\/wp\/v2\/media?parent=6298"}],"wp:term":[{"taxonomy":"category","embeddable":true,"href":"https:\/\/www.tafeldeko.de\/news\/wp-json\/wp\/v2\/categories?post=6298"},{"taxonomy":"post_tag","embeddable":true,"href":"https:\/\/www.tafeldeko.de\/news\/wp-json\/wp\/v2\/tags?post=6298"}],"curies":[{"name":"wp","href":"https:\/\/api.w.org\/{rel}","templated":true}]}}