{"id":6284,"date":"2015-05-19T17:37:21","date_gmt":"2015-05-19T15:37:21","guid":{"rendered":"http:\/\/www.tafeldeko.de\/news\/?p=6284"},"modified":"2023-02-13T09:34:29","modified_gmt":"2023-02-13T08:34:29","slug":"geburtstagsfeier-im-schoenen-rahmen-feiern","status":"publish","type":"post","link":"https:\/\/www.tafeldeko.de\/news\/geburtstagsfeier-im-schoenen-rahmen-feiern\/","title":{"rendered":"Geburtstagsfeier &#8211; im sch\u00f6nen Rahmen feiern"},"content":{"rendered":"<p>Wenn man nicht gerade ein Partymensch ist und lieber eine <strong>Geburtstagsfeier<\/strong> im sch\u00f6nen Rahmen bevorzugt, wird auch jede Menge Freude dabei haben. Wie eine Geburtstagsfeier auszusehen hat, steht nirgends geschrieben und ist genauso verschieden wie das Geburtstagskind selbst. Wer seine Geburtstagsfeier beispielsweise im Restaurant feiert, kann sich entspannt zur\u00fccklehnen und den Tag auf eine besondere Art und Weise genie\u00dfen. Die Kombination aus Restaurant und Bar gibt es nat\u00fcrlich auch und so sollte jeder auf seine Kosten kommen. Diejenigen, die mit dem Geburtstagskind bis in die Nacht rein feiern m\u00f6chten, k\u00f6nnen dies in der Bar mit \u201eDrinks\u201c tun.<\/p>\n<p><img decoding=\"async\" loading=\"lazy\" src=\"https:\/\/www.tafeldeko.de\/news\/wp-content\/uploads\/2018\/03\/mustertisch_fruehling_rosa_gruen.jpg\" sizes=\"(max-width: 800px) 100vw, 800px\" srcset=\"https:\/\/www.tafeldeko.de\/news\/wp-content\/uploads\/2018\/03\/mustertisch_fruehling_rosa_gruen.jpg 1000w, https:\/\/www.tafeldeko.de\/news\/wp-content\/uploads\/2018\/03\/mustertisch_fruehling_rosa_gruen-300x210.jpg 300w, https:\/\/www.tafeldeko.de\/news\/wp-content\/uploads\/2018\/03\/mustertisch_fruehling_rosa_gruen-768x538.jpg 768w, https:\/\/www.tafeldeko.de\/news\/wp-content\/uploads\/2018\/03\/mustertisch_fruehling_rosa_gruen-640x448.jpg 640w\" alt=\"Geburtstagsfeier im sch\u00f6nen Rahmen\" width=\"800\" height=\"560\" \/><br \/>\nDie Geburtstagsfeier zum <strong>runden Geburtstag<\/strong> stellt<br \/>\ndagegen immer etwas Besonderes dar. Solch ein Jubil\u00e4um stellt einen<br \/>\nkomplett neuen Lebensabschnitt dar, was auch daran liegen wird, dass<br \/>\nsich die vordere Zahl \u00e4ndert.<\/p>\n<h2>Die Geburtstagsfeier im sch\u00f6nen Rahmen zum runden Geburtstag<\/h2>\n<p>Wer sonst seinen Geburtstag selten bis gar nicht feiert, sollte wenigsten an seinem rundem Geburtstag ein sch\u00f6nes Fest veranstalten. Die Geburtstagsfeier unter der Familie, Verwandten und Bekannten kann zu einem unvergesslichen Erlebnis werden, woran man sich noch lange erinnern wird. Falls es eine gro\u00dfe Fete wird, ist das Anmieten eines Partyraumes eine \u00dcberlegung wert. Ganz egal wie man feiert, Langeweile w\u00fcnscht sich keiner. Deshalb sind hier die G\u00e4ste gefragt. Als Gast ist man nicht nur zum Feiern eingeladen, sondern kann auch f\u00fcr <strong>Unterhaltung<\/strong> sorgen. Dies kann beispielsweise mit Geburtstagsspielen geschehen. Geburtstagsspiele sind breit gef\u00e4chert und so l\u00e4sst sich f\u00fcr jedes Geburtstagskind, f\u00fcr jedes Alter sowie f\u00fcr jede Pers\u00f6nlichkeit etwas Sch\u00f6nes finden. Es gibt Spiele, da nimmt man als Jubilar eine passive Rolle ein und ist in der Rolle des Betrachters oder man wirkt aktiv am Spielgeschehen mit. Welche Spiele letztlich auf der Geburtstagsfeier zum Vorschein kommen, ist vom \u201eModerator\u201c abh\u00e4ngig. Diejenigen, die sich f\u00fcr die <strong>Geburtstagsspiele<\/strong> verantwortlich f\u00fchlen, sollten immer die Pers\u00f6nlichkeit des Empf\u00e4ngers im Hinterkopf haben. Schlie\u00dflich m\u00f6chte man f\u00fcr freudige Momente und nicht f\u00fcr Peinlichkeiten sorgen.<br \/>\nEine Geburtstagsfeier wird mit jeder Kleinigkeit zu etwas ganz Besonderem und deshalb sollte man Geburtstagsfeier im sch\u00f6nen Rahmen so feiern, wie sie fallen.<\/p>\n<h2>Weitere Beitr\u00e4ge:<\/h2>\n<h2>Dekoartikel von A-Z<\/h2>\n<p><a href=\"https:\/\/www.tafeldeko.de\/tischdeko-artikel\/\"><br \/>\nJetzt entdecken <\/a><\/p>\n","protected":false},"excerpt":{"rendered":"<p>Wenn man nicht gerade ein Partymensch ist und lieber eine Geburtstagsfeier im sch\u00f6nen Rahmen bevorzugt, wird auch jede Menge Freude dabei haben. Wie eine Geburtstagsfeier auszusehen hat, steht nirgends geschrieben und ist genauso verschieden wie das Geburtstagskind selbst. Wer seine Geburtstagsfeier beispielsweise im Restaurant feiert, kann sich entspannt zur\u00fccklehnen und den Tag auf eine besondere [&hellip;]<\/p>\n","protected":false},"author":6,"featured_media":17616,"comment_status":"closed","ping_status":"closed","sticky":false,"template":"","format":"standard","meta":{"footnotes":""},"categories":[1],"tags":[],"yoast_head":"<!-- This site is optimized with the Yoast SEO plugin v20.4 - https:\/\/yoast.com\/wordpress\/plugins\/seo\/ -->\n<title>Geburtstagsfeier - im sch\u00f6nen Rahmen feiern - Tafeldeko<\/title>\n<meta name=\"description\" content=\"Eine Geburtstagsfeier im sch\u00f6nen Rahmen feiern wird mit jeder Kleinigkeit zu etwas ganz Besonderem - auch die Beitr\u00e4ge der G\u00e4ste machen...\" \/>\n<meta name=\"robots\" content=\"index, follow, max-snippet:-1, max-image-preview:large, max-video-preview:-1\" \/>\n<link rel=\"canonical\" href=\"https:\/\/www.tafeldeko.de\/news\/geburtstagsfeier-im-schoenen-rahmen-feiern\/\" \/>\n<meta property=\"og:locale\" content=\"de_DE\" \/>\n<meta property=\"og:type\" content=\"article\" \/>\n<meta property=\"og:title\" content=\"Geburtstagsfeier - im sch\u00f6nen Rahmen feiern - Tafeldeko\" \/>\n<meta property=\"og:description\" content=\"Eine Geburtstagsfeier im sch\u00f6nen Rahmen feiern wird mit jeder Kleinigkeit zu etwas ganz Besonderem - auch die Beitr\u00e4ge der G\u00e4ste machen...\" \/>\n<meta property=\"og:url\" content=\"https:\/\/www.tafeldeko.de\/news\/geburtstagsfeier-im-schoenen-rahmen-feiern\/\" \/>\n<meta property=\"og:site_name\" content=\"Tafeldeko\" \/>\n<meta property=\"article:publisher\" content=\"https:\/\/www.facebook.com\/pages\/Tafeldeko-einzigartige-Tischdekoration\/174202655894\" \/>\n<meta property=\"article:published_time\" content=\"2015-05-19T15:37:21+00:00\" \/>\n<meta property=\"article:modified_time\" content=\"2023-02-13T08:34:29+00:00\" \/>\n<meta property=\"og:image\" content=\"https:\/\/www.tafeldeko.de\/news\/wp-content\/uploads\/2018\/03\/mustertisch_fruehling_rosa_gruen.jpg\" \/>\n\t<meta property=\"og:image:width\" content=\"1000\" \/>\n\t<meta property=\"og:image:height\" content=\"700\" \/>\n\t<meta property=\"og:image:type\" content=\"image\/jpeg\" \/>\n<meta name=\"author\" content=\"Tafeldeko Deko Team\" \/>\n<meta name=\"twitter:label1\" content=\"Verfasst von\" \/>\n\t<meta name=\"twitter:data1\" content=\"Tafeldeko Deko Team\" \/>\n\t<meta name=\"twitter:label2\" content=\"Gesch\u00e4tzte Lesezeit\" \/>\n\t<meta name=\"twitter:data2\" content=\"3 Minuten\" \/>\n<script type=\"application\/ld+json\" class=\"yoast-schema-graph\">{\"@context\":\"https:\/\/schema.org\",\"@graph\":[{\"@type\":\"WebPage\",\"@id\":\"https:\/\/www.tafeldeko.de\/news\/geburtstagsfeier-im-schoenen-rahmen-feiern\/\",\"url\":\"https:\/\/www.tafeldeko.de\/news\/geburtstagsfeier-im-schoenen-rahmen-feiern\/\",\"name\":\"Geburtstagsfeier - im sch\u00f6nen Rahmen feiern - Tafeldeko\",\"isPartOf\":{\"@id\":\"https:\/\/www.tafeldeko.de\/news\/#website\"},\"datePublished\":\"2015-05-19T15:37:21+00:00\",\"dateModified\":\"2023-02-13T08:34:29+00:00\",\"author\":{\"@id\":\"https:\/\/www.tafeldeko.de\/news\/#\/schema\/person\/dc309fbb6a3e380919fc08342c3cc233\"},\"description\":\"Eine Geburtstagsfeier im sch\u00f6nen Rahmen feiern wird mit jeder Kleinigkeit zu etwas ganz Besonderem - auch die Beitr\u00e4ge der G\u00e4ste machen...\",\"breadcrumb\":{\"@id\":\"https:\/\/www.tafeldeko.de\/news\/geburtstagsfeier-im-schoenen-rahmen-feiern\/#breadcrumb\"},\"inLanguage\":\"de-DE\",\"potentialAction\":[{\"@type\":\"ReadAction\",\"target\":[\"https:\/\/www.tafeldeko.de\/news\/geburtstagsfeier-im-schoenen-rahmen-feiern\/\"]}]},{\"@type\":\"BreadcrumbList\",\"@id\":\"https:\/\/www.tafeldeko.de\/news\/geburtstagsfeier-im-schoenen-rahmen-feiern\/#breadcrumb\",\"itemListElement\":[{\"@type\":\"ListItem\",\"position\":1,\"name\":\"Tafeldeko\",\"item\":\"https:\/\/www.tafeldeko.de\/news\/\"},{\"@type\":\"ListItem\",\"position\":2,\"name\":\"Alte Beitr\u00e4ge\",\"item\":\"https:\/\/www.tafeldeko.de\/news\/alte-beitraege\/\"},{\"@type\":\"ListItem\",\"position\":3,\"name\":\"Tischdeko - Blog\",\"item\":\"https:\/\/www.tafeldeko.de\/news\/alte-beitraege\/tischdeko-blog\/\"},{\"@type\":\"ListItem\",\"position\":4,\"name\":\"Geburtstagsfeier &#8211; im sch\u00f6nen Rahmen feiern\"}]},{\"@type\":\"WebSite\",\"@id\":\"https:\/\/www.tafeldeko.de\/news\/#website\",\"url\":\"https:\/\/www.tafeldeko.de\/news\/\",\"name\":\"Tafeldeko\",\"description\":\"Blog mit Tischdeko und Tischdekoration Ideen\",\"potentialAction\":[{\"@type\":\"SearchAction\",\"target\":{\"@type\":\"EntryPoint\",\"urlTemplate\":\"https:\/\/www.tafeldeko.de\/news\/?s={search_term_string}\"},\"query-input\":\"required name=search_term_string\"}],\"inLanguage\":\"de-DE\"},{\"@type\":\"Person\",\"@id\":\"https:\/\/www.tafeldeko.de\/news\/#\/schema\/person\/dc309fbb6a3e380919fc08342c3cc233\",\"name\":\"Tafeldeko Deko Team\",\"image\":{\"@type\":\"ImageObject\",\"inLanguage\":\"de-DE\",\"@id\":\"https:\/\/www.tafeldeko.de\/news\/#\/schema\/person\/image\/\",\"url\":\"https:\/\/secure.gravatar.com\/avatar\/1e962f4040dc9996f0d200db31598854?s=96&d=mm&r=g\",\"contentUrl\":\"https:\/\/secure.gravatar.com\/avatar\/1e962f4040dc9996f0d200db31598854?s=96&d=mm&r=g\",\"caption\":\"Tafeldeko Deko Team\"}}]}<\/script>\n<!-- \/ Yoast SEO plugin. -->","yoast_head_json":{"title":"Geburtstagsfeier - im sch\u00f6nen Rahmen feiern - Tafeldeko","description":"Eine Geburtstagsfeier im sch\u00f6nen Rahmen feiern wird mit jeder Kleinigkeit zu etwas ganz Besonderem - auch die Beitr\u00e4ge der G\u00e4ste machen...","robots":{"index":"index","follow":"follow","max-snippet":"max-snippet:-1","max-image-preview":"max-image-preview:large","max-video-preview":"max-video-preview:-1"},"canonical":"https:\/\/www.tafeldeko.de\/news\/geburtstagsfeier-im-schoenen-rahmen-feiern\/","og_locale":"de_DE","og_type":"article","og_title":"Geburtstagsfeier - im sch\u00f6nen Rahmen feiern - Tafeldeko","og_description":"Eine Geburtstagsfeier im sch\u00f6nen Rahmen feiern wird mit jeder Kleinigkeit zu etwas ganz Besonderem - auch die Beitr\u00e4ge der G\u00e4ste machen...","og_url":"https:\/\/www.tafeldeko.de\/news\/geburtstagsfeier-im-schoenen-rahmen-feiern\/","og_site_name":"Tafeldeko","article_publisher":"https:\/\/www.facebook.com\/pages\/Tafeldeko-einzigartige-Tischdekoration\/174202655894","article_published_time":"2015-05-19T15:37:21+00:00","article_modified_time":"2023-02-13T08:34:29+00:00","og_image":[{"width":1000,"height":700,"url":"https:\/\/www.tafeldeko.de\/news\/wp-content\/uploads\/2018\/03\/mustertisch_fruehling_rosa_gruen.jpg","type":"image\/jpeg"}],"author":"Tafeldeko Deko Team","twitter_misc":{"Verfasst von":"Tafeldeko Deko Team","Gesch\u00e4tzte Lesezeit":"3 Minuten"},"schema":{"@context":"https:\/\/schema.org","@graph":[{"@type":"WebPage","@id":"https:\/\/www.tafeldeko.de\/news\/geburtstagsfeier-im-schoenen-rahmen-feiern\/","url":"https:\/\/www.tafeldeko.de\/news\/geburtstagsfeier-im-schoenen-rahmen-feiern\/","name":"Geburtstagsfeier - im sch\u00f6nen Rahmen feiern - Tafeldeko","isPartOf":{"@id":"https:\/\/www.tafeldeko.de\/news\/#website"},"datePublished":"2015-05-19T15:37:21+00:00","dateModified":"2023-02-13T08:34:29+00:00","author":{"@id":"https:\/\/www.tafeldeko.de\/news\/#\/schema\/person\/dc309fbb6a3e380919fc08342c3cc233"},"description":"Eine Geburtstagsfeier im sch\u00f6nen Rahmen feiern wird mit jeder Kleinigkeit zu etwas ganz Besonderem - auch die Beitr\u00e4ge der G\u00e4ste machen...","breadcrumb":{"@id":"https:\/\/www.tafeldeko.de\/news\/geburtstagsfeier-im-schoenen-rahmen-feiern\/#breadcrumb"},"inLanguage":"de-DE","potentialAction":[{"@type":"ReadAction","target":["https:\/\/www.tafeldeko.de\/news\/geburtstagsfeier-im-schoenen-rahmen-feiern\/"]}]},{"@type":"BreadcrumbList","@id":"https:\/\/www.tafeldeko.de\/news\/geburtstagsfeier-im-schoenen-rahmen-feiern\/#breadcrumb","itemListElement":[{"@type":"ListItem","position":1,"name":"Tafeldeko","item":"https:\/\/www.tafeldeko.de\/news\/"},{"@type":"ListItem","position":2,"name":"Alte Beitr\u00e4ge","item":"https:\/\/www.tafeldeko.de\/news\/alte-beitraege\/"},{"@type":"ListItem","position":3,"name":"Tischdeko - Blog","item":"https:\/\/www.tafeldeko.de\/news\/alte-beitraege\/tischdeko-blog\/"},{"@type":"ListItem","position":4,"name":"Geburtstagsfeier &#8211; im sch\u00f6nen Rahmen feiern"}]},{"@type":"WebSite","@id":"https:\/\/www.tafeldeko.de\/news\/#website","url":"https:\/\/www.tafeldeko.de\/news\/","name":"Tafeldeko","description":"Blog mit Tischdeko und Tischdekoration Ideen","potentialAction":[{"@type":"SearchAction","target":{"@type":"EntryPoint","urlTemplate":"https:\/\/www.tafeldeko.de\/news\/?s={search_term_string}"},"query-input":"required name=search_term_string"}],"inLanguage":"de-DE"},{"@type":"Person","@id":"https:\/\/www.tafeldeko.de\/news\/#\/schema\/person\/dc309fbb6a3e380919fc08342c3cc233","name":"Tafeldeko Deko Team","image":{"@type":"ImageObject","inLanguage":"de-DE","@id":"https:\/\/www.tafeldeko.de\/news\/#\/schema\/person\/image\/","url":"https:\/\/secure.gravatar.com\/avatar\/1e962f4040dc9996f0d200db31598854?s=96&d=mm&r=g","contentUrl":"https:\/\/secure.gravatar.com\/avatar\/1e962f4040dc9996f0d200db31598854?s=96&d=mm&r=g","caption":"Tafeldeko Deko Team"}}]}},"_links":{"self":[{"href":"https:\/\/www.tafeldeko.de\/news\/wp-json\/wp\/v2\/posts\/6284"}],"collection":[{"href":"https:\/\/www.tafeldeko.de\/news\/wp-json\/wp\/v2\/posts"}],"about":[{"href":"https:\/\/www.tafeldeko.de\/news\/wp-json\/wp\/v2\/types\/post"}],"author":[{"embeddable":true,"href":"https:\/\/www.tafeldeko.de\/news\/wp-json\/wp\/v2\/users\/6"}],"replies":[{"embeddable":true,"href":"https:\/\/www.tafeldeko.de\/news\/wp-json\/wp\/v2\/comments?post=6284"}],"version-history":[{"count":6,"href":"https:\/\/www.tafeldeko.de\/news\/wp-json\/wp\/v2\/posts\/6284\/revisions"}],"predecessor-version":[{"id":22532,"href":"https:\/\/www.tafeldeko.de\/news\/wp-json\/wp\/v2\/posts\/6284\/revisions\/22532"}],"wp:featuredmedia":[{"embeddable":true,"href":"https:\/\/www.tafeldeko.de\/news\/wp-json\/wp\/v2\/media\/17616"}],"wp:attachment":[{"href":"https:\/\/www.tafeldeko.de\/news\/wp-json\/wp\/v2\/media?parent=6284"}],"wp:term":[{"taxonomy":"category","embeddable":true,"href":"https:\/\/www.tafeldeko.de\/news\/wp-json\/wp\/v2\/categories?post=6284"},{"taxonomy":"post_tag","embeddable":true,"href":"https:\/\/www.tafeldeko.de\/news\/wp-json\/wp\/v2\/tags?post=6284"}],"curies":[{"name":"wp","href":"https:\/\/api.w.org\/{rel}","templated":true}]}}