{"id":6196,"date":"2015-04-24T09:29:11","date_gmt":"2015-04-24T07:29:11","guid":{"rendered":"http:\/\/www.tafeldeko.de\/news\/?p=6196"},"modified":"2023-02-13T10:59:56","modified_gmt":"2023-02-13T09:59:56","slug":"tischdeko-schwarz-weiss","status":"publish","type":"post","link":"https:\/\/www.tafeldeko.de\/news\/tischdeko-schwarz-weiss\/","title":{"rendered":"Tischdeko schwarz wei\u00df \u2026"},"content":{"rendered":"<p><strong>&#8230;eine kontrastreiche Tischdeko.\u00a0<\/strong>Die <strong>Tischdeko schwarz wei\u00df<\/strong> stellt einen sehr tollen Kontrast dar und kann zugleich von edel bis schlicht gestaltet sein. Es h\u00e4ngt eben davon ab, welche weiteren dekorativen Accessoires man mit der Kombination aus schwarz und wei\u00df ausw\u00e4hlt. Die Tischdeko passt zu diversen Anl\u00e4ssen, wie zum Beispiel Geburtstag, Taufe oder sogar Hochzeit. Wer der Meinung ist, dass die Kombination aus den zwei Farben eher trostlos ist, der t\u00e4uscht sich. Ganz im Gegenteil &#8211; es ist eine durchaus tolle Gestaltungsm\u00f6glichkeit, die zum<strong> wahren Blickfang<\/strong> werden kann.<\/p>\n<p><img decoding=\"async\" loading=\"lazy\" src=\"https:\/\/www.tafeldeko.de\/news\/wp-content\/uploads\/2015\/04\/servietten_spitzenbesatz.jpg\" sizes=\"(max-width: 168px) 100vw, 168px\" srcset=\"https:\/\/www.tafeldeko.de\/news\/wp-content\/uploads\/2015\/04\/servietten_spitzenbesatz.jpg 168w, https:\/\/www.tafeldeko.de\/news\/wp-content\/uploads\/2015\/04\/servietten_spitzenbesatz-150x150.jpg 150w\" alt=\"Tischdeko schwarz wei\u00df\" width=\"168\" height=\"168\" \/><\/p>\n<h2>Tischdeko schwarz wei\u00df &#8211; eine durchaus umwerfende M\u00f6glichkeit<\/h2>\n<p>Bei einer Black &amp; White Party darf nat\u00fcrlich die Tischdekoration in der gleichen Farbkombination nicht fehlen. Die Tischdeko erstrahlt in tollen Farben und mit sch\u00f6nen Deko-Artikeln setzt man die gew\u00fcnschten Reize &#8211; das Dekorieren kann einem jede Menge Spa\u00df bereiten. Wer eine <strong>Black &amp; White Party<\/strong> auf die Beine stellen m\u00f6chte, sollte auf jeden Fall zu den Spitzenbesatz Schwarz Servietten\u201c greifen. Diese Servietten setzten <strong>ausgefallene Akzente<\/strong> und k\u00f6nnen zum wahren \u201eEyecatcher\u201c werden. Der Spitzenbesatz wirkt auf den ersten Blick wie T\u00fcll oder Stoff und das ist mehr als originell. Die Tischdeko schwarz wei\u00df sollte sich in unterschiedlichen Deko-Artikeln wiederspiegeln. Sei es mit Kerzen, Deko-Steinen und und und.<br \/>\nWichtig ist allerdings, dass man nicht nur schwarze und wei\u00dfe Artikel auf dem Tisch platziert, sondern erst ein Mustermix l\u00e4sst die Langweile in der Dekoration verschwinden und die Aussicht auf eine originelle <a title=\"Tischdeko\" href=\"https:\/\/www.tafeldeko.de\" target=\"_blank\" rel=\"noopener\"><strong>Tischdeko<\/strong><\/a> steigt.<br \/>\nUm eine unvergessliche Party zu erleben, sind die Tischdeko beziehungsweise die Deko im Raum an sich wichtig. Erst dann kann die Party mit seinen Liebsten beginnen. Der Look der Lokation kann beispielsweise mit Luftballons, Luftschlangen und zus\u00e4tzlichen Lichteffekten aufgepeppt werden und macht das Gesamtbild perfekt. Des Weiteren sollten das leibliche Wohl sowie die Musik nicht in Vergessenheit geraten. Das Sch\u00f6ne ist, dass man bei solch einer Party nicht gebunden ist und seiner Fantasie in vielerlei Punkten freien Lauf lassen kann.<\/p>\n<h2>Weitere Beitr\u00e4ge:<\/h2>\n<h2>Dekoartikel von A-Z<\/h2>\n<p><a href=\"https:\/\/www.tafeldeko.de\/tischdeko-artikel\/\"><br \/>\nJetzt entdecken <\/a><\/p>\n","protected":false},"excerpt":{"rendered":"<p>&#8230;eine kontrastreiche Tischdeko.\u00a0Die Tischdeko schwarz wei\u00df stellt einen sehr tollen Kontrast dar und kann zugleich von edel bis schlicht gestaltet sein. Es h\u00e4ngt eben davon ab, welche weiteren dekorativen Accessoires man mit der Kombination aus schwarz und wei\u00df ausw\u00e4hlt. Die Tischdeko passt zu diversen Anl\u00e4ssen, wie zum Beispiel Geburtstag, Taufe oder sogar Hochzeit. Wer der [&hellip;]<\/p>\n","protected":false},"author":6,"featured_media":6197,"comment_status":"closed","ping_status":"closed","sticky":false,"template":"","format":"standard","meta":{"footnotes":""},"categories":[1],"tags":[],"yoast_head":"<!-- This site is optimized with the Yoast SEO plugin v20.4 - https:\/\/yoast.com\/wordpress\/plugins\/seo\/ -->\n<title>Tischdeko schwarz wei\u00df \u2026 - Tafeldeko<\/title>\n<meta name=\"description\" content=\"Die Tischdeko schwarz wei\u00df stellt einen sehr tollen Kontrast dar und kann zugleich von edel bis schlicht gestaltet sein.\" \/>\n<meta name=\"robots\" content=\"index, follow, max-snippet:-1, max-image-preview:large, max-video-preview:-1\" \/>\n<link rel=\"canonical\" href=\"https:\/\/www.tafeldeko.de\/news\/tischdeko-schwarz-weiss\/\" \/>\n<meta property=\"og:locale\" content=\"de_DE\" \/>\n<meta property=\"og:type\" content=\"article\" \/>\n<meta property=\"og:title\" content=\"Tischdeko schwarz wei\u00df \u2026 - Tafeldeko\" \/>\n<meta property=\"og:description\" content=\"Die Tischdeko schwarz wei\u00df stellt einen sehr tollen Kontrast dar und kann zugleich von edel bis schlicht gestaltet sein.\" \/>\n<meta property=\"og:url\" content=\"https:\/\/www.tafeldeko.de\/news\/tischdeko-schwarz-weiss\/\" \/>\n<meta property=\"og:site_name\" content=\"Tafeldeko\" \/>\n<meta property=\"article:publisher\" content=\"https:\/\/www.facebook.com\/pages\/Tafeldeko-einzigartige-Tischdekoration\/174202655894\" \/>\n<meta property=\"article:published_time\" content=\"2015-04-24T07:29:11+00:00\" \/>\n<meta property=\"article:modified_time\" content=\"2023-02-13T09:59:56+00:00\" \/>\n<meta property=\"og:image\" content=\"https:\/\/www.tafeldeko.de\/news\/wp-content\/uploads\/2015\/04\/servietten_spitzenbesatz.jpg\" \/>\n\t<meta property=\"og:image:width\" content=\"168\" \/>\n\t<meta property=\"og:image:height\" content=\"168\" \/>\n\t<meta property=\"og:image:type\" content=\"image\/jpeg\" \/>\n<meta name=\"author\" content=\"Tafeldeko Deko Team\" \/>\n<meta name=\"twitter:label1\" content=\"Verfasst von\" \/>\n\t<meta name=\"twitter:data1\" content=\"Tafeldeko Deko Team\" \/>\n\t<meta name=\"twitter:label2\" content=\"Gesch\u00e4tzte Lesezeit\" \/>\n\t<meta name=\"twitter:data2\" content=\"2 Minuten\" \/>\n<script type=\"application\/ld+json\" class=\"yoast-schema-graph\">{\"@context\":\"https:\/\/schema.org\",\"@graph\":[{\"@type\":\"WebPage\",\"@id\":\"https:\/\/www.tafeldeko.de\/news\/tischdeko-schwarz-weiss\/\",\"url\":\"https:\/\/www.tafeldeko.de\/news\/tischdeko-schwarz-weiss\/\",\"name\":\"Tischdeko schwarz wei\u00df \u2026 - Tafeldeko\",\"isPartOf\":{\"@id\":\"https:\/\/www.tafeldeko.de\/news\/#website\"},\"datePublished\":\"2015-04-24T07:29:11+00:00\",\"dateModified\":\"2023-02-13T09:59:56+00:00\",\"author\":{\"@id\":\"https:\/\/www.tafeldeko.de\/news\/#\/schema\/person\/dc309fbb6a3e380919fc08342c3cc233\"},\"description\":\"Die Tischdeko schwarz wei\u00df stellt einen sehr tollen Kontrast dar und kann zugleich von edel bis schlicht gestaltet sein.\",\"breadcrumb\":{\"@id\":\"https:\/\/www.tafeldeko.de\/news\/tischdeko-schwarz-weiss\/#breadcrumb\"},\"inLanguage\":\"de-DE\",\"potentialAction\":[{\"@type\":\"ReadAction\",\"target\":[\"https:\/\/www.tafeldeko.de\/news\/tischdeko-schwarz-weiss\/\"]}]},{\"@type\":\"BreadcrumbList\",\"@id\":\"https:\/\/www.tafeldeko.de\/news\/tischdeko-schwarz-weiss\/#breadcrumb\",\"itemListElement\":[{\"@type\":\"ListItem\",\"position\":1,\"name\":\"Tafeldeko\",\"item\":\"https:\/\/www.tafeldeko.de\/news\/\"},{\"@type\":\"ListItem\",\"position\":2,\"name\":\"Alte Beitr\u00e4ge\",\"item\":\"https:\/\/www.tafeldeko.de\/news\/alte-beitraege\/\"},{\"@type\":\"ListItem\",\"position\":3,\"name\":\"Tischdeko - Blog\",\"item\":\"https:\/\/www.tafeldeko.de\/news\/alte-beitraege\/tischdeko-blog\/\"},{\"@type\":\"ListItem\",\"position\":4,\"name\":\"Tischdeko schwarz wei\u00df \u2026\"}]},{\"@type\":\"WebSite\",\"@id\":\"https:\/\/www.tafeldeko.de\/news\/#website\",\"url\":\"https:\/\/www.tafeldeko.de\/news\/\",\"name\":\"Tafeldeko\",\"description\":\"Blog mit Tischdeko und Tischdekoration Ideen\",\"potentialAction\":[{\"@type\":\"SearchAction\",\"target\":{\"@type\":\"EntryPoint\",\"urlTemplate\":\"https:\/\/www.tafeldeko.de\/news\/?s={search_term_string}\"},\"query-input\":\"required name=search_term_string\"}],\"inLanguage\":\"de-DE\"},{\"@type\":\"Person\",\"@id\":\"https:\/\/www.tafeldeko.de\/news\/#\/schema\/person\/dc309fbb6a3e380919fc08342c3cc233\",\"name\":\"Tafeldeko Deko Team\",\"image\":{\"@type\":\"ImageObject\",\"inLanguage\":\"de-DE\",\"@id\":\"https:\/\/www.tafeldeko.de\/news\/#\/schema\/person\/image\/\",\"url\":\"https:\/\/secure.gravatar.com\/avatar\/1e962f4040dc9996f0d200db31598854?s=96&d=mm&r=g\",\"contentUrl\":\"https:\/\/secure.gravatar.com\/avatar\/1e962f4040dc9996f0d200db31598854?s=96&d=mm&r=g\",\"caption\":\"Tafeldeko Deko Team\"}}]}<\/script>\n<!-- \/ Yoast SEO plugin. -->","yoast_head_json":{"title":"Tischdeko schwarz wei\u00df \u2026 - Tafeldeko","description":"Die Tischdeko schwarz wei\u00df stellt einen sehr tollen Kontrast dar und kann zugleich von edel bis schlicht gestaltet sein.","robots":{"index":"index","follow":"follow","max-snippet":"max-snippet:-1","max-image-preview":"max-image-preview:large","max-video-preview":"max-video-preview:-1"},"canonical":"https:\/\/www.tafeldeko.de\/news\/tischdeko-schwarz-weiss\/","og_locale":"de_DE","og_type":"article","og_title":"Tischdeko schwarz wei\u00df \u2026 - Tafeldeko","og_description":"Die Tischdeko schwarz wei\u00df stellt einen sehr tollen Kontrast dar und kann zugleich von edel bis schlicht gestaltet sein.","og_url":"https:\/\/www.tafeldeko.de\/news\/tischdeko-schwarz-weiss\/","og_site_name":"Tafeldeko","article_publisher":"https:\/\/www.facebook.com\/pages\/Tafeldeko-einzigartige-Tischdekoration\/174202655894","article_published_time":"2015-04-24T07:29:11+00:00","article_modified_time":"2023-02-13T09:59:56+00:00","og_image":[{"width":168,"height":168,"url":"https:\/\/www.tafeldeko.de\/news\/wp-content\/uploads\/2015\/04\/servietten_spitzenbesatz.jpg","type":"image\/jpeg"}],"author":"Tafeldeko Deko Team","twitter_misc":{"Verfasst von":"Tafeldeko Deko Team","Gesch\u00e4tzte Lesezeit":"2 Minuten"},"schema":{"@context":"https:\/\/schema.org","@graph":[{"@type":"WebPage","@id":"https:\/\/www.tafeldeko.de\/news\/tischdeko-schwarz-weiss\/","url":"https:\/\/www.tafeldeko.de\/news\/tischdeko-schwarz-weiss\/","name":"Tischdeko schwarz wei\u00df \u2026 - Tafeldeko","isPartOf":{"@id":"https:\/\/www.tafeldeko.de\/news\/#website"},"datePublished":"2015-04-24T07:29:11+00:00","dateModified":"2023-02-13T09:59:56+00:00","author":{"@id":"https:\/\/www.tafeldeko.de\/news\/#\/schema\/person\/dc309fbb6a3e380919fc08342c3cc233"},"description":"Die Tischdeko schwarz wei\u00df stellt einen sehr tollen Kontrast dar und kann zugleich von edel bis schlicht gestaltet sein.","breadcrumb":{"@id":"https:\/\/www.tafeldeko.de\/news\/tischdeko-schwarz-weiss\/#breadcrumb"},"inLanguage":"de-DE","potentialAction":[{"@type":"ReadAction","target":["https:\/\/www.tafeldeko.de\/news\/tischdeko-schwarz-weiss\/"]}]},{"@type":"BreadcrumbList","@id":"https:\/\/www.tafeldeko.de\/news\/tischdeko-schwarz-weiss\/#breadcrumb","itemListElement":[{"@type":"ListItem","position":1,"name":"Tafeldeko","item":"https:\/\/www.tafeldeko.de\/news\/"},{"@type":"ListItem","position":2,"name":"Alte Beitr\u00e4ge","item":"https:\/\/www.tafeldeko.de\/news\/alte-beitraege\/"},{"@type":"ListItem","position":3,"name":"Tischdeko - Blog","item":"https:\/\/www.tafeldeko.de\/news\/alte-beitraege\/tischdeko-blog\/"},{"@type":"ListItem","position":4,"name":"Tischdeko schwarz wei\u00df \u2026"}]},{"@type":"WebSite","@id":"https:\/\/www.tafeldeko.de\/news\/#website","url":"https:\/\/www.tafeldeko.de\/news\/","name":"Tafeldeko","description":"Blog mit Tischdeko und Tischdekoration Ideen","potentialAction":[{"@type":"SearchAction","target":{"@type":"EntryPoint","urlTemplate":"https:\/\/www.tafeldeko.de\/news\/?s={search_term_string}"},"query-input":"required name=search_term_string"}],"inLanguage":"de-DE"},{"@type":"Person","@id":"https:\/\/www.tafeldeko.de\/news\/#\/schema\/person\/dc309fbb6a3e380919fc08342c3cc233","name":"Tafeldeko Deko Team","image":{"@type":"ImageObject","inLanguage":"de-DE","@id":"https:\/\/www.tafeldeko.de\/news\/#\/schema\/person\/image\/","url":"https:\/\/secure.gravatar.com\/avatar\/1e962f4040dc9996f0d200db31598854?s=96&d=mm&r=g","contentUrl":"https:\/\/secure.gravatar.com\/avatar\/1e962f4040dc9996f0d200db31598854?s=96&d=mm&r=g","caption":"Tafeldeko Deko Team"}}]}},"_links":{"self":[{"href":"https:\/\/www.tafeldeko.de\/news\/wp-json\/wp\/v2\/posts\/6196"}],"collection":[{"href":"https:\/\/www.tafeldeko.de\/news\/wp-json\/wp\/v2\/posts"}],"about":[{"href":"https:\/\/www.tafeldeko.de\/news\/wp-json\/wp\/v2\/types\/post"}],"author":[{"embeddable":true,"href":"https:\/\/www.tafeldeko.de\/news\/wp-json\/wp\/v2\/users\/6"}],"replies":[{"embeddable":true,"href":"https:\/\/www.tafeldeko.de\/news\/wp-json\/wp\/v2\/comments?post=6196"}],"version-history":[{"count":5,"href":"https:\/\/www.tafeldeko.de\/news\/wp-json\/wp\/v2\/posts\/6196\/revisions"}],"predecessor-version":[{"id":22623,"href":"https:\/\/www.tafeldeko.de\/news\/wp-json\/wp\/v2\/posts\/6196\/revisions\/22623"}],"wp:featuredmedia":[{"embeddable":true,"href":"https:\/\/www.tafeldeko.de\/news\/wp-json\/wp\/v2\/media\/6197"}],"wp:attachment":[{"href":"https:\/\/www.tafeldeko.de\/news\/wp-json\/wp\/v2\/media?parent=6196"}],"wp:term":[{"taxonomy":"category","embeddable":true,"href":"https:\/\/www.tafeldeko.de\/news\/wp-json\/wp\/v2\/categories?post=6196"},{"taxonomy":"post_tag","embeddable":true,"href":"https:\/\/www.tafeldeko.de\/news\/wp-json\/wp\/v2\/tags?post=6196"}],"curies":[{"name":"wp","href":"https:\/\/api.w.org\/{rel}","templated":true}]}}