{"id":6193,"date":"2015-04-24T08:45:07","date_gmt":"2015-04-24T06:45:07","guid":{"rendered":"http:\/\/www.tafeldeko.de\/news\/?p=6193"},"modified":"2015-04-24T08:45:32","modified_gmt":"2015-04-24T06:45:32","slug":"tischdeko-geburtstag","status":"publish","type":"post","link":"https:\/\/www.tafeldeko.de\/news\/tischdeko-geburtstag\/","title":{"rendered":"Tischdeko Geburtstag \u2026"},"content":{"rendered":"<p><strong>einen sch\u00f6nen Tag mit seinen Liebsten verbringen<\/strong><\/p>\n<p>Die <strong>Tischdeko Geburtstag<\/strong> ist in aller Regel ein Teil des Geburtstages. Damit ist gemeint, dass sowohl die Tischdeko, als auch die Torte, die G\u00e4ste, die Gl\u00fcckw\u00fcnsche usw. zu diesem Tag einfach dazu geh\u00f6ren. Der Geburtstag ist f\u00fcr manche ein Tag wie jeder andere und f\u00fcr andere wiederum immer wieder der sch\u00f6nste Tag des Jahres. Der Geburtstag stellt einen neuen Lebensabschnitt dar, den man mit der Familie, den Freunden, den Arbeitskollegen und den Bekannten feiern sollte.<br \/>\nPlant man eine Geburtstagsfeier, darf die <a title=\"Tischdeko\" href=\"https:\/\/www.tafeldeko.de\" target=\"_blank\"><strong>Tischdeko<\/strong><\/a> Geburtstag nat\u00fcrlich nicht fehlen. Erst mit den dekorativen Accessoires auf dem Tisch wird man eine <strong>tolle Atmosph\u00e4re<\/strong> kreieren, die zu einem unvergesslichen Tag verhilft.<\/p>\n<h2>Die Tischdeko Geburtstag bringt Leben auf den Tisch<\/h2>\n<p>Die Tischdeko Geburtstag ist sehr vielseitig und man hat vielerlei M\u00f6glichkeiten in Punkto Gestaltung sowie Umsetzung. Deko-Artikel und sogar fertig dekorierte Mustertische lassen sich \u00fcber das Internet finden. So zum Beispiel auch der Mustertisch in der Farbkombination Braun und Gr\u00fcn.<br \/>\nAuf dem<strong> Mustertisch von Tafeldeko<\/strong> sind vielerlei dekorative Accessoires gekonnt in Szene gesetzt worden, wie zum Beispiel die farblich aufeinander abgestimmte Tischware, die dazu passenden Servietten und das <strong>Highlight<\/strong> stellt die mit Blumen geschm\u00fcckte Glasvase in der Mitte des Tisches dar. Des Weiteren passen die Mooskugeln, die Keramik Eulen, die Glassteine in Gr\u00fcn und die Filzblumen hervorragend zum Gesamtbild auf dem Tisch. Mit der Tischdeko Geburtstag setzt man <strong>tolle Effekte<\/strong> auf der Festtagstafel und setzt einen gro\u00dfen Meilenstein in punkto \u201eOptik.\u201c Man kann sich nach Herzenslust austoben und am Ende lockt ein liebevoller Tisch f\u00fcr all seine Liebsten. Man sagt nicht ohne Grund, dass man die Feste so feiern sollte, wie sie fallen. Schlie\u00dflich kann man nicht wissen, wann man erneut in dieser Konstellation zusammensitzen wird. Am besten beschert man sich selbst und seinen G\u00e4sten einen gem\u00fctlichen und vor allem gl\u00fccklichen Tag. Die Bedeutung an Geschenken sollte an diesen Tag eher nebens\u00e4chlich sein.<\/p>\n","protected":false},"excerpt":{"rendered":"<p>einen sch\u00f6nen Tag mit seinen Liebsten verbringen Die Tischdeko Geburtstag ist in aller Regel ein Teil des Geburtstages. Damit ist gemeint, dass sowohl die Tischdeko, als auch die Torte, die G\u00e4ste, die Gl\u00fcckw\u00fcnsche usw. zu diesem Tag einfach dazu geh\u00f6ren. Der Geburtstag ist f\u00fcr manche ein Tag wie jeder andere und f\u00fcr andere wiederum immer [&hellip;]<\/p>\n","protected":false},"author":6,"featured_media":6194,"comment_status":"closed","ping_status":"closed","sticky":false,"template":"","format":"standard","meta":{"footnotes":""},"categories":[1],"tags":[],"yoast_head":"<!-- This site is optimized with the Yoast SEO plugin v20.4 - https:\/\/yoast.com\/wordpress\/plugins\/seo\/ -->\n<title>Tischdeko Geburtstag \u2026 - Tafeldeko<\/title>\n<meta name=\"description\" content=\"Die Tischdeko Geburtstag ist sehr vielseitig und man hat vielerlei M\u00f6glichkeiten in Punkto Gestaltung sowie Umsetzung. Ideen finden Sie hier\" \/>\n<meta name=\"robots\" content=\"index, follow, max-snippet:-1, max-image-preview:large, max-video-preview:-1\" \/>\n<link rel=\"canonical\" href=\"https:\/\/www.tafeldeko.de\/news\/tischdeko-geburtstag\/\" \/>\n<meta property=\"og:locale\" content=\"de_DE\" \/>\n<meta property=\"og:type\" content=\"article\" \/>\n<meta property=\"og:title\" content=\"Tischdeko Geburtstag \u2026 - Tafeldeko\" \/>\n<meta property=\"og:description\" content=\"Die Tischdeko Geburtstag ist sehr vielseitig und man hat vielerlei M\u00f6glichkeiten in Punkto Gestaltung sowie Umsetzung. Ideen finden Sie hier\" \/>\n<meta property=\"og:url\" content=\"https:\/\/www.tafeldeko.de\/news\/tischdeko-geburtstag\/\" \/>\n<meta property=\"og:site_name\" content=\"Tafeldeko\" \/>\n<meta property=\"article:publisher\" content=\"https:\/\/www.facebook.com\/pages\/Tafeldeko-einzigartige-Tischdekoration\/174202655894\" \/>\n<meta property=\"article:published_time\" content=\"2015-04-24T06:45:07+00:00\" \/>\n<meta property=\"article:modified_time\" content=\"2015-04-24T06:45:32+00:00\" \/>\n<meta property=\"og:image\" content=\"https:\/\/www.tafeldeko.de\/news\/wp-content\/uploads\/2015\/04\/gebu_gruen_braun2.jpg\" \/>\n\t<meta property=\"og:image:width\" content=\"448\" \/>\n\t<meta property=\"og:image:height\" content=\"286\" \/>\n\t<meta property=\"og:image:type\" content=\"image\/jpeg\" \/>\n<meta name=\"author\" content=\"Tafeldeko Deko Team\" \/>\n<meta name=\"twitter:label1\" content=\"Verfasst von\" \/>\n\t<meta name=\"twitter:data1\" content=\"Tafeldeko Deko Team\" \/>\n\t<meta name=\"twitter:label2\" content=\"Gesch\u00e4tzte Lesezeit\" \/>\n\t<meta name=\"twitter:data2\" content=\"2 Minuten\" \/>\n<script type=\"application\/ld+json\" class=\"yoast-schema-graph\">{\"@context\":\"https:\/\/schema.org\",\"@graph\":[{\"@type\":\"WebPage\",\"@id\":\"https:\/\/www.tafeldeko.de\/news\/tischdeko-geburtstag\/\",\"url\":\"https:\/\/www.tafeldeko.de\/news\/tischdeko-geburtstag\/\",\"name\":\"Tischdeko Geburtstag \u2026 - Tafeldeko\",\"isPartOf\":{\"@id\":\"https:\/\/www.tafeldeko.de\/news\/#website\"},\"datePublished\":\"2015-04-24T06:45:07+00:00\",\"dateModified\":\"2015-04-24T06:45:32+00:00\",\"author\":{\"@id\":\"https:\/\/www.tafeldeko.de\/news\/#\/schema\/person\/dc309fbb6a3e380919fc08342c3cc233\"},\"description\":\"Die Tischdeko Geburtstag ist sehr vielseitig und man hat vielerlei M\u00f6glichkeiten in Punkto Gestaltung sowie Umsetzung. Ideen finden Sie hier\",\"breadcrumb\":{\"@id\":\"https:\/\/www.tafeldeko.de\/news\/tischdeko-geburtstag\/#breadcrumb\"},\"inLanguage\":\"de-DE\",\"potentialAction\":[{\"@type\":\"ReadAction\",\"target\":[\"https:\/\/www.tafeldeko.de\/news\/tischdeko-geburtstag\/\"]}]},{\"@type\":\"BreadcrumbList\",\"@id\":\"https:\/\/www.tafeldeko.de\/news\/tischdeko-geburtstag\/#breadcrumb\",\"itemListElement\":[{\"@type\":\"ListItem\",\"position\":1,\"name\":\"Tafeldeko\",\"item\":\"https:\/\/www.tafeldeko.de\/news\/\"},{\"@type\":\"ListItem\",\"position\":2,\"name\":\"Alte Beitr\u00e4ge\",\"item\":\"https:\/\/www.tafeldeko.de\/news\/alte-beitraege\/\"},{\"@type\":\"ListItem\",\"position\":3,\"name\":\"Tischdeko - Blog\",\"item\":\"https:\/\/www.tafeldeko.de\/news\/alte-beitraege\/tischdeko-blog\/\"},{\"@type\":\"ListItem\",\"position\":4,\"name\":\"Tischdeko Geburtstag \u2026\"}]},{\"@type\":\"WebSite\",\"@id\":\"https:\/\/www.tafeldeko.de\/news\/#website\",\"url\":\"https:\/\/www.tafeldeko.de\/news\/\",\"name\":\"Tafeldeko\",\"description\":\"Blog mit Tischdeko und Tischdekoration Ideen\",\"potentialAction\":[{\"@type\":\"SearchAction\",\"target\":{\"@type\":\"EntryPoint\",\"urlTemplate\":\"https:\/\/www.tafeldeko.de\/news\/?s={search_term_string}\"},\"query-input\":\"required name=search_term_string\"}],\"inLanguage\":\"de-DE\"},{\"@type\":\"Person\",\"@id\":\"https:\/\/www.tafeldeko.de\/news\/#\/schema\/person\/dc309fbb6a3e380919fc08342c3cc233\",\"name\":\"Tafeldeko Deko Team\",\"image\":{\"@type\":\"ImageObject\",\"inLanguage\":\"de-DE\",\"@id\":\"https:\/\/www.tafeldeko.de\/news\/#\/schema\/person\/image\/\",\"url\":\"https:\/\/secure.gravatar.com\/avatar\/1e962f4040dc9996f0d200db31598854?s=96&d=mm&r=g\",\"contentUrl\":\"https:\/\/secure.gravatar.com\/avatar\/1e962f4040dc9996f0d200db31598854?s=96&d=mm&r=g\",\"caption\":\"Tafeldeko Deko Team\"}}]}<\/script>\n<!-- \/ Yoast SEO plugin. -->","yoast_head_json":{"title":"Tischdeko Geburtstag \u2026 - Tafeldeko","description":"Die Tischdeko Geburtstag ist sehr vielseitig und man hat vielerlei M\u00f6glichkeiten in Punkto Gestaltung sowie Umsetzung. Ideen finden Sie hier","robots":{"index":"index","follow":"follow","max-snippet":"max-snippet:-1","max-image-preview":"max-image-preview:large","max-video-preview":"max-video-preview:-1"},"canonical":"https:\/\/www.tafeldeko.de\/news\/tischdeko-geburtstag\/","og_locale":"de_DE","og_type":"article","og_title":"Tischdeko Geburtstag \u2026 - Tafeldeko","og_description":"Die Tischdeko Geburtstag ist sehr vielseitig und man hat vielerlei M\u00f6glichkeiten in Punkto Gestaltung sowie Umsetzung. Ideen finden Sie hier","og_url":"https:\/\/www.tafeldeko.de\/news\/tischdeko-geburtstag\/","og_site_name":"Tafeldeko","article_publisher":"https:\/\/www.facebook.com\/pages\/Tafeldeko-einzigartige-Tischdekoration\/174202655894","article_published_time":"2015-04-24T06:45:07+00:00","article_modified_time":"2015-04-24T06:45:32+00:00","og_image":[{"width":448,"height":286,"url":"https:\/\/www.tafeldeko.de\/news\/wp-content\/uploads\/2015\/04\/gebu_gruen_braun2.jpg","type":"image\/jpeg"}],"author":"Tafeldeko Deko Team","twitter_misc":{"Verfasst von":"Tafeldeko Deko Team","Gesch\u00e4tzte Lesezeit":"2 Minuten"},"schema":{"@context":"https:\/\/schema.org","@graph":[{"@type":"WebPage","@id":"https:\/\/www.tafeldeko.de\/news\/tischdeko-geburtstag\/","url":"https:\/\/www.tafeldeko.de\/news\/tischdeko-geburtstag\/","name":"Tischdeko Geburtstag \u2026 - Tafeldeko","isPartOf":{"@id":"https:\/\/www.tafeldeko.de\/news\/#website"},"datePublished":"2015-04-24T06:45:07+00:00","dateModified":"2015-04-24T06:45:32+00:00","author":{"@id":"https:\/\/www.tafeldeko.de\/news\/#\/schema\/person\/dc309fbb6a3e380919fc08342c3cc233"},"description":"Die Tischdeko Geburtstag ist sehr vielseitig und man hat vielerlei M\u00f6glichkeiten in Punkto Gestaltung sowie Umsetzung. Ideen finden Sie hier","breadcrumb":{"@id":"https:\/\/www.tafeldeko.de\/news\/tischdeko-geburtstag\/#breadcrumb"},"inLanguage":"de-DE","potentialAction":[{"@type":"ReadAction","target":["https:\/\/www.tafeldeko.de\/news\/tischdeko-geburtstag\/"]}]},{"@type":"BreadcrumbList","@id":"https:\/\/www.tafeldeko.de\/news\/tischdeko-geburtstag\/#breadcrumb","itemListElement":[{"@type":"ListItem","position":1,"name":"Tafeldeko","item":"https:\/\/www.tafeldeko.de\/news\/"},{"@type":"ListItem","position":2,"name":"Alte Beitr\u00e4ge","item":"https:\/\/www.tafeldeko.de\/news\/alte-beitraege\/"},{"@type":"ListItem","position":3,"name":"Tischdeko - Blog","item":"https:\/\/www.tafeldeko.de\/news\/alte-beitraege\/tischdeko-blog\/"},{"@type":"ListItem","position":4,"name":"Tischdeko Geburtstag \u2026"}]},{"@type":"WebSite","@id":"https:\/\/www.tafeldeko.de\/news\/#website","url":"https:\/\/www.tafeldeko.de\/news\/","name":"Tafeldeko","description":"Blog mit Tischdeko und Tischdekoration Ideen","potentialAction":[{"@type":"SearchAction","target":{"@type":"EntryPoint","urlTemplate":"https:\/\/www.tafeldeko.de\/news\/?s={search_term_string}"},"query-input":"required name=search_term_string"}],"inLanguage":"de-DE"},{"@type":"Person","@id":"https:\/\/www.tafeldeko.de\/news\/#\/schema\/person\/dc309fbb6a3e380919fc08342c3cc233","name":"Tafeldeko Deko Team","image":{"@type":"ImageObject","inLanguage":"de-DE","@id":"https:\/\/www.tafeldeko.de\/news\/#\/schema\/person\/image\/","url":"https:\/\/secure.gravatar.com\/avatar\/1e962f4040dc9996f0d200db31598854?s=96&d=mm&r=g","contentUrl":"https:\/\/secure.gravatar.com\/avatar\/1e962f4040dc9996f0d200db31598854?s=96&d=mm&r=g","caption":"Tafeldeko Deko Team"}}]}},"_links":{"self":[{"href":"https:\/\/www.tafeldeko.de\/news\/wp-json\/wp\/v2\/posts\/6193"}],"collection":[{"href":"https:\/\/www.tafeldeko.de\/news\/wp-json\/wp\/v2\/posts"}],"about":[{"href":"https:\/\/www.tafeldeko.de\/news\/wp-json\/wp\/v2\/types\/post"}],"author":[{"embeddable":true,"href":"https:\/\/www.tafeldeko.de\/news\/wp-json\/wp\/v2\/users\/6"}],"replies":[{"embeddable":true,"href":"https:\/\/www.tafeldeko.de\/news\/wp-json\/wp\/v2\/comments?post=6193"}],"version-history":[{"count":1,"href":"https:\/\/www.tafeldeko.de\/news\/wp-json\/wp\/v2\/posts\/6193\/revisions"}],"predecessor-version":[{"id":6195,"href":"https:\/\/www.tafeldeko.de\/news\/wp-json\/wp\/v2\/posts\/6193\/revisions\/6195"}],"wp:featuredmedia":[{"embeddable":true,"href":"https:\/\/www.tafeldeko.de\/news\/wp-json\/wp\/v2\/media\/6194"}],"wp:attachment":[{"href":"https:\/\/www.tafeldeko.de\/news\/wp-json\/wp\/v2\/media?parent=6193"}],"wp:term":[{"taxonomy":"category","embeddable":true,"href":"https:\/\/www.tafeldeko.de\/news\/wp-json\/wp\/v2\/categories?post=6193"},{"taxonomy":"post_tag","embeddable":true,"href":"https:\/\/www.tafeldeko.de\/news\/wp-json\/wp\/v2\/tags?post=6193"}],"curies":[{"name":"wp","href":"https:\/\/api.w.org\/{rel}","templated":true}]}}