{"id":6176,"date":"2015-04-14T17:53:11","date_gmt":"2015-04-14T15:53:11","guid":{"rendered":"http:\/\/www.tafeldeko.de\/news\/?p=6176"},"modified":"2023-02-13T11:32:13","modified_gmt":"2023-02-13T10:32:13","slug":"deko-fuer-draussen-mit-accessoires","status":"publish","type":"post","link":"https:\/\/www.tafeldeko.de\/news\/deko-fuer-draussen-mit-accessoires\/","title":{"rendered":"Deko f\u00fcr Drau\u00dfen mit Accessoires"},"content":{"rendered":"<p>Gartenaccessoires erobern den Au\u00dfenbereich<strong>. <\/strong>Eine <strong>Deko f\u00fcr Drau\u00dfen<\/strong> ist gerade zur beginnenden Fr\u00fchlings- und Sommerzeit immer wieder etwas Sch\u00f6nes. Mit der Deko verpasst man beispielsweise dem Garten, der Terrasse oder auch dem Balkon einen neuen \u201eAnstrich\u201c und l\u00e4sst Gem\u00fctlichkeit entstehen.<br \/>\nWer nach einem stressigen Tag nach Hause kommt und sich eine Auszeit im Freien g\u00f6nnt, kann neue Energie tanken. Ist der \u201eAkku\u201c erstmals aufgeladen, freut man sich auf den folgenden Tag und dies kann man in einer sch\u00f6nen Atmosph\u00e4re gleich viel besser tun. Welche dekorativen Accessoires man Drau\u00dfen ins rechte Licht r\u00fccken wird, ist davon abh\u00e4ngig, was einem gef\u00e4llt oder wie viel Geld man f\u00fcr die Deko ausgeben m\u00f6chte.<\/p>\n<p><img decoding=\"async\" loading=\"lazy\" src=\"https:\/\/www.tafeldeko.de\/news\/wp-content\/uploads\/2015\/04\/20220731111811_IMG_6723-1024x683.jpg\" sizes=\"(max-width: 800px) 100vw, 800px\" srcset=\"https:\/\/www.tafeldeko.de\/news\/wp-content\/uploads\/2015\/04\/20220731111811_IMG_6723-1024x683.jpg 1024w, https:\/\/www.tafeldeko.de\/news\/wp-content\/uploads\/2015\/04\/20220731111811_IMG_6723-300x200.jpg 300w, https:\/\/www.tafeldeko.de\/news\/wp-content\/uploads\/2015\/04\/20220731111811_IMG_6723-768x512.jpg 768w, https:\/\/www.tafeldeko.de\/news\/wp-content\/uploads\/2015\/04\/20220731111811_IMG_6723-1536x1024.jpg 1536w, https:\/\/www.tafeldeko.de\/news\/wp-content\/uploads\/2015\/04\/20220731111811_IMG_6723-640x427.jpg 640w, https:\/\/www.tafeldeko.de\/news\/wp-content\/uploads\/2015\/04\/20220731111811_IMG_6723.jpg 1920w\" alt=\"Deko f\u00fcr Drau\u00dfen\" width=\"800\" height=\"534\" \/><\/p>\n<h2>Eine sch\u00f6ne Deko f\u00fcr Drau\u00dfen kreieren<\/h2>\n<p>Wer sich sch\u00f6ne Stunden an der frischen Luft w\u00fcnscht, sollte auf einige dekorative Accessoires setzen. Die Gestaltungsm\u00f6glichkeiten f\u00fcr die Deko sind sehr vielseitig und man kann sich sozusagen nach Lust und Laune austoben. Wer mit Pflanzen f\u00fcr tolle Akzente sorgen m\u00f6chte, kann Blumen- und Kr\u00e4uterbeete anlegen oder auch Blumenk\u00e4sten mit farbigen Blumen bepflanzen. Blumenstecker oder Windr\u00e4der k\u00f6nnen f\u00fcr einen weiteren Blickfang in der Blumenpracht sorgen.<br \/>\nDes Weiteren kann man bei Deko <strong>verschiedene Lichtelemente<\/strong> f\u00fcr dekorative Zwecke verwenden. Nicht nur Kerzen eignen sich hierf\u00fcr, sondern auch Lichterketten, Laternen, Lampen, Lampions und vieles mehr. Wenn es am Abend dunkel wird, erf\u00fcllt diese Art der Deko noch einen n\u00fctzlichen Zweck &#8211; <strong>stimmungsvolles Licht<\/strong> kommt auf.<br \/>\nWie man merkt, hat man bei der Dekoration jede Menge M\u00f6glichkeiten. Auch eine liebevoll eingerichtete Grill-Ecke l\u00e4dt zu gemeinsamen Stunden mit der Familie und Freunden ein &#8211; das ruft nach endloser <strong>Entspannung<\/strong>. Wer es etwas aufgefallener liebt, kann zum Beispiel sich den Traum vom eigenen Teich oder von einem Springbrunnen erf\u00fcllen. Der Fantasie sind fast keine Grenzen gesetzt und es k\u00f6nnen die unterschiedlichsten Gartenaccessoires in Betracht kommen. Was am Ende z\u00e4hlt, das ist das Gesamtbild und das man sich im neu geschaffenen Reich wohlf\u00fchlt.<\/p>\n<h2>Weitere Beitr\u00e4ge:<\/h2>\n<h2>Dekoartikel von A-Z<\/h2>\n<p><a href=\"https:\/\/www.tafeldeko.de\/tischdeko-artikel\/\"><br \/>\nJetzt entdecken <\/a><\/p>\n","protected":false},"excerpt":{"rendered":"<p>Gartenaccessoires erobern den Au\u00dfenbereich. Eine Deko f\u00fcr Drau\u00dfen ist gerade zur beginnenden Fr\u00fchlings- und Sommerzeit immer wieder etwas Sch\u00f6nes. Mit der Deko verpasst man beispielsweise dem Garten, der Terrasse oder auch dem Balkon einen neuen \u201eAnstrich\u201c und l\u00e4sst Gem\u00fctlichkeit entstehen. Wer nach einem stressigen Tag nach Hause kommt und sich eine Auszeit im Freien g\u00f6nnt, [&hellip;]<\/p>\n","protected":false},"author":6,"featured_media":22647,"comment_status":"closed","ping_status":"closed","sticky":false,"template":"","format":"standard","meta":{"footnotes":""},"categories":[1],"tags":[],"yoast_head":"<!-- This site is optimized with the Yoast SEO plugin v20.4 - https:\/\/yoast.com\/wordpress\/plugins\/seo\/ -->\n<title>Deko f\u00fcr Drau\u00dfen mit Accessoires - Tafeldeko<\/title>\n<meta name=\"description\" content=\"Die Gestaltungsm\u00f6glichkeiten f\u00fcr die Deko f\u00fcr Drau\u00dfen sind sehr vielseitig und man kann sich sozusagen nach Lust und Laune austoben.\" \/>\n<meta name=\"robots\" content=\"index, follow, max-snippet:-1, max-image-preview:large, max-video-preview:-1\" \/>\n<link rel=\"canonical\" href=\"https:\/\/www.tafeldeko.de\/news\/deko-fuer-draussen-mit-accessoires\/\" \/>\n<meta property=\"og:locale\" content=\"de_DE\" \/>\n<meta property=\"og:type\" content=\"article\" \/>\n<meta property=\"og:title\" content=\"Deko f\u00fcr Drau\u00dfen mit Accessoires - Tafeldeko\" \/>\n<meta property=\"og:description\" content=\"Die Gestaltungsm\u00f6glichkeiten f\u00fcr die Deko f\u00fcr Drau\u00dfen sind sehr vielseitig und man kann sich sozusagen nach Lust und Laune austoben.\" \/>\n<meta property=\"og:url\" content=\"https:\/\/www.tafeldeko.de\/news\/deko-fuer-draussen-mit-accessoires\/\" \/>\n<meta property=\"og:site_name\" content=\"Tafeldeko\" \/>\n<meta property=\"article:publisher\" content=\"https:\/\/www.facebook.com\/pages\/Tafeldeko-einzigartige-Tischdekoration\/174202655894\" \/>\n<meta property=\"article:published_time\" content=\"2015-04-14T15:53:11+00:00\" \/>\n<meta property=\"article:modified_time\" content=\"2023-02-13T10:32:13+00:00\" \/>\n<meta property=\"og:image\" content=\"https:\/\/www.tafeldeko.de\/news\/wp-content\/uploads\/2015\/04\/20220731111811_IMG_6723.jpg\" \/>\n\t<meta property=\"og:image:width\" content=\"1920\" \/>\n\t<meta property=\"og:image:height\" content=\"1280\" \/>\n\t<meta property=\"og:image:type\" content=\"image\/jpeg\" \/>\n<meta name=\"author\" content=\"Tafeldeko Deko Team\" \/>\n<meta name=\"twitter:label1\" content=\"Verfasst von\" \/>\n\t<meta name=\"twitter:data1\" content=\"Tafeldeko Deko Team\" \/>\n\t<meta name=\"twitter:label2\" content=\"Gesch\u00e4tzte Lesezeit\" \/>\n\t<meta name=\"twitter:data2\" content=\"2 Minuten\" \/>\n<script type=\"application\/ld+json\" class=\"yoast-schema-graph\">{\"@context\":\"https:\/\/schema.org\",\"@graph\":[{\"@type\":\"WebPage\",\"@id\":\"https:\/\/www.tafeldeko.de\/news\/deko-fuer-draussen-mit-accessoires\/\",\"url\":\"https:\/\/www.tafeldeko.de\/news\/deko-fuer-draussen-mit-accessoires\/\",\"name\":\"Deko f\u00fcr Drau\u00dfen mit Accessoires - Tafeldeko\",\"isPartOf\":{\"@id\":\"https:\/\/www.tafeldeko.de\/news\/#website\"},\"datePublished\":\"2015-04-14T15:53:11+00:00\",\"dateModified\":\"2023-02-13T10:32:13+00:00\",\"author\":{\"@id\":\"https:\/\/www.tafeldeko.de\/news\/#\/schema\/person\/dc309fbb6a3e380919fc08342c3cc233\"},\"description\":\"Die Gestaltungsm\u00f6glichkeiten f\u00fcr die Deko f\u00fcr Drau\u00dfen sind sehr vielseitig und man kann sich sozusagen nach Lust und Laune austoben.\",\"breadcrumb\":{\"@id\":\"https:\/\/www.tafeldeko.de\/news\/deko-fuer-draussen-mit-accessoires\/#breadcrumb\"},\"inLanguage\":\"de-DE\",\"potentialAction\":[{\"@type\":\"ReadAction\",\"target\":[\"https:\/\/www.tafeldeko.de\/news\/deko-fuer-draussen-mit-accessoires\/\"]}]},{\"@type\":\"BreadcrumbList\",\"@id\":\"https:\/\/www.tafeldeko.de\/news\/deko-fuer-draussen-mit-accessoires\/#breadcrumb\",\"itemListElement\":[{\"@type\":\"ListItem\",\"position\":1,\"name\":\"Tafeldeko\",\"item\":\"https:\/\/www.tafeldeko.de\/news\/\"},{\"@type\":\"ListItem\",\"position\":2,\"name\":\"Alte Beitr\u00e4ge\",\"item\":\"https:\/\/www.tafeldeko.de\/news\/alte-beitraege\/\"},{\"@type\":\"ListItem\",\"position\":3,\"name\":\"Tischdeko - Blog\",\"item\":\"https:\/\/www.tafeldeko.de\/news\/alte-beitraege\/tischdeko-blog\/\"},{\"@type\":\"ListItem\",\"position\":4,\"name\":\"Deko f\u00fcr Drau\u00dfen mit Accessoires\"}]},{\"@type\":\"WebSite\",\"@id\":\"https:\/\/www.tafeldeko.de\/news\/#website\",\"url\":\"https:\/\/www.tafeldeko.de\/news\/\",\"name\":\"Tafeldeko\",\"description\":\"Blog mit Tischdeko und Tischdekoration Ideen\",\"potentialAction\":[{\"@type\":\"SearchAction\",\"target\":{\"@type\":\"EntryPoint\",\"urlTemplate\":\"https:\/\/www.tafeldeko.de\/news\/?s={search_term_string}\"},\"query-input\":\"required name=search_term_string\"}],\"inLanguage\":\"de-DE\"},{\"@type\":\"Person\",\"@id\":\"https:\/\/www.tafeldeko.de\/news\/#\/schema\/person\/dc309fbb6a3e380919fc08342c3cc233\",\"name\":\"Tafeldeko Deko Team\",\"image\":{\"@type\":\"ImageObject\",\"inLanguage\":\"de-DE\",\"@id\":\"https:\/\/www.tafeldeko.de\/news\/#\/schema\/person\/image\/\",\"url\":\"https:\/\/secure.gravatar.com\/avatar\/1e962f4040dc9996f0d200db31598854?s=96&d=mm&r=g\",\"contentUrl\":\"https:\/\/secure.gravatar.com\/avatar\/1e962f4040dc9996f0d200db31598854?s=96&d=mm&r=g\",\"caption\":\"Tafeldeko Deko Team\"}}]}<\/script>\n<!-- \/ Yoast SEO plugin. -->","yoast_head_json":{"title":"Deko f\u00fcr Drau\u00dfen mit Accessoires - Tafeldeko","description":"Die Gestaltungsm\u00f6glichkeiten f\u00fcr die Deko f\u00fcr Drau\u00dfen sind sehr vielseitig und man kann sich sozusagen nach Lust und Laune austoben.","robots":{"index":"index","follow":"follow","max-snippet":"max-snippet:-1","max-image-preview":"max-image-preview:large","max-video-preview":"max-video-preview:-1"},"canonical":"https:\/\/www.tafeldeko.de\/news\/deko-fuer-draussen-mit-accessoires\/","og_locale":"de_DE","og_type":"article","og_title":"Deko f\u00fcr Drau\u00dfen mit Accessoires - Tafeldeko","og_description":"Die Gestaltungsm\u00f6glichkeiten f\u00fcr die Deko f\u00fcr Drau\u00dfen sind sehr vielseitig und man kann sich sozusagen nach Lust und Laune austoben.","og_url":"https:\/\/www.tafeldeko.de\/news\/deko-fuer-draussen-mit-accessoires\/","og_site_name":"Tafeldeko","article_publisher":"https:\/\/www.facebook.com\/pages\/Tafeldeko-einzigartige-Tischdekoration\/174202655894","article_published_time":"2015-04-14T15:53:11+00:00","article_modified_time":"2023-02-13T10:32:13+00:00","og_image":[{"width":1920,"height":1280,"url":"https:\/\/www.tafeldeko.de\/news\/wp-content\/uploads\/2015\/04\/20220731111811_IMG_6723.jpg","type":"image\/jpeg"}],"author":"Tafeldeko Deko Team","twitter_misc":{"Verfasst von":"Tafeldeko Deko Team","Gesch\u00e4tzte Lesezeit":"2 Minuten"},"schema":{"@context":"https:\/\/schema.org","@graph":[{"@type":"WebPage","@id":"https:\/\/www.tafeldeko.de\/news\/deko-fuer-draussen-mit-accessoires\/","url":"https:\/\/www.tafeldeko.de\/news\/deko-fuer-draussen-mit-accessoires\/","name":"Deko f\u00fcr Drau\u00dfen mit Accessoires - Tafeldeko","isPartOf":{"@id":"https:\/\/www.tafeldeko.de\/news\/#website"},"datePublished":"2015-04-14T15:53:11+00:00","dateModified":"2023-02-13T10:32:13+00:00","author":{"@id":"https:\/\/www.tafeldeko.de\/news\/#\/schema\/person\/dc309fbb6a3e380919fc08342c3cc233"},"description":"Die Gestaltungsm\u00f6glichkeiten f\u00fcr die Deko f\u00fcr Drau\u00dfen sind sehr vielseitig und man kann sich sozusagen nach Lust und Laune austoben.","breadcrumb":{"@id":"https:\/\/www.tafeldeko.de\/news\/deko-fuer-draussen-mit-accessoires\/#breadcrumb"},"inLanguage":"de-DE","potentialAction":[{"@type":"ReadAction","target":["https:\/\/www.tafeldeko.de\/news\/deko-fuer-draussen-mit-accessoires\/"]}]},{"@type":"BreadcrumbList","@id":"https:\/\/www.tafeldeko.de\/news\/deko-fuer-draussen-mit-accessoires\/#breadcrumb","itemListElement":[{"@type":"ListItem","position":1,"name":"Tafeldeko","item":"https:\/\/www.tafeldeko.de\/news\/"},{"@type":"ListItem","position":2,"name":"Alte Beitr\u00e4ge","item":"https:\/\/www.tafeldeko.de\/news\/alte-beitraege\/"},{"@type":"ListItem","position":3,"name":"Tischdeko - Blog","item":"https:\/\/www.tafeldeko.de\/news\/alte-beitraege\/tischdeko-blog\/"},{"@type":"ListItem","position":4,"name":"Deko f\u00fcr Drau\u00dfen mit Accessoires"}]},{"@type":"WebSite","@id":"https:\/\/www.tafeldeko.de\/news\/#website","url":"https:\/\/www.tafeldeko.de\/news\/","name":"Tafeldeko","description":"Blog mit Tischdeko und Tischdekoration Ideen","potentialAction":[{"@type":"SearchAction","target":{"@type":"EntryPoint","urlTemplate":"https:\/\/www.tafeldeko.de\/news\/?s={search_term_string}"},"query-input":"required name=search_term_string"}],"inLanguage":"de-DE"},{"@type":"Person","@id":"https:\/\/www.tafeldeko.de\/news\/#\/schema\/person\/dc309fbb6a3e380919fc08342c3cc233","name":"Tafeldeko Deko Team","image":{"@type":"ImageObject","inLanguage":"de-DE","@id":"https:\/\/www.tafeldeko.de\/news\/#\/schema\/person\/image\/","url":"https:\/\/secure.gravatar.com\/avatar\/1e962f4040dc9996f0d200db31598854?s=96&d=mm&r=g","contentUrl":"https:\/\/secure.gravatar.com\/avatar\/1e962f4040dc9996f0d200db31598854?s=96&d=mm&r=g","caption":"Tafeldeko Deko Team"}}]}},"_links":{"self":[{"href":"https:\/\/www.tafeldeko.de\/news\/wp-json\/wp\/v2\/posts\/6176"}],"collection":[{"href":"https:\/\/www.tafeldeko.de\/news\/wp-json\/wp\/v2\/posts"}],"about":[{"href":"https:\/\/www.tafeldeko.de\/news\/wp-json\/wp\/v2\/types\/post"}],"author":[{"embeddable":true,"href":"https:\/\/www.tafeldeko.de\/news\/wp-json\/wp\/v2\/users\/6"}],"replies":[{"embeddable":true,"href":"https:\/\/www.tafeldeko.de\/news\/wp-json\/wp\/v2\/comments?post=6176"}],"version-history":[{"count":6,"href":"https:\/\/www.tafeldeko.de\/news\/wp-json\/wp\/v2\/posts\/6176\/revisions"}],"predecessor-version":[{"id":22651,"href":"https:\/\/www.tafeldeko.de\/news\/wp-json\/wp\/v2\/posts\/6176\/revisions\/22651"}],"wp:featuredmedia":[{"embeddable":true,"href":"https:\/\/www.tafeldeko.de\/news\/wp-json\/wp\/v2\/media\/22647"}],"wp:attachment":[{"href":"https:\/\/www.tafeldeko.de\/news\/wp-json\/wp\/v2\/media?parent=6176"}],"wp:term":[{"taxonomy":"category","embeddable":true,"href":"https:\/\/www.tafeldeko.de\/news\/wp-json\/wp\/v2\/categories?post=6176"},{"taxonomy":"post_tag","embeddable":true,"href":"https:\/\/www.tafeldeko.de\/news\/wp-json\/wp\/v2\/tags?post=6176"}],"curies":[{"name":"wp","href":"https:\/\/api.w.org\/{rel}","templated":true}]}}