{"id":6174,"date":"2015-04-14T17:49:42","date_gmt":"2015-04-14T15:49:42","guid":{"rendered":"http:\/\/www.tafeldeko.de\/news\/?p=6174"},"modified":"2023-02-13T11:37:24","modified_gmt":"2023-02-13T10:37:24","slug":"gartendekoration-fuer-den-sommer","status":"publish","type":"post","link":"https:\/\/www.tafeldeko.de\/news\/gartendekoration-fuer-den-sommer\/","title":{"rendered":"Gartendekoration f\u00fcr den Sommer"},"content":{"rendered":"<p>Mit einer sch\u00f6nen <strong>Gartendekoration<\/strong> l\u00e4sst sich ein trister Garten, ein langweiliger Balkon oder eine schmucklose Terrasse hervorragend \u201eaufpimpen.\u201c In Nu kann man eine sch\u00f6ne <strong>Atmosph\u00e4re<\/strong> kreieren &#8211; auf die Ideen kommt es an. F\u00fcr die Gartendekoration kann man zu verschiedenen Deko-Elementen greifen oder man lenkt sein Augenmerk auf die Pflanzen. Nat\u00fcrlich ist auch eine Kombination aus beidem m\u00f6glich &#8211; der Geschmack wird hierbei auch eine gro\u00dfe Rolle spielen.<\/p>\n<p><img decoding=\"async\" loading=\"lazy\" src=\"https:\/\/www.tafeldeko.de\/news\/wp-content\/uploads\/2015\/04\/20220305133301_IMG_6107-1024x777.jpg\" sizes=\"(max-width: 800px) 100vw, 800px\" srcset=\"https:\/\/www.tafeldeko.de\/news\/wp-content\/uploads\/2015\/04\/20220305133301_IMG_6107-1024x777.jpg 1024w, https:\/\/www.tafeldeko.de\/news\/wp-content\/uploads\/2015\/04\/20220305133301_IMG_6107-300x228.jpg 300w, https:\/\/www.tafeldeko.de\/news\/wp-content\/uploads\/2015\/04\/20220305133301_IMG_6107-768x583.jpg 768w, https:\/\/www.tafeldeko.de\/news\/wp-content\/uploads\/2015\/04\/20220305133301_IMG_6107-1536x1166.jpg 1536w, https:\/\/www.tafeldeko.de\/news\/wp-content\/uploads\/2015\/04\/20220305133301_IMG_6107-640x486.jpg 640w, https:\/\/www.tafeldeko.de\/news\/wp-content\/uploads\/2015\/04\/20220305133301_IMG_6107.jpg 1561w\" alt=\"Gartendekoration\" width=\"800\" height=\"607\" \/><\/p>\n<h2>So zaubert man eine sch\u00f6ne Gartendekoration<\/h2>\n<p>F\u00fcr einen gro\u00dfen Garten kann zum Beispiel ein Springbrunnen oder sogar ein Teich in Erw\u00e4gung gezogen werden, allerdings muss es nicht immer so gro\u00df sein. Bereits kleine Elemente k\u00f6nnen f\u00fcr eine gro\u00dfe Wirkung sorgen und zu einer <strong>originellen Gartendekoration<\/strong> beitragen. Elemente, wie beispielsweise Lichterketten, Fackeln, Laternen oder Solarleuchten k\u00f6nnen einen sehr dekorativen Zweck erf\u00fcllen und bereits wundersch\u00f6ne Akzente im Garten, auf der Terrasse oder auf dem Balkon setzen. Wer es romantisch mag, kann ein Beet mit Rosen bepflanzen oder greift zu verspielten Deko-Elementen.<br \/>\nWie man merkt, kann man sich bei der Gartendekoration nach Lust und Laune auspowern und es kann all dies zum Einsatz kommen, was zu einem sch\u00f6nen Gesamtbild beitr\u00e4gt. Die Liebe zum Detail wird sich lohnen und man kann St\u00fcck f\u00fcr St\u00fcck seiner pers\u00f6nlichen Wohlf\u00fchl-Oase n\u00e4her kommen. Auch eine gem\u00fctliche Ecke mit Gartenm\u00f6beln hat eine enorm tolle Wirkung, denn dies l\u00e4dt zum gemeinsamen Feiern und \u201eChillen\u201c ein. Mag man es \u201etypisch deutsch\u201c, dann darf der allseits bekannte Gartenzwerg nat\u00fcrlich nicht fehlen. An Ideen wird es nicht mangeln, ganz im Gegenteil. Man hat eher die Qual der Wahl und kann sich aus einer Vielzahl von <strong>Gestaltungsm\u00f6glichkeiten<\/strong> das Sch\u00f6nste heraussuchen.<br \/>\nDa der Sommer schneller kommt, wie man es glaubt, sollte man sich bereits heute einige Gedanken zur Gartendekoration machen. Je fr\u00fcher man beginnt, desto besser. So kann man voller Vorfreude dem Sommer entgegen fiebern, da man wei\u00df, dass eine sch\u00f6ne Sommerzeit auf einen wartet.<\/p>\n<h2>Weitere Beitr\u00e4ge:<\/h2>\n<h2>Dekoartikel von A-Z<\/h2>\n<p><a href=\"https:\/\/www.tafeldeko.de\/tischdeko-artikel\/\"><br \/>\nJetzt entdecken <\/a><\/p>\n","protected":false},"excerpt":{"rendered":"<p>Mit einer sch\u00f6nen Gartendekoration l\u00e4sst sich ein trister Garten, ein langweiliger Balkon oder eine schmucklose Terrasse hervorragend \u201eaufpimpen.\u201c In Nu kann man eine sch\u00f6ne Atmosph\u00e4re kreieren &#8211; auf die Ideen kommt es an. F\u00fcr die Gartendekoration kann man zu verschiedenen Deko-Elementen greifen oder man lenkt sein Augenmerk auf die Pflanzen. Nat\u00fcrlich ist auch eine Kombination [&hellip;]<\/p>\n","protected":false},"author":6,"featured_media":22652,"comment_status":"closed","ping_status":"closed","sticky":false,"template":"","format":"standard","meta":{"footnotes":""},"categories":[1],"tags":[],"yoast_head":"<!-- This site is optimized with the Yoast SEO plugin v20.4 - https:\/\/yoast.com\/wordpress\/plugins\/seo\/ -->\n<title>Gartendekoration f\u00fcr den Sommer - Tafeldeko<\/title>\n<meta name=\"description\" content=\"Bereits kleine Elemente k\u00f6nnen f\u00fcr eine gro\u00dfe Wirkung sorgen und zu einer originellen Gartendekoration und Atmosph\u00e4re beitragen.\" \/>\n<meta name=\"robots\" content=\"index, follow, max-snippet:-1, max-image-preview:large, max-video-preview:-1\" \/>\n<link rel=\"canonical\" href=\"https:\/\/www.tafeldeko.de\/news\/gartendekoration-fuer-den-sommer\/\" \/>\n<meta property=\"og:locale\" content=\"de_DE\" \/>\n<meta property=\"og:type\" content=\"article\" \/>\n<meta property=\"og:title\" content=\"Gartendekoration f\u00fcr den Sommer - Tafeldeko\" \/>\n<meta property=\"og:description\" content=\"Bereits kleine Elemente k\u00f6nnen f\u00fcr eine gro\u00dfe Wirkung sorgen und zu einer originellen Gartendekoration und Atmosph\u00e4re beitragen.\" \/>\n<meta property=\"og:url\" content=\"https:\/\/www.tafeldeko.de\/news\/gartendekoration-fuer-den-sommer\/\" \/>\n<meta property=\"og:site_name\" content=\"Tafeldeko\" \/>\n<meta property=\"article:publisher\" content=\"https:\/\/www.facebook.com\/pages\/Tafeldeko-einzigartige-Tischdekoration\/174202655894\" \/>\n<meta property=\"article:published_time\" content=\"2015-04-14T15:49:42+00:00\" \/>\n<meta property=\"article:modified_time\" content=\"2023-02-13T10:37:24+00:00\" \/>\n<meta property=\"og:image\" content=\"https:\/\/www.tafeldeko.de\/news\/wp-content\/uploads\/2015\/04\/20220305133301_IMG_6107.jpg\" \/>\n\t<meta property=\"og:image:width\" content=\"1561\" \/>\n\t<meta property=\"og:image:height\" content=\"1185\" \/>\n\t<meta property=\"og:image:type\" content=\"image\/jpeg\" \/>\n<meta name=\"author\" content=\"Tafeldeko Deko Team\" \/>\n<meta name=\"twitter:label1\" content=\"Verfasst von\" \/>\n\t<meta name=\"twitter:data1\" content=\"Tafeldeko Deko Team\" \/>\n\t<meta name=\"twitter:label2\" content=\"Gesch\u00e4tzte Lesezeit\" \/>\n\t<meta name=\"twitter:data2\" content=\"2 Minuten\" \/>\n<script type=\"application\/ld+json\" class=\"yoast-schema-graph\">{\"@context\":\"https:\/\/schema.org\",\"@graph\":[{\"@type\":\"WebPage\",\"@id\":\"https:\/\/www.tafeldeko.de\/news\/gartendekoration-fuer-den-sommer\/\",\"url\":\"https:\/\/www.tafeldeko.de\/news\/gartendekoration-fuer-den-sommer\/\",\"name\":\"Gartendekoration f\u00fcr den Sommer - Tafeldeko\",\"isPartOf\":{\"@id\":\"https:\/\/www.tafeldeko.de\/news\/#website\"},\"datePublished\":\"2015-04-14T15:49:42+00:00\",\"dateModified\":\"2023-02-13T10:37:24+00:00\",\"author\":{\"@id\":\"https:\/\/www.tafeldeko.de\/news\/#\/schema\/person\/dc309fbb6a3e380919fc08342c3cc233\"},\"description\":\"Bereits kleine Elemente k\u00f6nnen f\u00fcr eine gro\u00dfe Wirkung sorgen und zu einer originellen Gartendekoration und Atmosph\u00e4re beitragen.\",\"breadcrumb\":{\"@id\":\"https:\/\/www.tafeldeko.de\/news\/gartendekoration-fuer-den-sommer\/#breadcrumb\"},\"inLanguage\":\"de-DE\",\"potentialAction\":[{\"@type\":\"ReadAction\",\"target\":[\"https:\/\/www.tafeldeko.de\/news\/gartendekoration-fuer-den-sommer\/\"]}]},{\"@type\":\"BreadcrumbList\",\"@id\":\"https:\/\/www.tafeldeko.de\/news\/gartendekoration-fuer-den-sommer\/#breadcrumb\",\"itemListElement\":[{\"@type\":\"ListItem\",\"position\":1,\"name\":\"Tafeldeko\",\"item\":\"https:\/\/www.tafeldeko.de\/news\/\"},{\"@type\":\"ListItem\",\"position\":2,\"name\":\"Alte Beitr\u00e4ge\",\"item\":\"https:\/\/www.tafeldeko.de\/news\/alte-beitraege\/\"},{\"@type\":\"ListItem\",\"position\":3,\"name\":\"Tischdeko - Blog\",\"item\":\"https:\/\/www.tafeldeko.de\/news\/alte-beitraege\/tischdeko-blog\/\"},{\"@type\":\"ListItem\",\"position\":4,\"name\":\"Gartendekoration f\u00fcr den Sommer\"}]},{\"@type\":\"WebSite\",\"@id\":\"https:\/\/www.tafeldeko.de\/news\/#website\",\"url\":\"https:\/\/www.tafeldeko.de\/news\/\",\"name\":\"Tafeldeko\",\"description\":\"Blog mit Tischdeko und Tischdekoration Ideen\",\"potentialAction\":[{\"@type\":\"SearchAction\",\"target\":{\"@type\":\"EntryPoint\",\"urlTemplate\":\"https:\/\/www.tafeldeko.de\/news\/?s={search_term_string}\"},\"query-input\":\"required name=search_term_string\"}],\"inLanguage\":\"de-DE\"},{\"@type\":\"Person\",\"@id\":\"https:\/\/www.tafeldeko.de\/news\/#\/schema\/person\/dc309fbb6a3e380919fc08342c3cc233\",\"name\":\"Tafeldeko Deko Team\",\"image\":{\"@type\":\"ImageObject\",\"inLanguage\":\"de-DE\",\"@id\":\"https:\/\/www.tafeldeko.de\/news\/#\/schema\/person\/image\/\",\"url\":\"https:\/\/secure.gravatar.com\/avatar\/1e962f4040dc9996f0d200db31598854?s=96&d=mm&r=g\",\"contentUrl\":\"https:\/\/secure.gravatar.com\/avatar\/1e962f4040dc9996f0d200db31598854?s=96&d=mm&r=g\",\"caption\":\"Tafeldeko Deko Team\"}}]}<\/script>\n<!-- \/ Yoast SEO plugin. -->","yoast_head_json":{"title":"Gartendekoration f\u00fcr den Sommer - Tafeldeko","description":"Bereits kleine Elemente k\u00f6nnen f\u00fcr eine gro\u00dfe Wirkung sorgen und zu einer originellen Gartendekoration und Atmosph\u00e4re beitragen.","robots":{"index":"index","follow":"follow","max-snippet":"max-snippet:-1","max-image-preview":"max-image-preview:large","max-video-preview":"max-video-preview:-1"},"canonical":"https:\/\/www.tafeldeko.de\/news\/gartendekoration-fuer-den-sommer\/","og_locale":"de_DE","og_type":"article","og_title":"Gartendekoration f\u00fcr den Sommer - Tafeldeko","og_description":"Bereits kleine Elemente k\u00f6nnen f\u00fcr eine gro\u00dfe Wirkung sorgen und zu einer originellen Gartendekoration und Atmosph\u00e4re beitragen.","og_url":"https:\/\/www.tafeldeko.de\/news\/gartendekoration-fuer-den-sommer\/","og_site_name":"Tafeldeko","article_publisher":"https:\/\/www.facebook.com\/pages\/Tafeldeko-einzigartige-Tischdekoration\/174202655894","article_published_time":"2015-04-14T15:49:42+00:00","article_modified_time":"2023-02-13T10:37:24+00:00","og_image":[{"width":1561,"height":1185,"url":"https:\/\/www.tafeldeko.de\/news\/wp-content\/uploads\/2015\/04\/20220305133301_IMG_6107.jpg","type":"image\/jpeg"}],"author":"Tafeldeko Deko Team","twitter_misc":{"Verfasst von":"Tafeldeko Deko Team","Gesch\u00e4tzte Lesezeit":"2 Minuten"},"schema":{"@context":"https:\/\/schema.org","@graph":[{"@type":"WebPage","@id":"https:\/\/www.tafeldeko.de\/news\/gartendekoration-fuer-den-sommer\/","url":"https:\/\/www.tafeldeko.de\/news\/gartendekoration-fuer-den-sommer\/","name":"Gartendekoration f\u00fcr den Sommer - Tafeldeko","isPartOf":{"@id":"https:\/\/www.tafeldeko.de\/news\/#website"},"datePublished":"2015-04-14T15:49:42+00:00","dateModified":"2023-02-13T10:37:24+00:00","author":{"@id":"https:\/\/www.tafeldeko.de\/news\/#\/schema\/person\/dc309fbb6a3e380919fc08342c3cc233"},"description":"Bereits kleine Elemente k\u00f6nnen f\u00fcr eine gro\u00dfe Wirkung sorgen und zu einer originellen Gartendekoration und Atmosph\u00e4re beitragen.","breadcrumb":{"@id":"https:\/\/www.tafeldeko.de\/news\/gartendekoration-fuer-den-sommer\/#breadcrumb"},"inLanguage":"de-DE","potentialAction":[{"@type":"ReadAction","target":["https:\/\/www.tafeldeko.de\/news\/gartendekoration-fuer-den-sommer\/"]}]},{"@type":"BreadcrumbList","@id":"https:\/\/www.tafeldeko.de\/news\/gartendekoration-fuer-den-sommer\/#breadcrumb","itemListElement":[{"@type":"ListItem","position":1,"name":"Tafeldeko","item":"https:\/\/www.tafeldeko.de\/news\/"},{"@type":"ListItem","position":2,"name":"Alte Beitr\u00e4ge","item":"https:\/\/www.tafeldeko.de\/news\/alte-beitraege\/"},{"@type":"ListItem","position":3,"name":"Tischdeko - Blog","item":"https:\/\/www.tafeldeko.de\/news\/alte-beitraege\/tischdeko-blog\/"},{"@type":"ListItem","position":4,"name":"Gartendekoration f\u00fcr den Sommer"}]},{"@type":"WebSite","@id":"https:\/\/www.tafeldeko.de\/news\/#website","url":"https:\/\/www.tafeldeko.de\/news\/","name":"Tafeldeko","description":"Blog mit Tischdeko und Tischdekoration Ideen","potentialAction":[{"@type":"SearchAction","target":{"@type":"EntryPoint","urlTemplate":"https:\/\/www.tafeldeko.de\/news\/?s={search_term_string}"},"query-input":"required name=search_term_string"}],"inLanguage":"de-DE"},{"@type":"Person","@id":"https:\/\/www.tafeldeko.de\/news\/#\/schema\/person\/dc309fbb6a3e380919fc08342c3cc233","name":"Tafeldeko Deko Team","image":{"@type":"ImageObject","inLanguage":"de-DE","@id":"https:\/\/www.tafeldeko.de\/news\/#\/schema\/person\/image\/","url":"https:\/\/secure.gravatar.com\/avatar\/1e962f4040dc9996f0d200db31598854?s=96&d=mm&r=g","contentUrl":"https:\/\/secure.gravatar.com\/avatar\/1e962f4040dc9996f0d200db31598854?s=96&d=mm&r=g","caption":"Tafeldeko Deko Team"}}]}},"_links":{"self":[{"href":"https:\/\/www.tafeldeko.de\/news\/wp-json\/wp\/v2\/posts\/6174"}],"collection":[{"href":"https:\/\/www.tafeldeko.de\/news\/wp-json\/wp\/v2\/posts"}],"about":[{"href":"https:\/\/www.tafeldeko.de\/news\/wp-json\/wp\/v2\/types\/post"}],"author":[{"embeddable":true,"href":"https:\/\/www.tafeldeko.de\/news\/wp-json\/wp\/v2\/users\/6"}],"replies":[{"embeddable":true,"href":"https:\/\/www.tafeldeko.de\/news\/wp-json\/wp\/v2\/comments?post=6174"}],"version-history":[{"count":5,"href":"https:\/\/www.tafeldeko.de\/news\/wp-json\/wp\/v2\/posts\/6174\/revisions"}],"predecessor-version":[{"id":22656,"href":"https:\/\/www.tafeldeko.de\/news\/wp-json\/wp\/v2\/posts\/6174\/revisions\/22656"}],"wp:featuredmedia":[{"embeddable":true,"href":"https:\/\/www.tafeldeko.de\/news\/wp-json\/wp\/v2\/media\/22652"}],"wp:attachment":[{"href":"https:\/\/www.tafeldeko.de\/news\/wp-json\/wp\/v2\/media?parent=6174"}],"wp:term":[{"taxonomy":"category","embeddable":true,"href":"https:\/\/www.tafeldeko.de\/news\/wp-json\/wp\/v2\/categories?post=6174"},{"taxonomy":"post_tag","embeddable":true,"href":"https:\/\/www.tafeldeko.de\/news\/wp-json\/wp\/v2\/tags?post=6174"}],"curies":[{"name":"wp","href":"https:\/\/api.w.org\/{rel}","templated":true}]}}