{"id":6152,"date":"2015-04-03T12:23:17","date_gmt":"2015-04-03T10:23:17","guid":{"rendered":"http:\/\/www.tafeldeko.de\/news\/?p=6152"},"modified":"2023-02-13T11:49:49","modified_gmt":"2023-02-13T10:49:49","slug":"deko-auf-der-fensterbank-stilvoll-schoen","status":"publish","type":"post","link":"https:\/\/www.tafeldeko.de\/news\/deko-auf-der-fensterbank-stilvoll-schoen\/","title":{"rendered":"Deko auf der Fensterbank &#8211; stilvoll sch\u00f6n"},"content":{"rendered":"<p>Mit der <strong>Deko auf der Fensterbank<\/strong> setzt man stilvolle und tolle Akzente in den eigenen vier W\u00e4nden und verleiht seiner Wohnung eine individuelle Note. Die Zeit einer sterilen und langweiligen Wohnung ist vorbei &#8211; es ist die Zeit f\u00fcr <strong>Originalit\u00e4t und Kreativit\u00e4t<\/strong> gekommen. Bei der Deko kann man sich nach Lust und Laune austoben und zu den unterschiedlichsten Deko-Artikeln greifen. Die Gestaltungsm\u00f6glichkeiten sind sehr vielf\u00e4ltig und man kann sowohl unterschiedliche Deko-Stile als auch unterschiedliche Materialien miteinander kombinieren.<\/p>\n<p><img decoding=\"async\" loading=\"lazy\" src=\"https:\/\/www.tafeldeko.de\/news\/wp-content\/uploads\/2022\/02\/20220305_112331-1024x576.jpg\" sizes=\"(max-width: 800px) 100vw, 800px\" srcset=\"https:\/\/www.tafeldeko.de\/news\/wp-content\/uploads\/2022\/02\/20220305_112331-1024x576.jpg 1024w, https:\/\/www.tafeldeko.de\/news\/wp-content\/uploads\/2022\/02\/20220305_112331-300x169.jpg 300w, https:\/\/www.tafeldeko.de\/news\/wp-content\/uploads\/2022\/02\/20220305_112331-768x432.jpg 768w, https:\/\/www.tafeldeko.de\/news\/wp-content\/uploads\/2022\/02\/20220305_112331-1536x864.jpg 1536w, https:\/\/www.tafeldeko.de\/news\/wp-content\/uploads\/2022\/02\/20220305_112331-2048x1152.jpg 2048w, https:\/\/www.tafeldeko.de\/news\/wp-content\/uploads\/2022\/02\/20220305_112331-640x360.jpg 640w\" alt=\"Deko auf der Fensterbank\" width=\"800\" height=\"450\" \/><\/p>\n<h2>Deko auf der Fensterbank &#8211; was kann in Fragen kommen?<\/h2>\n<p>Bei der Deko auf der Fensterbank ist vieles m\u00f6glich &#8211; man kann zum Beispiel Blumen in Vasen, dekorative Accessoires, wie <strong>Rattan-Kugeln in Vasen<\/strong>, Windlichter und vieles mehr auf der Ablage am Fenster platzieren. Wer nur eine nach au\u00dfen gerichtete Fensterbank hat, kann beispielsweise zu kleinen Kr\u00e4uter- und Blumenbeeten greifen, die ebenfalls sehr dekorativ sind. Ideen findet man im Internet oder auch in den Blumenl\u00e4den vor Ort.<br \/>\nDie Deko sorgt f\u00fcr ein besonderes <strong>Feeling<\/strong> und man kann sich nach einem stressigen Tag in seine vier W\u00e4nde zur\u00fcckziehen.<br \/>\nUm auf die Deko auf der Fensterbank zur\u00fcck zu kommen, kann man auch zu kreativen Accessoires greifen und diverse Artikel entsprechend aufpeppen. So kann man Blument\u00f6pfe bemalen oder auch ein Glas mit Sand und Deko-Steinen bef\u00fcllen und ein sch\u00f6nes Windlicht kreieren. Wer kreativ ist, wird mit einer gewissen Leichtigkeit an diese Aufgabe heran gehen und zu sch\u00f6nen Ergebnissen kommen.<br \/>\nBeim Dekorieren gibt es kein richtig oder falsch. Wichtig ist, dass man darauf achtet, welche <strong>Deko-Artikel<\/strong> zueinander passen und diese kann man dann nach den eigenen Vorstellungen drapieren. Des Weiteren kann man sich Anregungen und Inspirationen \u00fcber das Internet einholen und im Anschluss danach seine Wohnung entsprechend dekorieren. Die Deko auf der Fensterbank ist eine ganzj\u00e4hrige dekorative M\u00f6glichkeit und deshalb l\u00e4sst sich immer etwas Sch\u00f6nes finden.<\/p>\n<h2>Weitere Beitr\u00e4ge:<\/h2>\n<h2>Dekoartikel von A-Z<\/h2>\n<p><a href=\"https:\/\/www.tafeldeko.de\/tischdeko-artikel\/\"><br \/>\nJetzt entdecken <\/a><\/p>\n","protected":false},"excerpt":{"rendered":"<p>Mit der Deko auf der Fensterbank setzt man stilvolle und tolle Akzente in den eigenen vier W\u00e4nden und verleiht seiner Wohnung eine individuelle Note. Die Zeit einer sterilen und langweiligen Wohnung ist vorbei &#8211; es ist die Zeit f\u00fcr Originalit\u00e4t und Kreativit\u00e4t gekommen. Bei der Deko kann man sich nach Lust und Laune austoben und [&hellip;]<\/p>\n","protected":false},"author":6,"featured_media":16293,"comment_status":"closed","ping_status":"closed","sticky":false,"template":"","format":"standard","meta":{"footnotes":""},"categories":[1],"tags":[],"yoast_head":"<!-- This site is optimized with the Yoast SEO plugin v20.4 - https:\/\/yoast.com\/wordpress\/plugins\/seo\/ -->\n<title>Deko auf der Fensterbank - stilvoll sch\u00f6n - Tafeldeko<\/title>\n<meta name=\"description\" content=\"Die Deko auf der Fensterbank sorgt f\u00fcr ein besonderes Feeling und man kann sich nach einem stressigen Tag in seine vier W\u00e4nde zur\u00fcckziehen.\" \/>\n<meta name=\"robots\" content=\"index, follow, max-snippet:-1, max-image-preview:large, max-video-preview:-1\" \/>\n<link rel=\"canonical\" href=\"https:\/\/www.tafeldeko.de\/news\/deko-auf-der-fensterbank-stilvoll-schoen\/\" \/>\n<meta property=\"og:locale\" content=\"de_DE\" \/>\n<meta property=\"og:type\" content=\"article\" \/>\n<meta property=\"og:title\" content=\"Deko auf der Fensterbank - stilvoll sch\u00f6n - Tafeldeko\" \/>\n<meta property=\"og:description\" content=\"Die Deko auf der Fensterbank sorgt f\u00fcr ein besonderes Feeling und man kann sich nach einem stressigen Tag in seine vier W\u00e4nde zur\u00fcckziehen.\" \/>\n<meta property=\"og:url\" content=\"https:\/\/www.tafeldeko.de\/news\/deko-auf-der-fensterbank-stilvoll-schoen\/\" \/>\n<meta property=\"og:site_name\" content=\"Tafeldeko\" \/>\n<meta property=\"article:publisher\" content=\"https:\/\/www.facebook.com\/pages\/Tafeldeko-einzigartige-Tischdekoration\/174202655894\" \/>\n<meta property=\"article:published_time\" content=\"2015-04-03T10:23:17+00:00\" \/>\n<meta property=\"article:modified_time\" content=\"2023-02-13T10:49:49+00:00\" \/>\n<meta property=\"og:image\" content=\"https:\/\/www.tafeldeko.de\/news\/wp-content\/uploads\/2022\/02\/20220305_112331-scaled.jpg\" \/>\n\t<meta property=\"og:image:width\" content=\"2560\" \/>\n\t<meta property=\"og:image:height\" content=\"1440\" \/>\n\t<meta property=\"og:image:type\" content=\"image\/jpeg\" \/>\n<meta name=\"author\" content=\"Tafeldeko Deko Team\" \/>\n<meta name=\"twitter:label1\" content=\"Verfasst von\" \/>\n\t<meta name=\"twitter:data1\" content=\"Tafeldeko Deko Team\" \/>\n\t<meta name=\"twitter:label2\" content=\"Gesch\u00e4tzte Lesezeit\" \/>\n\t<meta name=\"twitter:data2\" content=\"2 Minuten\" \/>\n<script type=\"application\/ld+json\" class=\"yoast-schema-graph\">{\"@context\":\"https:\/\/schema.org\",\"@graph\":[{\"@type\":\"WebPage\",\"@id\":\"https:\/\/www.tafeldeko.de\/news\/deko-auf-der-fensterbank-stilvoll-schoen\/\",\"url\":\"https:\/\/www.tafeldeko.de\/news\/deko-auf-der-fensterbank-stilvoll-schoen\/\",\"name\":\"Deko auf der Fensterbank - stilvoll sch\u00f6n - Tafeldeko\",\"isPartOf\":{\"@id\":\"https:\/\/www.tafeldeko.de\/news\/#website\"},\"datePublished\":\"2015-04-03T10:23:17+00:00\",\"dateModified\":\"2023-02-13T10:49:49+00:00\",\"author\":{\"@id\":\"https:\/\/www.tafeldeko.de\/news\/#\/schema\/person\/dc309fbb6a3e380919fc08342c3cc233\"},\"description\":\"Die Deko auf der Fensterbank sorgt f\u00fcr ein besonderes Feeling und man kann sich nach einem stressigen Tag in seine vier W\u00e4nde zur\u00fcckziehen.\",\"breadcrumb\":{\"@id\":\"https:\/\/www.tafeldeko.de\/news\/deko-auf-der-fensterbank-stilvoll-schoen\/#breadcrumb\"},\"inLanguage\":\"de-DE\",\"potentialAction\":[{\"@type\":\"ReadAction\",\"target\":[\"https:\/\/www.tafeldeko.de\/news\/deko-auf-der-fensterbank-stilvoll-schoen\/\"]}]},{\"@type\":\"BreadcrumbList\",\"@id\":\"https:\/\/www.tafeldeko.de\/news\/deko-auf-der-fensterbank-stilvoll-schoen\/#breadcrumb\",\"itemListElement\":[{\"@type\":\"ListItem\",\"position\":1,\"name\":\"Tafeldeko\",\"item\":\"https:\/\/www.tafeldeko.de\/news\/\"},{\"@type\":\"ListItem\",\"position\":2,\"name\":\"Alte Beitr\u00e4ge\",\"item\":\"https:\/\/www.tafeldeko.de\/news\/alte-beitraege\/\"},{\"@type\":\"ListItem\",\"position\":3,\"name\":\"Tischdeko - Blog\",\"item\":\"https:\/\/www.tafeldeko.de\/news\/alte-beitraege\/tischdeko-blog\/\"},{\"@type\":\"ListItem\",\"position\":4,\"name\":\"Deko auf der Fensterbank &#8211; stilvoll sch\u00f6n\"}]},{\"@type\":\"WebSite\",\"@id\":\"https:\/\/www.tafeldeko.de\/news\/#website\",\"url\":\"https:\/\/www.tafeldeko.de\/news\/\",\"name\":\"Tafeldeko\",\"description\":\"Blog mit Tischdeko und Tischdekoration Ideen\",\"potentialAction\":[{\"@type\":\"SearchAction\",\"target\":{\"@type\":\"EntryPoint\",\"urlTemplate\":\"https:\/\/www.tafeldeko.de\/news\/?s={search_term_string}\"},\"query-input\":\"required name=search_term_string\"}],\"inLanguage\":\"de-DE\"},{\"@type\":\"Person\",\"@id\":\"https:\/\/www.tafeldeko.de\/news\/#\/schema\/person\/dc309fbb6a3e380919fc08342c3cc233\",\"name\":\"Tafeldeko Deko Team\",\"image\":{\"@type\":\"ImageObject\",\"inLanguage\":\"de-DE\",\"@id\":\"https:\/\/www.tafeldeko.de\/news\/#\/schema\/person\/image\/\",\"url\":\"https:\/\/secure.gravatar.com\/avatar\/1e962f4040dc9996f0d200db31598854?s=96&d=mm&r=g\",\"contentUrl\":\"https:\/\/secure.gravatar.com\/avatar\/1e962f4040dc9996f0d200db31598854?s=96&d=mm&r=g\",\"caption\":\"Tafeldeko Deko Team\"}}]}<\/script>\n<!-- \/ Yoast SEO plugin. -->","yoast_head_json":{"title":"Deko auf der Fensterbank - stilvoll sch\u00f6n - Tafeldeko","description":"Die Deko auf der Fensterbank sorgt f\u00fcr ein besonderes Feeling und man kann sich nach einem stressigen Tag in seine vier W\u00e4nde zur\u00fcckziehen.","robots":{"index":"index","follow":"follow","max-snippet":"max-snippet:-1","max-image-preview":"max-image-preview:large","max-video-preview":"max-video-preview:-1"},"canonical":"https:\/\/www.tafeldeko.de\/news\/deko-auf-der-fensterbank-stilvoll-schoen\/","og_locale":"de_DE","og_type":"article","og_title":"Deko auf der Fensterbank - stilvoll sch\u00f6n - Tafeldeko","og_description":"Die Deko auf der Fensterbank sorgt f\u00fcr ein besonderes Feeling und man kann sich nach einem stressigen Tag in seine vier W\u00e4nde zur\u00fcckziehen.","og_url":"https:\/\/www.tafeldeko.de\/news\/deko-auf-der-fensterbank-stilvoll-schoen\/","og_site_name":"Tafeldeko","article_publisher":"https:\/\/www.facebook.com\/pages\/Tafeldeko-einzigartige-Tischdekoration\/174202655894","article_published_time":"2015-04-03T10:23:17+00:00","article_modified_time":"2023-02-13T10:49:49+00:00","og_image":[{"width":2560,"height":1440,"url":"https:\/\/www.tafeldeko.de\/news\/wp-content\/uploads\/2022\/02\/20220305_112331-scaled.jpg","type":"image\/jpeg"}],"author":"Tafeldeko Deko Team","twitter_misc":{"Verfasst von":"Tafeldeko Deko Team","Gesch\u00e4tzte Lesezeit":"2 Minuten"},"schema":{"@context":"https:\/\/schema.org","@graph":[{"@type":"WebPage","@id":"https:\/\/www.tafeldeko.de\/news\/deko-auf-der-fensterbank-stilvoll-schoen\/","url":"https:\/\/www.tafeldeko.de\/news\/deko-auf-der-fensterbank-stilvoll-schoen\/","name":"Deko auf der Fensterbank - stilvoll sch\u00f6n - Tafeldeko","isPartOf":{"@id":"https:\/\/www.tafeldeko.de\/news\/#website"},"datePublished":"2015-04-03T10:23:17+00:00","dateModified":"2023-02-13T10:49:49+00:00","author":{"@id":"https:\/\/www.tafeldeko.de\/news\/#\/schema\/person\/dc309fbb6a3e380919fc08342c3cc233"},"description":"Die Deko auf der Fensterbank sorgt f\u00fcr ein besonderes Feeling und man kann sich nach einem stressigen Tag in seine vier W\u00e4nde zur\u00fcckziehen.","breadcrumb":{"@id":"https:\/\/www.tafeldeko.de\/news\/deko-auf-der-fensterbank-stilvoll-schoen\/#breadcrumb"},"inLanguage":"de-DE","potentialAction":[{"@type":"ReadAction","target":["https:\/\/www.tafeldeko.de\/news\/deko-auf-der-fensterbank-stilvoll-schoen\/"]}]},{"@type":"BreadcrumbList","@id":"https:\/\/www.tafeldeko.de\/news\/deko-auf-der-fensterbank-stilvoll-schoen\/#breadcrumb","itemListElement":[{"@type":"ListItem","position":1,"name":"Tafeldeko","item":"https:\/\/www.tafeldeko.de\/news\/"},{"@type":"ListItem","position":2,"name":"Alte Beitr\u00e4ge","item":"https:\/\/www.tafeldeko.de\/news\/alte-beitraege\/"},{"@type":"ListItem","position":3,"name":"Tischdeko - Blog","item":"https:\/\/www.tafeldeko.de\/news\/alte-beitraege\/tischdeko-blog\/"},{"@type":"ListItem","position":4,"name":"Deko auf der Fensterbank &#8211; stilvoll sch\u00f6n"}]},{"@type":"WebSite","@id":"https:\/\/www.tafeldeko.de\/news\/#website","url":"https:\/\/www.tafeldeko.de\/news\/","name":"Tafeldeko","description":"Blog mit Tischdeko und Tischdekoration Ideen","potentialAction":[{"@type":"SearchAction","target":{"@type":"EntryPoint","urlTemplate":"https:\/\/www.tafeldeko.de\/news\/?s={search_term_string}"},"query-input":"required name=search_term_string"}],"inLanguage":"de-DE"},{"@type":"Person","@id":"https:\/\/www.tafeldeko.de\/news\/#\/schema\/person\/dc309fbb6a3e380919fc08342c3cc233","name":"Tafeldeko Deko Team","image":{"@type":"ImageObject","inLanguage":"de-DE","@id":"https:\/\/www.tafeldeko.de\/news\/#\/schema\/person\/image\/","url":"https:\/\/secure.gravatar.com\/avatar\/1e962f4040dc9996f0d200db31598854?s=96&d=mm&r=g","contentUrl":"https:\/\/secure.gravatar.com\/avatar\/1e962f4040dc9996f0d200db31598854?s=96&d=mm&r=g","caption":"Tafeldeko Deko Team"}}]}},"_links":{"self":[{"href":"https:\/\/www.tafeldeko.de\/news\/wp-json\/wp\/v2\/posts\/6152"}],"collection":[{"href":"https:\/\/www.tafeldeko.de\/news\/wp-json\/wp\/v2\/posts"}],"about":[{"href":"https:\/\/www.tafeldeko.de\/news\/wp-json\/wp\/v2\/types\/post"}],"author":[{"embeddable":true,"href":"https:\/\/www.tafeldeko.de\/news\/wp-json\/wp\/v2\/users\/6"}],"replies":[{"embeddable":true,"href":"https:\/\/www.tafeldeko.de\/news\/wp-json\/wp\/v2\/comments?post=6152"}],"version-history":[{"count":5,"href":"https:\/\/www.tafeldeko.de\/news\/wp-json\/wp\/v2\/posts\/6152\/revisions"}],"predecessor-version":[{"id":22669,"href":"https:\/\/www.tafeldeko.de\/news\/wp-json\/wp\/v2\/posts\/6152\/revisions\/22669"}],"wp:featuredmedia":[{"embeddable":true,"href":"https:\/\/www.tafeldeko.de\/news\/wp-json\/wp\/v2\/media\/16293"}],"wp:attachment":[{"href":"https:\/\/www.tafeldeko.de\/news\/wp-json\/wp\/v2\/media?parent=6152"}],"wp:term":[{"taxonomy":"category","embeddable":true,"href":"https:\/\/www.tafeldeko.de\/news\/wp-json\/wp\/v2\/categories?post=6152"},{"taxonomy":"post_tag","embeddable":true,"href":"https:\/\/www.tafeldeko.de\/news\/wp-json\/wp\/v2\/tags?post=6152"}],"curies":[{"name":"wp","href":"https:\/\/api.w.org\/{rel}","templated":true}]}}