{"id":6148,"date":"2015-04-03T12:17:02","date_gmt":"2015-04-03T10:17:02","guid":{"rendered":"http:\/\/www.tafeldeko.de\/news\/?p=6148"},"modified":"2023-02-13T11:54:06","modified_gmt":"2023-02-13T10:54:06","slug":"geburtstags-tischdeko-signalisiert","status":"publish","type":"post","link":"https:\/\/www.tafeldeko.de\/news\/geburtstags-tischdeko-signalisiert\/","title":{"rendered":"Geburtstags Tischdeko im Fr\u00fchlingslook"},"content":{"rendered":"<p>Diejenigen, die im Fr\u00fchjahr das Gl\u00fcck haben Geburtstag feiern zu k\u00f6nnen, brauchen nat\u00fcrlich auch eine sch\u00f6ne <strong>Geburtstags Tischdeko<\/strong>. Diese Geburtstags Tischdeko kann die unterschiedlichen Deko-Elemente des Fr\u00fchlings aufgreifen und zu einem tollen Gesamtbild beitragen. Ganz egal, ob man f\u00fcr den 18., den 40. oder den 56. Geburtstag dekoriert, die Geburtstags Tischdeko darf bei keiner Feierlichkeit fehlen und ist das A und O f\u00fcr einen unvergesslichen Tag. Eine<strong> liebevolle <a title=\"Tischdeko\" href=\"https:\/\/www.tafeldeko.de\" target=\"_blank\" rel=\"noopener\">Tischdeko<\/a><\/strong> l\u00e4dt zum gemeinsamen Feiern ein und stellt den entsprechenden Rahmen f\u00fcr den Ehrentag dar.<\/p>\n<p><img decoding=\"async\" loading=\"lazy\" src=\"https:\/\/www.tafeldeko.de\/news\/wp-content\/uploads\/2015\/04\/margeritenblueten.jpg\" alt=\"Geburtstags Tischdeko im Fr\u00fchlingslook\" width=\"150\" height=\"150\" \/><\/p>\n<h2>Die Geburtstags Tischdeko im Fr\u00fchlingslook ist das Highlight<\/h2>\n<p>Damit die Tischdekoration zum Geburtstag auch zum Highlight wird, muss man die dekorativen Accessoires gekonnt in Szene setzen. Nur so kommt man seinem Ziel, einer perfekten Tischdeko St\u00fcck f\u00fcr St\u00fcck n\u00e4her. F\u00fcr die Geburtstags Tischdeko im Fr\u00fchlingslook kann man beispielsweise zu den \u201eMargeritenbl\u00fcten als Streudeko\u201c von Tafeldeko greifen.<br \/>\nDie <strong>fr\u00fchlingshaften Streudekoteile<\/strong> erg\u00e4nzen das Gesamtbild aus Tischware, Servietten oder Kerzen ideal und weitere Gestaltungsm\u00f6glichkeiten sind sehr vielseitig. Man kann die Bl\u00fcten auch hervorragend zum Verzieren von T\u00fcrkr\u00e4nzen oder sogar Einladungskarten verwenden. In Punkto Geburtstags Tischdeko hat man jede Menge Freiraum und kann nach Lust und Laune sowie nach Geschmack und eigener Vorstellung dekorieren. Je kreativer man ist, desto toller wird die Tischdekoration letztlich werden. Ist man allerdings ohne eine tolle Idee, ist dies kein Grund zur Panik, denn es gibt bereits fertig dekorierte Mustertische im Internet, die man in die Tat umsetzen kann.<br \/>\nDie Geburtstags Tischdeko ist somit ein Punkt auf der \u201eTo-do Liste\u201c und sollte somit in die Planung mitaufgenommen werden, wie das Men\u00fc f\u00fcr die G\u00e4ste oder auch die musikalische Begleitung f\u00fcr diesen Tag. <strong>Geburtstage<\/strong> muss man so feiern wie sie fallen, denn man kann nie wissen, wann man erneut in dieser fr\u00f6hlichen Runde beisammen sitzen kann. Zum Schluss kann man nur noch viel Spa\u00df beim Feiern w\u00fcnschen.<\/p>\n<h2>Weitere Beitr\u00e4ge:<\/h2>\n<h2>Dekoartikel von A-Z<\/h2>\n<p><a href=\"https:\/\/www.tafeldeko.de\/tischdeko-artikel\/\"><br \/>\nJetzt entdecken <\/a><\/p>\n","protected":false},"excerpt":{"rendered":"<p>Diejenigen, die im Fr\u00fchjahr das Gl\u00fcck haben Geburtstag feiern zu k\u00f6nnen, brauchen nat\u00fcrlich auch eine sch\u00f6ne Geburtstags Tischdeko. Diese Geburtstags Tischdeko kann die unterschiedlichen Deko-Elemente des Fr\u00fchlings aufgreifen und zu einem tollen Gesamtbild beitragen. Ganz egal, ob man f\u00fcr den 18., den 40. oder den 56. Geburtstag dekoriert, die Geburtstags Tischdeko darf bei keiner Feierlichkeit [&hellip;]<\/p>\n","protected":false},"author":6,"featured_media":6149,"comment_status":"closed","ping_status":"closed","sticky":false,"template":"","format":"standard","meta":{"footnotes":""},"categories":[1],"tags":[],"yoast_head":"<!-- This site is optimized with the Yoast SEO plugin v20.4 - https:\/\/yoast.com\/wordpress\/plugins\/seo\/ -->\n<title>Geburtstags Tischdeko im Fr\u00fchlingslook - Tafeldeko<\/title>\n<meta name=\"description\" content=\"F\u00fcr die Geburtstags Tischdeko im Fr\u00fchlingslook passen die Margeritenbl\u00fcten als Streudeko aus unserem Shop hervorragend dazu.\" \/>\n<meta name=\"robots\" content=\"index, follow, max-snippet:-1, max-image-preview:large, max-video-preview:-1\" \/>\n<link rel=\"canonical\" href=\"https:\/\/www.tafeldeko.de\/news\/geburtstags-tischdeko-signalisiert\/\" \/>\n<meta property=\"og:locale\" content=\"de_DE\" \/>\n<meta property=\"og:type\" content=\"article\" \/>\n<meta property=\"og:title\" content=\"Geburtstags Tischdeko im Fr\u00fchlingslook - Tafeldeko\" \/>\n<meta property=\"og:description\" content=\"F\u00fcr die Geburtstags Tischdeko im Fr\u00fchlingslook passen die Margeritenbl\u00fcten als Streudeko aus unserem Shop hervorragend dazu.\" \/>\n<meta property=\"og:url\" content=\"https:\/\/www.tafeldeko.de\/news\/geburtstags-tischdeko-signalisiert\/\" \/>\n<meta property=\"og:site_name\" content=\"Tafeldeko\" \/>\n<meta property=\"article:publisher\" content=\"https:\/\/www.facebook.com\/pages\/Tafeldeko-einzigartige-Tischdekoration\/174202655894\" \/>\n<meta property=\"article:published_time\" content=\"2015-04-03T10:17:02+00:00\" \/>\n<meta property=\"article:modified_time\" content=\"2023-02-13T10:54:06+00:00\" \/>\n<meta property=\"og:image\" content=\"https:\/\/www.tafeldeko.de\/news\/wp-content\/uploads\/2015\/04\/margeritenblueten.jpg\" \/>\n\t<meta property=\"og:image:width\" content=\"150\" \/>\n\t<meta property=\"og:image:height\" content=\"150\" \/>\n\t<meta property=\"og:image:type\" content=\"image\/jpeg\" \/>\n<meta name=\"author\" content=\"Tafeldeko Deko Team\" \/>\n<meta name=\"twitter:label1\" content=\"Verfasst von\" \/>\n\t<meta name=\"twitter:data1\" content=\"Tafeldeko Deko Team\" \/>\n\t<meta name=\"twitter:label2\" content=\"Gesch\u00e4tzte Lesezeit\" \/>\n\t<meta name=\"twitter:data2\" content=\"2 Minuten\" \/>\n<script type=\"application\/ld+json\" class=\"yoast-schema-graph\">{\"@context\":\"https:\/\/schema.org\",\"@graph\":[{\"@type\":\"WebPage\",\"@id\":\"https:\/\/www.tafeldeko.de\/news\/geburtstags-tischdeko-signalisiert\/\",\"url\":\"https:\/\/www.tafeldeko.de\/news\/geburtstags-tischdeko-signalisiert\/\",\"name\":\"Geburtstags Tischdeko im Fr\u00fchlingslook - Tafeldeko\",\"isPartOf\":{\"@id\":\"https:\/\/www.tafeldeko.de\/news\/#website\"},\"datePublished\":\"2015-04-03T10:17:02+00:00\",\"dateModified\":\"2023-02-13T10:54:06+00:00\",\"author\":{\"@id\":\"https:\/\/www.tafeldeko.de\/news\/#\/schema\/person\/dc309fbb6a3e380919fc08342c3cc233\"},\"description\":\"F\u00fcr die Geburtstags Tischdeko im Fr\u00fchlingslook passen die Margeritenbl\u00fcten als Streudeko aus unserem Shop hervorragend dazu.\",\"breadcrumb\":{\"@id\":\"https:\/\/www.tafeldeko.de\/news\/geburtstags-tischdeko-signalisiert\/#breadcrumb\"},\"inLanguage\":\"de-DE\",\"potentialAction\":[{\"@type\":\"ReadAction\",\"target\":[\"https:\/\/www.tafeldeko.de\/news\/geburtstags-tischdeko-signalisiert\/\"]}]},{\"@type\":\"BreadcrumbList\",\"@id\":\"https:\/\/www.tafeldeko.de\/news\/geburtstags-tischdeko-signalisiert\/#breadcrumb\",\"itemListElement\":[{\"@type\":\"ListItem\",\"position\":1,\"name\":\"Tafeldeko\",\"item\":\"https:\/\/www.tafeldeko.de\/news\/\"},{\"@type\":\"ListItem\",\"position\":2,\"name\":\"Alte Beitr\u00e4ge\",\"item\":\"https:\/\/www.tafeldeko.de\/news\/alte-beitraege\/\"},{\"@type\":\"ListItem\",\"position\":3,\"name\":\"Tischdeko - Blog\",\"item\":\"https:\/\/www.tafeldeko.de\/news\/alte-beitraege\/tischdeko-blog\/\"},{\"@type\":\"ListItem\",\"position\":4,\"name\":\"Geburtstags Tischdeko im Fr\u00fchlingslook\"}]},{\"@type\":\"WebSite\",\"@id\":\"https:\/\/www.tafeldeko.de\/news\/#website\",\"url\":\"https:\/\/www.tafeldeko.de\/news\/\",\"name\":\"Tafeldeko\",\"description\":\"Blog mit Tischdeko und Tischdekoration Ideen\",\"potentialAction\":[{\"@type\":\"SearchAction\",\"target\":{\"@type\":\"EntryPoint\",\"urlTemplate\":\"https:\/\/www.tafeldeko.de\/news\/?s={search_term_string}\"},\"query-input\":\"required name=search_term_string\"}],\"inLanguage\":\"de-DE\"},{\"@type\":\"Person\",\"@id\":\"https:\/\/www.tafeldeko.de\/news\/#\/schema\/person\/dc309fbb6a3e380919fc08342c3cc233\",\"name\":\"Tafeldeko Deko Team\",\"image\":{\"@type\":\"ImageObject\",\"inLanguage\":\"de-DE\",\"@id\":\"https:\/\/www.tafeldeko.de\/news\/#\/schema\/person\/image\/\",\"url\":\"https:\/\/secure.gravatar.com\/avatar\/1e962f4040dc9996f0d200db31598854?s=96&d=mm&r=g\",\"contentUrl\":\"https:\/\/secure.gravatar.com\/avatar\/1e962f4040dc9996f0d200db31598854?s=96&d=mm&r=g\",\"caption\":\"Tafeldeko Deko Team\"}}]}<\/script>\n<!-- \/ Yoast SEO plugin. -->","yoast_head_json":{"title":"Geburtstags Tischdeko im Fr\u00fchlingslook - Tafeldeko","description":"F\u00fcr die Geburtstags Tischdeko im Fr\u00fchlingslook passen die Margeritenbl\u00fcten als Streudeko aus unserem Shop hervorragend dazu.","robots":{"index":"index","follow":"follow","max-snippet":"max-snippet:-1","max-image-preview":"max-image-preview:large","max-video-preview":"max-video-preview:-1"},"canonical":"https:\/\/www.tafeldeko.de\/news\/geburtstags-tischdeko-signalisiert\/","og_locale":"de_DE","og_type":"article","og_title":"Geburtstags Tischdeko im Fr\u00fchlingslook - Tafeldeko","og_description":"F\u00fcr die Geburtstags Tischdeko im Fr\u00fchlingslook passen die Margeritenbl\u00fcten als Streudeko aus unserem Shop hervorragend dazu.","og_url":"https:\/\/www.tafeldeko.de\/news\/geburtstags-tischdeko-signalisiert\/","og_site_name":"Tafeldeko","article_publisher":"https:\/\/www.facebook.com\/pages\/Tafeldeko-einzigartige-Tischdekoration\/174202655894","article_published_time":"2015-04-03T10:17:02+00:00","article_modified_time":"2023-02-13T10:54:06+00:00","og_image":[{"width":150,"height":150,"url":"https:\/\/www.tafeldeko.de\/news\/wp-content\/uploads\/2015\/04\/margeritenblueten.jpg","type":"image\/jpeg"}],"author":"Tafeldeko Deko Team","twitter_misc":{"Verfasst von":"Tafeldeko Deko Team","Gesch\u00e4tzte Lesezeit":"2 Minuten"},"schema":{"@context":"https:\/\/schema.org","@graph":[{"@type":"WebPage","@id":"https:\/\/www.tafeldeko.de\/news\/geburtstags-tischdeko-signalisiert\/","url":"https:\/\/www.tafeldeko.de\/news\/geburtstags-tischdeko-signalisiert\/","name":"Geburtstags Tischdeko im Fr\u00fchlingslook - Tafeldeko","isPartOf":{"@id":"https:\/\/www.tafeldeko.de\/news\/#website"},"datePublished":"2015-04-03T10:17:02+00:00","dateModified":"2023-02-13T10:54:06+00:00","author":{"@id":"https:\/\/www.tafeldeko.de\/news\/#\/schema\/person\/dc309fbb6a3e380919fc08342c3cc233"},"description":"F\u00fcr die Geburtstags Tischdeko im Fr\u00fchlingslook passen die Margeritenbl\u00fcten als Streudeko aus unserem Shop hervorragend dazu.","breadcrumb":{"@id":"https:\/\/www.tafeldeko.de\/news\/geburtstags-tischdeko-signalisiert\/#breadcrumb"},"inLanguage":"de-DE","potentialAction":[{"@type":"ReadAction","target":["https:\/\/www.tafeldeko.de\/news\/geburtstags-tischdeko-signalisiert\/"]}]},{"@type":"BreadcrumbList","@id":"https:\/\/www.tafeldeko.de\/news\/geburtstags-tischdeko-signalisiert\/#breadcrumb","itemListElement":[{"@type":"ListItem","position":1,"name":"Tafeldeko","item":"https:\/\/www.tafeldeko.de\/news\/"},{"@type":"ListItem","position":2,"name":"Alte Beitr\u00e4ge","item":"https:\/\/www.tafeldeko.de\/news\/alte-beitraege\/"},{"@type":"ListItem","position":3,"name":"Tischdeko - Blog","item":"https:\/\/www.tafeldeko.de\/news\/alte-beitraege\/tischdeko-blog\/"},{"@type":"ListItem","position":4,"name":"Geburtstags Tischdeko im Fr\u00fchlingslook"}]},{"@type":"WebSite","@id":"https:\/\/www.tafeldeko.de\/news\/#website","url":"https:\/\/www.tafeldeko.de\/news\/","name":"Tafeldeko","description":"Blog mit Tischdeko und Tischdekoration Ideen","potentialAction":[{"@type":"SearchAction","target":{"@type":"EntryPoint","urlTemplate":"https:\/\/www.tafeldeko.de\/news\/?s={search_term_string}"},"query-input":"required name=search_term_string"}],"inLanguage":"de-DE"},{"@type":"Person","@id":"https:\/\/www.tafeldeko.de\/news\/#\/schema\/person\/dc309fbb6a3e380919fc08342c3cc233","name":"Tafeldeko Deko Team","image":{"@type":"ImageObject","inLanguage":"de-DE","@id":"https:\/\/www.tafeldeko.de\/news\/#\/schema\/person\/image\/","url":"https:\/\/secure.gravatar.com\/avatar\/1e962f4040dc9996f0d200db31598854?s=96&d=mm&r=g","contentUrl":"https:\/\/secure.gravatar.com\/avatar\/1e962f4040dc9996f0d200db31598854?s=96&d=mm&r=g","caption":"Tafeldeko Deko Team"}}]}},"_links":{"self":[{"href":"https:\/\/www.tafeldeko.de\/news\/wp-json\/wp\/v2\/posts\/6148"}],"collection":[{"href":"https:\/\/www.tafeldeko.de\/news\/wp-json\/wp\/v2\/posts"}],"about":[{"href":"https:\/\/www.tafeldeko.de\/news\/wp-json\/wp\/v2\/types\/post"}],"author":[{"embeddable":true,"href":"https:\/\/www.tafeldeko.de\/news\/wp-json\/wp\/v2\/users\/6"}],"replies":[{"embeddable":true,"href":"https:\/\/www.tafeldeko.de\/news\/wp-json\/wp\/v2\/comments?post=6148"}],"version-history":[{"count":6,"href":"https:\/\/www.tafeldeko.de\/news\/wp-json\/wp\/v2\/posts\/6148\/revisions"}],"predecessor-version":[{"id":22675,"href":"https:\/\/www.tafeldeko.de\/news\/wp-json\/wp\/v2\/posts\/6148\/revisions\/22675"}],"wp:featuredmedia":[{"embeddable":true,"href":"https:\/\/www.tafeldeko.de\/news\/wp-json\/wp\/v2\/media\/6149"}],"wp:attachment":[{"href":"https:\/\/www.tafeldeko.de\/news\/wp-json\/wp\/v2\/media?parent=6148"}],"wp:term":[{"taxonomy":"category","embeddable":true,"href":"https:\/\/www.tafeldeko.de\/news\/wp-json\/wp\/v2\/categories?post=6148"},{"taxonomy":"post_tag","embeddable":true,"href":"https:\/\/www.tafeldeko.de\/news\/wp-json\/wp\/v2\/tags?post=6148"}],"curies":[{"name":"wp","href":"https:\/\/api.w.org\/{rel}","templated":true}]}}