{"id":6137,"date":"2015-03-31T16:14:25","date_gmt":"2015-03-31T14:14:25","guid":{"rendered":"http:\/\/www.tafeldeko.de\/news\/?p=6137"},"modified":"2023-02-13T12:00:20","modified_gmt":"2023-02-13T11:00:20","slug":"tischdeko-tanz-den-mai","status":"publish","type":"post","link":"https:\/\/www.tafeldeko.de\/news\/tischdeko-tanz-den-mai\/","title":{"rendered":"Tischdeko Tanz in den Mai"},"content":{"rendered":"<p><strong>Tanz in den Mai<\/strong>, Walpurgisnacht oder auch die Hexennacht wird in der in Nacht vom 30. April auf den 1. Mai gefeiert. Vielerorts schwingt man das Tanzbein und es ist zu einem sch\u00f6nen Fest geworden, das man mit Freunden, der Familie und Bekannten gemeinsam feiert. Auch f\u00fcr Kinder ist diese Fest etwas Besonderes &#8211; Klingelstreiche, Gegenst\u00e4nde verstecken oder auch mit Senf oder Rasierschaum beschmieren, Autos mit Toilettenpaper einpacken und vieles mehr machen in dieser Nacht Spa\u00df.<\/p>\n<p>\t\t\t\t\t\t\t\t\t\t\t\t<img decoding=\"async\" width=\"150\" height=\"150\" src=\"https:\/\/www.tafeldeko.de\/news\/wp-content\/uploads\/2015\/03\/papier_tischlaeufer_tuerkis.jpg\" alt=\"Tischdeko Tanz in den Mai\" loading=\"lazy\" \/>\t\t\t\t\t\t\t\t\t\t\t\t\t\t<\/p>\n<p>Das Aufstellen des Maibaums oder das allseits beliebte <strong>Hexenfeuer<\/strong> sind ebenfalls Br\u00e4uche, die in vielen Orten durchgef\u00fchrt wird. Die Walpurgisnacht steht somit f\u00fcr jede Menge Spa\u00df und warum sollte man dieses Fest nicht auch zu Hause in seinen eigenen vier W\u00e4nden feiern? Wer sich hierf\u00fcr entscheidet, braucht definitiv eine wundersch\u00f6ne Tischdeko Tanz in den Mai.<\/p>\n<h2>Tischdeko Tanz in den Mai &#8211; so geht&#8217;s<\/h2>\n<p>Gemeinsam mit Freunden solch einen Abend zu veranstalten wird bestimmt etwas Sch\u00f6nes werden. Da es bereits w\u00e4rmer ist, kann man bereits drau\u00dfen feiern und man kann einem tollen Tag entgegen blicken.<br \/>In punkto <a title=\"Tischdeko\" href=\"https:\/\/www.tafeldeko.de\" target=\"_blank\" rel=\"noopener\"><strong>Tischdeko<\/strong><\/a> Tanz in den Mai hat man vielerlei Gestaltungsfreiheiten und kann eine tolle Tischdeko zusammenstellen. Ein m\u00f6glicher Deko-Artikel, den man bei Tafeldeko.de kaufen kann, ist beispielsweise der<strong> Papier Tischl\u00e4ufer in Strukturoptik<\/strong>. Die Farbe T\u00fcrkis erstrahlter in toller Farbenpracht und l\u00e4sst sich hervorragend mit weiteren dekorativen Accessoires aufpeppen. Der Tischl\u00e4ufer Struktur in T\u00fcrkis stellt eine sch\u00f6ne Basis dar und wirkt sommerlich erfrischend. Kombinationsartikel, wie unterschiedliche Kerzengl\u00e4ser, Vasen mit Blumen oder auch kleine <strong>Gastgeschenke<\/strong> k\u00f6nnen f\u00fcr die Tischdeko Tanz in den Mai ihren Platz auf dem Tisch finden. F\u00fcr die Dekoration kann alles in Frage kommen, was zu einem gem\u00fctlichen Abend beitr\u00e4gt und den Tisch optisch aufwertet. Neben der Tischdeko ist auch \u201eDrumherum\u201c, wie das leibliche Wohl oder auch die Musik von Wichtigkeit.<\/p>\n<h2>Weitere Beitr\u00e4ge:<\/h2>\n<h2>Dekoartikel von A-Z<\/h2>\n<p>\t\t\t\t\t<a href=\"https:\/\/www.tafeldeko.de\/tischdeko-artikel\/\"><br \/>\n\t\t\t\t\t\tJetzt entdecken\t\t\t\t\t<\/a><\/p>\n","protected":false},"excerpt":{"rendered":"<p>Tanz in den Mai, Walpurgisnacht oder auch die Hexennacht wird in der in Nacht vom 30. April auf den 1. Mai gefeiert. Vielerorts schwingt man das Tanzbein und es ist zu einem sch\u00f6nen Fest geworden, das man mit Freunden, der Familie und Bekannten gemeinsam feiert. Auch f\u00fcr Kinder ist diese Fest etwas Besonderes &#8211; Klingelstreiche, [&hellip;]<\/p>\n","protected":false},"author":6,"featured_media":6138,"comment_status":"closed","ping_status":"closed","sticky":false,"template":"","format":"standard","meta":{"footnotes":""},"categories":[1],"tags":[],"yoast_head":"<!-- This site is optimized with the Yoast SEO plugin v20.4 - https:\/\/yoast.com\/wordpress\/plugins\/seo\/ -->\n<title>Tischdeko Tanz in den Mai - Tafeldeko<\/title>\n<meta name=\"description\" content=\"In punkto Tischdeko Tanz in den Mai hat man vielerlei Gestaltungsfreiheiten und kann eine tolle, eindrucksvolle Tischdeko zusammenstellen.\" \/>\n<meta name=\"robots\" content=\"index, follow, max-snippet:-1, max-image-preview:large, max-video-preview:-1\" \/>\n<link rel=\"canonical\" href=\"https:\/\/www.tafeldeko.de\/news\/tischdeko-tanz-den-mai\/\" \/>\n<meta property=\"og:locale\" content=\"de_DE\" \/>\n<meta property=\"og:type\" content=\"article\" \/>\n<meta property=\"og:title\" content=\"Tischdeko Tanz in den Mai - Tafeldeko\" \/>\n<meta property=\"og:description\" content=\"In punkto Tischdeko Tanz in den Mai hat man vielerlei Gestaltungsfreiheiten und kann eine tolle, eindrucksvolle Tischdeko zusammenstellen.\" \/>\n<meta property=\"og:url\" content=\"https:\/\/www.tafeldeko.de\/news\/tischdeko-tanz-den-mai\/\" \/>\n<meta property=\"og:site_name\" content=\"Tafeldeko\" \/>\n<meta property=\"article:publisher\" content=\"https:\/\/www.facebook.com\/pages\/Tafeldeko-einzigartige-Tischdekoration\/174202655894\" \/>\n<meta property=\"article:published_time\" content=\"2015-03-31T14:14:25+00:00\" \/>\n<meta property=\"article:modified_time\" content=\"2023-02-13T11:00:20+00:00\" \/>\n<meta property=\"og:image\" content=\"https:\/\/www.tafeldeko.de\/news\/wp-content\/uploads\/2015\/03\/papier_tischlaeufer_tuerkis.jpg\" \/>\n\t<meta property=\"og:image:width\" content=\"150\" \/>\n\t<meta property=\"og:image:height\" content=\"150\" \/>\n\t<meta property=\"og:image:type\" content=\"image\/jpeg\" \/>\n<meta name=\"author\" content=\"Tafeldeko Deko Team\" \/>\n<meta name=\"twitter:label1\" content=\"Verfasst von\" \/>\n\t<meta name=\"twitter:data1\" content=\"Tafeldeko Deko Team\" \/>\n\t<meta name=\"twitter:label2\" content=\"Gesch\u00e4tzte Lesezeit\" \/>\n\t<meta name=\"twitter:data2\" content=\"3 Minuten\" \/>\n<script type=\"application\/ld+json\" class=\"yoast-schema-graph\">{\"@context\":\"https:\/\/schema.org\",\"@graph\":[{\"@type\":\"WebPage\",\"@id\":\"https:\/\/www.tafeldeko.de\/news\/tischdeko-tanz-den-mai\/\",\"url\":\"https:\/\/www.tafeldeko.de\/news\/tischdeko-tanz-den-mai\/\",\"name\":\"Tischdeko Tanz in den Mai - Tafeldeko\",\"isPartOf\":{\"@id\":\"https:\/\/www.tafeldeko.de\/news\/#website\"},\"datePublished\":\"2015-03-31T14:14:25+00:00\",\"dateModified\":\"2023-02-13T11:00:20+00:00\",\"author\":{\"@id\":\"https:\/\/www.tafeldeko.de\/news\/#\/schema\/person\/dc309fbb6a3e380919fc08342c3cc233\"},\"description\":\"In punkto Tischdeko Tanz in den Mai hat man vielerlei Gestaltungsfreiheiten und kann eine tolle, eindrucksvolle Tischdeko zusammenstellen.\",\"breadcrumb\":{\"@id\":\"https:\/\/www.tafeldeko.de\/news\/tischdeko-tanz-den-mai\/#breadcrumb\"},\"inLanguage\":\"de-DE\",\"potentialAction\":[{\"@type\":\"ReadAction\",\"target\":[\"https:\/\/www.tafeldeko.de\/news\/tischdeko-tanz-den-mai\/\"]}]},{\"@type\":\"BreadcrumbList\",\"@id\":\"https:\/\/www.tafeldeko.de\/news\/tischdeko-tanz-den-mai\/#breadcrumb\",\"itemListElement\":[{\"@type\":\"ListItem\",\"position\":1,\"name\":\"Tafeldeko\",\"item\":\"https:\/\/www.tafeldeko.de\/news\/\"},{\"@type\":\"ListItem\",\"position\":2,\"name\":\"Alte Beitr\u00e4ge\",\"item\":\"https:\/\/www.tafeldeko.de\/news\/alte-beitraege\/\"},{\"@type\":\"ListItem\",\"position\":3,\"name\":\"Tischdeko - Blog\",\"item\":\"https:\/\/www.tafeldeko.de\/news\/alte-beitraege\/tischdeko-blog\/\"},{\"@type\":\"ListItem\",\"position\":4,\"name\":\"Tischdeko Tanz in den Mai\"}]},{\"@type\":\"WebSite\",\"@id\":\"https:\/\/www.tafeldeko.de\/news\/#website\",\"url\":\"https:\/\/www.tafeldeko.de\/news\/\",\"name\":\"Tafeldeko\",\"description\":\"Blog mit Tischdeko und Tischdekoration Ideen\",\"potentialAction\":[{\"@type\":\"SearchAction\",\"target\":{\"@type\":\"EntryPoint\",\"urlTemplate\":\"https:\/\/www.tafeldeko.de\/news\/?s={search_term_string}\"},\"query-input\":\"required name=search_term_string\"}],\"inLanguage\":\"de-DE\"},{\"@type\":\"Person\",\"@id\":\"https:\/\/www.tafeldeko.de\/news\/#\/schema\/person\/dc309fbb6a3e380919fc08342c3cc233\",\"name\":\"Tafeldeko Deko Team\",\"image\":{\"@type\":\"ImageObject\",\"inLanguage\":\"de-DE\",\"@id\":\"https:\/\/www.tafeldeko.de\/news\/#\/schema\/person\/image\/\",\"url\":\"https:\/\/secure.gravatar.com\/avatar\/1e962f4040dc9996f0d200db31598854?s=96&d=mm&r=g\",\"contentUrl\":\"https:\/\/secure.gravatar.com\/avatar\/1e962f4040dc9996f0d200db31598854?s=96&d=mm&r=g\",\"caption\":\"Tafeldeko Deko Team\"}}]}<\/script>\n<!-- \/ Yoast SEO plugin. -->","yoast_head_json":{"title":"Tischdeko Tanz in den Mai - Tafeldeko","description":"In punkto Tischdeko Tanz in den Mai hat man vielerlei Gestaltungsfreiheiten und kann eine tolle, eindrucksvolle Tischdeko zusammenstellen.","robots":{"index":"index","follow":"follow","max-snippet":"max-snippet:-1","max-image-preview":"max-image-preview:large","max-video-preview":"max-video-preview:-1"},"canonical":"https:\/\/www.tafeldeko.de\/news\/tischdeko-tanz-den-mai\/","og_locale":"de_DE","og_type":"article","og_title":"Tischdeko Tanz in den Mai - Tafeldeko","og_description":"In punkto Tischdeko Tanz in den Mai hat man vielerlei Gestaltungsfreiheiten und kann eine tolle, eindrucksvolle Tischdeko zusammenstellen.","og_url":"https:\/\/www.tafeldeko.de\/news\/tischdeko-tanz-den-mai\/","og_site_name":"Tafeldeko","article_publisher":"https:\/\/www.facebook.com\/pages\/Tafeldeko-einzigartige-Tischdekoration\/174202655894","article_published_time":"2015-03-31T14:14:25+00:00","article_modified_time":"2023-02-13T11:00:20+00:00","og_image":[{"width":150,"height":150,"url":"https:\/\/www.tafeldeko.de\/news\/wp-content\/uploads\/2015\/03\/papier_tischlaeufer_tuerkis.jpg","type":"image\/jpeg"}],"author":"Tafeldeko Deko Team","twitter_misc":{"Verfasst von":"Tafeldeko Deko Team","Gesch\u00e4tzte Lesezeit":"3 Minuten"},"schema":{"@context":"https:\/\/schema.org","@graph":[{"@type":"WebPage","@id":"https:\/\/www.tafeldeko.de\/news\/tischdeko-tanz-den-mai\/","url":"https:\/\/www.tafeldeko.de\/news\/tischdeko-tanz-den-mai\/","name":"Tischdeko Tanz in den Mai - Tafeldeko","isPartOf":{"@id":"https:\/\/www.tafeldeko.de\/news\/#website"},"datePublished":"2015-03-31T14:14:25+00:00","dateModified":"2023-02-13T11:00:20+00:00","author":{"@id":"https:\/\/www.tafeldeko.de\/news\/#\/schema\/person\/dc309fbb6a3e380919fc08342c3cc233"},"description":"In punkto Tischdeko Tanz in den Mai hat man vielerlei Gestaltungsfreiheiten und kann eine tolle, eindrucksvolle Tischdeko zusammenstellen.","breadcrumb":{"@id":"https:\/\/www.tafeldeko.de\/news\/tischdeko-tanz-den-mai\/#breadcrumb"},"inLanguage":"de-DE","potentialAction":[{"@type":"ReadAction","target":["https:\/\/www.tafeldeko.de\/news\/tischdeko-tanz-den-mai\/"]}]},{"@type":"BreadcrumbList","@id":"https:\/\/www.tafeldeko.de\/news\/tischdeko-tanz-den-mai\/#breadcrumb","itemListElement":[{"@type":"ListItem","position":1,"name":"Tafeldeko","item":"https:\/\/www.tafeldeko.de\/news\/"},{"@type":"ListItem","position":2,"name":"Alte Beitr\u00e4ge","item":"https:\/\/www.tafeldeko.de\/news\/alte-beitraege\/"},{"@type":"ListItem","position":3,"name":"Tischdeko - Blog","item":"https:\/\/www.tafeldeko.de\/news\/alte-beitraege\/tischdeko-blog\/"},{"@type":"ListItem","position":4,"name":"Tischdeko Tanz in den Mai"}]},{"@type":"WebSite","@id":"https:\/\/www.tafeldeko.de\/news\/#website","url":"https:\/\/www.tafeldeko.de\/news\/","name":"Tafeldeko","description":"Blog mit Tischdeko und Tischdekoration Ideen","potentialAction":[{"@type":"SearchAction","target":{"@type":"EntryPoint","urlTemplate":"https:\/\/www.tafeldeko.de\/news\/?s={search_term_string}"},"query-input":"required name=search_term_string"}],"inLanguage":"de-DE"},{"@type":"Person","@id":"https:\/\/www.tafeldeko.de\/news\/#\/schema\/person\/dc309fbb6a3e380919fc08342c3cc233","name":"Tafeldeko Deko Team","image":{"@type":"ImageObject","inLanguage":"de-DE","@id":"https:\/\/www.tafeldeko.de\/news\/#\/schema\/person\/image\/","url":"https:\/\/secure.gravatar.com\/avatar\/1e962f4040dc9996f0d200db31598854?s=96&d=mm&r=g","contentUrl":"https:\/\/secure.gravatar.com\/avatar\/1e962f4040dc9996f0d200db31598854?s=96&d=mm&r=g","caption":"Tafeldeko Deko Team"}}]}},"_links":{"self":[{"href":"https:\/\/www.tafeldeko.de\/news\/wp-json\/wp\/v2\/posts\/6137"}],"collection":[{"href":"https:\/\/www.tafeldeko.de\/news\/wp-json\/wp\/v2\/posts"}],"about":[{"href":"https:\/\/www.tafeldeko.de\/news\/wp-json\/wp\/v2\/types\/post"}],"author":[{"embeddable":true,"href":"https:\/\/www.tafeldeko.de\/news\/wp-json\/wp\/v2\/users\/6"}],"replies":[{"embeddable":true,"href":"https:\/\/www.tafeldeko.de\/news\/wp-json\/wp\/v2\/comments?post=6137"}],"version-history":[{"count":11,"href":"https:\/\/www.tafeldeko.de\/news\/wp-json\/wp\/v2\/posts\/6137\/revisions"}],"predecessor-version":[{"id":22686,"href":"https:\/\/www.tafeldeko.de\/news\/wp-json\/wp\/v2\/posts\/6137\/revisions\/22686"}],"wp:featuredmedia":[{"embeddable":true,"href":"https:\/\/www.tafeldeko.de\/news\/wp-json\/wp\/v2\/media\/6138"}],"wp:attachment":[{"href":"https:\/\/www.tafeldeko.de\/news\/wp-json\/wp\/v2\/media?parent=6137"}],"wp:term":[{"taxonomy":"category","embeddable":true,"href":"https:\/\/www.tafeldeko.de\/news\/wp-json\/wp\/v2\/categories?post=6137"},{"taxonomy":"post_tag","embeddable":true,"href":"https:\/\/www.tafeldeko.de\/news\/wp-json\/wp\/v2\/tags?post=6137"}],"curies":[{"name":"wp","href":"https:\/\/api.w.org\/{rel}","templated":true}]}}