{"id":6127,"date":"2015-03-28T09:47:50","date_gmt":"2015-03-28T07:47:50","guid":{"rendered":"http:\/\/www.tafeldeko.de\/news\/?p=6127"},"modified":"2023-02-13T12:03:31","modified_gmt":"2023-02-13T11:03:31","slug":"deko-mit-vasen-ausdrucksstark-und","status":"publish","type":"post","link":"https:\/\/www.tafeldeko.de\/news\/deko-mit-vasen-ausdrucksstark-und\/","title":{"rendered":"Deko mit Vasen &#8211; ausdrucksstark und\u2026"},"content":{"rendered":"<p>Eine<strong> Deko mit Vasen ausdrucksstark<\/strong> sorgt f\u00fcr einen tollen <strong>Blickfang<\/strong> in der Wohnung. Ob auf der Fensterbank, auf dem Tisch, dem Sideboard oder wo auch immer &#8211; die Gestaltungsfreiheiten mit Vasen sind enorm gro\u00df. Die Deko mit Vasen kann von schlicht bis hin zu schrill gestaltet sein, es ist eben all das erlaubt, was einem gef\u00e4llt und zur Wohnungseinrichtung passt. Hierbei sollte man etwas Fingerspitzengef\u00fchl beweisen und der Spa\u00dffaktor wird beim <strong>Dekorieren<\/strong> von ganz allein kommen. Wer auf der Suche nach einer passenden Idee zum Thema \u201eDeko mit Vasen\u201c ist, wird zahlreiche Ideen beispielsweise im Internet finden und f\u00fcr die Kreativen unter uns, reichen in der Regel schon die Vasen und weitere dekorative Aktionen ergeben sich von ganz alleine.<\/p>\n<p><img decoding=\"async\" loading=\"lazy\" src=\"https:\/\/www.tafeldeko.de\/news\/wp-content\/uploads\/2015\/03\/glasvasen_holzbox.jpg\" alt=\"Deko mit Vasen ausdrucksstark\" width=\"150\" height=\"150\" \/><\/p>\n<h2>Eine ausdrucksstarke Deko mit Vasen zusammenstellen<\/h2>\n<p>Drapiert man die<strong> Vasen mit Blumen<\/strong>, ob k\u00fcnstlich oder frisch, auf dem Tisch, hat man bereits eine dekorative Tat getan. Das Sch\u00f6ne ist, dass es Vasen in unterschiedlichen Materialien, Formen und Farben gibt, die somit f\u00fcr jede Menge Abwechslung sorgen.<br \/>\nDie Deko mit Vasen h\u00e4lt f\u00fcr jeden Geschmack etwas Sch\u00f6nes parat und kann ideal mit weiteren dekorativen Accessoires aufgepeppt werden. Um ein stimmiges Gesamtbild zu erhalten, kann man zum Beispiel drei Vasen in unterschiedlichen Gr\u00f6\u00dfen platzieren. Wer noch einen gewissen <strong>Kontrast erzielen<\/strong> m\u00f6chte, kann zu den Farben Wei\u00df und Schwarz greifen. Diese Kombination sorgt f\u00fcr einen tollen Blickfang und passt zu vielen Wohnungseinrichtungen.<br \/>\nWer nun die <a title=\"Deko\" href=\"https:\/\/www.tafeldeko.de\" target=\"_blank\" rel=\"noopener\"><strong>Deko<\/strong><\/a> mit Vasen favorisiert, wird schnell feststellen, dass es eine sehr sch\u00f6ne Art des Dekorierens ist. Abwechslung, <strong>Vielseitigkeit und Originalit\u00e4t<\/strong> zeichnen diese Dekorationsm\u00f6glichkeit aus und k\u00f6nnen mit weiteren Deko-Artikeln, wie Rattankugeln, Kerzengl\u00e4ser oder auch Schalen erweitert werden. Sollte man noch einige Ideen ben\u00f6tigen, dann kann das Internet f\u00fcr Abhilfe sorgen. Am besten probiert man unterschiedliche Deko-M\u00f6glichkeiten aus und entscheidet sich letztlich f\u00fcr die, die einem am meisten zusagt. Viel Spa\u00df beim Dekorieren &#8211; denn das Ergebnis kann sich unter Garantie sehen lassen.<\/p>\n<h2>Weitere Beitr\u00e4ge:<\/h2>\n<h2>Dekoartikel von A-Z<\/h2>\n<p><a href=\"https:\/\/www.tafeldeko.de\/tischdeko-artikel\/\"><br \/>\nJetzt entdecken <\/a><\/p>\n","protected":false},"excerpt":{"rendered":"<p>Eine Deko mit Vasen ausdrucksstark sorgt f\u00fcr einen tollen Blickfang in der Wohnung. Ob auf der Fensterbank, auf dem Tisch, dem Sideboard oder wo auch immer &#8211; die Gestaltungsfreiheiten mit Vasen sind enorm gro\u00df. Die Deko mit Vasen kann von schlicht bis hin zu schrill gestaltet sein, es ist eben all das erlaubt, was einem [&hellip;]<\/p>\n","protected":false},"author":6,"featured_media":6129,"comment_status":"closed","ping_status":"closed","sticky":false,"template":"","format":"standard","meta":{"footnotes":""},"categories":[1],"tags":[],"yoast_head":"<!-- This site is optimized with the Yoast SEO plugin v20.4 - https:\/\/yoast.com\/wordpress\/plugins\/seo\/ -->\n<title>Deko mit Vasen - ausdrucksstark und\u2026 - Tafeldeko<\/title>\n<meta name=\"description\" content=\"Die Deko mit Vasen ausdrucksstark sorgt f\u00fcr einen tollen Blickfang in der Wohnung. Ob auf der Fensterbank, auf dem Tisch - die Deko kann...\" \/>\n<meta name=\"robots\" content=\"index, follow, max-snippet:-1, max-image-preview:large, max-video-preview:-1\" \/>\n<link rel=\"canonical\" href=\"https:\/\/www.tafeldeko.de\/news\/deko-mit-vasen-ausdrucksstark-und\/\" \/>\n<meta property=\"og:locale\" content=\"de_DE\" \/>\n<meta property=\"og:type\" content=\"article\" \/>\n<meta property=\"og:title\" content=\"Deko mit Vasen - ausdrucksstark und\u2026 - Tafeldeko\" \/>\n<meta property=\"og:description\" content=\"Die Deko mit Vasen ausdrucksstark sorgt f\u00fcr einen tollen Blickfang in der Wohnung. Ob auf der Fensterbank, auf dem Tisch - die Deko kann...\" \/>\n<meta property=\"og:url\" content=\"https:\/\/www.tafeldeko.de\/news\/deko-mit-vasen-ausdrucksstark-und\/\" \/>\n<meta property=\"og:site_name\" content=\"Tafeldeko\" \/>\n<meta property=\"article:publisher\" content=\"https:\/\/www.facebook.com\/pages\/Tafeldeko-einzigartige-Tischdekoration\/174202655894\" \/>\n<meta property=\"article:published_time\" content=\"2015-03-28T07:47:50+00:00\" \/>\n<meta property=\"article:modified_time\" content=\"2023-02-13T11:03:31+00:00\" \/>\n<meta property=\"og:image\" content=\"https:\/\/www.tafeldeko.de\/news\/wp-content\/uploads\/2015\/03\/glasvasen_holzbox.jpg\" \/>\n\t<meta property=\"og:image:width\" content=\"150\" \/>\n\t<meta property=\"og:image:height\" content=\"150\" \/>\n\t<meta property=\"og:image:type\" content=\"image\/jpeg\" \/>\n<meta name=\"author\" content=\"Tafeldeko Deko Team\" \/>\n<meta name=\"twitter:label1\" content=\"Verfasst von\" \/>\n\t<meta name=\"twitter:data1\" content=\"Tafeldeko Deko Team\" \/>\n\t<meta name=\"twitter:label2\" content=\"Gesch\u00e4tzte Lesezeit\" \/>\n\t<meta name=\"twitter:data2\" content=\"2 Minuten\" \/>\n<script type=\"application\/ld+json\" class=\"yoast-schema-graph\">{\"@context\":\"https:\/\/schema.org\",\"@graph\":[{\"@type\":\"WebPage\",\"@id\":\"https:\/\/www.tafeldeko.de\/news\/deko-mit-vasen-ausdrucksstark-und\/\",\"url\":\"https:\/\/www.tafeldeko.de\/news\/deko-mit-vasen-ausdrucksstark-und\/\",\"name\":\"Deko mit Vasen - ausdrucksstark und\u2026 - Tafeldeko\",\"isPartOf\":{\"@id\":\"https:\/\/www.tafeldeko.de\/news\/#website\"},\"datePublished\":\"2015-03-28T07:47:50+00:00\",\"dateModified\":\"2023-02-13T11:03:31+00:00\",\"author\":{\"@id\":\"https:\/\/www.tafeldeko.de\/news\/#\/schema\/person\/dc309fbb6a3e380919fc08342c3cc233\"},\"description\":\"Die Deko mit Vasen ausdrucksstark sorgt f\u00fcr einen tollen Blickfang in der Wohnung. Ob auf der Fensterbank, auf dem Tisch - die Deko kann...\",\"breadcrumb\":{\"@id\":\"https:\/\/www.tafeldeko.de\/news\/deko-mit-vasen-ausdrucksstark-und\/#breadcrumb\"},\"inLanguage\":\"de-DE\",\"potentialAction\":[{\"@type\":\"ReadAction\",\"target\":[\"https:\/\/www.tafeldeko.de\/news\/deko-mit-vasen-ausdrucksstark-und\/\"]}]},{\"@type\":\"BreadcrumbList\",\"@id\":\"https:\/\/www.tafeldeko.de\/news\/deko-mit-vasen-ausdrucksstark-und\/#breadcrumb\",\"itemListElement\":[{\"@type\":\"ListItem\",\"position\":1,\"name\":\"Tafeldeko\",\"item\":\"https:\/\/www.tafeldeko.de\/news\/\"},{\"@type\":\"ListItem\",\"position\":2,\"name\":\"Alte Beitr\u00e4ge\",\"item\":\"https:\/\/www.tafeldeko.de\/news\/alte-beitraege\/\"},{\"@type\":\"ListItem\",\"position\":3,\"name\":\"Tischdeko - Blog\",\"item\":\"https:\/\/www.tafeldeko.de\/news\/alte-beitraege\/tischdeko-blog\/\"},{\"@type\":\"ListItem\",\"position\":4,\"name\":\"Deko mit Vasen &#8211; ausdrucksstark und\u2026\"}]},{\"@type\":\"WebSite\",\"@id\":\"https:\/\/www.tafeldeko.de\/news\/#website\",\"url\":\"https:\/\/www.tafeldeko.de\/news\/\",\"name\":\"Tafeldeko\",\"description\":\"Blog mit Tischdeko und Tischdekoration Ideen\",\"potentialAction\":[{\"@type\":\"SearchAction\",\"target\":{\"@type\":\"EntryPoint\",\"urlTemplate\":\"https:\/\/www.tafeldeko.de\/news\/?s={search_term_string}\"},\"query-input\":\"required name=search_term_string\"}],\"inLanguage\":\"de-DE\"},{\"@type\":\"Person\",\"@id\":\"https:\/\/www.tafeldeko.de\/news\/#\/schema\/person\/dc309fbb6a3e380919fc08342c3cc233\",\"name\":\"Tafeldeko Deko Team\",\"image\":{\"@type\":\"ImageObject\",\"inLanguage\":\"de-DE\",\"@id\":\"https:\/\/www.tafeldeko.de\/news\/#\/schema\/person\/image\/\",\"url\":\"https:\/\/secure.gravatar.com\/avatar\/1e962f4040dc9996f0d200db31598854?s=96&d=mm&r=g\",\"contentUrl\":\"https:\/\/secure.gravatar.com\/avatar\/1e962f4040dc9996f0d200db31598854?s=96&d=mm&r=g\",\"caption\":\"Tafeldeko Deko Team\"}}]}<\/script>\n<!-- \/ Yoast SEO plugin. -->","yoast_head_json":{"title":"Deko mit Vasen - ausdrucksstark und\u2026 - Tafeldeko","description":"Die Deko mit Vasen ausdrucksstark sorgt f\u00fcr einen tollen Blickfang in der Wohnung. Ob auf der Fensterbank, auf dem Tisch - die Deko kann...","robots":{"index":"index","follow":"follow","max-snippet":"max-snippet:-1","max-image-preview":"max-image-preview:large","max-video-preview":"max-video-preview:-1"},"canonical":"https:\/\/www.tafeldeko.de\/news\/deko-mit-vasen-ausdrucksstark-und\/","og_locale":"de_DE","og_type":"article","og_title":"Deko mit Vasen - ausdrucksstark und\u2026 - Tafeldeko","og_description":"Die Deko mit Vasen ausdrucksstark sorgt f\u00fcr einen tollen Blickfang in der Wohnung. Ob auf der Fensterbank, auf dem Tisch - die Deko kann...","og_url":"https:\/\/www.tafeldeko.de\/news\/deko-mit-vasen-ausdrucksstark-und\/","og_site_name":"Tafeldeko","article_publisher":"https:\/\/www.facebook.com\/pages\/Tafeldeko-einzigartige-Tischdekoration\/174202655894","article_published_time":"2015-03-28T07:47:50+00:00","article_modified_time":"2023-02-13T11:03:31+00:00","og_image":[{"width":150,"height":150,"url":"https:\/\/www.tafeldeko.de\/news\/wp-content\/uploads\/2015\/03\/glasvasen_holzbox.jpg","type":"image\/jpeg"}],"author":"Tafeldeko Deko Team","twitter_misc":{"Verfasst von":"Tafeldeko Deko Team","Gesch\u00e4tzte Lesezeit":"2 Minuten"},"schema":{"@context":"https:\/\/schema.org","@graph":[{"@type":"WebPage","@id":"https:\/\/www.tafeldeko.de\/news\/deko-mit-vasen-ausdrucksstark-und\/","url":"https:\/\/www.tafeldeko.de\/news\/deko-mit-vasen-ausdrucksstark-und\/","name":"Deko mit Vasen - ausdrucksstark und\u2026 - Tafeldeko","isPartOf":{"@id":"https:\/\/www.tafeldeko.de\/news\/#website"},"datePublished":"2015-03-28T07:47:50+00:00","dateModified":"2023-02-13T11:03:31+00:00","author":{"@id":"https:\/\/www.tafeldeko.de\/news\/#\/schema\/person\/dc309fbb6a3e380919fc08342c3cc233"},"description":"Die Deko mit Vasen ausdrucksstark sorgt f\u00fcr einen tollen Blickfang in der Wohnung. Ob auf der Fensterbank, auf dem Tisch - die Deko kann...","breadcrumb":{"@id":"https:\/\/www.tafeldeko.de\/news\/deko-mit-vasen-ausdrucksstark-und\/#breadcrumb"},"inLanguage":"de-DE","potentialAction":[{"@type":"ReadAction","target":["https:\/\/www.tafeldeko.de\/news\/deko-mit-vasen-ausdrucksstark-und\/"]}]},{"@type":"BreadcrumbList","@id":"https:\/\/www.tafeldeko.de\/news\/deko-mit-vasen-ausdrucksstark-und\/#breadcrumb","itemListElement":[{"@type":"ListItem","position":1,"name":"Tafeldeko","item":"https:\/\/www.tafeldeko.de\/news\/"},{"@type":"ListItem","position":2,"name":"Alte Beitr\u00e4ge","item":"https:\/\/www.tafeldeko.de\/news\/alte-beitraege\/"},{"@type":"ListItem","position":3,"name":"Tischdeko - Blog","item":"https:\/\/www.tafeldeko.de\/news\/alte-beitraege\/tischdeko-blog\/"},{"@type":"ListItem","position":4,"name":"Deko mit Vasen &#8211; ausdrucksstark und\u2026"}]},{"@type":"WebSite","@id":"https:\/\/www.tafeldeko.de\/news\/#website","url":"https:\/\/www.tafeldeko.de\/news\/","name":"Tafeldeko","description":"Blog mit Tischdeko und Tischdekoration Ideen","potentialAction":[{"@type":"SearchAction","target":{"@type":"EntryPoint","urlTemplate":"https:\/\/www.tafeldeko.de\/news\/?s={search_term_string}"},"query-input":"required name=search_term_string"}],"inLanguage":"de-DE"},{"@type":"Person","@id":"https:\/\/www.tafeldeko.de\/news\/#\/schema\/person\/dc309fbb6a3e380919fc08342c3cc233","name":"Tafeldeko Deko Team","image":{"@type":"ImageObject","inLanguage":"de-DE","@id":"https:\/\/www.tafeldeko.de\/news\/#\/schema\/person\/image\/","url":"https:\/\/secure.gravatar.com\/avatar\/1e962f4040dc9996f0d200db31598854?s=96&d=mm&r=g","contentUrl":"https:\/\/secure.gravatar.com\/avatar\/1e962f4040dc9996f0d200db31598854?s=96&d=mm&r=g","caption":"Tafeldeko Deko Team"}}]}},"_links":{"self":[{"href":"https:\/\/www.tafeldeko.de\/news\/wp-json\/wp\/v2\/posts\/6127"}],"collection":[{"href":"https:\/\/www.tafeldeko.de\/news\/wp-json\/wp\/v2\/posts"}],"about":[{"href":"https:\/\/www.tafeldeko.de\/news\/wp-json\/wp\/v2\/types\/post"}],"author":[{"embeddable":true,"href":"https:\/\/www.tafeldeko.de\/news\/wp-json\/wp\/v2\/users\/6"}],"replies":[{"embeddable":true,"href":"https:\/\/www.tafeldeko.de\/news\/wp-json\/wp\/v2\/comments?post=6127"}],"version-history":[{"count":9,"href":"https:\/\/www.tafeldeko.de\/news\/wp-json\/wp\/v2\/posts\/6127\/revisions"}],"predecessor-version":[{"id":22691,"href":"https:\/\/www.tafeldeko.de\/news\/wp-json\/wp\/v2\/posts\/6127\/revisions\/22691"}],"wp:featuredmedia":[{"embeddable":true,"href":"https:\/\/www.tafeldeko.de\/news\/wp-json\/wp\/v2\/media\/6129"}],"wp:attachment":[{"href":"https:\/\/www.tafeldeko.de\/news\/wp-json\/wp\/v2\/media?parent=6127"}],"wp:term":[{"taxonomy":"category","embeddable":true,"href":"https:\/\/www.tafeldeko.de\/news\/wp-json\/wp\/v2\/categories?post=6127"},{"taxonomy":"post_tag","embeddable":true,"href":"https:\/\/www.tafeldeko.de\/news\/wp-json\/wp\/v2\/tags?post=6127"}],"curies":[{"name":"wp","href":"https:\/\/api.w.org\/{rel}","templated":true}]}}