{"id":6123,"date":"2015-03-25T09:28:50","date_gmt":"2015-03-25T07:28:50","guid":{"rendered":"http:\/\/www.tafeldeko.de\/news\/?p=6123"},"modified":"2023-02-13T12:12:41","modified_gmt":"2023-02-13T11:12:41","slug":"tischdeko-april-und-damit","status":"publish","type":"post","link":"https:\/\/www.tafeldeko.de\/news\/tischdeko-april-und-damit\/","title":{"rendered":"Tischdeko April und damit\u2026"},"content":{"rendered":"<p>&#8230;<strong>die Osterzeit willkommen hei\u00dfen. <\/strong>Die <strong>Tischdeko April<\/strong> ist dann gefragt, wenn man f\u00fcr ein sch\u00f6nes Oster-Feeeling auf dem Tisch bzw. der Festtagstafel sorgen m\u00f6chte. Die Tischdeko April kann von schlicht bis extravagant gestaltet sein &#8211; wie die Tischdeko letztlich aussieht, ist jedem selbst \u00fcberlassen. Der <strong>Fr\u00fchling<\/strong> steht f\u00fcr Farben und Frische und dies kann man auch f\u00fcr die Tischdeko nutzen. Die Osterzeit und den Fr\u00fchling zu begr\u00fc\u00dfen ist immer etwas Sch\u00f6nes, denn so verabschiedet man sich von den trostlosen Tagen des Herbstes und Winters. Da man in der Regel Ostern in einem entsprechenden Rahmen feiern m\u00f6chte, ist die <a title=\"Tischdeko\" href=\"https:\/\/www.tafeldeko.de\" target=\"_blank\" rel=\"noopener\"><strong>Tischdeko<\/strong><\/a> eben sehr wichtig. Wer G\u00e4ste zu sich nach Hause eingeladen hat, wird \u00fcber die hoffentlich positive Resonanz der G\u00e4ste begeistert sein.<\/p>\n<p><img decoding=\"async\" loading=\"lazy\" src=\"https:\/\/www.tafeldeko.de\/news\/wp-content\/uploads\/2015\/03\/fruehling_rot_neu.jpg\" sizes=\"(max-width: 800px) 100vw, 800px\" srcset=\"https:\/\/www.tafeldeko.de\/news\/wp-content\/uploads\/2015\/03\/fruehling_rot_neu.jpg 814w, https:\/\/www.tafeldeko.de\/news\/wp-content\/uploads\/2015\/03\/fruehling_rot_neu-300x192.jpg 300w, https:\/\/www.tafeldeko.de\/news\/wp-content\/uploads\/2015\/03\/fruehling_rot_neu-624x399.jpg 624w\" alt=\"Tischdeko April\" width=\"800\" height=\"512\" \/><\/p>\n<h2>Tischdeko April &#8211; Zeit f\u00fcr eine sch\u00f6ne Dekoration<\/h2>\n<p>Der <strong>Mustertisch<\/strong> in der Farbe Rot und Schwarz, den man bei Tafeldeko mit allen Details zu sehen gibt, ist ein durchaus tolles Beispiel f\u00fcr die \u201eTischdeko April\u201c und kn\u00fcpft an Ostern an. Auf dem Mustertisch sind diverse dekorative Accessoires gekonnt in Szene gesetzt, wie zum Beispiel: Tischset geflochten rot, Duni Servietten Schwarze Streifen, Keramik Henne mit Rebenkranz, Windlicht Henkelk\u00f6rbchen in Wei\u00df usw.<br \/>\nDie leuchtenden und kr\u00e4ftigen Farben geben ein sch\u00f6nes Bild ab und deshalb ist es durchaus ein Beispiel, dass man nicht t\u00e4glich findet &#8211; eben genau das Richtige f\u00fcr die Tischdeko April.<br \/>\nDes Weiteren kann man mit einer tollen Streudeko, sch\u00f6nen Kerzen oder auch mit Kunstblumen f\u00fcr<strong> ausdrucksstarke Akzente<\/strong> auf dem Tisch sorgen. Es kann eben das drapiert werden, was zur Tischdeko passt und zum Anlass. Im Bereich der Tischdeko kann man wahre Kunstwerke schaffen und mit dem richtigen Fingerspitzengef\u00fchl gelingt dies einem ideal.<br \/>\nEmpfehlenswert ist es, sich noch heute f\u00fcr eine tolle Tischdeko umzuschauen und gewisse Deko-Artikel auf dem Tisch zu platzieren.<br \/>\nOb zur Hochzeit, Taufe, Geburtstag oder f\u00fcr zwischendurch &#8211; die G\u00e4ste werden sich \u00fcber die <strong>gem\u00fctliche Atmosph\u00e4re<\/strong> freuen und eine tolle Tischdeko sollte niemals fehlen.<\/p>\n<h2>Weitere Beitr\u00e4ge:<\/h2>\n<h2>Dekoartikel von A-Z<\/h2>\n<p><a href=\"https:\/\/www.tafeldeko.de\/tischdeko-artikel\/\"><br \/>\nJetzt entdecken <\/a><\/p>\n","protected":false},"excerpt":{"rendered":"<p>&#8230;die Osterzeit willkommen hei\u00dfen. Die Tischdeko April ist dann gefragt, wenn man f\u00fcr ein sch\u00f6nes Oster-Feeeling auf dem Tisch bzw. der Festtagstafel sorgen m\u00f6chte. Die Tischdeko April kann von schlicht bis extravagant gestaltet sein &#8211; wie die Tischdeko letztlich aussieht, ist jedem selbst \u00fcberlassen. Der Fr\u00fchling steht f\u00fcr Farben und Frische und dies kann man [&hellip;]<\/p>\n","protected":false},"author":6,"featured_media":6124,"comment_status":"closed","ping_status":"closed","sticky":false,"template":"","format":"standard","meta":{"footnotes":""},"categories":[1],"tags":[],"yoast_head":"<!-- This site is optimized with the Yoast SEO plugin v20.4 - https:\/\/yoast.com\/wordpress\/plugins\/seo\/ -->\n<title>Tischdeko April und damit\u2026 - Tafeldeko<\/title>\n<meta name=\"description\" content=\"Die Tischdeko April ist dann gefragt, wenn man ein sch\u00f6nes Oster-Feeeling auf dem Tisch pr\u00e4sentieren m\u00f6chte. Accessoires finden Sie hier.\" \/>\n<meta name=\"robots\" content=\"index, follow, max-snippet:-1, max-image-preview:large, max-video-preview:-1\" \/>\n<link rel=\"canonical\" href=\"https:\/\/www.tafeldeko.de\/news\/tischdeko-april-und-damit\/\" \/>\n<meta property=\"og:locale\" content=\"de_DE\" \/>\n<meta property=\"og:type\" content=\"article\" \/>\n<meta property=\"og:title\" content=\"Tischdeko April und damit\u2026 - Tafeldeko\" \/>\n<meta property=\"og:description\" content=\"Die Tischdeko April ist dann gefragt, wenn man ein sch\u00f6nes Oster-Feeeling auf dem Tisch pr\u00e4sentieren m\u00f6chte. Accessoires finden Sie hier.\" \/>\n<meta property=\"og:url\" content=\"https:\/\/www.tafeldeko.de\/news\/tischdeko-april-und-damit\/\" \/>\n<meta property=\"og:site_name\" content=\"Tafeldeko\" \/>\n<meta property=\"article:publisher\" content=\"https:\/\/www.facebook.com\/pages\/Tafeldeko-einzigartige-Tischdekoration\/174202655894\" \/>\n<meta property=\"article:published_time\" content=\"2015-03-25T07:28:50+00:00\" \/>\n<meta property=\"article:modified_time\" content=\"2023-02-13T11:12:41+00:00\" \/>\n<meta property=\"og:image\" content=\"https:\/\/www.tafeldeko.de\/news\/wp-content\/uploads\/2015\/03\/fruehling_rot_neu.jpg\" \/>\n\t<meta property=\"og:image:width\" content=\"814\" \/>\n\t<meta property=\"og:image:height\" content=\"521\" \/>\n\t<meta property=\"og:image:type\" content=\"image\/jpeg\" \/>\n<meta name=\"author\" content=\"Tafeldeko Deko Team\" \/>\n<meta name=\"twitter:label1\" content=\"Verfasst von\" \/>\n\t<meta name=\"twitter:data1\" content=\"Tafeldeko Deko Team\" \/>\n\t<meta name=\"twitter:label2\" content=\"Gesch\u00e4tzte Lesezeit\" \/>\n\t<meta name=\"twitter:data2\" content=\"2 Minuten\" \/>\n<script type=\"application\/ld+json\" class=\"yoast-schema-graph\">{\"@context\":\"https:\/\/schema.org\",\"@graph\":[{\"@type\":\"WebPage\",\"@id\":\"https:\/\/www.tafeldeko.de\/news\/tischdeko-april-und-damit\/\",\"url\":\"https:\/\/www.tafeldeko.de\/news\/tischdeko-april-und-damit\/\",\"name\":\"Tischdeko April und damit\u2026 - Tafeldeko\",\"isPartOf\":{\"@id\":\"https:\/\/www.tafeldeko.de\/news\/#website\"},\"datePublished\":\"2015-03-25T07:28:50+00:00\",\"dateModified\":\"2023-02-13T11:12:41+00:00\",\"author\":{\"@id\":\"https:\/\/www.tafeldeko.de\/news\/#\/schema\/person\/dc309fbb6a3e380919fc08342c3cc233\"},\"description\":\"Die Tischdeko April ist dann gefragt, wenn man ein sch\u00f6nes Oster-Feeeling auf dem Tisch pr\u00e4sentieren m\u00f6chte. Accessoires finden Sie hier.\",\"breadcrumb\":{\"@id\":\"https:\/\/www.tafeldeko.de\/news\/tischdeko-april-und-damit\/#breadcrumb\"},\"inLanguage\":\"de-DE\",\"potentialAction\":[{\"@type\":\"ReadAction\",\"target\":[\"https:\/\/www.tafeldeko.de\/news\/tischdeko-april-und-damit\/\"]}]},{\"@type\":\"BreadcrumbList\",\"@id\":\"https:\/\/www.tafeldeko.de\/news\/tischdeko-april-und-damit\/#breadcrumb\",\"itemListElement\":[{\"@type\":\"ListItem\",\"position\":1,\"name\":\"Tafeldeko\",\"item\":\"https:\/\/www.tafeldeko.de\/news\/\"},{\"@type\":\"ListItem\",\"position\":2,\"name\":\"Alte Beitr\u00e4ge\",\"item\":\"https:\/\/www.tafeldeko.de\/news\/alte-beitraege\/\"},{\"@type\":\"ListItem\",\"position\":3,\"name\":\"Tischdeko - Blog\",\"item\":\"https:\/\/www.tafeldeko.de\/news\/alte-beitraege\/tischdeko-blog\/\"},{\"@type\":\"ListItem\",\"position\":4,\"name\":\"Tischdeko April und damit\u2026\"}]},{\"@type\":\"WebSite\",\"@id\":\"https:\/\/www.tafeldeko.de\/news\/#website\",\"url\":\"https:\/\/www.tafeldeko.de\/news\/\",\"name\":\"Tafeldeko\",\"description\":\"Blog mit Tischdeko und Tischdekoration Ideen\",\"potentialAction\":[{\"@type\":\"SearchAction\",\"target\":{\"@type\":\"EntryPoint\",\"urlTemplate\":\"https:\/\/www.tafeldeko.de\/news\/?s={search_term_string}\"},\"query-input\":\"required name=search_term_string\"}],\"inLanguage\":\"de-DE\"},{\"@type\":\"Person\",\"@id\":\"https:\/\/www.tafeldeko.de\/news\/#\/schema\/person\/dc309fbb6a3e380919fc08342c3cc233\",\"name\":\"Tafeldeko Deko Team\",\"image\":{\"@type\":\"ImageObject\",\"inLanguage\":\"de-DE\",\"@id\":\"https:\/\/www.tafeldeko.de\/news\/#\/schema\/person\/image\/\",\"url\":\"https:\/\/secure.gravatar.com\/avatar\/1e962f4040dc9996f0d200db31598854?s=96&d=mm&r=g\",\"contentUrl\":\"https:\/\/secure.gravatar.com\/avatar\/1e962f4040dc9996f0d200db31598854?s=96&d=mm&r=g\",\"caption\":\"Tafeldeko Deko Team\"}}]}<\/script>\n<!-- \/ Yoast SEO plugin. -->","yoast_head_json":{"title":"Tischdeko April und damit\u2026 - Tafeldeko","description":"Die Tischdeko April ist dann gefragt, wenn man ein sch\u00f6nes Oster-Feeeling auf dem Tisch pr\u00e4sentieren m\u00f6chte. Accessoires finden Sie hier.","robots":{"index":"index","follow":"follow","max-snippet":"max-snippet:-1","max-image-preview":"max-image-preview:large","max-video-preview":"max-video-preview:-1"},"canonical":"https:\/\/www.tafeldeko.de\/news\/tischdeko-april-und-damit\/","og_locale":"de_DE","og_type":"article","og_title":"Tischdeko April und damit\u2026 - Tafeldeko","og_description":"Die Tischdeko April ist dann gefragt, wenn man ein sch\u00f6nes Oster-Feeeling auf dem Tisch pr\u00e4sentieren m\u00f6chte. Accessoires finden Sie hier.","og_url":"https:\/\/www.tafeldeko.de\/news\/tischdeko-april-und-damit\/","og_site_name":"Tafeldeko","article_publisher":"https:\/\/www.facebook.com\/pages\/Tafeldeko-einzigartige-Tischdekoration\/174202655894","article_published_time":"2015-03-25T07:28:50+00:00","article_modified_time":"2023-02-13T11:12:41+00:00","og_image":[{"width":814,"height":521,"url":"https:\/\/www.tafeldeko.de\/news\/wp-content\/uploads\/2015\/03\/fruehling_rot_neu.jpg","type":"image\/jpeg"}],"author":"Tafeldeko Deko Team","twitter_misc":{"Verfasst von":"Tafeldeko Deko Team","Gesch\u00e4tzte Lesezeit":"2 Minuten"},"schema":{"@context":"https:\/\/schema.org","@graph":[{"@type":"WebPage","@id":"https:\/\/www.tafeldeko.de\/news\/tischdeko-april-und-damit\/","url":"https:\/\/www.tafeldeko.de\/news\/tischdeko-april-und-damit\/","name":"Tischdeko April und damit\u2026 - Tafeldeko","isPartOf":{"@id":"https:\/\/www.tafeldeko.de\/news\/#website"},"datePublished":"2015-03-25T07:28:50+00:00","dateModified":"2023-02-13T11:12:41+00:00","author":{"@id":"https:\/\/www.tafeldeko.de\/news\/#\/schema\/person\/dc309fbb6a3e380919fc08342c3cc233"},"description":"Die Tischdeko April ist dann gefragt, wenn man ein sch\u00f6nes Oster-Feeeling auf dem Tisch pr\u00e4sentieren m\u00f6chte. Accessoires finden Sie hier.","breadcrumb":{"@id":"https:\/\/www.tafeldeko.de\/news\/tischdeko-april-und-damit\/#breadcrumb"},"inLanguage":"de-DE","potentialAction":[{"@type":"ReadAction","target":["https:\/\/www.tafeldeko.de\/news\/tischdeko-april-und-damit\/"]}]},{"@type":"BreadcrumbList","@id":"https:\/\/www.tafeldeko.de\/news\/tischdeko-april-und-damit\/#breadcrumb","itemListElement":[{"@type":"ListItem","position":1,"name":"Tafeldeko","item":"https:\/\/www.tafeldeko.de\/news\/"},{"@type":"ListItem","position":2,"name":"Alte Beitr\u00e4ge","item":"https:\/\/www.tafeldeko.de\/news\/alte-beitraege\/"},{"@type":"ListItem","position":3,"name":"Tischdeko - Blog","item":"https:\/\/www.tafeldeko.de\/news\/alte-beitraege\/tischdeko-blog\/"},{"@type":"ListItem","position":4,"name":"Tischdeko April und damit\u2026"}]},{"@type":"WebSite","@id":"https:\/\/www.tafeldeko.de\/news\/#website","url":"https:\/\/www.tafeldeko.de\/news\/","name":"Tafeldeko","description":"Blog mit Tischdeko und Tischdekoration Ideen","potentialAction":[{"@type":"SearchAction","target":{"@type":"EntryPoint","urlTemplate":"https:\/\/www.tafeldeko.de\/news\/?s={search_term_string}"},"query-input":"required name=search_term_string"}],"inLanguage":"de-DE"},{"@type":"Person","@id":"https:\/\/www.tafeldeko.de\/news\/#\/schema\/person\/dc309fbb6a3e380919fc08342c3cc233","name":"Tafeldeko Deko Team","image":{"@type":"ImageObject","inLanguage":"de-DE","@id":"https:\/\/www.tafeldeko.de\/news\/#\/schema\/person\/image\/","url":"https:\/\/secure.gravatar.com\/avatar\/1e962f4040dc9996f0d200db31598854?s=96&d=mm&r=g","contentUrl":"https:\/\/secure.gravatar.com\/avatar\/1e962f4040dc9996f0d200db31598854?s=96&d=mm&r=g","caption":"Tafeldeko Deko Team"}}]}},"_links":{"self":[{"href":"https:\/\/www.tafeldeko.de\/news\/wp-json\/wp\/v2\/posts\/6123"}],"collection":[{"href":"https:\/\/www.tafeldeko.de\/news\/wp-json\/wp\/v2\/posts"}],"about":[{"href":"https:\/\/www.tafeldeko.de\/news\/wp-json\/wp\/v2\/types\/post"}],"author":[{"embeddable":true,"href":"https:\/\/www.tafeldeko.de\/news\/wp-json\/wp\/v2\/users\/6"}],"replies":[{"embeddable":true,"href":"https:\/\/www.tafeldeko.de\/news\/wp-json\/wp\/v2\/comments?post=6123"}],"version-history":[{"count":6,"href":"https:\/\/www.tafeldeko.de\/news\/wp-json\/wp\/v2\/posts\/6123\/revisions"}],"predecessor-version":[{"id":22708,"href":"https:\/\/www.tafeldeko.de\/news\/wp-json\/wp\/v2\/posts\/6123\/revisions\/22708"}],"wp:featuredmedia":[{"embeddable":true,"href":"https:\/\/www.tafeldeko.de\/news\/wp-json\/wp\/v2\/media\/6124"}],"wp:attachment":[{"href":"https:\/\/www.tafeldeko.de\/news\/wp-json\/wp\/v2\/media?parent=6123"}],"wp:term":[{"taxonomy":"category","embeddable":true,"href":"https:\/\/www.tafeldeko.de\/news\/wp-json\/wp\/v2\/categories?post=6123"},{"taxonomy":"post_tag","embeddable":true,"href":"https:\/\/www.tafeldeko.de\/news\/wp-json\/wp\/v2\/tags?post=6123"}],"curies":[{"name":"wp","href":"https:\/\/api.w.org\/{rel}","templated":true}]}}