{"id":6104,"date":"2015-03-20T09:24:26","date_gmt":"2015-03-20T07:24:26","guid":{"rendered":"http:\/\/www.tafeldeko.de\/news\/?p=6104"},"modified":"2023-02-13T12:26:10","modified_gmt":"2023-02-13T11:26:10","slug":"geburtstags-tischdeko-fuer-den-grossen-tag","status":"publish","type":"post","link":"https:\/\/www.tafeldeko.de\/news\/geburtstags-tischdeko-fuer-den-grossen-tag\/","title":{"rendered":"Geburtstags Tischdeko f\u00fcr den gro\u00dfen Tag"},"content":{"rendered":"<p>Ob man nun den 22., den 30., den 60. oder den 89. Geburtstag feiert, die <strong>Geburtstags Tischdeko<\/strong> darf nicht fehlen und das Alter ist eher nebens\u00e4chlich. Geburtstage sollte man nicht nur so feiern, wie sie fallen sondern auch in einem entsprechenden Rahmen. Schlie\u00dflich kann man nie wissen, wann man erneut in dieser Konstellation zusammen kommt. Eine Tischdeko, die <strong>mit Liebe gestaltet<\/strong> ist, ist immer etwas Sch\u00f6nes und sollte man zu sch\u00e4tzen wissen. Seinen Geburtstag &#8211; ob Jung oder Alt &#8211; kann man beispielsweise im Garten, in der Wohnung oder in einer H\u00fctte feiern und eine Tischdeko darf nicht fehlen.<\/p>\n<p><img decoding=\"async\" loading=\"lazy\" src=\"https:\/\/www.tafeldeko.de\/news\/wp-content\/uploads\/2015\/03\/girlande-lampions.jpg\" alt=\"Geburtstags Tischdeko f\u00fcr den gro\u00dfen Tag\" width=\"150\" height=\"150\" \/><\/p>\n<h2>Vielseitig und sch\u00f6n &#8211; die Geburtstags Tischdeko f\u00fcr ein tolles Fest<\/h2>\n<p>Das A und O bei der Geburtstags Tischdeko ist gewiss die <strong>farbliche Zusammenstellung<\/strong>. Man kann die sch\u00f6nsten dekorativen Accessoires auf dem Tisch platziert haben, aber wenn es farblich nicht passt, dann ist es keine sch\u00f6ne Tischdekoration. Deshalb sollte man die Deko-Artikel mit Bedacht aussuchen und am besten mit der Tischware beginnen. Dies stellt die Grundlage f\u00fcr alle weiteren dekorativen Handlungen dar und nur so kann man sicher sein, dass man eine wundersch\u00f6ne Tischdeko kreiert.<br \/>\nDa der Geburtstag in der Regel f\u00fcr einen neuen Lebensabschnitt steht, sollte die <a title=\"Tischdekoration\" href=\"https:\/\/www.tafeldeko.de\" target=\"_blank\" rel=\"noopener\"><strong>Tischdekoration<\/strong><\/a> auch von Jahr zu Jahr verschieden sein. Ist man erstmals vom Deko-Fieber angesteckt, wird man merken, dass man in Nu tolle Ergebnisse erzielt.<br \/>\nWie w\u00e4re es mit der \u201eGirlande mit 8 Lampions in Wei\u00df?\u201c Diese Girlande ist aus Pappe und einem edlen Satinband, was auf jeden Fall f\u00fcr einen Pluspunkt in der Optik sorgt. Des Weiteren lassen sich die Lampions hervorragend mit weiteren dekorativen Accessoires kombinieren, wie beispielsweise gemusterte oder bunte Servietten, Kerzen in den unterschiedlichsten Formen, Blumenschmuck und vieles mehr. Es kann eben das auf dem Tisch in Szene gesetzt werden, was miteinander harmoniert und was einem gef\u00e4llt.<br \/>\nEine fr\u00f6hliche Geburtstags Tischdeko passt gewiss zum Anlass &#8211; zum Schluss kann man nur noch viel Spa\u00df beim Feiern w\u00fcnschen.<\/p>\n<h2>Weitere Beitr\u00e4ge:<\/h2>\n<h2>Dekoartikel von A-Z<\/h2>\n<p><a href=\"https:\/\/www.tafeldeko.de\/tischdeko-artikel\/\"><br \/>\nJetzt entdecken <\/a><\/p>\n","protected":false},"excerpt":{"rendered":"<p>Ob man nun den 22., den 30., den 60. oder den 89. Geburtstag feiert, die Geburtstags Tischdeko darf nicht fehlen und das Alter ist eher nebens\u00e4chlich. Geburtstage sollte man nicht nur so feiern, wie sie fallen sondern auch in einem entsprechenden Rahmen. Schlie\u00dflich kann man nie wissen, wann man erneut in dieser Konstellation zusammen kommt. [&hellip;]<\/p>\n","protected":false},"author":6,"featured_media":6105,"comment_status":"closed","ping_status":"closed","sticky":false,"template":"","format":"standard","meta":{"footnotes":""},"categories":[1],"tags":[],"yoast_head":"<!-- This site is optimized with the Yoast SEO plugin v20.4 - https:\/\/yoast.com\/wordpress\/plugins\/seo\/ -->\n<title>Geburtstags Tischdeko f\u00fcr den gro\u00dfen Tag - Tafeldeko<\/title>\n<meta name=\"description\" content=\"Das A und O bei der Geburtstags Tischdeko f\u00fcr den gro\u00dfen Tag ist gewiss die farbliche Zusammenstellung. Ideen und die Accessoires...\" \/>\n<meta name=\"robots\" content=\"index, follow, max-snippet:-1, max-image-preview:large, max-video-preview:-1\" \/>\n<link rel=\"canonical\" href=\"https:\/\/www.tafeldeko.de\/news\/geburtstags-tischdeko-fuer-den-grossen-tag\/\" \/>\n<meta property=\"og:locale\" content=\"de_DE\" \/>\n<meta property=\"og:type\" content=\"article\" \/>\n<meta property=\"og:title\" content=\"Geburtstags Tischdeko f\u00fcr den gro\u00dfen Tag - Tafeldeko\" \/>\n<meta property=\"og:description\" content=\"Das A und O bei der Geburtstags Tischdeko f\u00fcr den gro\u00dfen Tag ist gewiss die farbliche Zusammenstellung. Ideen und die Accessoires...\" \/>\n<meta property=\"og:url\" content=\"https:\/\/www.tafeldeko.de\/news\/geburtstags-tischdeko-fuer-den-grossen-tag\/\" \/>\n<meta property=\"og:site_name\" content=\"Tafeldeko\" \/>\n<meta property=\"article:publisher\" content=\"https:\/\/www.facebook.com\/pages\/Tafeldeko-einzigartige-Tischdekoration\/174202655894\" \/>\n<meta property=\"article:published_time\" content=\"2015-03-20T07:24:26+00:00\" \/>\n<meta property=\"article:modified_time\" content=\"2023-02-13T11:26:10+00:00\" \/>\n<meta property=\"og:image\" content=\"https:\/\/www.tafeldeko.de\/news\/wp-content\/uploads\/2015\/03\/girlande-lampions.jpg\" \/>\n\t<meta property=\"og:image:width\" content=\"150\" \/>\n\t<meta property=\"og:image:height\" content=\"150\" \/>\n\t<meta property=\"og:image:type\" content=\"image\/jpeg\" \/>\n<meta name=\"author\" content=\"Tafeldeko Deko Team\" \/>\n<meta name=\"twitter:label1\" content=\"Verfasst von\" \/>\n\t<meta name=\"twitter:data1\" content=\"Tafeldeko Deko Team\" \/>\n\t<meta name=\"twitter:label2\" content=\"Gesch\u00e4tzte Lesezeit\" \/>\n\t<meta name=\"twitter:data2\" content=\"2 Minuten\" \/>\n<script type=\"application\/ld+json\" class=\"yoast-schema-graph\">{\"@context\":\"https:\/\/schema.org\",\"@graph\":[{\"@type\":\"WebPage\",\"@id\":\"https:\/\/www.tafeldeko.de\/news\/geburtstags-tischdeko-fuer-den-grossen-tag\/\",\"url\":\"https:\/\/www.tafeldeko.de\/news\/geburtstags-tischdeko-fuer-den-grossen-tag\/\",\"name\":\"Geburtstags Tischdeko f\u00fcr den gro\u00dfen Tag - Tafeldeko\",\"isPartOf\":{\"@id\":\"https:\/\/www.tafeldeko.de\/news\/#website\"},\"datePublished\":\"2015-03-20T07:24:26+00:00\",\"dateModified\":\"2023-02-13T11:26:10+00:00\",\"author\":{\"@id\":\"https:\/\/www.tafeldeko.de\/news\/#\/schema\/person\/dc309fbb6a3e380919fc08342c3cc233\"},\"description\":\"Das A und O bei der Geburtstags Tischdeko f\u00fcr den gro\u00dfen Tag ist gewiss die farbliche Zusammenstellung. Ideen und die Accessoires...\",\"breadcrumb\":{\"@id\":\"https:\/\/www.tafeldeko.de\/news\/geburtstags-tischdeko-fuer-den-grossen-tag\/#breadcrumb\"},\"inLanguage\":\"de-DE\",\"potentialAction\":[{\"@type\":\"ReadAction\",\"target\":[\"https:\/\/www.tafeldeko.de\/news\/geburtstags-tischdeko-fuer-den-grossen-tag\/\"]}]},{\"@type\":\"BreadcrumbList\",\"@id\":\"https:\/\/www.tafeldeko.de\/news\/geburtstags-tischdeko-fuer-den-grossen-tag\/#breadcrumb\",\"itemListElement\":[{\"@type\":\"ListItem\",\"position\":1,\"name\":\"Tafeldeko\",\"item\":\"https:\/\/www.tafeldeko.de\/news\/\"},{\"@type\":\"ListItem\",\"position\":2,\"name\":\"Alte Beitr\u00e4ge\",\"item\":\"https:\/\/www.tafeldeko.de\/news\/alte-beitraege\/\"},{\"@type\":\"ListItem\",\"position\":3,\"name\":\"Tischdeko - Blog\",\"item\":\"https:\/\/www.tafeldeko.de\/news\/alte-beitraege\/tischdeko-blog\/\"},{\"@type\":\"ListItem\",\"position\":4,\"name\":\"Geburtstags Tischdeko f\u00fcr den gro\u00dfen Tag\"}]},{\"@type\":\"WebSite\",\"@id\":\"https:\/\/www.tafeldeko.de\/news\/#website\",\"url\":\"https:\/\/www.tafeldeko.de\/news\/\",\"name\":\"Tafeldeko\",\"description\":\"Blog mit Tischdeko und Tischdekoration Ideen\",\"potentialAction\":[{\"@type\":\"SearchAction\",\"target\":{\"@type\":\"EntryPoint\",\"urlTemplate\":\"https:\/\/www.tafeldeko.de\/news\/?s={search_term_string}\"},\"query-input\":\"required name=search_term_string\"}],\"inLanguage\":\"de-DE\"},{\"@type\":\"Person\",\"@id\":\"https:\/\/www.tafeldeko.de\/news\/#\/schema\/person\/dc309fbb6a3e380919fc08342c3cc233\",\"name\":\"Tafeldeko Deko Team\",\"image\":{\"@type\":\"ImageObject\",\"inLanguage\":\"de-DE\",\"@id\":\"https:\/\/www.tafeldeko.de\/news\/#\/schema\/person\/image\/\",\"url\":\"https:\/\/secure.gravatar.com\/avatar\/1e962f4040dc9996f0d200db31598854?s=96&d=mm&r=g\",\"contentUrl\":\"https:\/\/secure.gravatar.com\/avatar\/1e962f4040dc9996f0d200db31598854?s=96&d=mm&r=g\",\"caption\":\"Tafeldeko Deko Team\"}}]}<\/script>\n<!-- \/ Yoast SEO plugin. -->","yoast_head_json":{"title":"Geburtstags Tischdeko f\u00fcr den gro\u00dfen Tag - Tafeldeko","description":"Das A und O bei der Geburtstags Tischdeko f\u00fcr den gro\u00dfen Tag ist gewiss die farbliche Zusammenstellung. Ideen und die Accessoires...","robots":{"index":"index","follow":"follow","max-snippet":"max-snippet:-1","max-image-preview":"max-image-preview:large","max-video-preview":"max-video-preview:-1"},"canonical":"https:\/\/www.tafeldeko.de\/news\/geburtstags-tischdeko-fuer-den-grossen-tag\/","og_locale":"de_DE","og_type":"article","og_title":"Geburtstags Tischdeko f\u00fcr den gro\u00dfen Tag - Tafeldeko","og_description":"Das A und O bei der Geburtstags Tischdeko f\u00fcr den gro\u00dfen Tag ist gewiss die farbliche Zusammenstellung. Ideen und die Accessoires...","og_url":"https:\/\/www.tafeldeko.de\/news\/geburtstags-tischdeko-fuer-den-grossen-tag\/","og_site_name":"Tafeldeko","article_publisher":"https:\/\/www.facebook.com\/pages\/Tafeldeko-einzigartige-Tischdekoration\/174202655894","article_published_time":"2015-03-20T07:24:26+00:00","article_modified_time":"2023-02-13T11:26:10+00:00","og_image":[{"width":150,"height":150,"url":"https:\/\/www.tafeldeko.de\/news\/wp-content\/uploads\/2015\/03\/girlande-lampions.jpg","type":"image\/jpeg"}],"author":"Tafeldeko Deko Team","twitter_misc":{"Verfasst von":"Tafeldeko Deko Team","Gesch\u00e4tzte Lesezeit":"2 Minuten"},"schema":{"@context":"https:\/\/schema.org","@graph":[{"@type":"WebPage","@id":"https:\/\/www.tafeldeko.de\/news\/geburtstags-tischdeko-fuer-den-grossen-tag\/","url":"https:\/\/www.tafeldeko.de\/news\/geburtstags-tischdeko-fuer-den-grossen-tag\/","name":"Geburtstags Tischdeko f\u00fcr den gro\u00dfen Tag - Tafeldeko","isPartOf":{"@id":"https:\/\/www.tafeldeko.de\/news\/#website"},"datePublished":"2015-03-20T07:24:26+00:00","dateModified":"2023-02-13T11:26:10+00:00","author":{"@id":"https:\/\/www.tafeldeko.de\/news\/#\/schema\/person\/dc309fbb6a3e380919fc08342c3cc233"},"description":"Das A und O bei der Geburtstags Tischdeko f\u00fcr den gro\u00dfen Tag ist gewiss die farbliche Zusammenstellung. Ideen und die Accessoires...","breadcrumb":{"@id":"https:\/\/www.tafeldeko.de\/news\/geburtstags-tischdeko-fuer-den-grossen-tag\/#breadcrumb"},"inLanguage":"de-DE","potentialAction":[{"@type":"ReadAction","target":["https:\/\/www.tafeldeko.de\/news\/geburtstags-tischdeko-fuer-den-grossen-tag\/"]}]},{"@type":"BreadcrumbList","@id":"https:\/\/www.tafeldeko.de\/news\/geburtstags-tischdeko-fuer-den-grossen-tag\/#breadcrumb","itemListElement":[{"@type":"ListItem","position":1,"name":"Tafeldeko","item":"https:\/\/www.tafeldeko.de\/news\/"},{"@type":"ListItem","position":2,"name":"Alte Beitr\u00e4ge","item":"https:\/\/www.tafeldeko.de\/news\/alte-beitraege\/"},{"@type":"ListItem","position":3,"name":"Tischdeko - Blog","item":"https:\/\/www.tafeldeko.de\/news\/alte-beitraege\/tischdeko-blog\/"},{"@type":"ListItem","position":4,"name":"Geburtstags Tischdeko f\u00fcr den gro\u00dfen Tag"}]},{"@type":"WebSite","@id":"https:\/\/www.tafeldeko.de\/news\/#website","url":"https:\/\/www.tafeldeko.de\/news\/","name":"Tafeldeko","description":"Blog mit Tischdeko und Tischdekoration Ideen","potentialAction":[{"@type":"SearchAction","target":{"@type":"EntryPoint","urlTemplate":"https:\/\/www.tafeldeko.de\/news\/?s={search_term_string}"},"query-input":"required name=search_term_string"}],"inLanguage":"de-DE"},{"@type":"Person","@id":"https:\/\/www.tafeldeko.de\/news\/#\/schema\/person\/dc309fbb6a3e380919fc08342c3cc233","name":"Tafeldeko Deko Team","image":{"@type":"ImageObject","inLanguage":"de-DE","@id":"https:\/\/www.tafeldeko.de\/news\/#\/schema\/person\/image\/","url":"https:\/\/secure.gravatar.com\/avatar\/1e962f4040dc9996f0d200db31598854?s=96&d=mm&r=g","contentUrl":"https:\/\/secure.gravatar.com\/avatar\/1e962f4040dc9996f0d200db31598854?s=96&d=mm&r=g","caption":"Tafeldeko Deko Team"}}]}},"_links":{"self":[{"href":"https:\/\/www.tafeldeko.de\/news\/wp-json\/wp\/v2\/posts\/6104"}],"collection":[{"href":"https:\/\/www.tafeldeko.de\/news\/wp-json\/wp\/v2\/posts"}],"about":[{"href":"https:\/\/www.tafeldeko.de\/news\/wp-json\/wp\/v2\/types\/post"}],"author":[{"embeddable":true,"href":"https:\/\/www.tafeldeko.de\/news\/wp-json\/wp\/v2\/users\/6"}],"replies":[{"embeddable":true,"href":"https:\/\/www.tafeldeko.de\/news\/wp-json\/wp\/v2\/comments?post=6104"}],"version-history":[{"count":10,"href":"https:\/\/www.tafeldeko.de\/news\/wp-json\/wp\/v2\/posts\/6104\/revisions"}],"predecessor-version":[{"id":22724,"href":"https:\/\/www.tafeldeko.de\/news\/wp-json\/wp\/v2\/posts\/6104\/revisions\/22724"}],"wp:featuredmedia":[{"embeddable":true,"href":"https:\/\/www.tafeldeko.de\/news\/wp-json\/wp\/v2\/media\/6105"}],"wp:attachment":[{"href":"https:\/\/www.tafeldeko.de\/news\/wp-json\/wp\/v2\/media?parent=6104"}],"wp:term":[{"taxonomy":"category","embeddable":true,"href":"https:\/\/www.tafeldeko.de\/news\/wp-json\/wp\/v2\/categories?post=6104"},{"taxonomy":"post_tag","embeddable":true,"href":"https:\/\/www.tafeldeko.de\/news\/wp-json\/wp\/v2\/tags?post=6104"}],"curies":[{"name":"wp","href":"https:\/\/api.w.org\/{rel}","templated":true}]}}