{"id":6054,"date":"2015-03-05T09:48:52","date_gmt":"2015-03-05T07:48:52","guid":{"rendered":"http:\/\/www.tafeldeko.de\/news\/?p=6054"},"modified":"2023-02-13T14:57:30","modified_gmt":"2023-02-13T13:57:30","slug":"tischdeko-im-fruehling","status":"publish","type":"post","link":"https:\/\/www.tafeldeko.de\/news\/tischdeko-im-fruehling\/","title":{"rendered":"Tischdeko im Fr\u00fchling \u2026"},"content":{"rendered":"<p><strong>&#8230;die Sch\u00f6nheit auf den Tisch zaubern. <\/strong>Bald hei\u00dft es \u201eWinter ade\u201c und man wird den Fr\u00fchling begr\u00fc\u00dfen wollen und was passt da besser als eine tolle <strong>Tischdeko im Fr\u00fchling<\/strong>? Auf diesen Zeitpunkt fiebert man teilweise f\u00f6rmlich entgegen und freut sich auf die kommende Jahreszeit. Der Fr\u00fchling bringt Farbe ins Spiel und manch trostlose Tage r\u00fccken in den Hintergrund. Eine Ladung gl\u00fccksgef\u00fchle dank den ersten Sonnenstrahlen.<\/p>\n<p><img decoding=\"async\" loading=\"lazy\" src=\"https:\/\/www.tafeldeko.de\/news\/wp-content\/uploads\/2015\/03\/draht_blumen_pflaume.jpg\" alt=\"Tischdeko im Fr\u00fchling\" width=\"150\" height=\"150\" \/><\/p>\n<p>Wer f\u00fcr ein <strong>sch\u00f6nes Feeling<\/strong> sorgen m\u00f6chte, wird die Fr\u00fchlingsdeko gewiss lieben. In Punkto Tischdeko hat man allerhand sch\u00f6ne Gestaltungsm\u00f6glichkeitem und kann nach Lust und Laune dekorieren. Von der <strong>Farbenvielfalt<\/strong> bis hin zu den dekorativen Accessoires kann man so ziemlich alles in die Tat umsetzen. Die ausgew\u00e4hlten Deko-Artikel sowie die Farbauswahl sollte miteinander harmonieren und aufeinander abgestimmt sein. Wer dies beachtet, wird ein tolles Endergebnis erzielen.<\/p>\n<h2>Mit der Tischdeko im Fr\u00fchling experimentieren<\/h2>\n<p>Mit der Deko auf dem Tisch kann man durchaus experimentieren und die unterschiedlichsten dekorativen Accessoires in Szene setzen. So kann man zum Beispiel zu einer dezenten Tischware greifen und Farbe bei den Deko-Artikeln bekennen. Kr\u00e4ftige Farben oder auch Neon-T\u00f6ne sind sehr sch\u00f6n und eigenen sich besonders gut f\u00fcr die <strong>Tischdeko<\/strong>.<br \/>\nDar\u00fcber hinaus kann man bei einer Farbnuance bleiben und somit eine Ton in Ton Dekoration kreieren. Wie die <a title=\"Tischdeko\" href=\"https:\/\/www.tafeldeko.de\" target=\"_blank\" rel=\"noopener\"><strong>Tischdeko<\/strong><\/a> letztlich auszusehen hat, ist eine reine Geschmacksfrage und es gibt keine klare Vorgehensweise.<br \/>\nWer sich eine lilafarbene Tischdeko im Fr\u00fchling w\u00fcnscht, wird von den \u201eDeko Draht Blumen in pflaume und rosa\u201c begeistert sein. Diesen Deko-Artikel gibt es in unserem Onlineshop und kann ideal als Streudeko auf dem Tisch verwendet werden. Dar\u00fcber hinaus findet man weitere Artikel sowie fertig dekorierte Mustertische, die f\u00fcr Inspirationen sorgen.<br \/>\nKerzen, ob als Teelicht, Stumpenkerze oder Windlicht &#8211; so genannte Allrounder &#8211; passen zu jeder Art der Tischdekoration. Da spielt es keine Rolle, ob man eine schlichte, peppige, elegante oder ausgefallene Tischdekoration kreieren m\u00f6chte.<\/p>\n<h2>Weitere Beitr\u00e4ge:<\/h2>\n<h2>Dekoartikel von A-Z<\/h2>\n<p><a href=\"https:\/\/www.tafeldeko.de\/tischdeko-artikel\/\"><br \/>\nJetzt entdecken <\/a><\/p>\n","protected":false},"excerpt":{"rendered":"<p>&#8230;die Sch\u00f6nheit auf den Tisch zaubern. Bald hei\u00dft es \u201eWinter ade\u201c und man wird den Fr\u00fchling begr\u00fc\u00dfen wollen und was passt da besser als eine tolle Tischdeko im Fr\u00fchling? Auf diesen Zeitpunkt fiebert man teilweise f\u00f6rmlich entgegen und freut sich auf die kommende Jahreszeit. Der Fr\u00fchling bringt Farbe ins Spiel und manch trostlose Tage r\u00fccken [&hellip;]<\/p>\n","protected":false},"author":6,"featured_media":6055,"comment_status":"closed","ping_status":"closed","sticky":false,"template":"","format":"standard","meta":{"footnotes":""},"categories":[1],"tags":[],"yoast_head":"<!-- This site is optimized with the Yoast SEO plugin v20.4 - https:\/\/yoast.com\/wordpress\/plugins\/seo\/ -->\n<title>Tischdeko im Fr\u00fchling \u2026 - Tafeldeko<\/title>\n<meta name=\"description\" content=\"Kr\u00e4ftige Farben oder auch Neon-T\u00f6ne bei den Accessoires sind sehr sch\u00f6n und eigenen sich perfekt f\u00fcr die Tischdeko im Fr\u00fchling.\" \/>\n<meta name=\"robots\" content=\"index, follow, max-snippet:-1, max-image-preview:large, max-video-preview:-1\" \/>\n<link rel=\"canonical\" href=\"https:\/\/www.tafeldeko.de\/news\/tischdeko-im-fruehling\/\" \/>\n<meta property=\"og:locale\" content=\"de_DE\" \/>\n<meta property=\"og:type\" content=\"article\" \/>\n<meta property=\"og:title\" content=\"Tischdeko im Fr\u00fchling \u2026 - Tafeldeko\" \/>\n<meta property=\"og:description\" content=\"Kr\u00e4ftige Farben oder auch Neon-T\u00f6ne bei den Accessoires sind sehr sch\u00f6n und eigenen sich perfekt f\u00fcr die Tischdeko im Fr\u00fchling.\" \/>\n<meta property=\"og:url\" content=\"https:\/\/www.tafeldeko.de\/news\/tischdeko-im-fruehling\/\" \/>\n<meta property=\"og:site_name\" content=\"Tafeldeko\" \/>\n<meta property=\"article:publisher\" content=\"https:\/\/www.facebook.com\/pages\/Tafeldeko-einzigartige-Tischdekoration\/174202655894\" \/>\n<meta property=\"article:published_time\" content=\"2015-03-05T07:48:52+00:00\" \/>\n<meta property=\"article:modified_time\" content=\"2023-02-13T13:57:30+00:00\" \/>\n<meta property=\"og:image\" content=\"https:\/\/www.tafeldeko.de\/news\/wp-content\/uploads\/2015\/03\/draht_blumen_pflaume.jpg\" \/>\n\t<meta property=\"og:image:width\" content=\"150\" \/>\n\t<meta property=\"og:image:height\" content=\"150\" \/>\n\t<meta property=\"og:image:type\" content=\"image\/jpeg\" \/>\n<meta name=\"author\" content=\"Tafeldeko Deko Team\" \/>\n<meta name=\"twitter:label1\" content=\"Verfasst von\" \/>\n\t<meta name=\"twitter:data1\" content=\"Tafeldeko Deko Team\" \/>\n\t<meta name=\"twitter:label2\" content=\"Gesch\u00e4tzte Lesezeit\" \/>\n\t<meta name=\"twitter:data2\" content=\"2 Minuten\" \/>\n<script type=\"application\/ld+json\" class=\"yoast-schema-graph\">{\"@context\":\"https:\/\/schema.org\",\"@graph\":[{\"@type\":\"WebPage\",\"@id\":\"https:\/\/www.tafeldeko.de\/news\/tischdeko-im-fruehling\/\",\"url\":\"https:\/\/www.tafeldeko.de\/news\/tischdeko-im-fruehling\/\",\"name\":\"Tischdeko im Fr\u00fchling \u2026 - Tafeldeko\",\"isPartOf\":{\"@id\":\"https:\/\/www.tafeldeko.de\/news\/#website\"},\"datePublished\":\"2015-03-05T07:48:52+00:00\",\"dateModified\":\"2023-02-13T13:57:30+00:00\",\"author\":{\"@id\":\"https:\/\/www.tafeldeko.de\/news\/#\/schema\/person\/dc309fbb6a3e380919fc08342c3cc233\"},\"description\":\"Kr\u00e4ftige Farben oder auch Neon-T\u00f6ne bei den Accessoires sind sehr sch\u00f6n und eigenen sich perfekt f\u00fcr die Tischdeko im Fr\u00fchling.\",\"breadcrumb\":{\"@id\":\"https:\/\/www.tafeldeko.de\/news\/tischdeko-im-fruehling\/#breadcrumb\"},\"inLanguage\":\"de-DE\",\"potentialAction\":[{\"@type\":\"ReadAction\",\"target\":[\"https:\/\/www.tafeldeko.de\/news\/tischdeko-im-fruehling\/\"]}]},{\"@type\":\"BreadcrumbList\",\"@id\":\"https:\/\/www.tafeldeko.de\/news\/tischdeko-im-fruehling\/#breadcrumb\",\"itemListElement\":[{\"@type\":\"ListItem\",\"position\":1,\"name\":\"Tafeldeko\",\"item\":\"https:\/\/www.tafeldeko.de\/news\/\"},{\"@type\":\"ListItem\",\"position\":2,\"name\":\"Alte Beitr\u00e4ge\",\"item\":\"https:\/\/www.tafeldeko.de\/news\/alte-beitraege\/\"},{\"@type\":\"ListItem\",\"position\":3,\"name\":\"Tischdeko - Blog\",\"item\":\"https:\/\/www.tafeldeko.de\/news\/alte-beitraege\/tischdeko-blog\/\"},{\"@type\":\"ListItem\",\"position\":4,\"name\":\"Tischdeko im Fr\u00fchling \u2026\"}]},{\"@type\":\"WebSite\",\"@id\":\"https:\/\/www.tafeldeko.de\/news\/#website\",\"url\":\"https:\/\/www.tafeldeko.de\/news\/\",\"name\":\"Tafeldeko\",\"description\":\"Blog mit Tischdeko und Tischdekoration Ideen\",\"potentialAction\":[{\"@type\":\"SearchAction\",\"target\":{\"@type\":\"EntryPoint\",\"urlTemplate\":\"https:\/\/www.tafeldeko.de\/news\/?s={search_term_string}\"},\"query-input\":\"required name=search_term_string\"}],\"inLanguage\":\"de-DE\"},{\"@type\":\"Person\",\"@id\":\"https:\/\/www.tafeldeko.de\/news\/#\/schema\/person\/dc309fbb6a3e380919fc08342c3cc233\",\"name\":\"Tafeldeko Deko Team\",\"image\":{\"@type\":\"ImageObject\",\"inLanguage\":\"de-DE\",\"@id\":\"https:\/\/www.tafeldeko.de\/news\/#\/schema\/person\/image\/\",\"url\":\"https:\/\/secure.gravatar.com\/avatar\/1e962f4040dc9996f0d200db31598854?s=96&d=mm&r=g\",\"contentUrl\":\"https:\/\/secure.gravatar.com\/avatar\/1e962f4040dc9996f0d200db31598854?s=96&d=mm&r=g\",\"caption\":\"Tafeldeko Deko Team\"}}]}<\/script>\n<!-- \/ Yoast SEO plugin. -->","yoast_head_json":{"title":"Tischdeko im Fr\u00fchling \u2026 - Tafeldeko","description":"Kr\u00e4ftige Farben oder auch Neon-T\u00f6ne bei den Accessoires sind sehr sch\u00f6n und eigenen sich perfekt f\u00fcr die Tischdeko im Fr\u00fchling.","robots":{"index":"index","follow":"follow","max-snippet":"max-snippet:-1","max-image-preview":"max-image-preview:large","max-video-preview":"max-video-preview:-1"},"canonical":"https:\/\/www.tafeldeko.de\/news\/tischdeko-im-fruehling\/","og_locale":"de_DE","og_type":"article","og_title":"Tischdeko im Fr\u00fchling \u2026 - Tafeldeko","og_description":"Kr\u00e4ftige Farben oder auch Neon-T\u00f6ne bei den Accessoires sind sehr sch\u00f6n und eigenen sich perfekt f\u00fcr die Tischdeko im Fr\u00fchling.","og_url":"https:\/\/www.tafeldeko.de\/news\/tischdeko-im-fruehling\/","og_site_name":"Tafeldeko","article_publisher":"https:\/\/www.facebook.com\/pages\/Tafeldeko-einzigartige-Tischdekoration\/174202655894","article_published_time":"2015-03-05T07:48:52+00:00","article_modified_time":"2023-02-13T13:57:30+00:00","og_image":[{"width":150,"height":150,"url":"https:\/\/www.tafeldeko.de\/news\/wp-content\/uploads\/2015\/03\/draht_blumen_pflaume.jpg","type":"image\/jpeg"}],"author":"Tafeldeko Deko Team","twitter_misc":{"Verfasst von":"Tafeldeko Deko Team","Gesch\u00e4tzte Lesezeit":"2 Minuten"},"schema":{"@context":"https:\/\/schema.org","@graph":[{"@type":"WebPage","@id":"https:\/\/www.tafeldeko.de\/news\/tischdeko-im-fruehling\/","url":"https:\/\/www.tafeldeko.de\/news\/tischdeko-im-fruehling\/","name":"Tischdeko im Fr\u00fchling \u2026 - Tafeldeko","isPartOf":{"@id":"https:\/\/www.tafeldeko.de\/news\/#website"},"datePublished":"2015-03-05T07:48:52+00:00","dateModified":"2023-02-13T13:57:30+00:00","author":{"@id":"https:\/\/www.tafeldeko.de\/news\/#\/schema\/person\/dc309fbb6a3e380919fc08342c3cc233"},"description":"Kr\u00e4ftige Farben oder auch Neon-T\u00f6ne bei den Accessoires sind sehr sch\u00f6n und eigenen sich perfekt f\u00fcr die Tischdeko im Fr\u00fchling.","breadcrumb":{"@id":"https:\/\/www.tafeldeko.de\/news\/tischdeko-im-fruehling\/#breadcrumb"},"inLanguage":"de-DE","potentialAction":[{"@type":"ReadAction","target":["https:\/\/www.tafeldeko.de\/news\/tischdeko-im-fruehling\/"]}]},{"@type":"BreadcrumbList","@id":"https:\/\/www.tafeldeko.de\/news\/tischdeko-im-fruehling\/#breadcrumb","itemListElement":[{"@type":"ListItem","position":1,"name":"Tafeldeko","item":"https:\/\/www.tafeldeko.de\/news\/"},{"@type":"ListItem","position":2,"name":"Alte Beitr\u00e4ge","item":"https:\/\/www.tafeldeko.de\/news\/alte-beitraege\/"},{"@type":"ListItem","position":3,"name":"Tischdeko - Blog","item":"https:\/\/www.tafeldeko.de\/news\/alte-beitraege\/tischdeko-blog\/"},{"@type":"ListItem","position":4,"name":"Tischdeko im Fr\u00fchling \u2026"}]},{"@type":"WebSite","@id":"https:\/\/www.tafeldeko.de\/news\/#website","url":"https:\/\/www.tafeldeko.de\/news\/","name":"Tafeldeko","description":"Blog mit Tischdeko und Tischdekoration Ideen","potentialAction":[{"@type":"SearchAction","target":{"@type":"EntryPoint","urlTemplate":"https:\/\/www.tafeldeko.de\/news\/?s={search_term_string}"},"query-input":"required name=search_term_string"}],"inLanguage":"de-DE"},{"@type":"Person","@id":"https:\/\/www.tafeldeko.de\/news\/#\/schema\/person\/dc309fbb6a3e380919fc08342c3cc233","name":"Tafeldeko Deko Team","image":{"@type":"ImageObject","inLanguage":"de-DE","@id":"https:\/\/www.tafeldeko.de\/news\/#\/schema\/person\/image\/","url":"https:\/\/secure.gravatar.com\/avatar\/1e962f4040dc9996f0d200db31598854?s=96&d=mm&r=g","contentUrl":"https:\/\/secure.gravatar.com\/avatar\/1e962f4040dc9996f0d200db31598854?s=96&d=mm&r=g","caption":"Tafeldeko Deko Team"}}]}},"_links":{"self":[{"href":"https:\/\/www.tafeldeko.de\/news\/wp-json\/wp\/v2\/posts\/6054"}],"collection":[{"href":"https:\/\/www.tafeldeko.de\/news\/wp-json\/wp\/v2\/posts"}],"about":[{"href":"https:\/\/www.tafeldeko.de\/news\/wp-json\/wp\/v2\/types\/post"}],"author":[{"embeddable":true,"href":"https:\/\/www.tafeldeko.de\/news\/wp-json\/wp\/v2\/users\/6"}],"replies":[{"embeddable":true,"href":"https:\/\/www.tafeldeko.de\/news\/wp-json\/wp\/v2\/comments?post=6054"}],"version-history":[{"count":5,"href":"https:\/\/www.tafeldeko.de\/news\/wp-json\/wp\/v2\/posts\/6054\/revisions"}],"predecessor-version":[{"id":22789,"href":"https:\/\/www.tafeldeko.de\/news\/wp-json\/wp\/v2\/posts\/6054\/revisions\/22789"}],"wp:featuredmedia":[{"embeddable":true,"href":"https:\/\/www.tafeldeko.de\/news\/wp-json\/wp\/v2\/media\/6055"}],"wp:attachment":[{"href":"https:\/\/www.tafeldeko.de\/news\/wp-json\/wp\/v2\/media?parent=6054"}],"wp:term":[{"taxonomy":"category","embeddable":true,"href":"https:\/\/www.tafeldeko.de\/news\/wp-json\/wp\/v2\/categories?post=6054"},{"taxonomy":"post_tag","embeddable":true,"href":"https:\/\/www.tafeldeko.de\/news\/wp-json\/wp\/v2\/tags?post=6054"}],"curies":[{"name":"wp","href":"https:\/\/api.w.org\/{rel}","templated":true}]}}