{"id":6030,"date":"2015-02-26T08:20:56","date_gmt":"2015-02-26T06:20:56","guid":{"rendered":"http:\/\/www.tafeldeko.de\/news\/?p=6030"},"modified":"2015-02-26T08:21:23","modified_gmt":"2015-02-26T06:21:23","slug":"geburtstagsfeier-und-die-organisation","status":"publish","type":"post","link":"https:\/\/www.tafeldeko.de\/news\/geburtstagsfeier-und-die-organisation\/","title":{"rendered":"Geburtstagsfeier und die Organisation"},"content":{"rendered":"<p>Wer Geburtstag hat, sollte auch mit einer entsprechenden <strong>Geburtstagsfeier<\/strong> feiern. Ob ein runder Geburtstag, ein Schnapszahlen Geburtstag oder ein Geburtstag mit einer anderen Jahreszahl bevorsteht, die Geburtstagsfeier sollte nie ausfallen. Jeder Geburtstag stellte einen besonderen Meilenstein im Leben dar und hat eine tolle Feier verdient. Sentimentale Gedanken bez\u00fcglich des Alters sind vollkommen unn\u00f6tig und verschwinden sp\u00e4testens bei der Feier. Freudige Stimmung sollte sich sowohl beim Geburtstagskind selbst als auch bei den G\u00e4sten einstimmen &#8211; die Zeit zum Feiern ist gekommen. Bevor man allerdings in vollen Z\u00fcgen feiern kann, ist eine Planung f\u00fcr diesen Tag erforderlich. Die Planung h\u00e4ngt davon ab, in welchem Rahmen gefeiert wird und wie viele G\u00e4ste zur Geburtstagsfeier kommen.<\/p>\n<h2>Eine unvergessliche Geburtstagsfeier<\/h2>\n<p>F\u00fcr die Geburtstagsfeier sind vielerlei Punkte ausschlaggebend und sollten in die Vorbereitung aufgenommen werden. Zuerst sollte man sich \u00fcberlegen, ob man Zuhause, in einer Halle oder einem Restaurant feiern m\u00f6chte, denn dies ist entscheidend f\u00fcr die Planung. Danach richten sich viele Punkte.<br \/>\nWer sich f\u00fcr die Geburtstagsfeier Zuhause entscheidet, braucht nicht nur gen\u00fcgend Sitzpl\u00e4tze, sondern auch eine passende <strong>Atmosph\u00e4re<\/strong> und da ist das Organisationstalent gefragt. Man kann sich nach Herzenslust austoben und eine sch\u00f6ne Geburtstagsfeier auf die Beine stellen. Das leibliche Wohl sollte ziemlich weit oben auf der \u201eTo-do Liste\u201c stehen, denn dies tr\u00e4gt definitiv zum Gelingen der Feier mit bei. Dar\u00fcber hinaus ist es wichtig, den G\u00e4sten eine sch\u00f6ne Atmosph\u00e4re zu schaffen.<br \/>\nLampions, Girlanden, eine sch\u00f6ne Tischdekoration, Kerzen und vieles mehr k\u00f6nnen als Equipment f\u00fcr die Geburtstagsfeier angesehen werden.<br \/>\nIst man allerdings auf der Suche nach einer ganz ausgefallenen Idee f\u00fcr die Geburtstagsfete, dann ist eine Motto-Party etwas Sch\u00f6nes. Das Motto f\u00fcr solch eine <strong>unvergessliche Party<\/strong> kann vollkommen verschieden sein- von Helden meiner Kindheit bis hin zu 1001 Nacht ist alles m\u00f6glich. Seiner Fantasie kann man freien Lauf lassen und sowohl der Raum, wo die Fete stattfindet, als auch die G\u00e4ste sollten stimmig zum Motto gestaltet sein. Erst dann ist der Abend perfekt.<\/p>\n","protected":false},"excerpt":{"rendered":"<p>Wer Geburtstag hat, sollte auch mit einer entsprechenden Geburtstagsfeier feiern. Ob ein runder Geburtstag, ein Schnapszahlen Geburtstag oder ein Geburtstag mit einer anderen Jahreszahl bevorsteht, die Geburtstagsfeier sollte nie ausfallen. Jeder Geburtstag stellte einen besonderen Meilenstein im Leben dar und hat eine tolle Feier verdient. Sentimentale Gedanken bez\u00fcglich des Alters sind vollkommen unn\u00f6tig und verschwinden [&hellip;]<\/p>\n","protected":false},"author":6,"featured_media":0,"comment_status":"closed","ping_status":"closed","sticky":false,"template":"","format":"standard","meta":{"footnotes":""},"categories":[1],"tags":[],"yoast_head":"<!-- This site is optimized with the Yoast SEO plugin v20.4 - https:\/\/yoast.com\/wordpress\/plugins\/seo\/ -->\n<title>Geburtstagsfeier und die Organisation - Tafeldeko<\/title>\n<meta name=\"description\" content=\"F\u00fcr die Geburtstagsfeier sind vielerlei Punkte ausschlaggebend und sollten in die Vorbereitung aufgenommen werden. Ideen finden Sie hier.\" \/>\n<meta name=\"robots\" content=\"index, follow, max-snippet:-1, max-image-preview:large, max-video-preview:-1\" \/>\n<link rel=\"canonical\" href=\"https:\/\/www.tafeldeko.de\/news\/geburtstagsfeier-und-die-organisation\/\" \/>\n<meta property=\"og:locale\" content=\"de_DE\" \/>\n<meta property=\"og:type\" content=\"article\" \/>\n<meta property=\"og:title\" content=\"Geburtstagsfeier und die Organisation - Tafeldeko\" \/>\n<meta property=\"og:description\" content=\"F\u00fcr die Geburtstagsfeier sind vielerlei Punkte ausschlaggebend und sollten in die Vorbereitung aufgenommen werden. Ideen finden Sie hier.\" \/>\n<meta property=\"og:url\" content=\"https:\/\/www.tafeldeko.de\/news\/geburtstagsfeier-und-die-organisation\/\" \/>\n<meta property=\"og:site_name\" content=\"Tafeldeko\" \/>\n<meta property=\"article:publisher\" content=\"https:\/\/www.facebook.com\/pages\/Tafeldeko-einzigartige-Tischdekoration\/174202655894\" \/>\n<meta property=\"article:published_time\" content=\"2015-02-26T06:20:56+00:00\" \/>\n<meta property=\"article:modified_time\" content=\"2015-02-26T06:21:23+00:00\" \/>\n<meta name=\"author\" content=\"Tafeldeko Deko Team\" \/>\n<meta name=\"twitter:label1\" content=\"Verfasst von\" \/>\n\t<meta name=\"twitter:data1\" content=\"Tafeldeko Deko Team\" \/>\n\t<meta name=\"twitter:label2\" content=\"Gesch\u00e4tzte Lesezeit\" \/>\n\t<meta name=\"twitter:data2\" content=\"2 Minuten\" \/>\n<script type=\"application\/ld+json\" class=\"yoast-schema-graph\">{\"@context\":\"https:\/\/schema.org\",\"@graph\":[{\"@type\":\"WebPage\",\"@id\":\"https:\/\/www.tafeldeko.de\/news\/geburtstagsfeier-und-die-organisation\/\",\"url\":\"https:\/\/www.tafeldeko.de\/news\/geburtstagsfeier-und-die-organisation\/\",\"name\":\"Geburtstagsfeier und die Organisation - Tafeldeko\",\"isPartOf\":{\"@id\":\"https:\/\/www.tafeldeko.de\/news\/#website\"},\"datePublished\":\"2015-02-26T06:20:56+00:00\",\"dateModified\":\"2015-02-26T06:21:23+00:00\",\"author\":{\"@id\":\"https:\/\/www.tafeldeko.de\/news\/#\/schema\/person\/dc309fbb6a3e380919fc08342c3cc233\"},\"description\":\"F\u00fcr die Geburtstagsfeier sind vielerlei Punkte ausschlaggebend und sollten in die Vorbereitung aufgenommen werden. Ideen finden Sie hier.\",\"breadcrumb\":{\"@id\":\"https:\/\/www.tafeldeko.de\/news\/geburtstagsfeier-und-die-organisation\/#breadcrumb\"},\"inLanguage\":\"de-DE\",\"potentialAction\":[{\"@type\":\"ReadAction\",\"target\":[\"https:\/\/www.tafeldeko.de\/news\/geburtstagsfeier-und-die-organisation\/\"]}]},{\"@type\":\"BreadcrumbList\",\"@id\":\"https:\/\/www.tafeldeko.de\/news\/geburtstagsfeier-und-die-organisation\/#breadcrumb\",\"itemListElement\":[{\"@type\":\"ListItem\",\"position\":1,\"name\":\"Tafeldeko\",\"item\":\"https:\/\/www.tafeldeko.de\/news\/\"},{\"@type\":\"ListItem\",\"position\":2,\"name\":\"Alte Beitr\u00e4ge\",\"item\":\"https:\/\/www.tafeldeko.de\/news\/alte-beitraege\/\"},{\"@type\":\"ListItem\",\"position\":3,\"name\":\"Tischdeko - Blog\",\"item\":\"https:\/\/www.tafeldeko.de\/news\/alte-beitraege\/tischdeko-blog\/\"},{\"@type\":\"ListItem\",\"position\":4,\"name\":\"Geburtstagsfeier und die Organisation\"}]},{\"@type\":\"WebSite\",\"@id\":\"https:\/\/www.tafeldeko.de\/news\/#website\",\"url\":\"https:\/\/www.tafeldeko.de\/news\/\",\"name\":\"Tafeldeko\",\"description\":\"Blog mit Tischdeko und Tischdekoration Ideen\",\"potentialAction\":[{\"@type\":\"SearchAction\",\"target\":{\"@type\":\"EntryPoint\",\"urlTemplate\":\"https:\/\/www.tafeldeko.de\/news\/?s={search_term_string}\"},\"query-input\":\"required name=search_term_string\"}],\"inLanguage\":\"de-DE\"},{\"@type\":\"Person\",\"@id\":\"https:\/\/www.tafeldeko.de\/news\/#\/schema\/person\/dc309fbb6a3e380919fc08342c3cc233\",\"name\":\"Tafeldeko Deko Team\",\"image\":{\"@type\":\"ImageObject\",\"inLanguage\":\"de-DE\",\"@id\":\"https:\/\/www.tafeldeko.de\/news\/#\/schema\/person\/image\/\",\"url\":\"https:\/\/secure.gravatar.com\/avatar\/1e962f4040dc9996f0d200db31598854?s=96&d=mm&r=g\",\"contentUrl\":\"https:\/\/secure.gravatar.com\/avatar\/1e962f4040dc9996f0d200db31598854?s=96&d=mm&r=g\",\"caption\":\"Tafeldeko Deko Team\"}}]}<\/script>\n<!-- \/ Yoast SEO plugin. -->","yoast_head_json":{"title":"Geburtstagsfeier und die Organisation - Tafeldeko","description":"F\u00fcr die Geburtstagsfeier sind vielerlei Punkte ausschlaggebend und sollten in die Vorbereitung aufgenommen werden. Ideen finden Sie hier.","robots":{"index":"index","follow":"follow","max-snippet":"max-snippet:-1","max-image-preview":"max-image-preview:large","max-video-preview":"max-video-preview:-1"},"canonical":"https:\/\/www.tafeldeko.de\/news\/geburtstagsfeier-und-die-organisation\/","og_locale":"de_DE","og_type":"article","og_title":"Geburtstagsfeier und die Organisation - Tafeldeko","og_description":"F\u00fcr die Geburtstagsfeier sind vielerlei Punkte ausschlaggebend und sollten in die Vorbereitung aufgenommen werden. Ideen finden Sie hier.","og_url":"https:\/\/www.tafeldeko.de\/news\/geburtstagsfeier-und-die-organisation\/","og_site_name":"Tafeldeko","article_publisher":"https:\/\/www.facebook.com\/pages\/Tafeldeko-einzigartige-Tischdekoration\/174202655894","article_published_time":"2015-02-26T06:20:56+00:00","article_modified_time":"2015-02-26T06:21:23+00:00","author":"Tafeldeko Deko Team","twitter_misc":{"Verfasst von":"Tafeldeko Deko Team","Gesch\u00e4tzte Lesezeit":"2 Minuten"},"schema":{"@context":"https:\/\/schema.org","@graph":[{"@type":"WebPage","@id":"https:\/\/www.tafeldeko.de\/news\/geburtstagsfeier-und-die-organisation\/","url":"https:\/\/www.tafeldeko.de\/news\/geburtstagsfeier-und-die-organisation\/","name":"Geburtstagsfeier und die Organisation - Tafeldeko","isPartOf":{"@id":"https:\/\/www.tafeldeko.de\/news\/#website"},"datePublished":"2015-02-26T06:20:56+00:00","dateModified":"2015-02-26T06:21:23+00:00","author":{"@id":"https:\/\/www.tafeldeko.de\/news\/#\/schema\/person\/dc309fbb6a3e380919fc08342c3cc233"},"description":"F\u00fcr die Geburtstagsfeier sind vielerlei Punkte ausschlaggebend und sollten in die Vorbereitung aufgenommen werden. Ideen finden Sie hier.","breadcrumb":{"@id":"https:\/\/www.tafeldeko.de\/news\/geburtstagsfeier-und-die-organisation\/#breadcrumb"},"inLanguage":"de-DE","potentialAction":[{"@type":"ReadAction","target":["https:\/\/www.tafeldeko.de\/news\/geburtstagsfeier-und-die-organisation\/"]}]},{"@type":"BreadcrumbList","@id":"https:\/\/www.tafeldeko.de\/news\/geburtstagsfeier-und-die-organisation\/#breadcrumb","itemListElement":[{"@type":"ListItem","position":1,"name":"Tafeldeko","item":"https:\/\/www.tafeldeko.de\/news\/"},{"@type":"ListItem","position":2,"name":"Alte Beitr\u00e4ge","item":"https:\/\/www.tafeldeko.de\/news\/alte-beitraege\/"},{"@type":"ListItem","position":3,"name":"Tischdeko - Blog","item":"https:\/\/www.tafeldeko.de\/news\/alte-beitraege\/tischdeko-blog\/"},{"@type":"ListItem","position":4,"name":"Geburtstagsfeier und die Organisation"}]},{"@type":"WebSite","@id":"https:\/\/www.tafeldeko.de\/news\/#website","url":"https:\/\/www.tafeldeko.de\/news\/","name":"Tafeldeko","description":"Blog mit Tischdeko und Tischdekoration Ideen","potentialAction":[{"@type":"SearchAction","target":{"@type":"EntryPoint","urlTemplate":"https:\/\/www.tafeldeko.de\/news\/?s={search_term_string}"},"query-input":"required name=search_term_string"}],"inLanguage":"de-DE"},{"@type":"Person","@id":"https:\/\/www.tafeldeko.de\/news\/#\/schema\/person\/dc309fbb6a3e380919fc08342c3cc233","name":"Tafeldeko Deko Team","image":{"@type":"ImageObject","inLanguage":"de-DE","@id":"https:\/\/www.tafeldeko.de\/news\/#\/schema\/person\/image\/","url":"https:\/\/secure.gravatar.com\/avatar\/1e962f4040dc9996f0d200db31598854?s=96&d=mm&r=g","contentUrl":"https:\/\/secure.gravatar.com\/avatar\/1e962f4040dc9996f0d200db31598854?s=96&d=mm&r=g","caption":"Tafeldeko Deko Team"}}]}},"_links":{"self":[{"href":"https:\/\/www.tafeldeko.de\/news\/wp-json\/wp\/v2\/posts\/6030"}],"collection":[{"href":"https:\/\/www.tafeldeko.de\/news\/wp-json\/wp\/v2\/posts"}],"about":[{"href":"https:\/\/www.tafeldeko.de\/news\/wp-json\/wp\/v2\/types\/post"}],"author":[{"embeddable":true,"href":"https:\/\/www.tafeldeko.de\/news\/wp-json\/wp\/v2\/users\/6"}],"replies":[{"embeddable":true,"href":"https:\/\/www.tafeldeko.de\/news\/wp-json\/wp\/v2\/comments?post=6030"}],"version-history":[{"count":2,"href":"https:\/\/www.tafeldeko.de\/news\/wp-json\/wp\/v2\/posts\/6030\/revisions"}],"predecessor-version":[{"id":6032,"href":"https:\/\/www.tafeldeko.de\/news\/wp-json\/wp\/v2\/posts\/6030\/revisions\/6032"}],"wp:attachment":[{"href":"https:\/\/www.tafeldeko.de\/news\/wp-json\/wp\/v2\/media?parent=6030"}],"wp:term":[{"taxonomy":"category","embeddable":true,"href":"https:\/\/www.tafeldeko.de\/news\/wp-json\/wp\/v2\/categories?post=6030"},{"taxonomy":"post_tag","embeddable":true,"href":"https:\/\/www.tafeldeko.de\/news\/wp-json\/wp\/v2\/tags?post=6030"}],"curies":[{"name":"wp","href":"https:\/\/api.w.org\/{rel}","templated":true}]}}