{"id":5975,"date":"2015-02-13T15:23:29","date_gmt":"2015-02-13T13:23:29","guid":{"rendered":"http:\/\/www.tafeldeko.de\/news\/?p=5975"},"modified":"2023-02-14T10:30:16","modified_gmt":"2023-02-14T09:30:16","slug":"tischdeko-fuer-fasching-farbenfroh","status":"publish","type":"post","link":"https:\/\/www.tafeldeko.de\/news\/tischdeko-fuer-fasching-farbenfroh\/","title":{"rendered":"Tischdeko f\u00fcr Fasching &#8211; farbenfroh"},"content":{"rendered":"<p>Fasching, Karneval oder Fastnacht sind Ausdr\u00fccke f\u00fcr die f\u00fcnfte<br \/>\nJahreszeit, die im Fr\u00fchjahr sieben Wochen vor Ostern gefeiert wird &#8211;<br \/>\ninklusive einer tollen <strong>Tischdeko f\u00fcr Fasching<\/strong>. Fasching<br \/>\nist ein fr\u00f6hliches Fest und lockt die \u201eNarren\u201c auf die Stra\u00dfen. Das<br \/>\nVerkleiden, Spa\u00df, Ausgelassenheit und das Feiern werfen den Alltag \u00fcber<br \/>\nden Haufen. Von Donnerstag bis Faschingsdienstag wird bei lustiger Musik<br \/>\nund in tollen Kost\u00fcmen, ob als Cowboy, Teufel oder Indianer verkleidet,<br \/>\ngefeiert. F\u00fcr viel beginnt die Fastnachtszeit bereits am 11.11 um 11.11<br \/>\nUhr und endet somit am Aschermittwoch &#8211; dann ist die \u201ef\u00fcnfte<br \/>\nJahreszeit\u201c und die Gaudi rund um Fasching beendet.<\/p>\n<p>Wer allerdings zu Hause eine Faschingsfete auf die Beine stellen m\u00f6chte, wird auch eine passende <a title=\"Tischdeko\" href=\"https:\/\/www.tafeldeko.de\" target=\"_blank\" rel=\"noopener\"><strong>Tischdeko<\/strong><\/a> f\u00fcr Fasching ben\u00f6tigen. Ohne die entsprechende Dekoration macht das Feiern nur halb so viel Spa\u00df und deshalb man richtiges Equipment. Die Tischdeko f\u00fcr Fasching und die Dekoration allgemein im Raum ist ein Punkt, der bei der Planung nicht in Vergessenheit geraten darf.<\/p>\n<p><img decoding=\"async\" loading=\"lazy\" src=\"https:\/\/www.tafeldeko.de\/news\/wp-content\/uploads\/2015\/02\/servietten_luftballons.jpg\" alt=\"Tischdeko f\u00fcr Fasching farbenfroh\" width=\"150\" height=\"150\" \/><\/p>\n<h2>Die Tischdeko f\u00fcr Fasching sorgt f\u00fcr eine Portion gute Laune<\/h2>\n<p>Wer eine Tischdeko f\u00fcr Fasching sucht, wird zahlreiche dekorative Accessoires finden, die sich f\u00fcr diesen Anlass bestens eignen. Wie w\u00e4re es mit den \u201eServietten bunten Luftballons\u201c in der Gr\u00f6\u00dfe 33 x 33 cm von Tafeldeko? Diese <strong>Servietten<\/strong> sind voller Farbe und bringen gute Laune auf den Tisch. Alles was farbenfroh ist, eignet sich f\u00fcr die Faschingstischdeko. Des Weiteren kann man zu Luftschlangen, Konfetti, S\u00fc\u00dfigkeiten und vielem mehr greifen. Bei der Tischdeko zu Fasching gibt es sozusagen keine Grenzen und man kann auch den Raum in einen tollen Look verwandeln. Hierf\u00fcr k\u00f6nnen Girlanden, Luftballons oder bunt gestaltete Masken verwendet werden um ein tolles Ambiente f\u00fcr die Faschingsfete zu kreieren.<br \/>\nHat man die Tischdeko f\u00fcr Fasching im groben geplant, sollte man sein Augenmerk auf die Musik richten und sich Gedanken \u00fcber das leibliche Wohl machen. Alles ist eben f\u00fcr eine gelungene Fete von Bedeutung und wer <strong>Liebe zum Detail<\/strong> beweist, wird zu einem tollen Endergebnis kommen.<\/p>\n<h2>Weitere Beitr\u00e4ge:<\/h2>\n<h2>Dekoartikel von A-Z<\/h2>\n<p><a href=\"https:\/\/www.tafeldeko.de\/tischdeko-artikel\/\"><br \/>\nJetzt entdecken <\/a><\/p>\n","protected":false},"excerpt":{"rendered":"<p>Fasching, Karneval oder Fastnacht sind Ausdr\u00fccke f\u00fcr die f\u00fcnfte Jahreszeit, die im Fr\u00fchjahr sieben Wochen vor Ostern gefeiert wird &#8211; inklusive einer tollen Tischdeko f\u00fcr Fasching. Fasching ist ein fr\u00f6hliches Fest und lockt die \u201eNarren\u201c auf die Stra\u00dfen. Das Verkleiden, Spa\u00df, Ausgelassenheit und das Feiern werfen den Alltag \u00fcber den Haufen. Von Donnerstag bis Faschingsdienstag [&hellip;]<\/p>\n","protected":false},"author":6,"featured_media":5976,"comment_status":"closed","ping_status":"closed","sticky":false,"template":"","format":"standard","meta":{"footnotes":""},"categories":[1],"tags":[],"yoast_head":"<!-- This site is optimized with the Yoast SEO plugin v20.4 - https:\/\/yoast.com\/wordpress\/plugins\/seo\/ -->\n<title>Tischdeko f\u00fcr Fasching - farbenfroh - Tafeldeko<\/title>\n<meta name=\"description\" content=\"Wer eine Tischdeko f\u00fcr Fasching farbenfroh sucht, wird bei uns zahlreiche dekorative Accessoires finden, die sich f\u00fcr diesen Anlass bestens..\" \/>\n<meta name=\"robots\" content=\"index, follow, max-snippet:-1, max-image-preview:large, max-video-preview:-1\" \/>\n<link rel=\"canonical\" href=\"https:\/\/www.tafeldeko.de\/news\/tischdeko-fuer-fasching-farbenfroh\/\" \/>\n<meta property=\"og:locale\" content=\"de_DE\" \/>\n<meta property=\"og:type\" content=\"article\" \/>\n<meta property=\"og:title\" content=\"Tischdeko f\u00fcr Fasching - farbenfroh - Tafeldeko\" \/>\n<meta property=\"og:description\" content=\"Wer eine Tischdeko f\u00fcr Fasching farbenfroh sucht, wird bei uns zahlreiche dekorative Accessoires finden, die sich f\u00fcr diesen Anlass bestens..\" \/>\n<meta property=\"og:url\" content=\"https:\/\/www.tafeldeko.de\/news\/tischdeko-fuer-fasching-farbenfroh\/\" \/>\n<meta property=\"og:site_name\" content=\"Tafeldeko\" \/>\n<meta property=\"article:publisher\" content=\"https:\/\/www.facebook.com\/pages\/Tafeldeko-einzigartige-Tischdekoration\/174202655894\" \/>\n<meta property=\"article:published_time\" content=\"2015-02-13T13:23:29+00:00\" \/>\n<meta property=\"article:modified_time\" content=\"2023-02-14T09:30:16+00:00\" \/>\n<meta property=\"og:image\" content=\"https:\/\/www.tafeldeko.de\/news\/wp-content\/uploads\/2015\/02\/servietten_luftballons.jpg\" \/>\n\t<meta property=\"og:image:width\" content=\"150\" \/>\n\t<meta property=\"og:image:height\" content=\"150\" \/>\n\t<meta property=\"og:image:type\" content=\"image\/jpeg\" \/>\n<meta name=\"author\" content=\"Tafeldeko Deko Team\" \/>\n<meta name=\"twitter:label1\" content=\"Verfasst von\" \/>\n\t<meta name=\"twitter:data1\" content=\"Tafeldeko Deko Team\" \/>\n\t<meta name=\"twitter:label2\" content=\"Gesch\u00e4tzte Lesezeit\" \/>\n\t<meta name=\"twitter:data2\" content=\"3 Minuten\" \/>\n<script type=\"application\/ld+json\" class=\"yoast-schema-graph\">{\"@context\":\"https:\/\/schema.org\",\"@graph\":[{\"@type\":\"WebPage\",\"@id\":\"https:\/\/www.tafeldeko.de\/news\/tischdeko-fuer-fasching-farbenfroh\/\",\"url\":\"https:\/\/www.tafeldeko.de\/news\/tischdeko-fuer-fasching-farbenfroh\/\",\"name\":\"Tischdeko f\u00fcr Fasching - farbenfroh - Tafeldeko\",\"isPartOf\":{\"@id\":\"https:\/\/www.tafeldeko.de\/news\/#website\"},\"datePublished\":\"2015-02-13T13:23:29+00:00\",\"dateModified\":\"2023-02-14T09:30:16+00:00\",\"author\":{\"@id\":\"https:\/\/www.tafeldeko.de\/news\/#\/schema\/person\/dc309fbb6a3e380919fc08342c3cc233\"},\"description\":\"Wer eine Tischdeko f\u00fcr Fasching farbenfroh sucht, wird bei uns zahlreiche dekorative Accessoires finden, die sich f\u00fcr diesen Anlass bestens..\",\"breadcrumb\":{\"@id\":\"https:\/\/www.tafeldeko.de\/news\/tischdeko-fuer-fasching-farbenfroh\/#breadcrumb\"},\"inLanguage\":\"de-DE\",\"potentialAction\":[{\"@type\":\"ReadAction\",\"target\":[\"https:\/\/www.tafeldeko.de\/news\/tischdeko-fuer-fasching-farbenfroh\/\"]}]},{\"@type\":\"BreadcrumbList\",\"@id\":\"https:\/\/www.tafeldeko.de\/news\/tischdeko-fuer-fasching-farbenfroh\/#breadcrumb\",\"itemListElement\":[{\"@type\":\"ListItem\",\"position\":1,\"name\":\"Tafeldeko\",\"item\":\"https:\/\/www.tafeldeko.de\/news\/\"},{\"@type\":\"ListItem\",\"position\":2,\"name\":\"Alte Beitr\u00e4ge\",\"item\":\"https:\/\/www.tafeldeko.de\/news\/alte-beitraege\/\"},{\"@type\":\"ListItem\",\"position\":3,\"name\":\"Tischdeko - Blog\",\"item\":\"https:\/\/www.tafeldeko.de\/news\/alte-beitraege\/tischdeko-blog\/\"},{\"@type\":\"ListItem\",\"position\":4,\"name\":\"Tischdeko f\u00fcr Fasching &#8211; farbenfroh\"}]},{\"@type\":\"WebSite\",\"@id\":\"https:\/\/www.tafeldeko.de\/news\/#website\",\"url\":\"https:\/\/www.tafeldeko.de\/news\/\",\"name\":\"Tafeldeko\",\"description\":\"Blog mit Tischdeko und Tischdekoration Ideen\",\"potentialAction\":[{\"@type\":\"SearchAction\",\"target\":{\"@type\":\"EntryPoint\",\"urlTemplate\":\"https:\/\/www.tafeldeko.de\/news\/?s={search_term_string}\"},\"query-input\":\"required name=search_term_string\"}],\"inLanguage\":\"de-DE\"},{\"@type\":\"Person\",\"@id\":\"https:\/\/www.tafeldeko.de\/news\/#\/schema\/person\/dc309fbb6a3e380919fc08342c3cc233\",\"name\":\"Tafeldeko Deko Team\",\"image\":{\"@type\":\"ImageObject\",\"inLanguage\":\"de-DE\",\"@id\":\"https:\/\/www.tafeldeko.de\/news\/#\/schema\/person\/image\/\",\"url\":\"https:\/\/secure.gravatar.com\/avatar\/1e962f4040dc9996f0d200db31598854?s=96&d=mm&r=g\",\"contentUrl\":\"https:\/\/secure.gravatar.com\/avatar\/1e962f4040dc9996f0d200db31598854?s=96&d=mm&r=g\",\"caption\":\"Tafeldeko Deko Team\"}}]}<\/script>\n<!-- \/ Yoast SEO plugin. -->","yoast_head_json":{"title":"Tischdeko f\u00fcr Fasching - farbenfroh - Tafeldeko","description":"Wer eine Tischdeko f\u00fcr Fasching farbenfroh sucht, wird bei uns zahlreiche dekorative Accessoires finden, die sich f\u00fcr diesen Anlass bestens..","robots":{"index":"index","follow":"follow","max-snippet":"max-snippet:-1","max-image-preview":"max-image-preview:large","max-video-preview":"max-video-preview:-1"},"canonical":"https:\/\/www.tafeldeko.de\/news\/tischdeko-fuer-fasching-farbenfroh\/","og_locale":"de_DE","og_type":"article","og_title":"Tischdeko f\u00fcr Fasching - farbenfroh - Tafeldeko","og_description":"Wer eine Tischdeko f\u00fcr Fasching farbenfroh sucht, wird bei uns zahlreiche dekorative Accessoires finden, die sich f\u00fcr diesen Anlass bestens..","og_url":"https:\/\/www.tafeldeko.de\/news\/tischdeko-fuer-fasching-farbenfroh\/","og_site_name":"Tafeldeko","article_publisher":"https:\/\/www.facebook.com\/pages\/Tafeldeko-einzigartige-Tischdekoration\/174202655894","article_published_time":"2015-02-13T13:23:29+00:00","article_modified_time":"2023-02-14T09:30:16+00:00","og_image":[{"width":150,"height":150,"url":"https:\/\/www.tafeldeko.de\/news\/wp-content\/uploads\/2015\/02\/servietten_luftballons.jpg","type":"image\/jpeg"}],"author":"Tafeldeko Deko Team","twitter_misc":{"Verfasst von":"Tafeldeko Deko Team","Gesch\u00e4tzte Lesezeit":"3 Minuten"},"schema":{"@context":"https:\/\/schema.org","@graph":[{"@type":"WebPage","@id":"https:\/\/www.tafeldeko.de\/news\/tischdeko-fuer-fasching-farbenfroh\/","url":"https:\/\/www.tafeldeko.de\/news\/tischdeko-fuer-fasching-farbenfroh\/","name":"Tischdeko f\u00fcr Fasching - farbenfroh - Tafeldeko","isPartOf":{"@id":"https:\/\/www.tafeldeko.de\/news\/#website"},"datePublished":"2015-02-13T13:23:29+00:00","dateModified":"2023-02-14T09:30:16+00:00","author":{"@id":"https:\/\/www.tafeldeko.de\/news\/#\/schema\/person\/dc309fbb6a3e380919fc08342c3cc233"},"description":"Wer eine Tischdeko f\u00fcr Fasching farbenfroh sucht, wird bei uns zahlreiche dekorative Accessoires finden, die sich f\u00fcr diesen Anlass bestens..","breadcrumb":{"@id":"https:\/\/www.tafeldeko.de\/news\/tischdeko-fuer-fasching-farbenfroh\/#breadcrumb"},"inLanguage":"de-DE","potentialAction":[{"@type":"ReadAction","target":["https:\/\/www.tafeldeko.de\/news\/tischdeko-fuer-fasching-farbenfroh\/"]}]},{"@type":"BreadcrumbList","@id":"https:\/\/www.tafeldeko.de\/news\/tischdeko-fuer-fasching-farbenfroh\/#breadcrumb","itemListElement":[{"@type":"ListItem","position":1,"name":"Tafeldeko","item":"https:\/\/www.tafeldeko.de\/news\/"},{"@type":"ListItem","position":2,"name":"Alte Beitr\u00e4ge","item":"https:\/\/www.tafeldeko.de\/news\/alte-beitraege\/"},{"@type":"ListItem","position":3,"name":"Tischdeko - Blog","item":"https:\/\/www.tafeldeko.de\/news\/alte-beitraege\/tischdeko-blog\/"},{"@type":"ListItem","position":4,"name":"Tischdeko f\u00fcr Fasching &#8211; farbenfroh"}]},{"@type":"WebSite","@id":"https:\/\/www.tafeldeko.de\/news\/#website","url":"https:\/\/www.tafeldeko.de\/news\/","name":"Tafeldeko","description":"Blog mit Tischdeko und Tischdekoration Ideen","potentialAction":[{"@type":"SearchAction","target":{"@type":"EntryPoint","urlTemplate":"https:\/\/www.tafeldeko.de\/news\/?s={search_term_string}"},"query-input":"required name=search_term_string"}],"inLanguage":"de-DE"},{"@type":"Person","@id":"https:\/\/www.tafeldeko.de\/news\/#\/schema\/person\/dc309fbb6a3e380919fc08342c3cc233","name":"Tafeldeko Deko Team","image":{"@type":"ImageObject","inLanguage":"de-DE","@id":"https:\/\/www.tafeldeko.de\/news\/#\/schema\/person\/image\/","url":"https:\/\/secure.gravatar.com\/avatar\/1e962f4040dc9996f0d200db31598854?s=96&d=mm&r=g","contentUrl":"https:\/\/secure.gravatar.com\/avatar\/1e962f4040dc9996f0d200db31598854?s=96&d=mm&r=g","caption":"Tafeldeko Deko Team"}}]}},"_links":{"self":[{"href":"https:\/\/www.tafeldeko.de\/news\/wp-json\/wp\/v2\/posts\/5975"}],"collection":[{"href":"https:\/\/www.tafeldeko.de\/news\/wp-json\/wp\/v2\/posts"}],"about":[{"href":"https:\/\/www.tafeldeko.de\/news\/wp-json\/wp\/v2\/types\/post"}],"author":[{"embeddable":true,"href":"https:\/\/www.tafeldeko.de\/news\/wp-json\/wp\/v2\/users\/6"}],"replies":[{"embeddable":true,"href":"https:\/\/www.tafeldeko.de\/news\/wp-json\/wp\/v2\/comments?post=5975"}],"version-history":[{"count":6,"href":"https:\/\/www.tafeldeko.de\/news\/wp-json\/wp\/v2\/posts\/5975\/revisions"}],"predecessor-version":[{"id":22839,"href":"https:\/\/www.tafeldeko.de\/news\/wp-json\/wp\/v2\/posts\/5975\/revisions\/22839"}],"wp:featuredmedia":[{"embeddable":true,"href":"https:\/\/www.tafeldeko.de\/news\/wp-json\/wp\/v2\/media\/5976"}],"wp:attachment":[{"href":"https:\/\/www.tafeldeko.de\/news\/wp-json\/wp\/v2\/media?parent=5975"}],"wp:term":[{"taxonomy":"category","embeddable":true,"href":"https:\/\/www.tafeldeko.de\/news\/wp-json\/wp\/v2\/categories?post=5975"},{"taxonomy":"post_tag","embeddable":true,"href":"https:\/\/www.tafeldeko.de\/news\/wp-json\/wp\/v2\/tags?post=5975"}],"curies":[{"name":"wp","href":"https:\/\/api.w.org\/{rel}","templated":true}]}}