{"id":5963,"date":"2015-02-13T10:20:53","date_gmt":"2015-02-13T08:20:53","guid":{"rendered":"http:\/\/www.tafeldeko.de\/news\/?p=5963"},"modified":"2015-02-13T10:24:06","modified_gmt":"2015-02-13T08:24:06","slug":"deko-fuer-den-garten-gern-gesehen","status":"publish","type":"post","link":"https:\/\/www.tafeldeko.de\/news\/deko-fuer-den-garten-gern-gesehen\/","title":{"rendered":"Deko f\u00fcr den Garten &#8211; gern gesehen"},"content":{"rendered":"<p>Eine sch\u00f6ne Dekoration inklusive der <strong>Deko f\u00fcr den Garten<\/strong> ver\u00e4ndert das Zuhause und kann der Jahreszeit angepasst werden. Ob eine Deko zu Weihnachten, eine Deko f\u00fcr den Garten oder auch eine fr\u00fchlingshafte Deko zaubern ein sch\u00f6nes Bild und steigern das Wohlbefinden. Des Weiteren freut man sich nicht nur selbst dar\u00fcber, sondern auch Freunde und G\u00e4ste k\u00f6nnen an den dekorativen Taten teilhaben. Von einer flippigen bis hin zu einer schlichten Dekoration ist vieles m\u00f6glich.<br \/>\nDie Deko f\u00fcr den Garten wird f\u00fcr all diejenigen interessant sein, die auch \u00fcber einen Garten beziehungsweise eine Gr\u00fcnfl\u00e4che verf\u00fcgen Sicherlich kann man verschiedene Elemente auch auf Balkon oder Terrasse in die Tat umsetzen und somit f\u00fcr Gem\u00fctlichkeit sorgen. Beim Dekorieren gibt es vielerlei Gestaltungsm\u00f6glichkeiten und f\u00fcr jedermann<\/p>\n<h2>Deko f\u00fcr den Garten &#8211; das schaut man sich gerne an<\/h2>\n<p>Das Sch\u00f6ne am Dekorieren ist, dass sich f\u00fcr jeden Geldbeutel etwas Passendes finden l\u00e4sst und h\u00e4ufig sind es die kleinen Dinge, die f\u00fcr<strong> gro\u00dfe Wirkung<\/strong> sorgen. Die Deko f\u00fcr den Garten k\u00f6nnen beispielsweise Blumen, wie Sonnenblumen oder Rosen sein oder man drapiert Lampen, Lichterketten oder Windlichter im Gartenbereich. Bei einem Grillabend ist dies sehr praktisch, denn so kommt ein sch\u00f6nes Licht bei Dunkelheit auf und man kann l\u00e4nger drau\u00dfen sitzen. Au\u00dferdem ist ein Teich auch eine sch\u00f6ne Art der Dekoration an der man viel Freude haben kann. Die Planung und Umsetzung mag etwas mehr Zeit in Anspruch nehmen, aber es wird sich gewiss lohnen.<br \/>\nDie Deko f\u00fcr den Garten, auf der Terrasse oder dem Balkon macht das Sitzen an der frischen Luft und in der Sonne noch sch\u00f6ner und so h\u00e4lt man sich noch lieber drau\u00dfen auf. Auch Gartenm\u00f6bel aus Rattan oder eine Liege k\u00f6nnen zum <strong>Wohlbefinden<\/strong> beitragen und man hat einen neuen Lieblingsort zum Entspannen geschaffen. Die Umgebung spielt eben eine gro\u00dfe Rolle und die Deko f\u00fcr den Garten kann man nach Herzenslust umsetzen und Kreativit\u00e4t, Spa\u00df und Genuss werden sich in der Dekoration wiederspiegeln.<\/p>\n","protected":false},"excerpt":{"rendered":"<p>Eine sch\u00f6ne Dekoration inklusive der Deko f\u00fcr den Garten ver\u00e4ndert das Zuhause und kann der Jahreszeit angepasst werden. Ob eine Deko zu Weihnachten, eine Deko f\u00fcr den Garten oder auch eine fr\u00fchlingshafte Deko zaubern ein sch\u00f6nes Bild und steigern das Wohlbefinden. Des Weiteren freut man sich nicht nur selbst dar\u00fcber, sondern auch Freunde und G\u00e4ste [&hellip;]<\/p>\n","protected":false},"author":6,"featured_media":0,"comment_status":"closed","ping_status":"closed","sticky":false,"template":"","format":"standard","meta":{"footnotes":""},"categories":[1],"tags":[],"yoast_head":"<!-- This site is optimized with the Yoast SEO plugin v20.4 - https:\/\/yoast.com\/wordpress\/plugins\/seo\/ -->\n<title>Deko f\u00fcr den Garten - gern gesehen - Tafeldeko<\/title>\n<meta name=\"description\" content=\"Eine sch\u00f6ne Deko f\u00fcr den Garten ver\u00e4ndert das Zuhause und kann der Jahreszeit angepasst werden. Setzen Sie tolle Akzente in Ihrer Oase.\" \/>\n<meta name=\"robots\" content=\"index, follow, max-snippet:-1, max-image-preview:large, max-video-preview:-1\" \/>\n<link rel=\"canonical\" href=\"https:\/\/www.tafeldeko.de\/news\/deko-fuer-den-garten-gern-gesehen\/\" \/>\n<meta property=\"og:locale\" content=\"de_DE\" \/>\n<meta property=\"og:type\" content=\"article\" \/>\n<meta property=\"og:title\" content=\"Deko f\u00fcr den Garten - gern gesehen - Tafeldeko\" \/>\n<meta property=\"og:description\" content=\"Eine sch\u00f6ne Deko f\u00fcr den Garten ver\u00e4ndert das Zuhause und kann der Jahreszeit angepasst werden. Setzen Sie tolle Akzente in Ihrer Oase.\" \/>\n<meta property=\"og:url\" content=\"https:\/\/www.tafeldeko.de\/news\/deko-fuer-den-garten-gern-gesehen\/\" \/>\n<meta property=\"og:site_name\" content=\"Tafeldeko\" \/>\n<meta property=\"article:publisher\" content=\"https:\/\/www.facebook.com\/pages\/Tafeldeko-einzigartige-Tischdekoration\/174202655894\" \/>\n<meta property=\"article:published_time\" content=\"2015-02-13T08:20:53+00:00\" \/>\n<meta property=\"article:modified_time\" content=\"2015-02-13T08:24:06+00:00\" \/>\n<meta name=\"author\" content=\"Tafeldeko Deko Team\" \/>\n<meta name=\"twitter:label1\" content=\"Verfasst von\" \/>\n\t<meta name=\"twitter:data1\" content=\"Tafeldeko Deko Team\" \/>\n\t<meta name=\"twitter:label2\" content=\"Gesch\u00e4tzte Lesezeit\" \/>\n\t<meta name=\"twitter:data2\" content=\"2 Minuten\" \/>\n<script type=\"application\/ld+json\" class=\"yoast-schema-graph\">{\"@context\":\"https:\/\/schema.org\",\"@graph\":[{\"@type\":\"WebPage\",\"@id\":\"https:\/\/www.tafeldeko.de\/news\/deko-fuer-den-garten-gern-gesehen\/\",\"url\":\"https:\/\/www.tafeldeko.de\/news\/deko-fuer-den-garten-gern-gesehen\/\",\"name\":\"Deko f\u00fcr den Garten - gern gesehen - Tafeldeko\",\"isPartOf\":{\"@id\":\"https:\/\/www.tafeldeko.de\/news\/#website\"},\"datePublished\":\"2015-02-13T08:20:53+00:00\",\"dateModified\":\"2015-02-13T08:24:06+00:00\",\"author\":{\"@id\":\"https:\/\/www.tafeldeko.de\/news\/#\/schema\/person\/dc309fbb6a3e380919fc08342c3cc233\"},\"description\":\"Eine sch\u00f6ne Deko f\u00fcr den Garten ver\u00e4ndert das Zuhause und kann der Jahreszeit angepasst werden. Setzen Sie tolle Akzente in Ihrer Oase.\",\"breadcrumb\":{\"@id\":\"https:\/\/www.tafeldeko.de\/news\/deko-fuer-den-garten-gern-gesehen\/#breadcrumb\"},\"inLanguage\":\"de-DE\",\"potentialAction\":[{\"@type\":\"ReadAction\",\"target\":[\"https:\/\/www.tafeldeko.de\/news\/deko-fuer-den-garten-gern-gesehen\/\"]}]},{\"@type\":\"BreadcrumbList\",\"@id\":\"https:\/\/www.tafeldeko.de\/news\/deko-fuer-den-garten-gern-gesehen\/#breadcrumb\",\"itemListElement\":[{\"@type\":\"ListItem\",\"position\":1,\"name\":\"Tafeldeko\",\"item\":\"https:\/\/www.tafeldeko.de\/news\/\"},{\"@type\":\"ListItem\",\"position\":2,\"name\":\"Alte Beitr\u00e4ge\",\"item\":\"https:\/\/www.tafeldeko.de\/news\/alte-beitraege\/\"},{\"@type\":\"ListItem\",\"position\":3,\"name\":\"Tischdeko - Blog\",\"item\":\"https:\/\/www.tafeldeko.de\/news\/alte-beitraege\/tischdeko-blog\/\"},{\"@type\":\"ListItem\",\"position\":4,\"name\":\"Deko f\u00fcr den Garten &#8211; gern gesehen\"}]},{\"@type\":\"WebSite\",\"@id\":\"https:\/\/www.tafeldeko.de\/news\/#website\",\"url\":\"https:\/\/www.tafeldeko.de\/news\/\",\"name\":\"Tafeldeko\",\"description\":\"Blog mit Tischdeko und Tischdekoration Ideen\",\"potentialAction\":[{\"@type\":\"SearchAction\",\"target\":{\"@type\":\"EntryPoint\",\"urlTemplate\":\"https:\/\/www.tafeldeko.de\/news\/?s={search_term_string}\"},\"query-input\":\"required name=search_term_string\"}],\"inLanguage\":\"de-DE\"},{\"@type\":\"Person\",\"@id\":\"https:\/\/www.tafeldeko.de\/news\/#\/schema\/person\/dc309fbb6a3e380919fc08342c3cc233\",\"name\":\"Tafeldeko Deko Team\",\"image\":{\"@type\":\"ImageObject\",\"inLanguage\":\"de-DE\",\"@id\":\"https:\/\/www.tafeldeko.de\/news\/#\/schema\/person\/image\/\",\"url\":\"https:\/\/secure.gravatar.com\/avatar\/1e962f4040dc9996f0d200db31598854?s=96&d=mm&r=g\",\"contentUrl\":\"https:\/\/secure.gravatar.com\/avatar\/1e962f4040dc9996f0d200db31598854?s=96&d=mm&r=g\",\"caption\":\"Tafeldeko Deko Team\"}}]}<\/script>\n<!-- \/ Yoast SEO plugin. -->","yoast_head_json":{"title":"Deko f\u00fcr den Garten - gern gesehen - Tafeldeko","description":"Eine sch\u00f6ne Deko f\u00fcr den Garten ver\u00e4ndert das Zuhause und kann der Jahreszeit angepasst werden. Setzen Sie tolle Akzente in Ihrer Oase.","robots":{"index":"index","follow":"follow","max-snippet":"max-snippet:-1","max-image-preview":"max-image-preview:large","max-video-preview":"max-video-preview:-1"},"canonical":"https:\/\/www.tafeldeko.de\/news\/deko-fuer-den-garten-gern-gesehen\/","og_locale":"de_DE","og_type":"article","og_title":"Deko f\u00fcr den Garten - gern gesehen - Tafeldeko","og_description":"Eine sch\u00f6ne Deko f\u00fcr den Garten ver\u00e4ndert das Zuhause und kann der Jahreszeit angepasst werden. Setzen Sie tolle Akzente in Ihrer Oase.","og_url":"https:\/\/www.tafeldeko.de\/news\/deko-fuer-den-garten-gern-gesehen\/","og_site_name":"Tafeldeko","article_publisher":"https:\/\/www.facebook.com\/pages\/Tafeldeko-einzigartige-Tischdekoration\/174202655894","article_published_time":"2015-02-13T08:20:53+00:00","article_modified_time":"2015-02-13T08:24:06+00:00","author":"Tafeldeko Deko Team","twitter_misc":{"Verfasst von":"Tafeldeko Deko Team","Gesch\u00e4tzte Lesezeit":"2 Minuten"},"schema":{"@context":"https:\/\/schema.org","@graph":[{"@type":"WebPage","@id":"https:\/\/www.tafeldeko.de\/news\/deko-fuer-den-garten-gern-gesehen\/","url":"https:\/\/www.tafeldeko.de\/news\/deko-fuer-den-garten-gern-gesehen\/","name":"Deko f\u00fcr den Garten - gern gesehen - Tafeldeko","isPartOf":{"@id":"https:\/\/www.tafeldeko.de\/news\/#website"},"datePublished":"2015-02-13T08:20:53+00:00","dateModified":"2015-02-13T08:24:06+00:00","author":{"@id":"https:\/\/www.tafeldeko.de\/news\/#\/schema\/person\/dc309fbb6a3e380919fc08342c3cc233"},"description":"Eine sch\u00f6ne Deko f\u00fcr den Garten ver\u00e4ndert das Zuhause und kann der Jahreszeit angepasst werden. Setzen Sie tolle Akzente in Ihrer Oase.","breadcrumb":{"@id":"https:\/\/www.tafeldeko.de\/news\/deko-fuer-den-garten-gern-gesehen\/#breadcrumb"},"inLanguage":"de-DE","potentialAction":[{"@type":"ReadAction","target":["https:\/\/www.tafeldeko.de\/news\/deko-fuer-den-garten-gern-gesehen\/"]}]},{"@type":"BreadcrumbList","@id":"https:\/\/www.tafeldeko.de\/news\/deko-fuer-den-garten-gern-gesehen\/#breadcrumb","itemListElement":[{"@type":"ListItem","position":1,"name":"Tafeldeko","item":"https:\/\/www.tafeldeko.de\/news\/"},{"@type":"ListItem","position":2,"name":"Alte Beitr\u00e4ge","item":"https:\/\/www.tafeldeko.de\/news\/alte-beitraege\/"},{"@type":"ListItem","position":3,"name":"Tischdeko - Blog","item":"https:\/\/www.tafeldeko.de\/news\/alte-beitraege\/tischdeko-blog\/"},{"@type":"ListItem","position":4,"name":"Deko f\u00fcr den Garten &#8211; gern gesehen"}]},{"@type":"WebSite","@id":"https:\/\/www.tafeldeko.de\/news\/#website","url":"https:\/\/www.tafeldeko.de\/news\/","name":"Tafeldeko","description":"Blog mit Tischdeko und Tischdekoration Ideen","potentialAction":[{"@type":"SearchAction","target":{"@type":"EntryPoint","urlTemplate":"https:\/\/www.tafeldeko.de\/news\/?s={search_term_string}"},"query-input":"required name=search_term_string"}],"inLanguage":"de-DE"},{"@type":"Person","@id":"https:\/\/www.tafeldeko.de\/news\/#\/schema\/person\/dc309fbb6a3e380919fc08342c3cc233","name":"Tafeldeko Deko Team","image":{"@type":"ImageObject","inLanguage":"de-DE","@id":"https:\/\/www.tafeldeko.de\/news\/#\/schema\/person\/image\/","url":"https:\/\/secure.gravatar.com\/avatar\/1e962f4040dc9996f0d200db31598854?s=96&d=mm&r=g","contentUrl":"https:\/\/secure.gravatar.com\/avatar\/1e962f4040dc9996f0d200db31598854?s=96&d=mm&r=g","caption":"Tafeldeko Deko Team"}}]}},"_links":{"self":[{"href":"https:\/\/www.tafeldeko.de\/news\/wp-json\/wp\/v2\/posts\/5963"}],"collection":[{"href":"https:\/\/www.tafeldeko.de\/news\/wp-json\/wp\/v2\/posts"}],"about":[{"href":"https:\/\/www.tafeldeko.de\/news\/wp-json\/wp\/v2\/types\/post"}],"author":[{"embeddable":true,"href":"https:\/\/www.tafeldeko.de\/news\/wp-json\/wp\/v2\/users\/6"}],"replies":[{"embeddable":true,"href":"https:\/\/www.tafeldeko.de\/news\/wp-json\/wp\/v2\/comments?post=5963"}],"version-history":[{"count":5,"href":"https:\/\/www.tafeldeko.de\/news\/wp-json\/wp\/v2\/posts\/5963\/revisions"}],"predecessor-version":[{"id":5968,"href":"https:\/\/www.tafeldeko.de\/news\/wp-json\/wp\/v2\/posts\/5963\/revisions\/5968"}],"wp:attachment":[{"href":"https:\/\/www.tafeldeko.de\/news\/wp-json\/wp\/v2\/media?parent=5963"}],"wp:term":[{"taxonomy":"category","embeddable":true,"href":"https:\/\/www.tafeldeko.de\/news\/wp-json\/wp\/v2\/categories?post=5963"},{"taxonomy":"post_tag","embeddable":true,"href":"https:\/\/www.tafeldeko.de\/news\/wp-json\/wp\/v2\/tags?post=5963"}],"curies":[{"name":"wp","href":"https:\/\/api.w.org\/{rel}","templated":true}]}}