{"id":5912,"date":"2015-01-28T21:29:57","date_gmt":"2015-01-28T19:29:57","guid":{"rendered":"http:\/\/www.tafeldeko.de\/news\/?p=5912"},"modified":"2023-02-14T11:54:25","modified_gmt":"2023-02-14T10:54:25","slug":"tischdeko-februar-da-kommt-freude-auf","status":"publish","type":"post","link":"https:\/\/www.tafeldeko.de\/news\/tischdeko-februar-da-kommt-freude-auf\/","title":{"rendered":"Tischdeko Februar &#8211; da kommt Freude auf"},"content":{"rendered":"<p>Werden die Tage wieder l\u00e4nger und es kommt Farbe ins Spiel, dann wird es Zeit, den <strong>Fr\u00fchling zu begr\u00fc\u00dfen<\/strong> &#8211; gerne mit einer wundervollen Tischdeko Februar. Den trostlosen und k\u00fchlen Tagen sagt man langsam ade und wird sich auf den bevorstehenden Fr\u00fchling freuen. Mit einer sch\u00f6nen Dekoration kann man dies hervorragend unterstreichen und sein Zuhause in eine <strong>Wohlf\u00fchloase<\/strong> im Look des Fr\u00fchlings verwandeln. An Ideen wird es nicht mangeln. Nicht nur die Wohnung hat eine tolle Deko verdient, sondern auch die Tischdeko ist eine sch\u00f6ne M\u00f6glichkeit. Gerade dann, wenn ein Fest vor der T\u00fcr steht, ist die Tischdekoration ein Muss.<\/p>\n<p><img decoding=\"async\" loading=\"lazy\" src=\"https:\/\/www.tafeldeko.de\/news\/wp-content\/uploads\/2015\/01\/rebenkranz_weiss.jpeg\" alt=\"Tischdeko Februar\" width=\"150\" height=\"150\" \/><\/p>\n<h2>Die Tischdeko Februar &#8211; vielf\u00e4ltige Gestaltungsm\u00f6glichkeiten<\/h2>\n<p>Die Tischdeko l\u00e4sst einem jede Menge Freiraum in der dekorativen Gestaltung und man kann vielerlei Ideen in die Tat umsetzen. Bei der Tischdekoration sollte man zuerst sein Augenmerkt auf die Tischware legen und sich f\u00fcr passende <strong>Tischdecken<\/strong>, Tischl\u00e4ufer oder auch Tischsets entscheiden. Hat man diese Basis geschaffen, kann man sich bereits den Kleinigkeiten widmen. F\u00fcr die Tischdekoration sind Teelichter, bunte dekorative Accessoires, Deko-Steine usw. sehr passend und die Dekoration kann auch verschiedene Elemente zum Thema \u201eOstern\u201c enthalten. Ist es erstmals Februar, ist es nicht mehr lange bis Ostern und dann kann ein Osterhase f\u00fcr die Tischdeko genutzt werden. Des Weiteren ist der Rebenkranz mit Kordelgeflecht ein sch\u00f6ner Deko-Artikel, sowohl f\u00fcr auf den Tisch als auch f\u00fcr die T\u00fcr.<br \/>\nDeko mit Naturmaterialien liegen im Trend und ein wahres Highlight darstellen. Bei der Deko kann man den Rebenkranz mittig auf dem Tisch drapieren und mit Kerzen oder Blumen aufpeppen. Diese <strong>ausdrucksstarke Kombination<\/strong> wird den G\u00e4sten ins Auge stechen und sie werden sich \u00fcber diese Art des Dekorierens gewiss erfreuen. Peppt man den Tisch und die Wohnung mit dekorativen Accessoires auf, wird man \u00fcber das Endergebnis mehr als positiv \u00fcberrascht sein. Am besten macht man sich heute noch Gedanken zur Dekoration.<\/p>\n<h2>Weitere Beitr\u00e4ge:<\/h2>\n<h2>Dekoartikel von A-Z<\/h2>\n<p><a href=\"https:\/\/www.tafeldeko.de\/tischdeko-artikel\/\"><br \/>\nJetzt entdecken <\/a><\/p>\n","protected":false},"excerpt":{"rendered":"<p>Werden die Tage wieder l\u00e4nger und es kommt Farbe ins Spiel, dann wird es Zeit, den Fr\u00fchling zu begr\u00fc\u00dfen &#8211; gerne mit einer wundervollen Tischdeko Februar. Den trostlosen und k\u00fchlen Tagen sagt man langsam ade und wird sich auf den bevorstehenden Fr\u00fchling freuen. Mit einer sch\u00f6nen Dekoration kann man dies hervorragend unterstreichen und sein Zuhause [&hellip;]<\/p>\n","protected":false},"author":6,"featured_media":5913,"comment_status":"closed","ping_status":"closed","sticky":false,"template":"","format":"standard","meta":{"footnotes":""},"categories":[1],"tags":[],"yoast_head":"<!-- This site is optimized with the Yoast SEO plugin v20.4 - https:\/\/yoast.com\/wordpress\/plugins\/seo\/ -->\n<title>Tischdeko Februar - da kommt Freude auf - Tafeldeko<\/title>\n<meta name=\"description\" content=\"F\u00fcr die Tischdeko Februar sind Teelichter, bunte dekorative Accessoires, Deko-Steine usw. sehr passend und schm\u00fcckend. Ideen finden Sie hier\" \/>\n<meta name=\"robots\" content=\"index, follow, max-snippet:-1, max-image-preview:large, max-video-preview:-1\" \/>\n<link rel=\"canonical\" href=\"https:\/\/www.tafeldeko.de\/news\/tischdeko-februar-da-kommt-freude-auf\/\" \/>\n<meta property=\"og:locale\" content=\"de_DE\" \/>\n<meta property=\"og:type\" content=\"article\" \/>\n<meta property=\"og:title\" content=\"Tischdeko Februar - da kommt Freude auf - Tafeldeko\" \/>\n<meta property=\"og:description\" content=\"F\u00fcr die Tischdeko Februar sind Teelichter, bunte dekorative Accessoires, Deko-Steine usw. sehr passend und schm\u00fcckend. Ideen finden Sie hier\" \/>\n<meta property=\"og:url\" content=\"https:\/\/www.tafeldeko.de\/news\/tischdeko-februar-da-kommt-freude-auf\/\" \/>\n<meta property=\"og:site_name\" content=\"Tafeldeko\" \/>\n<meta property=\"article:publisher\" content=\"https:\/\/www.facebook.com\/pages\/Tafeldeko-einzigartige-Tischdekoration\/174202655894\" \/>\n<meta property=\"article:published_time\" content=\"2015-01-28T19:29:57+00:00\" \/>\n<meta property=\"article:modified_time\" content=\"2023-02-14T10:54:25+00:00\" \/>\n<meta property=\"og:image\" content=\"https:\/\/www.tafeldeko.de\/news\/wp-content\/uploads\/2015\/01\/rebenkranz_weiss.jpeg\" \/>\n\t<meta property=\"og:image:width\" content=\"150\" \/>\n\t<meta property=\"og:image:height\" content=\"150\" \/>\n\t<meta property=\"og:image:type\" content=\"image\/jpeg\" \/>\n<meta name=\"author\" content=\"Tafeldeko Deko Team\" \/>\n<meta name=\"twitter:label1\" content=\"Verfasst von\" \/>\n\t<meta name=\"twitter:data1\" content=\"Tafeldeko Deko Team\" \/>\n\t<meta name=\"twitter:label2\" content=\"Gesch\u00e4tzte Lesezeit\" \/>\n\t<meta name=\"twitter:data2\" content=\"2 Minuten\" \/>\n<script type=\"application\/ld+json\" class=\"yoast-schema-graph\">{\"@context\":\"https:\/\/schema.org\",\"@graph\":[{\"@type\":\"WebPage\",\"@id\":\"https:\/\/www.tafeldeko.de\/news\/tischdeko-februar-da-kommt-freude-auf\/\",\"url\":\"https:\/\/www.tafeldeko.de\/news\/tischdeko-februar-da-kommt-freude-auf\/\",\"name\":\"Tischdeko Februar - da kommt Freude auf - Tafeldeko\",\"isPartOf\":{\"@id\":\"https:\/\/www.tafeldeko.de\/news\/#website\"},\"datePublished\":\"2015-01-28T19:29:57+00:00\",\"dateModified\":\"2023-02-14T10:54:25+00:00\",\"author\":{\"@id\":\"https:\/\/www.tafeldeko.de\/news\/#\/schema\/person\/dc309fbb6a3e380919fc08342c3cc233\"},\"description\":\"F\u00fcr die Tischdeko Februar sind Teelichter, bunte dekorative Accessoires, Deko-Steine usw. sehr passend und schm\u00fcckend. Ideen finden Sie hier\",\"breadcrumb\":{\"@id\":\"https:\/\/www.tafeldeko.de\/news\/tischdeko-februar-da-kommt-freude-auf\/#breadcrumb\"},\"inLanguage\":\"de-DE\",\"potentialAction\":[{\"@type\":\"ReadAction\",\"target\":[\"https:\/\/www.tafeldeko.de\/news\/tischdeko-februar-da-kommt-freude-auf\/\"]}]},{\"@type\":\"BreadcrumbList\",\"@id\":\"https:\/\/www.tafeldeko.de\/news\/tischdeko-februar-da-kommt-freude-auf\/#breadcrumb\",\"itemListElement\":[{\"@type\":\"ListItem\",\"position\":1,\"name\":\"Tafeldeko\",\"item\":\"https:\/\/www.tafeldeko.de\/news\/\"},{\"@type\":\"ListItem\",\"position\":2,\"name\":\"Alte Beitr\u00e4ge\",\"item\":\"https:\/\/www.tafeldeko.de\/news\/alte-beitraege\/\"},{\"@type\":\"ListItem\",\"position\":3,\"name\":\"Tischdeko - Blog\",\"item\":\"https:\/\/www.tafeldeko.de\/news\/alte-beitraege\/tischdeko-blog\/\"},{\"@type\":\"ListItem\",\"position\":4,\"name\":\"Tischdeko Februar &#8211; da kommt Freude auf\"}]},{\"@type\":\"WebSite\",\"@id\":\"https:\/\/www.tafeldeko.de\/news\/#website\",\"url\":\"https:\/\/www.tafeldeko.de\/news\/\",\"name\":\"Tafeldeko\",\"description\":\"Blog mit Tischdeko und Tischdekoration Ideen\",\"potentialAction\":[{\"@type\":\"SearchAction\",\"target\":{\"@type\":\"EntryPoint\",\"urlTemplate\":\"https:\/\/www.tafeldeko.de\/news\/?s={search_term_string}\"},\"query-input\":\"required name=search_term_string\"}],\"inLanguage\":\"de-DE\"},{\"@type\":\"Person\",\"@id\":\"https:\/\/www.tafeldeko.de\/news\/#\/schema\/person\/dc309fbb6a3e380919fc08342c3cc233\",\"name\":\"Tafeldeko Deko Team\",\"image\":{\"@type\":\"ImageObject\",\"inLanguage\":\"de-DE\",\"@id\":\"https:\/\/www.tafeldeko.de\/news\/#\/schema\/person\/image\/\",\"url\":\"https:\/\/secure.gravatar.com\/avatar\/1e962f4040dc9996f0d200db31598854?s=96&d=mm&r=g\",\"contentUrl\":\"https:\/\/secure.gravatar.com\/avatar\/1e962f4040dc9996f0d200db31598854?s=96&d=mm&r=g\",\"caption\":\"Tafeldeko Deko Team\"}}]}<\/script>\n<!-- \/ Yoast SEO plugin. -->","yoast_head_json":{"title":"Tischdeko Februar - da kommt Freude auf - Tafeldeko","description":"F\u00fcr die Tischdeko Februar sind Teelichter, bunte dekorative Accessoires, Deko-Steine usw. sehr passend und schm\u00fcckend. Ideen finden Sie hier","robots":{"index":"index","follow":"follow","max-snippet":"max-snippet:-1","max-image-preview":"max-image-preview:large","max-video-preview":"max-video-preview:-1"},"canonical":"https:\/\/www.tafeldeko.de\/news\/tischdeko-februar-da-kommt-freude-auf\/","og_locale":"de_DE","og_type":"article","og_title":"Tischdeko Februar - da kommt Freude auf - Tafeldeko","og_description":"F\u00fcr die Tischdeko Februar sind Teelichter, bunte dekorative Accessoires, Deko-Steine usw. sehr passend und schm\u00fcckend. Ideen finden Sie hier","og_url":"https:\/\/www.tafeldeko.de\/news\/tischdeko-februar-da-kommt-freude-auf\/","og_site_name":"Tafeldeko","article_publisher":"https:\/\/www.facebook.com\/pages\/Tafeldeko-einzigartige-Tischdekoration\/174202655894","article_published_time":"2015-01-28T19:29:57+00:00","article_modified_time":"2023-02-14T10:54:25+00:00","og_image":[{"width":150,"height":150,"url":"https:\/\/www.tafeldeko.de\/news\/wp-content\/uploads\/2015\/01\/rebenkranz_weiss.jpeg","type":"image\/jpeg"}],"author":"Tafeldeko Deko Team","twitter_misc":{"Verfasst von":"Tafeldeko Deko Team","Gesch\u00e4tzte Lesezeit":"2 Minuten"},"schema":{"@context":"https:\/\/schema.org","@graph":[{"@type":"WebPage","@id":"https:\/\/www.tafeldeko.de\/news\/tischdeko-februar-da-kommt-freude-auf\/","url":"https:\/\/www.tafeldeko.de\/news\/tischdeko-februar-da-kommt-freude-auf\/","name":"Tischdeko Februar - da kommt Freude auf - Tafeldeko","isPartOf":{"@id":"https:\/\/www.tafeldeko.de\/news\/#website"},"datePublished":"2015-01-28T19:29:57+00:00","dateModified":"2023-02-14T10:54:25+00:00","author":{"@id":"https:\/\/www.tafeldeko.de\/news\/#\/schema\/person\/dc309fbb6a3e380919fc08342c3cc233"},"description":"F\u00fcr die Tischdeko Februar sind Teelichter, bunte dekorative Accessoires, Deko-Steine usw. sehr passend und schm\u00fcckend. Ideen finden Sie hier","breadcrumb":{"@id":"https:\/\/www.tafeldeko.de\/news\/tischdeko-februar-da-kommt-freude-auf\/#breadcrumb"},"inLanguage":"de-DE","potentialAction":[{"@type":"ReadAction","target":["https:\/\/www.tafeldeko.de\/news\/tischdeko-februar-da-kommt-freude-auf\/"]}]},{"@type":"BreadcrumbList","@id":"https:\/\/www.tafeldeko.de\/news\/tischdeko-februar-da-kommt-freude-auf\/#breadcrumb","itemListElement":[{"@type":"ListItem","position":1,"name":"Tafeldeko","item":"https:\/\/www.tafeldeko.de\/news\/"},{"@type":"ListItem","position":2,"name":"Alte Beitr\u00e4ge","item":"https:\/\/www.tafeldeko.de\/news\/alte-beitraege\/"},{"@type":"ListItem","position":3,"name":"Tischdeko - Blog","item":"https:\/\/www.tafeldeko.de\/news\/alte-beitraege\/tischdeko-blog\/"},{"@type":"ListItem","position":4,"name":"Tischdeko Februar &#8211; da kommt Freude auf"}]},{"@type":"WebSite","@id":"https:\/\/www.tafeldeko.de\/news\/#website","url":"https:\/\/www.tafeldeko.de\/news\/","name":"Tafeldeko","description":"Blog mit Tischdeko und Tischdekoration Ideen","potentialAction":[{"@type":"SearchAction","target":{"@type":"EntryPoint","urlTemplate":"https:\/\/www.tafeldeko.de\/news\/?s={search_term_string}"},"query-input":"required name=search_term_string"}],"inLanguage":"de-DE"},{"@type":"Person","@id":"https:\/\/www.tafeldeko.de\/news\/#\/schema\/person\/dc309fbb6a3e380919fc08342c3cc233","name":"Tafeldeko Deko Team","image":{"@type":"ImageObject","inLanguage":"de-DE","@id":"https:\/\/www.tafeldeko.de\/news\/#\/schema\/person\/image\/","url":"https:\/\/secure.gravatar.com\/avatar\/1e962f4040dc9996f0d200db31598854?s=96&d=mm&r=g","contentUrl":"https:\/\/secure.gravatar.com\/avatar\/1e962f4040dc9996f0d200db31598854?s=96&d=mm&r=g","caption":"Tafeldeko Deko Team"}}]}},"_links":{"self":[{"href":"https:\/\/www.tafeldeko.de\/news\/wp-json\/wp\/v2\/posts\/5912"}],"collection":[{"href":"https:\/\/www.tafeldeko.de\/news\/wp-json\/wp\/v2\/posts"}],"about":[{"href":"https:\/\/www.tafeldeko.de\/news\/wp-json\/wp\/v2\/types\/post"}],"author":[{"embeddable":true,"href":"https:\/\/www.tafeldeko.de\/news\/wp-json\/wp\/v2\/users\/6"}],"replies":[{"embeddable":true,"href":"https:\/\/www.tafeldeko.de\/news\/wp-json\/wp\/v2\/comments?post=5912"}],"version-history":[{"count":8,"href":"https:\/\/www.tafeldeko.de\/news\/wp-json\/wp\/v2\/posts\/5912\/revisions"}],"predecessor-version":[{"id":22929,"href":"https:\/\/www.tafeldeko.de\/news\/wp-json\/wp\/v2\/posts\/5912\/revisions\/22929"}],"wp:featuredmedia":[{"embeddable":true,"href":"https:\/\/www.tafeldeko.de\/news\/wp-json\/wp\/v2\/media\/5913"}],"wp:attachment":[{"href":"https:\/\/www.tafeldeko.de\/news\/wp-json\/wp\/v2\/media?parent=5912"}],"wp:term":[{"taxonomy":"category","embeddable":true,"href":"https:\/\/www.tafeldeko.de\/news\/wp-json\/wp\/v2\/categories?post=5912"},{"taxonomy":"post_tag","embeddable":true,"href":"https:\/\/www.tafeldeko.de\/news\/wp-json\/wp\/v2\/tags?post=5912"}],"curies":[{"name":"wp","href":"https:\/\/api.w.org\/{rel}","templated":true}]}}