{"id":5899,"date":"2015-01-20T17:33:42","date_gmt":"2015-01-20T15:33:42","guid":{"rendered":"http:\/\/www.tafeldeko.de\/news\/?p=5899"},"modified":"2023-02-14T12:32:12","modified_gmt":"2023-02-14T11:32:12","slug":"tischdeko-faschingsfeier-ansprechend-schoen","status":"publish","type":"post","link":"https:\/\/www.tafeldeko.de\/news\/tischdeko-faschingsfeier-ansprechend-schoen\/","title":{"rendered":"Tischdeko Faschingsfeier &#8211; ansprechend sch\u00f6n"},"content":{"rendered":"<p>F\u00fcr viele Menschen stellt Fasching die sch\u00f6nste Zeit des Jahres dar und bietet den entsprechenden Rahmen zum Feiern &#8211; inklusive der wundersch\u00f6nen <strong>Tischdeko Faschingsfeier<\/strong>. Fasching oder auch Karneval oder die f\u00fcnfte Jahreszeit treibt die Narren auf die Stra\u00dfen, l\u00e4dt zum Trinken und Spa\u00df haben ein und man schl\u00fcpft in verschiedene Kost\u00fcme. Ob man sich als Indianer, Cowboy, Teufel oder Matrose verkleidet, die Ideen sind genauso vielseitig wie die <strong>Faschingsdeko<\/strong>. Man hat unendlich viele M\u00f6glichkeiten und kann sich nach Lust und Laune verkleiden und in die Deko-Kiste greifen. Entscheidet man sich f\u00fcr eine Faschingsparty, dann sollte die Tischdekoration unter keinen Umst\u00e4nden fehlen. Die Tischdeko zur Faschingsfeier bewirkt wahre Wunder und einer tollen Fete sollte nichts mehr im Wege stehen.<\/p>\n<p><img decoding=\"async\" loading=\"lazy\" src=\"https:\/\/www.tafeldeko.de\/news\/wp-content\/uploads\/2015\/01\/wabenbaelle.jpg\" alt=\"Tischdeko Faschingsfeier\" width=\"150\" height=\"150\" \/><\/p>\n<h2>Tischdeko Faschingsfeier &#8211; da kommt Stimmung auf<\/h2>\n<p>Wie bei jeder Party ist die <strong>Dekoration<\/strong> von Bedeutung. Erst mit den richtigen dekorativen Accessoires kommt die gew\u00fcnschte Stimmung auf und man kann sich in vollen Z\u00fcgen dem Feiern widmen. Die Tischdeko Faschingsfeier ist ebenso wichtig, wie gutes Essen, die Getr\u00e4nke oder auch die Musik f\u00fcr diesen Tag. Auf dem Tisch k\u00f6nnen diverse Deko-Artikel ihren Platz finden, wie zum Beispiel Luftschlangen, Bonbons, Konfetti und vieles mehr. Nicht nur die Tischdeko Faschingsfeier ist wichtig, sondern auch die <strong>Dekoration<\/strong> in der R\u00e4umlichkeit an sich. So kann man beispielsweise Pompons zur Raumdeko verwenden, die es beim Onlineshop von Tafeldeko zu kaufen gibt. H\u00e4ngt man diese Pompons in unterschiedlichen Farben an die Decke, hat man sch\u00f6ne Akzente gesetzt und kann mit Luftballons das Ergebnis hervorragend abrunden. An Fasching ist alles erlaubt was bunt ist und f\u00fcr gute Laune sorgt &#8211; ob dies nun in Punkto Tischdekoration, Verkleidung oder Musik ist.<br \/>\nFasching ist eine tolle Zeit und entweder liebt man Karneval oder man meidet diese Tage und f\u00e4hrt beispielsweise in Urlaub. Dies sollte jeder f\u00fcr sich entscheiden, aber alldiejenigen, die Karneval lieben, werden voller Vorfreude dieser Zeit entgegen blicken.<\/p>\n<h2>Weitere Beitr\u00e4ge:<\/h2>\n<h2>Dekoartikel von A-Z<\/h2>\n<p><a href=\"https:\/\/www.tafeldeko.de\/tischdeko-artikel\/\"><br \/>\nJetzt entdecken <\/a><\/p>\n","protected":false},"excerpt":{"rendered":"<p>F\u00fcr viele Menschen stellt Fasching die sch\u00f6nste Zeit des Jahres dar und bietet den entsprechenden Rahmen zum Feiern &#8211; inklusive der wundersch\u00f6nen Tischdeko Faschingsfeier. Fasching oder auch Karneval oder die f\u00fcnfte Jahreszeit treibt die Narren auf die Stra\u00dfen, l\u00e4dt zum Trinken und Spa\u00df haben ein und man schl\u00fcpft in verschiedene Kost\u00fcme. Ob man sich als [&hellip;]<\/p>\n","protected":false},"author":6,"featured_media":5900,"comment_status":"closed","ping_status":"closed","sticky":false,"template":"","format":"standard","meta":{"footnotes":""},"categories":[1],"tags":[],"yoast_head":"<!-- This site is optimized with the Yoast SEO plugin v20.4 - https:\/\/yoast.com\/wordpress\/plugins\/seo\/ -->\n<title>Tischdeko Faschingsfeier - ansprechend sch\u00f6n - Tafeldeko<\/title>\n<meta name=\"description\" content=\"Nicht nur die Tischdeko Faschingsfeier ist wichtig, sondern auch die Dekoration in der R\u00e4umlichkeit an sich. Accessoires gibt es hier.\" \/>\n<meta name=\"robots\" content=\"index, follow, max-snippet:-1, max-image-preview:large, max-video-preview:-1\" \/>\n<link rel=\"canonical\" href=\"https:\/\/www.tafeldeko.de\/news\/tischdeko-faschingsfeier-ansprechend-schoen\/\" \/>\n<meta property=\"og:locale\" content=\"de_DE\" \/>\n<meta property=\"og:type\" content=\"article\" \/>\n<meta property=\"og:title\" content=\"Tischdeko Faschingsfeier - ansprechend sch\u00f6n - Tafeldeko\" \/>\n<meta property=\"og:description\" content=\"Nicht nur die Tischdeko Faschingsfeier ist wichtig, sondern auch die Dekoration in der R\u00e4umlichkeit an sich. Accessoires gibt es hier.\" \/>\n<meta property=\"og:url\" content=\"https:\/\/www.tafeldeko.de\/news\/tischdeko-faschingsfeier-ansprechend-schoen\/\" \/>\n<meta property=\"og:site_name\" content=\"Tafeldeko\" \/>\n<meta property=\"article:publisher\" content=\"https:\/\/www.facebook.com\/pages\/Tafeldeko-einzigartige-Tischdekoration\/174202655894\" \/>\n<meta property=\"article:published_time\" content=\"2015-01-20T15:33:42+00:00\" \/>\n<meta property=\"article:modified_time\" content=\"2023-02-14T11:32:12+00:00\" \/>\n<meta property=\"og:image\" content=\"https:\/\/www.tafeldeko.de\/news\/wp-content\/uploads\/2015\/01\/wabenbaelle.jpg\" \/>\n\t<meta property=\"og:image:width\" content=\"150\" \/>\n\t<meta property=\"og:image:height\" content=\"150\" \/>\n\t<meta property=\"og:image:type\" content=\"image\/jpeg\" \/>\n<meta name=\"author\" content=\"Tafeldeko Deko Team\" \/>\n<meta name=\"twitter:label1\" content=\"Verfasst von\" \/>\n\t<meta name=\"twitter:data1\" content=\"Tafeldeko Deko Team\" \/>\n\t<meta name=\"twitter:label2\" content=\"Gesch\u00e4tzte Lesezeit\" \/>\n\t<meta name=\"twitter:data2\" content=\"2 Minuten\" \/>\n<script type=\"application\/ld+json\" class=\"yoast-schema-graph\">{\"@context\":\"https:\/\/schema.org\",\"@graph\":[{\"@type\":\"WebPage\",\"@id\":\"https:\/\/www.tafeldeko.de\/news\/tischdeko-faschingsfeier-ansprechend-schoen\/\",\"url\":\"https:\/\/www.tafeldeko.de\/news\/tischdeko-faschingsfeier-ansprechend-schoen\/\",\"name\":\"Tischdeko Faschingsfeier - ansprechend sch\u00f6n - Tafeldeko\",\"isPartOf\":{\"@id\":\"https:\/\/www.tafeldeko.de\/news\/#website\"},\"datePublished\":\"2015-01-20T15:33:42+00:00\",\"dateModified\":\"2023-02-14T11:32:12+00:00\",\"author\":{\"@id\":\"https:\/\/www.tafeldeko.de\/news\/#\/schema\/person\/dc309fbb6a3e380919fc08342c3cc233\"},\"description\":\"Nicht nur die Tischdeko Faschingsfeier ist wichtig, sondern auch die Dekoration in der R\u00e4umlichkeit an sich. Accessoires gibt es hier.\",\"breadcrumb\":{\"@id\":\"https:\/\/www.tafeldeko.de\/news\/tischdeko-faschingsfeier-ansprechend-schoen\/#breadcrumb\"},\"inLanguage\":\"de-DE\",\"potentialAction\":[{\"@type\":\"ReadAction\",\"target\":[\"https:\/\/www.tafeldeko.de\/news\/tischdeko-faschingsfeier-ansprechend-schoen\/\"]}]},{\"@type\":\"BreadcrumbList\",\"@id\":\"https:\/\/www.tafeldeko.de\/news\/tischdeko-faschingsfeier-ansprechend-schoen\/#breadcrumb\",\"itemListElement\":[{\"@type\":\"ListItem\",\"position\":1,\"name\":\"Tafeldeko\",\"item\":\"https:\/\/www.tafeldeko.de\/news\/\"},{\"@type\":\"ListItem\",\"position\":2,\"name\":\"Alte Beitr\u00e4ge\",\"item\":\"https:\/\/www.tafeldeko.de\/news\/alte-beitraege\/\"},{\"@type\":\"ListItem\",\"position\":3,\"name\":\"Tischdeko - Blog\",\"item\":\"https:\/\/www.tafeldeko.de\/news\/alte-beitraege\/tischdeko-blog\/\"},{\"@type\":\"ListItem\",\"position\":4,\"name\":\"Tischdeko Faschingsfeier &#8211; ansprechend sch\u00f6n\"}]},{\"@type\":\"WebSite\",\"@id\":\"https:\/\/www.tafeldeko.de\/news\/#website\",\"url\":\"https:\/\/www.tafeldeko.de\/news\/\",\"name\":\"Tafeldeko\",\"description\":\"Blog mit Tischdeko und Tischdekoration Ideen\",\"potentialAction\":[{\"@type\":\"SearchAction\",\"target\":{\"@type\":\"EntryPoint\",\"urlTemplate\":\"https:\/\/www.tafeldeko.de\/news\/?s={search_term_string}\"},\"query-input\":\"required name=search_term_string\"}],\"inLanguage\":\"de-DE\"},{\"@type\":\"Person\",\"@id\":\"https:\/\/www.tafeldeko.de\/news\/#\/schema\/person\/dc309fbb6a3e380919fc08342c3cc233\",\"name\":\"Tafeldeko Deko Team\",\"image\":{\"@type\":\"ImageObject\",\"inLanguage\":\"de-DE\",\"@id\":\"https:\/\/www.tafeldeko.de\/news\/#\/schema\/person\/image\/\",\"url\":\"https:\/\/secure.gravatar.com\/avatar\/1e962f4040dc9996f0d200db31598854?s=96&d=mm&r=g\",\"contentUrl\":\"https:\/\/secure.gravatar.com\/avatar\/1e962f4040dc9996f0d200db31598854?s=96&d=mm&r=g\",\"caption\":\"Tafeldeko Deko Team\"}}]}<\/script>\n<!-- \/ Yoast SEO plugin. -->","yoast_head_json":{"title":"Tischdeko Faschingsfeier - ansprechend sch\u00f6n - Tafeldeko","description":"Nicht nur die Tischdeko Faschingsfeier ist wichtig, sondern auch die Dekoration in der R\u00e4umlichkeit an sich. Accessoires gibt es hier.","robots":{"index":"index","follow":"follow","max-snippet":"max-snippet:-1","max-image-preview":"max-image-preview:large","max-video-preview":"max-video-preview:-1"},"canonical":"https:\/\/www.tafeldeko.de\/news\/tischdeko-faschingsfeier-ansprechend-schoen\/","og_locale":"de_DE","og_type":"article","og_title":"Tischdeko Faschingsfeier - ansprechend sch\u00f6n - Tafeldeko","og_description":"Nicht nur die Tischdeko Faschingsfeier ist wichtig, sondern auch die Dekoration in der R\u00e4umlichkeit an sich. Accessoires gibt es hier.","og_url":"https:\/\/www.tafeldeko.de\/news\/tischdeko-faschingsfeier-ansprechend-schoen\/","og_site_name":"Tafeldeko","article_publisher":"https:\/\/www.facebook.com\/pages\/Tafeldeko-einzigartige-Tischdekoration\/174202655894","article_published_time":"2015-01-20T15:33:42+00:00","article_modified_time":"2023-02-14T11:32:12+00:00","og_image":[{"width":150,"height":150,"url":"https:\/\/www.tafeldeko.de\/news\/wp-content\/uploads\/2015\/01\/wabenbaelle.jpg","type":"image\/jpeg"}],"author":"Tafeldeko Deko Team","twitter_misc":{"Verfasst von":"Tafeldeko Deko Team","Gesch\u00e4tzte Lesezeit":"2 Minuten"},"schema":{"@context":"https:\/\/schema.org","@graph":[{"@type":"WebPage","@id":"https:\/\/www.tafeldeko.de\/news\/tischdeko-faschingsfeier-ansprechend-schoen\/","url":"https:\/\/www.tafeldeko.de\/news\/tischdeko-faschingsfeier-ansprechend-schoen\/","name":"Tischdeko Faschingsfeier - ansprechend sch\u00f6n - Tafeldeko","isPartOf":{"@id":"https:\/\/www.tafeldeko.de\/news\/#website"},"datePublished":"2015-01-20T15:33:42+00:00","dateModified":"2023-02-14T11:32:12+00:00","author":{"@id":"https:\/\/www.tafeldeko.de\/news\/#\/schema\/person\/dc309fbb6a3e380919fc08342c3cc233"},"description":"Nicht nur die Tischdeko Faschingsfeier ist wichtig, sondern auch die Dekoration in der R\u00e4umlichkeit an sich. Accessoires gibt es hier.","breadcrumb":{"@id":"https:\/\/www.tafeldeko.de\/news\/tischdeko-faschingsfeier-ansprechend-schoen\/#breadcrumb"},"inLanguage":"de-DE","potentialAction":[{"@type":"ReadAction","target":["https:\/\/www.tafeldeko.de\/news\/tischdeko-faschingsfeier-ansprechend-schoen\/"]}]},{"@type":"BreadcrumbList","@id":"https:\/\/www.tafeldeko.de\/news\/tischdeko-faschingsfeier-ansprechend-schoen\/#breadcrumb","itemListElement":[{"@type":"ListItem","position":1,"name":"Tafeldeko","item":"https:\/\/www.tafeldeko.de\/news\/"},{"@type":"ListItem","position":2,"name":"Alte Beitr\u00e4ge","item":"https:\/\/www.tafeldeko.de\/news\/alte-beitraege\/"},{"@type":"ListItem","position":3,"name":"Tischdeko - Blog","item":"https:\/\/www.tafeldeko.de\/news\/alte-beitraege\/tischdeko-blog\/"},{"@type":"ListItem","position":4,"name":"Tischdeko Faschingsfeier &#8211; ansprechend sch\u00f6n"}]},{"@type":"WebSite","@id":"https:\/\/www.tafeldeko.de\/news\/#website","url":"https:\/\/www.tafeldeko.de\/news\/","name":"Tafeldeko","description":"Blog mit Tischdeko und Tischdekoration Ideen","potentialAction":[{"@type":"SearchAction","target":{"@type":"EntryPoint","urlTemplate":"https:\/\/www.tafeldeko.de\/news\/?s={search_term_string}"},"query-input":"required name=search_term_string"}],"inLanguage":"de-DE"},{"@type":"Person","@id":"https:\/\/www.tafeldeko.de\/news\/#\/schema\/person\/dc309fbb6a3e380919fc08342c3cc233","name":"Tafeldeko Deko Team","image":{"@type":"ImageObject","inLanguage":"de-DE","@id":"https:\/\/www.tafeldeko.de\/news\/#\/schema\/person\/image\/","url":"https:\/\/secure.gravatar.com\/avatar\/1e962f4040dc9996f0d200db31598854?s=96&d=mm&r=g","contentUrl":"https:\/\/secure.gravatar.com\/avatar\/1e962f4040dc9996f0d200db31598854?s=96&d=mm&r=g","caption":"Tafeldeko Deko Team"}}]}},"_links":{"self":[{"href":"https:\/\/www.tafeldeko.de\/news\/wp-json\/wp\/v2\/posts\/5899"}],"collection":[{"href":"https:\/\/www.tafeldeko.de\/news\/wp-json\/wp\/v2\/posts"}],"about":[{"href":"https:\/\/www.tafeldeko.de\/news\/wp-json\/wp\/v2\/types\/post"}],"author":[{"embeddable":true,"href":"https:\/\/www.tafeldeko.de\/news\/wp-json\/wp\/v2\/users\/6"}],"replies":[{"embeddable":true,"href":"https:\/\/www.tafeldeko.de\/news\/wp-json\/wp\/v2\/comments?post=5899"}],"version-history":[{"count":5,"href":"https:\/\/www.tafeldeko.de\/news\/wp-json\/wp\/v2\/posts\/5899\/revisions"}],"predecessor-version":[{"id":22950,"href":"https:\/\/www.tafeldeko.de\/news\/wp-json\/wp\/v2\/posts\/5899\/revisions\/22950"}],"wp:featuredmedia":[{"embeddable":true,"href":"https:\/\/www.tafeldeko.de\/news\/wp-json\/wp\/v2\/media\/5900"}],"wp:attachment":[{"href":"https:\/\/www.tafeldeko.de\/news\/wp-json\/wp\/v2\/media?parent=5899"}],"wp:term":[{"taxonomy":"category","embeddable":true,"href":"https:\/\/www.tafeldeko.de\/news\/wp-json\/wp\/v2\/categories?post=5899"},{"taxonomy":"post_tag","embeddable":true,"href":"https:\/\/www.tafeldeko.de\/news\/wp-json\/wp\/v2\/tags?post=5899"}],"curies":[{"name":"wp","href":"https:\/\/api.w.org\/{rel}","templated":true}]}}