{"id":5881,"date":"2015-01-14T18:47:00","date_gmt":"2015-01-14T16:47:00","guid":{"rendered":"http:\/\/www.tafeldeko.de\/news\/?p=5881"},"modified":"2023-02-14T13:25:04","modified_gmt":"2023-02-14T12:25:04","slug":"tischdeko-geburtstag-die-moeglichkeiten","status":"publish","type":"post","link":"https:\/\/www.tafeldeko.de\/news\/tischdeko-geburtstag-die-moeglichkeiten\/","title":{"rendered":"Tischdeko Geburtstag &#8211; die M\u00f6glichkeiten"},"content":{"rendered":"<p>Der Geburtstag ist der Jahrestag der Geburt und wird Jahr f\u00fcr Jahr auf unterschiedliche Art und Weise gefeiert &#8211; nat\u00fcrlich inklusive der <strong>Tischdeko Geburtstag und ihren M\u00f6glichkeiten<\/strong>. Ein weit verbreiteter Brauch ist es, am Geburtstag mit der Familie, Freunden und Bekannten zu feiern und einen sch\u00f6nen Tag miteinander zu verbringen. F\u00fcr Kinder dagegen ist der Kindergeburtstag ein wahres Highlight. Des Weiteren ist es \u00fcblich, das Geburtstagskind zu beschenken. Wie gro\u00df das Geschenk letztlich ist, h\u00e4ngt zum einen davon ab, in welcher Beziehung man zueinander steht und zum anderen, wie viel Geld man ausgeben m\u00f6chte. Auch individuelle Geschenke stehen hoch im Kurs und <strong>Geburtstagsgr\u00fc\u00dfe<\/strong> d\u00fcrfen keinesfalls fehlen.<\/p>\n<p><img decoding=\"async\" loading=\"lazy\" src=\"https:\/\/www.tafeldeko.de\/news\/wp-content\/uploads\/2015\/01\/tischband_gracebraun.jpg\" alt=\"Tischdeko Geburtstag M\u00f6glichkeiten\" width=\"150\" height=\"150\" \/><\/p>\n<p>Wer sich dazu entschlie\u00dft, seinen Geburtstag zu feiern, braucht auch eine entsprechende Tischdeko Geburtstag. Nicht nur das leibliche Wohl spielt eine Rolle, sondern auch die Optik am Tisch. Schlie\u00dflich verhilft eine tolle Tischdeko zu einer sch\u00f6nen Atmosph\u00e4re und sowohl der Gastgeber, als auch die G\u00e4ste k\u00f6nnen ausgelassen feiern.<\/p>\n<h2>Tischdeko Geburtstag mit M\u00f6glichkeiten &#8211; f\u00fcr sch\u00f6ne Momente sorgen<\/h2>\n<p>Um mit der Tischdeko Geburtstag f\u00fcr <strong>sch\u00f6ne Momente<\/strong> zu sorgen, muss man die richtigen dekorativen Accessoires miteinander kombinieren. Eine tolle Deko braucht keinesfalls teuer zu sein, denn die Auswahl ist ausschlaggebend. So auch beispielsweise das \u201eTischband Grace\u201c in der Farbe braun &#8211; hiermit erzielt man eine tolle Optik. Man kann das mit Ornamenten bedruckte Band sehr vielseitig einsetzen und der erste Effekt ist bereits sehr sch\u00f6n. Man kann das Tischband sowohl f\u00fcr die schlichte als auch festliche Tischdekoration verwenden. F\u00fcr die Tischdeko Geburtstag k\u00f6nnen auch <strong>dekorative Accessoires<\/strong> wie Kerzen, Blumen, Vasen, Streuteile usw. in Betracht kommen. Welche Artikel man letztlich miteinander kombiniert, ist dem kreativen Gestalter der Tischdeko \u00fcberlassen und sicherlich eine Frage des Geschmackes.<br \/>\nOb man die Tischdeko Geburtstag schlicht oder edel gestalten m\u00f6chte, wird auch davon abh\u00e4ngen, wie gro\u00df man feiert und wie alt man wird. Das Alter spielt in dem Sinne keine Bedeutung, allerdings wird man einen runden Geburtstag in einem anderen Rahmen feiern als beispielsweise der 43. Geburtstag. Zusammenfassend kann man allen Beteiligten nur viel Spa\u00df beim Feiern w\u00fcnschen und auf einen unvergesslichen Tag hoffen.<\/p>\n<h2>Weitere Beitr\u00e4ge:<\/h2>\n<h2>Dekoartikel von A-Z<\/h2>\n<p><a href=\"https:\/\/www.tafeldeko.de\/tischdeko-artikel\/\"><br \/>\nJetzt entdecken <\/a><\/p>\n","protected":false},"excerpt":{"rendered":"<p>Der Geburtstag ist der Jahrestag der Geburt und wird Jahr f\u00fcr Jahr auf unterschiedliche Art und Weise gefeiert &#8211; nat\u00fcrlich inklusive der Tischdeko Geburtstag und ihren M\u00f6glichkeiten. Ein weit verbreiteter Brauch ist es, am Geburtstag mit der Familie, Freunden und Bekannten zu feiern und einen sch\u00f6nen Tag miteinander zu verbringen. F\u00fcr Kinder dagegen ist der [&hellip;]<\/p>\n","protected":false},"author":6,"featured_media":5882,"comment_status":"closed","ping_status":"closed","sticky":false,"template":"","format":"standard","meta":{"footnotes":""},"categories":[1],"tags":[],"yoast_head":"<!-- This site is optimized with the Yoast SEO plugin v20.4 - https:\/\/yoast.com\/wordpress\/plugins\/seo\/ -->\n<title>Tischdeko Geburtstag - die M\u00f6glichkeiten - Tafeldeko<\/title>\n<meta name=\"description\" content=\"Um mit der Tischdeko Geburtstag M\u00f6glichkeiten f\u00fcr sch\u00f6ne Momente zu sorgen, muss man die richtigen dekorativen Accessoires miteinander...\" \/>\n<meta name=\"robots\" content=\"index, follow, max-snippet:-1, max-image-preview:large, max-video-preview:-1\" \/>\n<link rel=\"canonical\" href=\"https:\/\/www.tafeldeko.de\/news\/tischdeko-geburtstag-die-moeglichkeiten\/\" \/>\n<meta property=\"og:locale\" content=\"de_DE\" \/>\n<meta property=\"og:type\" content=\"article\" \/>\n<meta property=\"og:title\" content=\"Tischdeko Geburtstag - die M\u00f6glichkeiten - Tafeldeko\" \/>\n<meta property=\"og:description\" content=\"Um mit der Tischdeko Geburtstag M\u00f6glichkeiten f\u00fcr sch\u00f6ne Momente zu sorgen, muss man die richtigen dekorativen Accessoires miteinander...\" \/>\n<meta property=\"og:url\" content=\"https:\/\/www.tafeldeko.de\/news\/tischdeko-geburtstag-die-moeglichkeiten\/\" \/>\n<meta property=\"og:site_name\" content=\"Tafeldeko\" \/>\n<meta property=\"article:publisher\" content=\"https:\/\/www.facebook.com\/pages\/Tafeldeko-einzigartige-Tischdekoration\/174202655894\" \/>\n<meta property=\"article:published_time\" content=\"2015-01-14T16:47:00+00:00\" \/>\n<meta property=\"article:modified_time\" content=\"2023-02-14T12:25:04+00:00\" \/>\n<meta property=\"og:image\" content=\"https:\/\/www.tafeldeko.de\/news\/wp-content\/uploads\/2015\/01\/tischband_gracebraun.jpg\" \/>\n\t<meta property=\"og:image:width\" content=\"150\" \/>\n\t<meta property=\"og:image:height\" content=\"150\" \/>\n\t<meta property=\"og:image:type\" content=\"image\/jpeg\" \/>\n<meta name=\"author\" content=\"Tafeldeko Deko Team\" \/>\n<meta name=\"twitter:label1\" content=\"Verfasst von\" \/>\n\t<meta name=\"twitter:data1\" content=\"Tafeldeko Deko Team\" \/>\n\t<meta name=\"twitter:label2\" content=\"Gesch\u00e4tzte Lesezeit\" \/>\n\t<meta name=\"twitter:data2\" content=\"3 Minuten\" \/>\n<script type=\"application\/ld+json\" class=\"yoast-schema-graph\">{\"@context\":\"https:\/\/schema.org\",\"@graph\":[{\"@type\":\"WebPage\",\"@id\":\"https:\/\/www.tafeldeko.de\/news\/tischdeko-geburtstag-die-moeglichkeiten\/\",\"url\":\"https:\/\/www.tafeldeko.de\/news\/tischdeko-geburtstag-die-moeglichkeiten\/\",\"name\":\"Tischdeko Geburtstag - die M\u00f6glichkeiten - Tafeldeko\",\"isPartOf\":{\"@id\":\"https:\/\/www.tafeldeko.de\/news\/#website\"},\"datePublished\":\"2015-01-14T16:47:00+00:00\",\"dateModified\":\"2023-02-14T12:25:04+00:00\",\"author\":{\"@id\":\"https:\/\/www.tafeldeko.de\/news\/#\/schema\/person\/dc309fbb6a3e380919fc08342c3cc233\"},\"description\":\"Um mit der Tischdeko Geburtstag M\u00f6glichkeiten f\u00fcr sch\u00f6ne Momente zu sorgen, muss man die richtigen dekorativen Accessoires miteinander...\",\"breadcrumb\":{\"@id\":\"https:\/\/www.tafeldeko.de\/news\/tischdeko-geburtstag-die-moeglichkeiten\/#breadcrumb\"},\"inLanguage\":\"de-DE\",\"potentialAction\":[{\"@type\":\"ReadAction\",\"target\":[\"https:\/\/www.tafeldeko.de\/news\/tischdeko-geburtstag-die-moeglichkeiten\/\"]}]},{\"@type\":\"BreadcrumbList\",\"@id\":\"https:\/\/www.tafeldeko.de\/news\/tischdeko-geburtstag-die-moeglichkeiten\/#breadcrumb\",\"itemListElement\":[{\"@type\":\"ListItem\",\"position\":1,\"name\":\"Tafeldeko\",\"item\":\"https:\/\/www.tafeldeko.de\/news\/\"},{\"@type\":\"ListItem\",\"position\":2,\"name\":\"Alte Beitr\u00e4ge\",\"item\":\"https:\/\/www.tafeldeko.de\/news\/alte-beitraege\/\"},{\"@type\":\"ListItem\",\"position\":3,\"name\":\"Tischdeko - Blog\",\"item\":\"https:\/\/www.tafeldeko.de\/news\/alte-beitraege\/tischdeko-blog\/\"},{\"@type\":\"ListItem\",\"position\":4,\"name\":\"Tischdeko Geburtstag &#8211; die M\u00f6glichkeiten\"}]},{\"@type\":\"WebSite\",\"@id\":\"https:\/\/www.tafeldeko.de\/news\/#website\",\"url\":\"https:\/\/www.tafeldeko.de\/news\/\",\"name\":\"Tafeldeko\",\"description\":\"Blog mit Tischdeko und Tischdekoration Ideen\",\"potentialAction\":[{\"@type\":\"SearchAction\",\"target\":{\"@type\":\"EntryPoint\",\"urlTemplate\":\"https:\/\/www.tafeldeko.de\/news\/?s={search_term_string}\"},\"query-input\":\"required name=search_term_string\"}],\"inLanguage\":\"de-DE\"},{\"@type\":\"Person\",\"@id\":\"https:\/\/www.tafeldeko.de\/news\/#\/schema\/person\/dc309fbb6a3e380919fc08342c3cc233\",\"name\":\"Tafeldeko Deko Team\",\"image\":{\"@type\":\"ImageObject\",\"inLanguage\":\"de-DE\",\"@id\":\"https:\/\/www.tafeldeko.de\/news\/#\/schema\/person\/image\/\",\"url\":\"https:\/\/secure.gravatar.com\/avatar\/1e962f4040dc9996f0d200db31598854?s=96&d=mm&r=g\",\"contentUrl\":\"https:\/\/secure.gravatar.com\/avatar\/1e962f4040dc9996f0d200db31598854?s=96&d=mm&r=g\",\"caption\":\"Tafeldeko Deko Team\"}}]}<\/script>\n<!-- \/ Yoast SEO plugin. -->","yoast_head_json":{"title":"Tischdeko Geburtstag - die M\u00f6glichkeiten - Tafeldeko","description":"Um mit der Tischdeko Geburtstag M\u00f6glichkeiten f\u00fcr sch\u00f6ne Momente zu sorgen, muss man die richtigen dekorativen Accessoires miteinander...","robots":{"index":"index","follow":"follow","max-snippet":"max-snippet:-1","max-image-preview":"max-image-preview:large","max-video-preview":"max-video-preview:-1"},"canonical":"https:\/\/www.tafeldeko.de\/news\/tischdeko-geburtstag-die-moeglichkeiten\/","og_locale":"de_DE","og_type":"article","og_title":"Tischdeko Geburtstag - die M\u00f6glichkeiten - Tafeldeko","og_description":"Um mit der Tischdeko Geburtstag M\u00f6glichkeiten f\u00fcr sch\u00f6ne Momente zu sorgen, muss man die richtigen dekorativen Accessoires miteinander...","og_url":"https:\/\/www.tafeldeko.de\/news\/tischdeko-geburtstag-die-moeglichkeiten\/","og_site_name":"Tafeldeko","article_publisher":"https:\/\/www.facebook.com\/pages\/Tafeldeko-einzigartige-Tischdekoration\/174202655894","article_published_time":"2015-01-14T16:47:00+00:00","article_modified_time":"2023-02-14T12:25:04+00:00","og_image":[{"width":150,"height":150,"url":"https:\/\/www.tafeldeko.de\/news\/wp-content\/uploads\/2015\/01\/tischband_gracebraun.jpg","type":"image\/jpeg"}],"author":"Tafeldeko Deko Team","twitter_misc":{"Verfasst von":"Tafeldeko Deko Team","Gesch\u00e4tzte Lesezeit":"3 Minuten"},"schema":{"@context":"https:\/\/schema.org","@graph":[{"@type":"WebPage","@id":"https:\/\/www.tafeldeko.de\/news\/tischdeko-geburtstag-die-moeglichkeiten\/","url":"https:\/\/www.tafeldeko.de\/news\/tischdeko-geburtstag-die-moeglichkeiten\/","name":"Tischdeko Geburtstag - die M\u00f6glichkeiten - Tafeldeko","isPartOf":{"@id":"https:\/\/www.tafeldeko.de\/news\/#website"},"datePublished":"2015-01-14T16:47:00+00:00","dateModified":"2023-02-14T12:25:04+00:00","author":{"@id":"https:\/\/www.tafeldeko.de\/news\/#\/schema\/person\/dc309fbb6a3e380919fc08342c3cc233"},"description":"Um mit der Tischdeko Geburtstag M\u00f6glichkeiten f\u00fcr sch\u00f6ne Momente zu sorgen, muss man die richtigen dekorativen Accessoires miteinander...","breadcrumb":{"@id":"https:\/\/www.tafeldeko.de\/news\/tischdeko-geburtstag-die-moeglichkeiten\/#breadcrumb"},"inLanguage":"de-DE","potentialAction":[{"@type":"ReadAction","target":["https:\/\/www.tafeldeko.de\/news\/tischdeko-geburtstag-die-moeglichkeiten\/"]}]},{"@type":"BreadcrumbList","@id":"https:\/\/www.tafeldeko.de\/news\/tischdeko-geburtstag-die-moeglichkeiten\/#breadcrumb","itemListElement":[{"@type":"ListItem","position":1,"name":"Tafeldeko","item":"https:\/\/www.tafeldeko.de\/news\/"},{"@type":"ListItem","position":2,"name":"Alte Beitr\u00e4ge","item":"https:\/\/www.tafeldeko.de\/news\/alte-beitraege\/"},{"@type":"ListItem","position":3,"name":"Tischdeko - Blog","item":"https:\/\/www.tafeldeko.de\/news\/alte-beitraege\/tischdeko-blog\/"},{"@type":"ListItem","position":4,"name":"Tischdeko Geburtstag &#8211; die M\u00f6glichkeiten"}]},{"@type":"WebSite","@id":"https:\/\/www.tafeldeko.de\/news\/#website","url":"https:\/\/www.tafeldeko.de\/news\/","name":"Tafeldeko","description":"Blog mit Tischdeko und Tischdekoration Ideen","potentialAction":[{"@type":"SearchAction","target":{"@type":"EntryPoint","urlTemplate":"https:\/\/www.tafeldeko.de\/news\/?s={search_term_string}"},"query-input":"required name=search_term_string"}],"inLanguage":"de-DE"},{"@type":"Person","@id":"https:\/\/www.tafeldeko.de\/news\/#\/schema\/person\/dc309fbb6a3e380919fc08342c3cc233","name":"Tafeldeko Deko Team","image":{"@type":"ImageObject","inLanguage":"de-DE","@id":"https:\/\/www.tafeldeko.de\/news\/#\/schema\/person\/image\/","url":"https:\/\/secure.gravatar.com\/avatar\/1e962f4040dc9996f0d200db31598854?s=96&d=mm&r=g","contentUrl":"https:\/\/secure.gravatar.com\/avatar\/1e962f4040dc9996f0d200db31598854?s=96&d=mm&r=g","caption":"Tafeldeko Deko Team"}}]}},"_links":{"self":[{"href":"https:\/\/www.tafeldeko.de\/news\/wp-json\/wp\/v2\/posts\/5881"}],"collection":[{"href":"https:\/\/www.tafeldeko.de\/news\/wp-json\/wp\/v2\/posts"}],"about":[{"href":"https:\/\/www.tafeldeko.de\/news\/wp-json\/wp\/v2\/types\/post"}],"author":[{"embeddable":true,"href":"https:\/\/www.tafeldeko.de\/news\/wp-json\/wp\/v2\/users\/6"}],"replies":[{"embeddable":true,"href":"https:\/\/www.tafeldeko.de\/news\/wp-json\/wp\/v2\/comments?post=5881"}],"version-history":[{"count":11,"href":"https:\/\/www.tafeldeko.de\/news\/wp-json\/wp\/v2\/posts\/5881\/revisions"}],"predecessor-version":[{"id":22996,"href":"https:\/\/www.tafeldeko.de\/news\/wp-json\/wp\/v2\/posts\/5881\/revisions\/22996"}],"wp:featuredmedia":[{"embeddable":true,"href":"https:\/\/www.tafeldeko.de\/news\/wp-json\/wp\/v2\/media\/5882"}],"wp:attachment":[{"href":"https:\/\/www.tafeldeko.de\/news\/wp-json\/wp\/v2\/media?parent=5881"}],"wp:term":[{"taxonomy":"category","embeddable":true,"href":"https:\/\/www.tafeldeko.de\/news\/wp-json\/wp\/v2\/categories?post=5881"},{"taxonomy":"post_tag","embeddable":true,"href":"https:\/\/www.tafeldeko.de\/news\/wp-json\/wp\/v2\/tags?post=5881"}],"curies":[{"name":"wp","href":"https:\/\/api.w.org\/{rel}","templated":true}]}}