{"id":5864,"date":"2015-01-11T17:46:00","date_gmt":"2015-01-11T15:46:00","guid":{"rendered":"http:\/\/www.tafeldeko.de\/news\/?p=5864"},"modified":"2023-02-15T08:21:29","modified_gmt":"2023-02-15T07:21:29","slug":"winterliche-tischdeko-gemuetlichkeit-pur","status":"publish","type":"post","link":"https:\/\/www.tafeldeko.de\/news\/winterliche-tischdeko-gemuetlichkeit-pur\/","title":{"rendered":"Winterliche Tischdeko- Gem\u00fctlichkeit pur"},"content":{"rendered":"<p>Gerade in der Winterzeit, wenn es drau\u00dfen k\u00e4lter ist, sehnt man sich umso mehr nach Gem\u00fctlichkeit, einem sch\u00f6nen Zuhause und einer tollen<strong> winterliche Tischdeko Gem\u00fctlichkeit pur<\/strong>. Kommt man beispielsweise von einem Stadteinkauf \u201ehalb durchgefroren\u201c nach Hause, dann ist es einfach sch\u00f6n, wenn man sich wohlf\u00fchlen kann. Sich mit einer Tasse Tee in seine <strong>Wohlf\u00fchloase<\/strong> zu kuscheln hat definitiv etwas Sch\u00f6nes. Damit dies auch der Fall ist, ist eine winterliche Tischdeko genau das Richtige. F\u00fcr die winterliche Tischdeko gibt es sch\u00f6ne Deko- und Gestaltungsm\u00f6glichkeiten, die man umsetzten kann und sich somit eine Portion W\u00e4rme in die eigenen vier W\u00e4nde zaubert. Vom Sideboard bis hin zum Tisch eignet sich jede Fl\u00e4che hervorragend zum Dekorieren.<\/p>\n<p><img decoding=\"async\" loading=\"lazy\" src=\"https:\/\/www.tafeldeko.de\/news\/wp-content\/uploads\/2015\/01\/rattan-tannenbaum.jpg\" alt=\"winterliche Tischdeko Gem\u00fctlichkeit pur\" width=\"150\" height=\"150\" \/><\/p>\n<h2>Winterliche Tischdeko Gem\u00fctlichkeit pur l\u00e4dt zum Beisammensein ein<\/h2>\n<p>M\u00f6chte man der Familie oder Freunden einen sch\u00f6nen Tag verbringen, sollte man den Tisch auch dementsprechend herrichten. Da kommt die winterliche Tischdeko zum Einsatz, da sie f\u00fcr sch\u00f6ne Akzente sorgt. Welche dekorativen Accessoires k\u00f6nnen f\u00fcr die winterliche Tischdeko eingesetzt werden? Hier hat man freie <strong>Gestaltungsm\u00f6glichkeiten<\/strong> und der Geschmack sowie die eigenen W\u00fcnsche entscheiden, welche Deko- Artikel auf dem Tisch drapiert werden. Mit dem <strong>Rattan Tannenbaum<\/strong>, kann man moderne und angesagte Akzente setzen. Au\u00dferdem l\u00e4sst sich dieses Element leicht mit anderen dekorativen Akzenten kombinieren. Auch Kerzen in unterschiedlicher Form und Farbe, winterliche Deko-Figuren, wie Rentiere oder Schneem\u00e4nner und vieles mehr kann in die winterliche Tischdeko eingebunden werden. Die Liebe zum Detail ist genau das, was f\u00fcr eine originelle Tischdekoration gefragt ist und letztlich zu einem tollen Ergebnis verhilft.<br \/>\nAls Gastgeber sollte man immer darauf achten, dass man zu<strong> einem sch\u00f6nen Ambiente<\/strong> beitr\u00e4gt, sowohl in der Wohnung als auch auf dem Tisch. Alles in allem soll Tag f\u00fcr Tag stimmig sein.<\/p>\n<p><a role=\"button\" href=\"https:\/\/www.tafeldeko.de\/tischdeko-ideen\/weihnachts-tischdeko\/\"><br \/>\n&gt;&gt; Zu den Mustertischen &lt;&lt;<br \/>\n<\/a><\/p>\n<h2>Weitere Beitr\u00e4ge:<\/h2>\n<h2>Dekoartikel von A-Z<\/h2>\n<p><a href=\"https:\/\/www.tafeldeko.de\/tischdeko-artikel\/\"><br \/>\nJetzt entdecken <\/a><\/p>\n","protected":false},"excerpt":{"rendered":"<p>Gerade in der Winterzeit, wenn es drau\u00dfen k\u00e4lter ist, sehnt man sich umso mehr nach Gem\u00fctlichkeit, einem sch\u00f6nen Zuhause und einer tollen winterliche Tischdeko Gem\u00fctlichkeit pur. Kommt man beispielsweise von einem Stadteinkauf \u201ehalb durchgefroren\u201c nach Hause, dann ist es einfach sch\u00f6n, wenn man sich wohlf\u00fchlen kann. Sich mit einer Tasse Tee in seine Wohlf\u00fchloase zu [&hellip;]<\/p>\n","protected":false},"author":6,"featured_media":5867,"comment_status":"closed","ping_status":"closed","sticky":false,"template":"","format":"standard","meta":{"footnotes":""},"categories":[1],"tags":[],"yoast_head":"<!-- This site is optimized with the Yoast SEO plugin v20.4 - https:\/\/yoast.com\/wordpress\/plugins\/seo\/ -->\n<title>Winterliche Tischdeko- Gem\u00fctlichkeit pur - Tafeldeko<\/title>\n<meta name=\"description\" content=\"Eine winterliche Tischdeko Gem\u00fctlichkeit pur l\u00e4dt zum Beisammensein ein. Kerzen, winterliche Figuren und wundersch\u00f6ne Farben machen...\" \/>\n<meta name=\"robots\" content=\"index, follow, max-snippet:-1, max-image-preview:large, max-video-preview:-1\" \/>\n<link rel=\"canonical\" href=\"https:\/\/www.tafeldeko.de\/news\/winterliche-tischdeko-gemuetlichkeit-pur\/\" \/>\n<meta property=\"og:locale\" content=\"de_DE\" \/>\n<meta property=\"og:type\" content=\"article\" \/>\n<meta property=\"og:title\" content=\"Winterliche Tischdeko- Gem\u00fctlichkeit pur - Tafeldeko\" \/>\n<meta property=\"og:description\" content=\"Eine winterliche Tischdeko Gem\u00fctlichkeit pur l\u00e4dt zum Beisammensein ein. Kerzen, winterliche Figuren und wundersch\u00f6ne Farben machen...\" \/>\n<meta property=\"og:url\" content=\"https:\/\/www.tafeldeko.de\/news\/winterliche-tischdeko-gemuetlichkeit-pur\/\" \/>\n<meta property=\"og:site_name\" content=\"Tafeldeko\" \/>\n<meta property=\"article:publisher\" content=\"https:\/\/www.facebook.com\/pages\/Tafeldeko-einzigartige-Tischdekoration\/174202655894\" \/>\n<meta property=\"article:published_time\" content=\"2015-01-11T15:46:00+00:00\" \/>\n<meta property=\"article:modified_time\" content=\"2023-02-15T07:21:29+00:00\" \/>\n<meta property=\"og:image\" content=\"https:\/\/www.tafeldeko.de\/news\/wp-content\/uploads\/2015\/01\/rattan-tannenbaum.jpg\" \/>\n\t<meta property=\"og:image:width\" content=\"150\" \/>\n\t<meta property=\"og:image:height\" content=\"150\" \/>\n\t<meta property=\"og:image:type\" content=\"image\/jpeg\" \/>\n<meta name=\"author\" content=\"Tafeldeko Deko Team\" \/>\n<meta name=\"twitter:label1\" content=\"Verfasst von\" \/>\n\t<meta name=\"twitter:data1\" content=\"Tafeldeko Deko Team\" \/>\n\t<meta name=\"twitter:label2\" content=\"Gesch\u00e4tzte Lesezeit\" \/>\n\t<meta name=\"twitter:data2\" content=\"2 Minuten\" \/>\n<script type=\"application\/ld+json\" class=\"yoast-schema-graph\">{\"@context\":\"https:\/\/schema.org\",\"@graph\":[{\"@type\":\"WebPage\",\"@id\":\"https:\/\/www.tafeldeko.de\/news\/winterliche-tischdeko-gemuetlichkeit-pur\/\",\"url\":\"https:\/\/www.tafeldeko.de\/news\/winterliche-tischdeko-gemuetlichkeit-pur\/\",\"name\":\"Winterliche Tischdeko- Gem\u00fctlichkeit pur - Tafeldeko\",\"isPartOf\":{\"@id\":\"https:\/\/www.tafeldeko.de\/news\/#website\"},\"datePublished\":\"2015-01-11T15:46:00+00:00\",\"dateModified\":\"2023-02-15T07:21:29+00:00\",\"author\":{\"@id\":\"https:\/\/www.tafeldeko.de\/news\/#\/schema\/person\/dc309fbb6a3e380919fc08342c3cc233\"},\"description\":\"Eine winterliche Tischdeko Gem\u00fctlichkeit pur l\u00e4dt zum Beisammensein ein. Kerzen, winterliche Figuren und wundersch\u00f6ne Farben machen...\",\"breadcrumb\":{\"@id\":\"https:\/\/www.tafeldeko.de\/news\/winterliche-tischdeko-gemuetlichkeit-pur\/#breadcrumb\"},\"inLanguage\":\"de-DE\",\"potentialAction\":[{\"@type\":\"ReadAction\",\"target\":[\"https:\/\/www.tafeldeko.de\/news\/winterliche-tischdeko-gemuetlichkeit-pur\/\"]}]},{\"@type\":\"BreadcrumbList\",\"@id\":\"https:\/\/www.tafeldeko.de\/news\/winterliche-tischdeko-gemuetlichkeit-pur\/#breadcrumb\",\"itemListElement\":[{\"@type\":\"ListItem\",\"position\":1,\"name\":\"Tafeldeko\",\"item\":\"https:\/\/www.tafeldeko.de\/news\/\"},{\"@type\":\"ListItem\",\"position\":2,\"name\":\"Alte Beitr\u00e4ge\",\"item\":\"https:\/\/www.tafeldeko.de\/news\/alte-beitraege\/\"},{\"@type\":\"ListItem\",\"position\":3,\"name\":\"Tischdeko - Blog\",\"item\":\"https:\/\/www.tafeldeko.de\/news\/alte-beitraege\/tischdeko-blog\/\"},{\"@type\":\"ListItem\",\"position\":4,\"name\":\"Winterliche Tischdeko- Gem\u00fctlichkeit pur\"}]},{\"@type\":\"WebSite\",\"@id\":\"https:\/\/www.tafeldeko.de\/news\/#website\",\"url\":\"https:\/\/www.tafeldeko.de\/news\/\",\"name\":\"Tafeldeko\",\"description\":\"Blog mit Tischdeko und Tischdekoration Ideen\",\"potentialAction\":[{\"@type\":\"SearchAction\",\"target\":{\"@type\":\"EntryPoint\",\"urlTemplate\":\"https:\/\/www.tafeldeko.de\/news\/?s={search_term_string}\"},\"query-input\":\"required name=search_term_string\"}],\"inLanguage\":\"de-DE\"},{\"@type\":\"Person\",\"@id\":\"https:\/\/www.tafeldeko.de\/news\/#\/schema\/person\/dc309fbb6a3e380919fc08342c3cc233\",\"name\":\"Tafeldeko Deko Team\",\"image\":{\"@type\":\"ImageObject\",\"inLanguage\":\"de-DE\",\"@id\":\"https:\/\/www.tafeldeko.de\/news\/#\/schema\/person\/image\/\",\"url\":\"https:\/\/secure.gravatar.com\/avatar\/1e962f4040dc9996f0d200db31598854?s=96&d=mm&r=g\",\"contentUrl\":\"https:\/\/secure.gravatar.com\/avatar\/1e962f4040dc9996f0d200db31598854?s=96&d=mm&r=g\",\"caption\":\"Tafeldeko Deko Team\"}}]}<\/script>\n<!-- \/ Yoast SEO plugin. -->","yoast_head_json":{"title":"Winterliche Tischdeko- Gem\u00fctlichkeit pur - Tafeldeko","description":"Eine winterliche Tischdeko Gem\u00fctlichkeit pur l\u00e4dt zum Beisammensein ein. Kerzen, winterliche Figuren und wundersch\u00f6ne Farben machen...","robots":{"index":"index","follow":"follow","max-snippet":"max-snippet:-1","max-image-preview":"max-image-preview:large","max-video-preview":"max-video-preview:-1"},"canonical":"https:\/\/www.tafeldeko.de\/news\/winterliche-tischdeko-gemuetlichkeit-pur\/","og_locale":"de_DE","og_type":"article","og_title":"Winterliche Tischdeko- Gem\u00fctlichkeit pur - Tafeldeko","og_description":"Eine winterliche Tischdeko Gem\u00fctlichkeit pur l\u00e4dt zum Beisammensein ein. Kerzen, winterliche Figuren und wundersch\u00f6ne Farben machen...","og_url":"https:\/\/www.tafeldeko.de\/news\/winterliche-tischdeko-gemuetlichkeit-pur\/","og_site_name":"Tafeldeko","article_publisher":"https:\/\/www.facebook.com\/pages\/Tafeldeko-einzigartige-Tischdekoration\/174202655894","article_published_time":"2015-01-11T15:46:00+00:00","article_modified_time":"2023-02-15T07:21:29+00:00","og_image":[{"width":150,"height":150,"url":"https:\/\/www.tafeldeko.de\/news\/wp-content\/uploads\/2015\/01\/rattan-tannenbaum.jpg","type":"image\/jpeg"}],"author":"Tafeldeko Deko Team","twitter_misc":{"Verfasst von":"Tafeldeko Deko Team","Gesch\u00e4tzte Lesezeit":"2 Minuten"},"schema":{"@context":"https:\/\/schema.org","@graph":[{"@type":"WebPage","@id":"https:\/\/www.tafeldeko.de\/news\/winterliche-tischdeko-gemuetlichkeit-pur\/","url":"https:\/\/www.tafeldeko.de\/news\/winterliche-tischdeko-gemuetlichkeit-pur\/","name":"Winterliche Tischdeko- Gem\u00fctlichkeit pur - Tafeldeko","isPartOf":{"@id":"https:\/\/www.tafeldeko.de\/news\/#website"},"datePublished":"2015-01-11T15:46:00+00:00","dateModified":"2023-02-15T07:21:29+00:00","author":{"@id":"https:\/\/www.tafeldeko.de\/news\/#\/schema\/person\/dc309fbb6a3e380919fc08342c3cc233"},"description":"Eine winterliche Tischdeko Gem\u00fctlichkeit pur l\u00e4dt zum Beisammensein ein. Kerzen, winterliche Figuren und wundersch\u00f6ne Farben machen...","breadcrumb":{"@id":"https:\/\/www.tafeldeko.de\/news\/winterliche-tischdeko-gemuetlichkeit-pur\/#breadcrumb"},"inLanguage":"de-DE","potentialAction":[{"@type":"ReadAction","target":["https:\/\/www.tafeldeko.de\/news\/winterliche-tischdeko-gemuetlichkeit-pur\/"]}]},{"@type":"BreadcrumbList","@id":"https:\/\/www.tafeldeko.de\/news\/winterliche-tischdeko-gemuetlichkeit-pur\/#breadcrumb","itemListElement":[{"@type":"ListItem","position":1,"name":"Tafeldeko","item":"https:\/\/www.tafeldeko.de\/news\/"},{"@type":"ListItem","position":2,"name":"Alte Beitr\u00e4ge","item":"https:\/\/www.tafeldeko.de\/news\/alte-beitraege\/"},{"@type":"ListItem","position":3,"name":"Tischdeko - Blog","item":"https:\/\/www.tafeldeko.de\/news\/alte-beitraege\/tischdeko-blog\/"},{"@type":"ListItem","position":4,"name":"Winterliche Tischdeko- Gem\u00fctlichkeit pur"}]},{"@type":"WebSite","@id":"https:\/\/www.tafeldeko.de\/news\/#website","url":"https:\/\/www.tafeldeko.de\/news\/","name":"Tafeldeko","description":"Blog mit Tischdeko und Tischdekoration Ideen","potentialAction":[{"@type":"SearchAction","target":{"@type":"EntryPoint","urlTemplate":"https:\/\/www.tafeldeko.de\/news\/?s={search_term_string}"},"query-input":"required name=search_term_string"}],"inLanguage":"de-DE"},{"@type":"Person","@id":"https:\/\/www.tafeldeko.de\/news\/#\/schema\/person\/dc309fbb6a3e380919fc08342c3cc233","name":"Tafeldeko Deko Team","image":{"@type":"ImageObject","inLanguage":"de-DE","@id":"https:\/\/www.tafeldeko.de\/news\/#\/schema\/person\/image\/","url":"https:\/\/secure.gravatar.com\/avatar\/1e962f4040dc9996f0d200db31598854?s=96&d=mm&r=g","contentUrl":"https:\/\/secure.gravatar.com\/avatar\/1e962f4040dc9996f0d200db31598854?s=96&d=mm&r=g","caption":"Tafeldeko Deko Team"}}]}},"_links":{"self":[{"href":"https:\/\/www.tafeldeko.de\/news\/wp-json\/wp\/v2\/posts\/5864"}],"collection":[{"href":"https:\/\/www.tafeldeko.de\/news\/wp-json\/wp\/v2\/posts"}],"about":[{"href":"https:\/\/www.tafeldeko.de\/news\/wp-json\/wp\/v2\/types\/post"}],"author":[{"embeddable":true,"href":"https:\/\/www.tafeldeko.de\/news\/wp-json\/wp\/v2\/users\/6"}],"replies":[{"embeddable":true,"href":"https:\/\/www.tafeldeko.de\/news\/wp-json\/wp\/v2\/comments?post=5864"}],"version-history":[{"count":18,"href":"https:\/\/www.tafeldeko.de\/news\/wp-json\/wp\/v2\/posts\/5864\/revisions"}],"predecessor-version":[{"id":23048,"href":"https:\/\/www.tafeldeko.de\/news\/wp-json\/wp\/v2\/posts\/5864\/revisions\/23048"}],"wp:featuredmedia":[{"embeddable":true,"href":"https:\/\/www.tafeldeko.de\/news\/wp-json\/wp\/v2\/media\/5867"}],"wp:attachment":[{"href":"https:\/\/www.tafeldeko.de\/news\/wp-json\/wp\/v2\/media?parent=5864"}],"wp:term":[{"taxonomy":"category","embeddable":true,"href":"https:\/\/www.tafeldeko.de\/news\/wp-json\/wp\/v2\/categories?post=5864"},{"taxonomy":"post_tag","embeddable":true,"href":"https:\/\/www.tafeldeko.de\/news\/wp-json\/wp\/v2\/tags?post=5864"}],"curies":[{"name":"wp","href":"https:\/\/api.w.org\/{rel}","templated":true}]}}