{"id":5820,"date":"2014-12-31T14:04:15","date_gmt":"2014-12-31T12:04:15","guid":{"rendered":"http:\/\/www.tafeldeko.de\/news\/?p=5820"},"modified":"2014-12-31T14:05:34","modified_gmt":"2014-12-31T12:05:34","slug":"geburtstagsgruesse-fuer-besondere-menschen","status":"publish","type":"post","link":"https:\/\/www.tafeldeko.de\/news\/geburtstagsgruesse-fuer-besondere-menschen\/","title":{"rendered":"Geburtstagsgr\u00fc\u00dfe f\u00fcr besondere Menschen"},"content":{"rendered":"<p>Hat einer der Liebsten Geburtstag, m\u00f6chte man f\u00fcr das besondere Geschenk inklusive toller <strong>Geburtstagsgr\u00fc\u00dfe<\/strong> sorgen.<br \/>\nHier sind Geburtstagsgr\u00fc\u00dfe immer wieder aufs Neue ein Thema, denn liebe Worte geh\u00f6ren einfach zum Geburtstag dazu. Da sind Geburtstagsgr\u00fc\u00dfe, die man auf verschiedene Art und Weise \u00fcbermitteln kann, etwas sehr Sch\u00f6nes. Ob per Post, Telefon oder Smartphone &#8211; wie die Geburtstagsgr\u00fc\u00dfe dem Empf\u00e4nger zugestellt werden, dies muss jeder f\u00fcr sich entscheiden. Wenn zum Beispiel die beste Freundin Geburtstag hat, wird der direkte Besuch am Geburtstag unverzichtbar sein, denn diesen Tag wird man gemeinsam feiern wollten.<\/p>\n<h2>Was macht man, wenn man perfekte Geburtstagsgr\u00fc\u00dfe gefunden hat?<\/h2>\n<p>Hat man gleich mehrere Geburtstagsgr\u00fc\u00dfe gefunden, die einem zusagen, dann hat man die Qual der Wahl. Letztlich muss man sich f\u00fcr einen Reim, ein Gedicht beziehungsweise einen Vers entscheiden und setzt man diesen noch gekonnt in Szene, hat man bereits eine tolle Basis f\u00fcr das Geschenk an sich. Der Gru\u00df kann in einer <strong>selbstgebastelten Karte<\/strong> oder direkt auf dem Geschenk zur Geltung kommen. Auch hier hat man allerhand Freiheiten und kann ein <strong>individuelles Geschenk<\/strong> f\u00fcr das Geburtstagskind zusammenstellen. Man sollte nicht vergessen, dass es nicht die materiellen Dinge sind, die z\u00e4hlen, sondern ein Geschenk mit pers\u00f6nlicher Note ist oftmals viel mehr wert. Es sind eben die unbezahlten Dinge, die man somit verschenkt und wenn der Empf\u00e4nger sieht, dass man sich Gedanken gemacht hat, ist dies ein echter Grund zur Freude.<br \/>\nDa der n\u00e4chste Geburtstag immer schneller kommen wird, wie man es sich vorstellt, sollte man schnell in seinen Geburtstagskalender schauen. Dies ist ein n\u00fctzliches Equipment, dass kein Geburtstag in Vergessenheit ger\u00e4t. Des Weiteren ist es sch\u00f6n, wenn man verschiedene Geburtstagsgr\u00fc\u00dfe zu Hause zur Auswahl hat, die man je nach Alter und Anlass verwenden kann. Oft spielt der zeitliche Faktor eine Rolle, denn wie so oft, ist man sp\u00e4ter dran wie man gedacht hat.<\/p>\n","protected":false},"excerpt":{"rendered":"<p>Hat einer der Liebsten Geburtstag, m\u00f6chte man f\u00fcr das besondere Geschenk inklusive toller Geburtstagsgr\u00fc\u00dfe sorgen. Hier sind Geburtstagsgr\u00fc\u00dfe immer wieder aufs Neue ein Thema, denn liebe Worte geh\u00f6ren einfach zum Geburtstag dazu. Da sind Geburtstagsgr\u00fc\u00dfe, die man auf verschiedene Art und Weise \u00fcbermitteln kann, etwas sehr Sch\u00f6nes. Ob per Post, Telefon oder Smartphone &#8211; wie [&hellip;]<\/p>\n","protected":false},"author":6,"featured_media":0,"comment_status":"closed","ping_status":"closed","sticky":false,"template":"","format":"standard","meta":{"footnotes":""},"categories":[1],"tags":[],"yoast_head":"<!-- This site is optimized with the Yoast SEO plugin v20.4 - https:\/\/yoast.com\/wordpress\/plugins\/seo\/ -->\n<title>Geburtstagsgr\u00fc\u00dfe f\u00fcr besondere Menschen - Tafeldeko<\/title>\n<meta name=\"description\" content=\"Hat einer der Liebsten Geburtstag, m\u00f6chte man f\u00fcr das besondere Geschenk inklusive toller und individueller Geburtstagsgr\u00fc\u00dfe sorgen.\" \/>\n<meta name=\"robots\" content=\"index, follow, max-snippet:-1, max-image-preview:large, max-video-preview:-1\" \/>\n<link rel=\"canonical\" href=\"https:\/\/www.tafeldeko.de\/news\/geburtstagsgruesse-fuer-besondere-menschen\/\" \/>\n<meta property=\"og:locale\" content=\"de_DE\" \/>\n<meta property=\"og:type\" content=\"article\" \/>\n<meta property=\"og:title\" content=\"Geburtstagsgr\u00fc\u00dfe f\u00fcr besondere Menschen - Tafeldeko\" \/>\n<meta property=\"og:description\" content=\"Hat einer der Liebsten Geburtstag, m\u00f6chte man f\u00fcr das besondere Geschenk inklusive toller und individueller Geburtstagsgr\u00fc\u00dfe sorgen.\" \/>\n<meta property=\"og:url\" content=\"https:\/\/www.tafeldeko.de\/news\/geburtstagsgruesse-fuer-besondere-menschen\/\" \/>\n<meta property=\"og:site_name\" content=\"Tafeldeko\" \/>\n<meta property=\"article:publisher\" content=\"https:\/\/www.facebook.com\/pages\/Tafeldeko-einzigartige-Tischdekoration\/174202655894\" \/>\n<meta property=\"article:published_time\" content=\"2014-12-31T12:04:15+00:00\" \/>\n<meta property=\"article:modified_time\" content=\"2014-12-31T12:05:34+00:00\" \/>\n<meta name=\"author\" content=\"Tafeldeko Deko Team\" \/>\n<meta name=\"twitter:label1\" content=\"Verfasst von\" \/>\n\t<meta name=\"twitter:data1\" content=\"Tafeldeko Deko Team\" \/>\n\t<meta name=\"twitter:label2\" content=\"Gesch\u00e4tzte Lesezeit\" \/>\n\t<meta name=\"twitter:data2\" content=\"2 Minuten\" \/>\n<script type=\"application\/ld+json\" class=\"yoast-schema-graph\">{\"@context\":\"https:\/\/schema.org\",\"@graph\":[{\"@type\":\"WebPage\",\"@id\":\"https:\/\/www.tafeldeko.de\/news\/geburtstagsgruesse-fuer-besondere-menschen\/\",\"url\":\"https:\/\/www.tafeldeko.de\/news\/geburtstagsgruesse-fuer-besondere-menschen\/\",\"name\":\"Geburtstagsgr\u00fc\u00dfe f\u00fcr besondere Menschen - Tafeldeko\",\"isPartOf\":{\"@id\":\"https:\/\/www.tafeldeko.de\/news\/#website\"},\"datePublished\":\"2014-12-31T12:04:15+00:00\",\"dateModified\":\"2014-12-31T12:05:34+00:00\",\"author\":{\"@id\":\"https:\/\/www.tafeldeko.de\/news\/#\/schema\/person\/dc309fbb6a3e380919fc08342c3cc233\"},\"description\":\"Hat einer der Liebsten Geburtstag, m\u00f6chte man f\u00fcr das besondere Geschenk inklusive toller und individueller Geburtstagsgr\u00fc\u00dfe sorgen.\",\"breadcrumb\":{\"@id\":\"https:\/\/www.tafeldeko.de\/news\/geburtstagsgruesse-fuer-besondere-menschen\/#breadcrumb\"},\"inLanguage\":\"de-DE\",\"potentialAction\":[{\"@type\":\"ReadAction\",\"target\":[\"https:\/\/www.tafeldeko.de\/news\/geburtstagsgruesse-fuer-besondere-menschen\/\"]}]},{\"@type\":\"BreadcrumbList\",\"@id\":\"https:\/\/www.tafeldeko.de\/news\/geburtstagsgruesse-fuer-besondere-menschen\/#breadcrumb\",\"itemListElement\":[{\"@type\":\"ListItem\",\"position\":1,\"name\":\"Tafeldeko\",\"item\":\"https:\/\/www.tafeldeko.de\/news\/\"},{\"@type\":\"ListItem\",\"position\":2,\"name\":\"Alte Beitr\u00e4ge\",\"item\":\"https:\/\/www.tafeldeko.de\/news\/alte-beitraege\/\"},{\"@type\":\"ListItem\",\"position\":3,\"name\":\"Tischdeko - Blog\",\"item\":\"https:\/\/www.tafeldeko.de\/news\/alte-beitraege\/tischdeko-blog\/\"},{\"@type\":\"ListItem\",\"position\":4,\"name\":\"Geburtstagsgr\u00fc\u00dfe f\u00fcr besondere Menschen\"}]},{\"@type\":\"WebSite\",\"@id\":\"https:\/\/www.tafeldeko.de\/news\/#website\",\"url\":\"https:\/\/www.tafeldeko.de\/news\/\",\"name\":\"Tafeldeko\",\"description\":\"Blog mit Tischdeko und Tischdekoration Ideen\",\"potentialAction\":[{\"@type\":\"SearchAction\",\"target\":{\"@type\":\"EntryPoint\",\"urlTemplate\":\"https:\/\/www.tafeldeko.de\/news\/?s={search_term_string}\"},\"query-input\":\"required name=search_term_string\"}],\"inLanguage\":\"de-DE\"},{\"@type\":\"Person\",\"@id\":\"https:\/\/www.tafeldeko.de\/news\/#\/schema\/person\/dc309fbb6a3e380919fc08342c3cc233\",\"name\":\"Tafeldeko Deko Team\",\"image\":{\"@type\":\"ImageObject\",\"inLanguage\":\"de-DE\",\"@id\":\"https:\/\/www.tafeldeko.de\/news\/#\/schema\/person\/image\/\",\"url\":\"https:\/\/secure.gravatar.com\/avatar\/1e962f4040dc9996f0d200db31598854?s=96&d=mm&r=g\",\"contentUrl\":\"https:\/\/secure.gravatar.com\/avatar\/1e962f4040dc9996f0d200db31598854?s=96&d=mm&r=g\",\"caption\":\"Tafeldeko Deko Team\"}}]}<\/script>\n<!-- \/ Yoast SEO plugin. -->","yoast_head_json":{"title":"Geburtstagsgr\u00fc\u00dfe f\u00fcr besondere Menschen - Tafeldeko","description":"Hat einer der Liebsten Geburtstag, m\u00f6chte man f\u00fcr das besondere Geschenk inklusive toller und individueller Geburtstagsgr\u00fc\u00dfe sorgen.","robots":{"index":"index","follow":"follow","max-snippet":"max-snippet:-1","max-image-preview":"max-image-preview:large","max-video-preview":"max-video-preview:-1"},"canonical":"https:\/\/www.tafeldeko.de\/news\/geburtstagsgruesse-fuer-besondere-menschen\/","og_locale":"de_DE","og_type":"article","og_title":"Geburtstagsgr\u00fc\u00dfe f\u00fcr besondere Menschen - Tafeldeko","og_description":"Hat einer der Liebsten Geburtstag, m\u00f6chte man f\u00fcr das besondere Geschenk inklusive toller und individueller Geburtstagsgr\u00fc\u00dfe sorgen.","og_url":"https:\/\/www.tafeldeko.de\/news\/geburtstagsgruesse-fuer-besondere-menschen\/","og_site_name":"Tafeldeko","article_publisher":"https:\/\/www.facebook.com\/pages\/Tafeldeko-einzigartige-Tischdekoration\/174202655894","article_published_time":"2014-12-31T12:04:15+00:00","article_modified_time":"2014-12-31T12:05:34+00:00","author":"Tafeldeko Deko Team","twitter_misc":{"Verfasst von":"Tafeldeko Deko Team","Gesch\u00e4tzte Lesezeit":"2 Minuten"},"schema":{"@context":"https:\/\/schema.org","@graph":[{"@type":"WebPage","@id":"https:\/\/www.tafeldeko.de\/news\/geburtstagsgruesse-fuer-besondere-menschen\/","url":"https:\/\/www.tafeldeko.de\/news\/geburtstagsgruesse-fuer-besondere-menschen\/","name":"Geburtstagsgr\u00fc\u00dfe f\u00fcr besondere Menschen - Tafeldeko","isPartOf":{"@id":"https:\/\/www.tafeldeko.de\/news\/#website"},"datePublished":"2014-12-31T12:04:15+00:00","dateModified":"2014-12-31T12:05:34+00:00","author":{"@id":"https:\/\/www.tafeldeko.de\/news\/#\/schema\/person\/dc309fbb6a3e380919fc08342c3cc233"},"description":"Hat einer der Liebsten Geburtstag, m\u00f6chte man f\u00fcr das besondere Geschenk inklusive toller und individueller Geburtstagsgr\u00fc\u00dfe sorgen.","breadcrumb":{"@id":"https:\/\/www.tafeldeko.de\/news\/geburtstagsgruesse-fuer-besondere-menschen\/#breadcrumb"},"inLanguage":"de-DE","potentialAction":[{"@type":"ReadAction","target":["https:\/\/www.tafeldeko.de\/news\/geburtstagsgruesse-fuer-besondere-menschen\/"]}]},{"@type":"BreadcrumbList","@id":"https:\/\/www.tafeldeko.de\/news\/geburtstagsgruesse-fuer-besondere-menschen\/#breadcrumb","itemListElement":[{"@type":"ListItem","position":1,"name":"Tafeldeko","item":"https:\/\/www.tafeldeko.de\/news\/"},{"@type":"ListItem","position":2,"name":"Alte Beitr\u00e4ge","item":"https:\/\/www.tafeldeko.de\/news\/alte-beitraege\/"},{"@type":"ListItem","position":3,"name":"Tischdeko - Blog","item":"https:\/\/www.tafeldeko.de\/news\/alte-beitraege\/tischdeko-blog\/"},{"@type":"ListItem","position":4,"name":"Geburtstagsgr\u00fc\u00dfe f\u00fcr besondere Menschen"}]},{"@type":"WebSite","@id":"https:\/\/www.tafeldeko.de\/news\/#website","url":"https:\/\/www.tafeldeko.de\/news\/","name":"Tafeldeko","description":"Blog mit Tischdeko und Tischdekoration Ideen","potentialAction":[{"@type":"SearchAction","target":{"@type":"EntryPoint","urlTemplate":"https:\/\/www.tafeldeko.de\/news\/?s={search_term_string}"},"query-input":"required name=search_term_string"}],"inLanguage":"de-DE"},{"@type":"Person","@id":"https:\/\/www.tafeldeko.de\/news\/#\/schema\/person\/dc309fbb6a3e380919fc08342c3cc233","name":"Tafeldeko Deko Team","image":{"@type":"ImageObject","inLanguage":"de-DE","@id":"https:\/\/www.tafeldeko.de\/news\/#\/schema\/person\/image\/","url":"https:\/\/secure.gravatar.com\/avatar\/1e962f4040dc9996f0d200db31598854?s=96&d=mm&r=g","contentUrl":"https:\/\/secure.gravatar.com\/avatar\/1e962f4040dc9996f0d200db31598854?s=96&d=mm&r=g","caption":"Tafeldeko Deko Team"}}]}},"_links":{"self":[{"href":"https:\/\/www.tafeldeko.de\/news\/wp-json\/wp\/v2\/posts\/5820"}],"collection":[{"href":"https:\/\/www.tafeldeko.de\/news\/wp-json\/wp\/v2\/posts"}],"about":[{"href":"https:\/\/www.tafeldeko.de\/news\/wp-json\/wp\/v2\/types\/post"}],"author":[{"embeddable":true,"href":"https:\/\/www.tafeldeko.de\/news\/wp-json\/wp\/v2\/users\/6"}],"replies":[{"embeddable":true,"href":"https:\/\/www.tafeldeko.de\/news\/wp-json\/wp\/v2\/comments?post=5820"}],"version-history":[{"count":1,"href":"https:\/\/www.tafeldeko.de\/news\/wp-json\/wp\/v2\/posts\/5820\/revisions"}],"predecessor-version":[{"id":5821,"href":"https:\/\/www.tafeldeko.de\/news\/wp-json\/wp\/v2\/posts\/5820\/revisions\/5821"}],"wp:attachment":[{"href":"https:\/\/www.tafeldeko.de\/news\/wp-json\/wp\/v2\/media?parent=5820"}],"wp:term":[{"taxonomy":"category","embeddable":true,"href":"https:\/\/www.tafeldeko.de\/news\/wp-json\/wp\/v2\/categories?post=5820"},{"taxonomy":"post_tag","embeddable":true,"href":"https:\/\/www.tafeldeko.de\/news\/wp-json\/wp\/v2\/tags?post=5820"}],"curies":[{"name":"wp","href":"https:\/\/api.w.org\/{rel}","templated":true}]}}