{"id":5816,"date":"2014-12-29T17:18:21","date_gmt":"2014-12-29T15:18:21","guid":{"rendered":"http:\/\/www.tafeldeko.de\/news\/?p=5816"},"modified":"2023-02-15T09:00:36","modified_gmt":"2023-02-15T08:00:36","slug":"die-schoenste-tischdeko-fuer-fasching","status":"publish","type":"post","link":"https:\/\/www.tafeldeko.de\/news\/die-schoenste-tischdeko-fuer-fasching\/","title":{"rendered":"Tischdeko f\u00fcr Fasching &#8211; sch\u00f6n und bunt"},"content":{"rendered":"<p>Fasching, Karneval oder auch Fastnacht genannt hat verschiedene Wurzeln und wird auf die unterschiedlichste Art und Weise gefeiert. Eines geh\u00f6rt aber auf jeden Fall immer dazu und zwar die <strong>Tischdeko f\u00fcr Fasching<\/strong>. Masken, Verkleidung und vor allem jede Menge Spa\u00df am Feiern sind f\u00fcr Fasching bekannt. Und das zeichnt die f\u00fcnfte Jahreszeit, wie sie gerne genannt wird, aus. In allererster Linie m\u00f6chte man b\u00f6se Geister vertreiben, die beispielsweise die Ernte bedrohen und die guten Geister f\u00fcr den Fr\u00fchling willkommen hei\u00dfen. Wer sich f\u00fcr eine <strong>Faschingsfete<\/strong> in den eigenen vier W\u00e4nden entschieden hat, ben\u00f6tigt auch eine tolle Tischdeko. Die Tischdeko f\u00fcr Fasching kann voller Farbe sein und Spa\u00df auf den Tisch bringen.<\/p>\n<p><img decoding=\"async\" loading=\"lazy\" src=\"https:\/\/www.tafeldeko.de\/news\/wp-content\/uploads\/2017\/01\/servietten_helau.jpg\" sizes=\"(max-width: 250px) 100vw, 250px\" srcset=\"https:\/\/www.tafeldeko.de\/news\/wp-content\/uploads\/2017\/01\/servietten_helau.jpg 250w, https:\/\/www.tafeldeko.de\/news\/wp-content\/uploads\/2017\/01\/servietten_helau-150x150.jpg 150w\" alt=\"Tischdekoration Fasching\" width=\"250\" height=\"250\" \/><\/p>\n<h2>Wie soll die Tischdeko f\u00fcr Fasching ausschauen?<\/h2>\n<p>Hier sollte man zuerst einmal mit der Tischdecke und\/oder einem Tischl\u00e4ufer beginnen. Hat man sich hierf\u00fcr entschieden, kann man sich der weiteren Zusammenstellung von dekorativen Accessoires widmen. Die bunten Servietten eignen sich hervorragend f\u00fcr die Tischdeko f\u00fcr Fasching und stellen einen <strong>sch\u00f6nen Blickfang<\/strong> auf dem Tisch dar. Dar\u00fcber hinaus kann man mit Luftschlangen, Girlanden oder Luftballons den Partyraum dekorieren und zu einer tollen Atmosph\u00e4re verhelfen.<br \/>\nDie Tischdeko f\u00fcr Fasching wird ein Hingucker auf der Party sein und alles was bunt und schrill ist, kann f\u00fcr die Deko genutzt werden. Wenn man m\u00f6chte, kann man auch selbstgestaltete Masken aufh\u00e4ngen und der Deko eine pers\u00f6nliche Note verleihen. Ben\u00f6tigt man neben den oben aufgelisteten Deko-Artikel noch weitere Accessoires zum Dekorieren, sollten Sie sich in unserem <strong>Onlineshop <\/strong>in aller Ruhe umschauen.\u00a0 Ehe man sich versieht, wird Fasching vor der T\u00fcre stehen und deshalb kann man sich durchaus heute schon ein paar Gedanken machen, die man zum entsprechenden Zeitpunkt abrufen kann.<\/p>\n<p><a role=\"button\" href=\"https:\/\/www.tafeldeko.de\/tischdeko-ideen\/\"><br \/>\n&gt;&gt; Zu den Mustertischen &lt;&lt;<br \/>\n<\/a><\/p>\n<h2>Weitere Beitr\u00e4ge:<\/h2>\n<h2>Dekoartikel von A-Z<\/h2>\n<p><a href=\"https:\/\/www.tafeldeko.de\/tischdeko-artikel\/\"><br \/>\nJetzt entdecken <\/a><\/p>\n","protected":false},"excerpt":{"rendered":"<p>Fasching, Karneval oder auch Fastnacht genannt hat verschiedene Wurzeln und wird auf die unterschiedlichste Art und Weise gefeiert. Eines geh\u00f6rt aber auf jeden Fall immer dazu und zwar die Tischdeko f\u00fcr Fasching. Masken, Verkleidung und vor allem jede Menge Spa\u00df am Feiern sind f\u00fcr Fasching bekannt. Und das zeichnt die f\u00fcnfte Jahreszeit, wie sie gerne [&hellip;]<\/p>\n","protected":false},"author":6,"featured_media":5817,"comment_status":"closed","ping_status":"closed","sticky":false,"template":"","format":"standard","meta":{"footnotes":""},"categories":[1],"tags":[],"yoast_head":"<!-- This site is optimized with the Yoast SEO plugin v20.4 - https:\/\/yoast.com\/wordpress\/plugins\/seo\/ -->\n<title>Tischdeko f\u00fcr Fasching - sch\u00f6n und bunt - Tafeldeko<\/title>\n<meta name=\"description\" content=\"Die bunten Servietten eignen sich hervorragend f\u00fcr die Tischdeko f\u00fcr Fasching, sind ein toller Blickfang f\u00fcr Ihre Dekoration.\" \/>\n<meta name=\"robots\" content=\"index, follow, max-snippet:-1, max-image-preview:large, max-video-preview:-1\" \/>\n<link rel=\"canonical\" href=\"https:\/\/www.tafeldeko.de\/news\/die-schoenste-tischdeko-fuer-fasching\/\" \/>\n<meta property=\"og:locale\" content=\"de_DE\" \/>\n<meta property=\"og:type\" content=\"article\" \/>\n<meta property=\"og:title\" content=\"Tischdeko f\u00fcr Fasching - sch\u00f6n und bunt - Tafeldeko\" \/>\n<meta property=\"og:description\" content=\"Die bunten Servietten eignen sich hervorragend f\u00fcr die Tischdeko f\u00fcr Fasching, sind ein toller Blickfang f\u00fcr Ihre Dekoration.\" \/>\n<meta property=\"og:url\" content=\"https:\/\/www.tafeldeko.de\/news\/die-schoenste-tischdeko-fuer-fasching\/\" \/>\n<meta property=\"og:site_name\" content=\"Tafeldeko\" \/>\n<meta property=\"article:publisher\" content=\"https:\/\/www.facebook.com\/pages\/Tafeldeko-einzigartige-Tischdekoration\/174202655894\" \/>\n<meta property=\"article:published_time\" content=\"2014-12-29T15:18:21+00:00\" \/>\n<meta property=\"article:modified_time\" content=\"2023-02-15T08:00:36+00:00\" \/>\n<meta property=\"og:image\" content=\"https:\/\/www.tafeldeko.de\/news\/wp-content\/uploads\/2014\/12\/servietten_helau.jpg\" \/>\n\t<meta property=\"og:image:width\" content=\"150\" \/>\n\t<meta property=\"og:image:height\" content=\"150\" \/>\n\t<meta property=\"og:image:type\" content=\"image\/jpeg\" \/>\n<meta name=\"author\" content=\"Tafeldeko Deko Team\" \/>\n<meta name=\"twitter:label1\" content=\"Verfasst von\" \/>\n\t<meta name=\"twitter:data1\" content=\"Tafeldeko Deko Team\" \/>\n\t<meta name=\"twitter:label2\" content=\"Gesch\u00e4tzte Lesezeit\" \/>\n\t<meta name=\"twitter:data2\" content=\"2 Minuten\" \/>\n<script type=\"application\/ld+json\" class=\"yoast-schema-graph\">{\"@context\":\"https:\/\/schema.org\",\"@graph\":[{\"@type\":\"WebPage\",\"@id\":\"https:\/\/www.tafeldeko.de\/news\/die-schoenste-tischdeko-fuer-fasching\/\",\"url\":\"https:\/\/www.tafeldeko.de\/news\/die-schoenste-tischdeko-fuer-fasching\/\",\"name\":\"Tischdeko f\u00fcr Fasching - sch\u00f6n und bunt - Tafeldeko\",\"isPartOf\":{\"@id\":\"https:\/\/www.tafeldeko.de\/news\/#website\"},\"datePublished\":\"2014-12-29T15:18:21+00:00\",\"dateModified\":\"2023-02-15T08:00:36+00:00\",\"author\":{\"@id\":\"https:\/\/www.tafeldeko.de\/news\/#\/schema\/person\/dc309fbb6a3e380919fc08342c3cc233\"},\"description\":\"Die bunten Servietten eignen sich hervorragend f\u00fcr die Tischdeko f\u00fcr Fasching, sind ein toller Blickfang f\u00fcr Ihre Dekoration.\",\"breadcrumb\":{\"@id\":\"https:\/\/www.tafeldeko.de\/news\/die-schoenste-tischdeko-fuer-fasching\/#breadcrumb\"},\"inLanguage\":\"de-DE\",\"potentialAction\":[{\"@type\":\"ReadAction\",\"target\":[\"https:\/\/www.tafeldeko.de\/news\/die-schoenste-tischdeko-fuer-fasching\/\"]}]},{\"@type\":\"BreadcrumbList\",\"@id\":\"https:\/\/www.tafeldeko.de\/news\/die-schoenste-tischdeko-fuer-fasching\/#breadcrumb\",\"itemListElement\":[{\"@type\":\"ListItem\",\"position\":1,\"name\":\"Tafeldeko\",\"item\":\"https:\/\/www.tafeldeko.de\/news\/\"},{\"@type\":\"ListItem\",\"position\":2,\"name\":\"Alte Beitr\u00e4ge\",\"item\":\"https:\/\/www.tafeldeko.de\/news\/alte-beitraege\/\"},{\"@type\":\"ListItem\",\"position\":3,\"name\":\"Tischdeko - Blog\",\"item\":\"https:\/\/www.tafeldeko.de\/news\/alte-beitraege\/tischdeko-blog\/\"},{\"@type\":\"ListItem\",\"position\":4,\"name\":\"Tischdeko f\u00fcr Fasching &#8211; sch\u00f6n und bunt\"}]},{\"@type\":\"WebSite\",\"@id\":\"https:\/\/www.tafeldeko.de\/news\/#website\",\"url\":\"https:\/\/www.tafeldeko.de\/news\/\",\"name\":\"Tafeldeko\",\"description\":\"Blog mit Tischdeko und Tischdekoration Ideen\",\"potentialAction\":[{\"@type\":\"SearchAction\",\"target\":{\"@type\":\"EntryPoint\",\"urlTemplate\":\"https:\/\/www.tafeldeko.de\/news\/?s={search_term_string}\"},\"query-input\":\"required name=search_term_string\"}],\"inLanguage\":\"de-DE\"},{\"@type\":\"Person\",\"@id\":\"https:\/\/www.tafeldeko.de\/news\/#\/schema\/person\/dc309fbb6a3e380919fc08342c3cc233\",\"name\":\"Tafeldeko Deko Team\",\"image\":{\"@type\":\"ImageObject\",\"inLanguage\":\"de-DE\",\"@id\":\"https:\/\/www.tafeldeko.de\/news\/#\/schema\/person\/image\/\",\"url\":\"https:\/\/secure.gravatar.com\/avatar\/1e962f4040dc9996f0d200db31598854?s=96&d=mm&r=g\",\"contentUrl\":\"https:\/\/secure.gravatar.com\/avatar\/1e962f4040dc9996f0d200db31598854?s=96&d=mm&r=g\",\"caption\":\"Tafeldeko Deko Team\"}}]}<\/script>\n<!-- \/ Yoast SEO plugin. -->","yoast_head_json":{"title":"Tischdeko f\u00fcr Fasching - sch\u00f6n und bunt - Tafeldeko","description":"Die bunten Servietten eignen sich hervorragend f\u00fcr die Tischdeko f\u00fcr Fasching, sind ein toller Blickfang f\u00fcr Ihre Dekoration.","robots":{"index":"index","follow":"follow","max-snippet":"max-snippet:-1","max-image-preview":"max-image-preview:large","max-video-preview":"max-video-preview:-1"},"canonical":"https:\/\/www.tafeldeko.de\/news\/die-schoenste-tischdeko-fuer-fasching\/","og_locale":"de_DE","og_type":"article","og_title":"Tischdeko f\u00fcr Fasching - sch\u00f6n und bunt - Tafeldeko","og_description":"Die bunten Servietten eignen sich hervorragend f\u00fcr die Tischdeko f\u00fcr Fasching, sind ein toller Blickfang f\u00fcr Ihre Dekoration.","og_url":"https:\/\/www.tafeldeko.de\/news\/die-schoenste-tischdeko-fuer-fasching\/","og_site_name":"Tafeldeko","article_publisher":"https:\/\/www.facebook.com\/pages\/Tafeldeko-einzigartige-Tischdekoration\/174202655894","article_published_time":"2014-12-29T15:18:21+00:00","article_modified_time":"2023-02-15T08:00:36+00:00","og_image":[{"width":150,"height":150,"url":"https:\/\/www.tafeldeko.de\/news\/wp-content\/uploads\/2014\/12\/servietten_helau.jpg","type":"image\/jpeg"}],"author":"Tafeldeko Deko Team","twitter_misc":{"Verfasst von":"Tafeldeko Deko Team","Gesch\u00e4tzte Lesezeit":"2 Minuten"},"schema":{"@context":"https:\/\/schema.org","@graph":[{"@type":"WebPage","@id":"https:\/\/www.tafeldeko.de\/news\/die-schoenste-tischdeko-fuer-fasching\/","url":"https:\/\/www.tafeldeko.de\/news\/die-schoenste-tischdeko-fuer-fasching\/","name":"Tischdeko f\u00fcr Fasching - sch\u00f6n und bunt - Tafeldeko","isPartOf":{"@id":"https:\/\/www.tafeldeko.de\/news\/#website"},"datePublished":"2014-12-29T15:18:21+00:00","dateModified":"2023-02-15T08:00:36+00:00","author":{"@id":"https:\/\/www.tafeldeko.de\/news\/#\/schema\/person\/dc309fbb6a3e380919fc08342c3cc233"},"description":"Die bunten Servietten eignen sich hervorragend f\u00fcr die Tischdeko f\u00fcr Fasching, sind ein toller Blickfang f\u00fcr Ihre Dekoration.","breadcrumb":{"@id":"https:\/\/www.tafeldeko.de\/news\/die-schoenste-tischdeko-fuer-fasching\/#breadcrumb"},"inLanguage":"de-DE","potentialAction":[{"@type":"ReadAction","target":["https:\/\/www.tafeldeko.de\/news\/die-schoenste-tischdeko-fuer-fasching\/"]}]},{"@type":"BreadcrumbList","@id":"https:\/\/www.tafeldeko.de\/news\/die-schoenste-tischdeko-fuer-fasching\/#breadcrumb","itemListElement":[{"@type":"ListItem","position":1,"name":"Tafeldeko","item":"https:\/\/www.tafeldeko.de\/news\/"},{"@type":"ListItem","position":2,"name":"Alte Beitr\u00e4ge","item":"https:\/\/www.tafeldeko.de\/news\/alte-beitraege\/"},{"@type":"ListItem","position":3,"name":"Tischdeko - Blog","item":"https:\/\/www.tafeldeko.de\/news\/alte-beitraege\/tischdeko-blog\/"},{"@type":"ListItem","position":4,"name":"Tischdeko f\u00fcr Fasching &#8211; sch\u00f6n und bunt"}]},{"@type":"WebSite","@id":"https:\/\/www.tafeldeko.de\/news\/#website","url":"https:\/\/www.tafeldeko.de\/news\/","name":"Tafeldeko","description":"Blog mit Tischdeko und Tischdekoration Ideen","potentialAction":[{"@type":"SearchAction","target":{"@type":"EntryPoint","urlTemplate":"https:\/\/www.tafeldeko.de\/news\/?s={search_term_string}"},"query-input":"required name=search_term_string"}],"inLanguage":"de-DE"},{"@type":"Person","@id":"https:\/\/www.tafeldeko.de\/news\/#\/schema\/person\/dc309fbb6a3e380919fc08342c3cc233","name":"Tafeldeko Deko Team","image":{"@type":"ImageObject","inLanguage":"de-DE","@id":"https:\/\/www.tafeldeko.de\/news\/#\/schema\/person\/image\/","url":"https:\/\/secure.gravatar.com\/avatar\/1e962f4040dc9996f0d200db31598854?s=96&d=mm&r=g","contentUrl":"https:\/\/secure.gravatar.com\/avatar\/1e962f4040dc9996f0d200db31598854?s=96&d=mm&r=g","caption":"Tafeldeko Deko Team"}}]}},"_links":{"self":[{"href":"https:\/\/www.tafeldeko.de\/news\/wp-json\/wp\/v2\/posts\/5816"}],"collection":[{"href":"https:\/\/www.tafeldeko.de\/news\/wp-json\/wp\/v2\/posts"}],"about":[{"href":"https:\/\/www.tafeldeko.de\/news\/wp-json\/wp\/v2\/types\/post"}],"author":[{"embeddable":true,"href":"https:\/\/www.tafeldeko.de\/news\/wp-json\/wp\/v2\/users\/6"}],"replies":[{"embeddable":true,"href":"https:\/\/www.tafeldeko.de\/news\/wp-json\/wp\/v2\/comments?post=5816"}],"version-history":[{"count":12,"href":"https:\/\/www.tafeldeko.de\/news\/wp-json\/wp\/v2\/posts\/5816\/revisions"}],"predecessor-version":[{"id":23087,"href":"https:\/\/www.tafeldeko.de\/news\/wp-json\/wp\/v2\/posts\/5816\/revisions\/23087"}],"wp:featuredmedia":[{"embeddable":true,"href":"https:\/\/www.tafeldeko.de\/news\/wp-json\/wp\/v2\/media\/5817"}],"wp:attachment":[{"href":"https:\/\/www.tafeldeko.de\/news\/wp-json\/wp\/v2\/media?parent=5816"}],"wp:term":[{"taxonomy":"category","embeddable":true,"href":"https:\/\/www.tafeldeko.de\/news\/wp-json\/wp\/v2\/categories?post=5816"},{"taxonomy":"post_tag","embeddable":true,"href":"https:\/\/www.tafeldeko.de\/news\/wp-json\/wp\/v2\/tags?post=5816"}],"curies":[{"name":"wp","href":"https:\/\/api.w.org\/{rel}","templated":true}]}}