{"id":5793,"date":"2014-12-21T16:26:00","date_gmt":"2014-12-21T14:26:00","guid":{"rendered":"http:\/\/www.tafeldeko.de\/news\/?p=5793"},"modified":"2023-02-15T09:55:37","modified_gmt":"2023-02-15T08:55:37","slug":"tischdeko-silvester-creme-lila","status":"publish","type":"post","link":"https:\/\/www.tafeldeko.de\/news\/tischdeko-silvester-creme-lila\/","title":{"rendered":"Tischdeko Silvester in Creme und Lila"},"content":{"rendered":"<p>In wenigen Tagen verabschieden wir das &#8220;alte&#8221; Jahr und hei\u00dfen das neue willkommen. Um eine tolle Silvesterparty zu feiern, darf eine ausdrucksstarke Tischdeko Silvester in Creme nicht fehlen. Die Silvesterparty verspricht Unterhaltung und Freude f\u00fcr alle G\u00e4ste. Als Gastgeber hat man jedoch alle H\u00e4nde voll zu tun, um einen sch\u00f6nen Abend, eine tolle Nacht und einen gigantischen Jahreswechsel zu erm\u00f6glichen. Mit der Tischdeko Silvester in Creme\/Lila als Basis hat man jedoch bereits einen gro\u00dfen Schritt in die richtige Richtung gemacht. F\u00fcr das Essen und die Getr\u00e4nke k\u00f6nnen schnelle und tolle Gerichte f\u00fcr Silvester gezaubert werden.<\/p>\n<p><img decoding=\"async\" loading=\"lazy\" src=\"https:\/\/www.tafeldeko.de\/news\/wp-content\/uploads\/2014\/12\/silvester_cremelila.jpg\" sizes=\"(max-width: 448px) 100vw, 448px\" srcset=\"https:\/\/www.tafeldeko.de\/news\/wp-content\/uploads\/2014\/12\/silvester_cremelila.jpg 448w, https:\/\/www.tafeldeko.de\/news\/wp-content\/uploads\/2014\/12\/silvester_cremelila-300x188.jpg 300w\" alt=\"Silvester Tischdeko Creme und Lila\" width=\"448\" height=\"281\" \/><\/p>\n<h2>Eine traumhafte Tischdeko Silvester in Creme<\/h2>\n<p>Fondue, Raclette, Kartoffelsalat mit Wiener oder Fingerfood bescheren den Gaumen der G\u00e4ste erfreuliches. Und auch die Tischdeko Silvester in der <strong>Farbkombination Creme und Lila<\/strong> erfreut das Auge. Die Tischmitte setzen Sie gekonnt mit einem schwarzen Duni Tischl\u00e4ufer, Sizoflor Tischband in Gold, Organza Rolle in Gold und einem Tischband Fripe in Pflaume, geschm\u00fcckt mit einem Deko-Perlen Tischband in Wei\u00df in Szene. Auf diesem wundersch\u00f6nen und stilvollen Arrangement bringen Sie mit Nuggets in verschiedenen Farben, Glitzerkugeln in Gold, Raindrops Kristall Tau Deko Tautropfen, Drahtkugeln und Minidrahtkugeln in Pflaume die Tischdeko Silvester zum Strahlen.<br \/>\n<strong>Gl\u00fccksbringer<\/strong> geh\u00f6ren zu einer Silvesterparty und aus diesem Grund finden sich auch diverse Gl\u00fccksbringer in der Tischdeko Silvester in Creme und Lila. Schornsteinfeger mit Leiter sitzend, liegend und stehend tummeln sich auf dem pr\u00e4chtig eingedeckten Tisch. Wundersch\u00f6n machen sich Gef\u00fchlssteine innerhalb Ihrer Tischdekoration.<br \/>\nFarblich passend arrangiert und ebenso <strong>mit tollen Akzenten<\/strong> gespickt, pr\u00e4sentieren sich die Sitzpl\u00e4tze der G\u00e4ste. Mit goldenen Platztellern k\u00f6nnen Sie der Tischdeko Silvester einen ganz edlen Hauch verleihen. Einen tollen Kontrast darauf bilden die Servietten New Year Sparkle Black. Hierauf k\u00f6nnen Sie in einem goldfarbenen, gl\u00e4nzenden Serviettenring die Servietten Modern Colors in Lila legen.<br \/>\nMit dieser wundervollen Tischdeko Silvester wird die Silvesterparty mit Freunden und der Familie garantiert zu einem tollen Ereignis.<\/p>\n<p><a role=\"button\" href=\"https:\/\/www.tafeldeko.de\/tischdeko-ideen\/silvester-tischdeko\/\"><br \/>\n&gt;&gt; Zu den Mustertischen &lt;&lt;<br \/>\n<\/a><\/p>\n<h2>Weitere Beitr\u00e4ge:<\/h2>\n<h2>Dekoartikel von A-Z<\/h2>\n<p><a href=\"https:\/\/www.tafeldeko.de\/tischdeko-artikel\/\"><br \/>\nJetzt entdecken <\/a><\/p>\n","protected":false},"excerpt":{"rendered":"<p>In wenigen Tagen verabschieden wir das &#8220;alte&#8221; Jahr und hei\u00dfen das neue willkommen. Um eine tolle Silvesterparty zu feiern, darf eine ausdrucksstarke Tischdeko Silvester in Creme nicht fehlen. Die Silvesterparty verspricht Unterhaltung und Freude f\u00fcr alle G\u00e4ste. Als Gastgeber hat man jedoch alle H\u00e4nde voll zu tun, um einen sch\u00f6nen Abend, eine tolle Nacht und [&hellip;]<\/p>\n","protected":false},"author":6,"featured_media":5794,"comment_status":"closed","ping_status":"closed","sticky":false,"template":"","format":"standard","meta":{"footnotes":""},"categories":[1],"tags":[],"yoast_head":"<!-- This site is optimized with the Yoast SEO plugin v20.4 - https:\/\/yoast.com\/wordpress\/plugins\/seo\/ -->\n<title>Tischdeko Silvester in Creme und Lila - Tafeldeko<\/title>\n<meta name=\"description\" content=\"Mit einer sch\u00f6nen Basis, wie der Tischdeko Silvester in Creme und Lila, haben Sie sozusagen schon die halbe Miete f\u00fcr den Jahreswechsel.\" \/>\n<meta name=\"robots\" content=\"index, follow, max-snippet:-1, max-image-preview:large, max-video-preview:-1\" \/>\n<link rel=\"canonical\" href=\"https:\/\/www.tafeldeko.de\/news\/tischdeko-silvester-creme-lila\/\" \/>\n<meta property=\"og:locale\" content=\"de_DE\" \/>\n<meta property=\"og:type\" content=\"article\" \/>\n<meta property=\"og:title\" content=\"Tischdeko Silvester in Creme und Lila - Tafeldeko\" \/>\n<meta property=\"og:description\" content=\"Mit einer sch\u00f6nen Basis, wie der Tischdeko Silvester in Creme und Lila, haben Sie sozusagen schon die halbe Miete f\u00fcr den Jahreswechsel.\" \/>\n<meta property=\"og:url\" content=\"https:\/\/www.tafeldeko.de\/news\/tischdeko-silvester-creme-lila\/\" \/>\n<meta property=\"og:site_name\" content=\"Tafeldeko\" \/>\n<meta property=\"article:publisher\" content=\"https:\/\/www.facebook.com\/pages\/Tafeldeko-einzigartige-Tischdekoration\/174202655894\" \/>\n<meta property=\"article:published_time\" content=\"2014-12-21T14:26:00+00:00\" \/>\n<meta property=\"article:modified_time\" content=\"2023-02-15T08:55:37+00:00\" \/>\n<meta property=\"og:image\" content=\"https:\/\/www.tafeldeko.de\/news\/wp-content\/uploads\/2014\/12\/silvester_cremelila.jpg\" \/>\n\t<meta property=\"og:image:width\" content=\"448\" \/>\n\t<meta property=\"og:image:height\" content=\"281\" \/>\n\t<meta property=\"og:image:type\" content=\"image\/jpeg\" \/>\n<meta name=\"author\" content=\"Tafeldeko Deko Team\" \/>\n<meta name=\"twitter:label1\" content=\"Verfasst von\" \/>\n\t<meta name=\"twitter:data1\" content=\"Tafeldeko Deko Team\" \/>\n\t<meta name=\"twitter:label2\" content=\"Gesch\u00e4tzte Lesezeit\" \/>\n\t<meta name=\"twitter:data2\" content=\"2 Minuten\" \/>\n<script type=\"application\/ld+json\" class=\"yoast-schema-graph\">{\"@context\":\"https:\/\/schema.org\",\"@graph\":[{\"@type\":\"WebPage\",\"@id\":\"https:\/\/www.tafeldeko.de\/news\/tischdeko-silvester-creme-lila\/\",\"url\":\"https:\/\/www.tafeldeko.de\/news\/tischdeko-silvester-creme-lila\/\",\"name\":\"Tischdeko Silvester in Creme und Lila - Tafeldeko\",\"isPartOf\":{\"@id\":\"https:\/\/www.tafeldeko.de\/news\/#website\"},\"datePublished\":\"2014-12-21T14:26:00+00:00\",\"dateModified\":\"2023-02-15T08:55:37+00:00\",\"author\":{\"@id\":\"https:\/\/www.tafeldeko.de\/news\/#\/schema\/person\/dc309fbb6a3e380919fc08342c3cc233\"},\"description\":\"Mit einer sch\u00f6nen Basis, wie der Tischdeko Silvester in Creme und Lila, haben Sie sozusagen schon die halbe Miete f\u00fcr den Jahreswechsel.\",\"breadcrumb\":{\"@id\":\"https:\/\/www.tafeldeko.de\/news\/tischdeko-silvester-creme-lila\/#breadcrumb\"},\"inLanguage\":\"de-DE\",\"potentialAction\":[{\"@type\":\"ReadAction\",\"target\":[\"https:\/\/www.tafeldeko.de\/news\/tischdeko-silvester-creme-lila\/\"]}]},{\"@type\":\"BreadcrumbList\",\"@id\":\"https:\/\/www.tafeldeko.de\/news\/tischdeko-silvester-creme-lila\/#breadcrumb\",\"itemListElement\":[{\"@type\":\"ListItem\",\"position\":1,\"name\":\"Tafeldeko\",\"item\":\"https:\/\/www.tafeldeko.de\/news\/\"},{\"@type\":\"ListItem\",\"position\":2,\"name\":\"Alte Beitr\u00e4ge\",\"item\":\"https:\/\/www.tafeldeko.de\/news\/alte-beitraege\/\"},{\"@type\":\"ListItem\",\"position\":3,\"name\":\"Tischdeko - Blog\",\"item\":\"https:\/\/www.tafeldeko.de\/news\/alte-beitraege\/tischdeko-blog\/\"},{\"@type\":\"ListItem\",\"position\":4,\"name\":\"Tischdeko Silvester in Creme und Lila\"}]},{\"@type\":\"WebSite\",\"@id\":\"https:\/\/www.tafeldeko.de\/news\/#website\",\"url\":\"https:\/\/www.tafeldeko.de\/news\/\",\"name\":\"Tafeldeko\",\"description\":\"Blog mit Tischdeko und Tischdekoration Ideen\",\"potentialAction\":[{\"@type\":\"SearchAction\",\"target\":{\"@type\":\"EntryPoint\",\"urlTemplate\":\"https:\/\/www.tafeldeko.de\/news\/?s={search_term_string}\"},\"query-input\":\"required name=search_term_string\"}],\"inLanguage\":\"de-DE\"},{\"@type\":\"Person\",\"@id\":\"https:\/\/www.tafeldeko.de\/news\/#\/schema\/person\/dc309fbb6a3e380919fc08342c3cc233\",\"name\":\"Tafeldeko Deko Team\",\"image\":{\"@type\":\"ImageObject\",\"inLanguage\":\"de-DE\",\"@id\":\"https:\/\/www.tafeldeko.de\/news\/#\/schema\/person\/image\/\",\"url\":\"https:\/\/secure.gravatar.com\/avatar\/1e962f4040dc9996f0d200db31598854?s=96&d=mm&r=g\",\"contentUrl\":\"https:\/\/secure.gravatar.com\/avatar\/1e962f4040dc9996f0d200db31598854?s=96&d=mm&r=g\",\"caption\":\"Tafeldeko Deko Team\"}}]}<\/script>\n<!-- \/ Yoast SEO plugin. -->","yoast_head_json":{"title":"Tischdeko Silvester in Creme und Lila - Tafeldeko","description":"Mit einer sch\u00f6nen Basis, wie der Tischdeko Silvester in Creme und Lila, haben Sie sozusagen schon die halbe Miete f\u00fcr den Jahreswechsel.","robots":{"index":"index","follow":"follow","max-snippet":"max-snippet:-1","max-image-preview":"max-image-preview:large","max-video-preview":"max-video-preview:-1"},"canonical":"https:\/\/www.tafeldeko.de\/news\/tischdeko-silvester-creme-lila\/","og_locale":"de_DE","og_type":"article","og_title":"Tischdeko Silvester in Creme und Lila - Tafeldeko","og_description":"Mit einer sch\u00f6nen Basis, wie der Tischdeko Silvester in Creme und Lila, haben Sie sozusagen schon die halbe Miete f\u00fcr den Jahreswechsel.","og_url":"https:\/\/www.tafeldeko.de\/news\/tischdeko-silvester-creme-lila\/","og_site_name":"Tafeldeko","article_publisher":"https:\/\/www.facebook.com\/pages\/Tafeldeko-einzigartige-Tischdekoration\/174202655894","article_published_time":"2014-12-21T14:26:00+00:00","article_modified_time":"2023-02-15T08:55:37+00:00","og_image":[{"width":448,"height":281,"url":"https:\/\/www.tafeldeko.de\/news\/wp-content\/uploads\/2014\/12\/silvester_cremelila.jpg","type":"image\/jpeg"}],"author":"Tafeldeko Deko Team","twitter_misc":{"Verfasst von":"Tafeldeko Deko Team","Gesch\u00e4tzte Lesezeit":"2 Minuten"},"schema":{"@context":"https:\/\/schema.org","@graph":[{"@type":"WebPage","@id":"https:\/\/www.tafeldeko.de\/news\/tischdeko-silvester-creme-lila\/","url":"https:\/\/www.tafeldeko.de\/news\/tischdeko-silvester-creme-lila\/","name":"Tischdeko Silvester in Creme und Lila - Tafeldeko","isPartOf":{"@id":"https:\/\/www.tafeldeko.de\/news\/#website"},"datePublished":"2014-12-21T14:26:00+00:00","dateModified":"2023-02-15T08:55:37+00:00","author":{"@id":"https:\/\/www.tafeldeko.de\/news\/#\/schema\/person\/dc309fbb6a3e380919fc08342c3cc233"},"description":"Mit einer sch\u00f6nen Basis, wie der Tischdeko Silvester in Creme und Lila, haben Sie sozusagen schon die halbe Miete f\u00fcr den Jahreswechsel.","breadcrumb":{"@id":"https:\/\/www.tafeldeko.de\/news\/tischdeko-silvester-creme-lila\/#breadcrumb"},"inLanguage":"de-DE","potentialAction":[{"@type":"ReadAction","target":["https:\/\/www.tafeldeko.de\/news\/tischdeko-silvester-creme-lila\/"]}]},{"@type":"BreadcrumbList","@id":"https:\/\/www.tafeldeko.de\/news\/tischdeko-silvester-creme-lila\/#breadcrumb","itemListElement":[{"@type":"ListItem","position":1,"name":"Tafeldeko","item":"https:\/\/www.tafeldeko.de\/news\/"},{"@type":"ListItem","position":2,"name":"Alte Beitr\u00e4ge","item":"https:\/\/www.tafeldeko.de\/news\/alte-beitraege\/"},{"@type":"ListItem","position":3,"name":"Tischdeko - Blog","item":"https:\/\/www.tafeldeko.de\/news\/alte-beitraege\/tischdeko-blog\/"},{"@type":"ListItem","position":4,"name":"Tischdeko Silvester in Creme und Lila"}]},{"@type":"WebSite","@id":"https:\/\/www.tafeldeko.de\/news\/#website","url":"https:\/\/www.tafeldeko.de\/news\/","name":"Tafeldeko","description":"Blog mit Tischdeko und Tischdekoration Ideen","potentialAction":[{"@type":"SearchAction","target":{"@type":"EntryPoint","urlTemplate":"https:\/\/www.tafeldeko.de\/news\/?s={search_term_string}"},"query-input":"required name=search_term_string"}],"inLanguage":"de-DE"},{"@type":"Person","@id":"https:\/\/www.tafeldeko.de\/news\/#\/schema\/person\/dc309fbb6a3e380919fc08342c3cc233","name":"Tafeldeko Deko Team","image":{"@type":"ImageObject","inLanguage":"de-DE","@id":"https:\/\/www.tafeldeko.de\/news\/#\/schema\/person\/image\/","url":"https:\/\/secure.gravatar.com\/avatar\/1e962f4040dc9996f0d200db31598854?s=96&d=mm&r=g","contentUrl":"https:\/\/secure.gravatar.com\/avatar\/1e962f4040dc9996f0d200db31598854?s=96&d=mm&r=g","caption":"Tafeldeko Deko Team"}}]}},"_links":{"self":[{"href":"https:\/\/www.tafeldeko.de\/news\/wp-json\/wp\/v2\/posts\/5793"}],"collection":[{"href":"https:\/\/www.tafeldeko.de\/news\/wp-json\/wp\/v2\/posts"}],"about":[{"href":"https:\/\/www.tafeldeko.de\/news\/wp-json\/wp\/v2\/types\/post"}],"author":[{"embeddable":true,"href":"https:\/\/www.tafeldeko.de\/news\/wp-json\/wp\/v2\/users\/6"}],"replies":[{"embeddable":true,"href":"https:\/\/www.tafeldeko.de\/news\/wp-json\/wp\/v2\/comments?post=5793"}],"version-history":[{"count":6,"href":"https:\/\/www.tafeldeko.de\/news\/wp-json\/wp\/v2\/posts\/5793\/revisions"}],"predecessor-version":[{"id":23150,"href":"https:\/\/www.tafeldeko.de\/news\/wp-json\/wp\/v2\/posts\/5793\/revisions\/23150"}],"wp:featuredmedia":[{"embeddable":true,"href":"https:\/\/www.tafeldeko.de\/news\/wp-json\/wp\/v2\/media\/5794"}],"wp:attachment":[{"href":"https:\/\/www.tafeldeko.de\/news\/wp-json\/wp\/v2\/media?parent=5793"}],"wp:term":[{"taxonomy":"category","embeddable":true,"href":"https:\/\/www.tafeldeko.de\/news\/wp-json\/wp\/v2\/categories?post=5793"},{"taxonomy":"post_tag","embeddable":true,"href":"https:\/\/www.tafeldeko.de\/news\/wp-json\/wp\/v2\/tags?post=5793"}],"curies":[{"name":"wp","href":"https:\/\/api.w.org\/{rel}","templated":true}]}}