{"id":5784,"date":"2014-12-16T16:23:54","date_gmt":"2014-12-16T14:23:54","guid":{"rendered":"http:\/\/www.tafeldeko.de\/news\/?p=5784"},"modified":"2023-02-15T10:17:56","modified_gmt":"2023-02-15T09:17:56","slug":"tischdekoration-im-winter-winterlich-schoen","status":"publish","type":"post","link":"https:\/\/www.tafeldeko.de\/news\/tischdekoration-im-winter-winterlich-schoen\/","title":{"rendered":"Tischdekoration im Winter &#8211; winterlich sch\u00f6n"},"content":{"rendered":"<p>Gerade in der Winterzeit wird man gro\u00dfen Wert auf Gem\u00fctlichkeit und eine sch\u00f6ne <strong>Tischdekoration im Winter<\/strong> legen. Es gibt nichts sch\u00f6neres, als nach einem langen Arbeitstag oder auch von der K\u00e4lte in die warme und sch\u00f6n dekorierte Wohnung zu kommen- da freut man sich umso mehr nach Hause zu kommen. Die Tischdekoration im Winter kann sich an der Natur orientieren oder vereinzelte Elemente, wie Schnee, Eis oder <a title=\"Weihnachten\" href=\"https:\/\/www.tafeldeko.de\/index.php\/cat\/c48_Tischdeko-Weihnachten.html\" target=\"_blank\" rel=\"noopener\"><strong>Weihnachten<\/strong><\/a> aufgreifen. Hier gibt es unz\u00e4hlige M\u00f6glichkeiten, die man in Erw\u00e4gung ziehen kann und letztlich sollte man beim Dekorieren darauf achten, dass die ausgew\u00e4hlten Deko-Artikel zueinander passen. Ein lustiges Farbenspiel oder ein Wirrwarr m\u00f6chte man am Ende weder auf dem Tisch noch in der Wohnung vorfinden.<\/p>\n<p><img decoding=\"async\" loading=\"lazy\" src=\"https:\/\/www.tafeldeko.de\/news\/wp-content\/uploads\/2014\/12\/winterengel-rot_weiss.jpg\" alt=\"Tischdekoration im Winter\" width=\"150\" height=\"150\" \/><\/p>\n<h2>Eine unbeschreiblich sch\u00f6ne Tischdekoration im Winter<\/h2>\n<p>Wer sich bei der Tischdekoration im Winter auf eine<strong> naturgetreue Deko<\/strong> konzentrieren m\u00f6chte, wird \u00fcberwiegend mit der Farbe Wei\u00df experimentieren. Auch hier hat man gen\u00fcgend Freiheiten um eine sch\u00f6ne Tischdeko zu <strong>zaubern<\/strong>. So kann man zum Beispiel Schneekristalle oder vereinzelte Glitzer-Elemente auf dem Tisch drapieren und f\u00fcr einzigartige Momente auf dem Tisch sorgen. M\u00f6chte man allerdings auf eine farbintensivere <strong>winterliche Tischdekoration<\/strong> setzen, kann die s\u00fc\u00dfen Winter Engel in den Farben rot \/ wei\u00df aus Stoff mit Schal und Zipfelm\u00fctze von Tafeldeko auf dem Tisch in Szene setzen. Der Clou von diesem Deko-Artikel ist, dass an der M\u00fctze des Engels ein Gl\u00f6ckchen ist, das sch\u00f6n klingelt.<br \/>\nDes Weiteren sind gerade f\u00fcr die Tischdeko im Winter Kerzen in jeglicher Form ein sch\u00f6nes Equipment in Punkto Tischdekoration. <a title=\"Kerzen\" href=\"https:\/\/www.tafeldeko.de\/index.php\/cat\/c526_Kerzen---Kerzenhalter.html\" target=\"_blank\" rel=\"noopener\"><strong>Kerzen<\/strong><\/a> sorgen f\u00fcr jede Menge Gem\u00fctlichkeit und das flackernde Licht l\u00e4sst eine gewisse W\u00e4rme aufkommen, die man sich im Winter besonders w\u00fcnschen wird.<br \/>\nDie Tischdekoration im Winter ist nicht nur f\u00fcr eine Feierlichkeit geeignet, sondern auch f\u00fcr jeden Tag etwas Sch\u00f6nes. Schlie\u00dflich m\u00f6chte man sich zu Hause wohlf\u00fchlen und mit den entsprechenden dekorativen Accessoires kann dies einem definitiv auch gelingen. Jeder, der sich der Herausforderung des Dekorierens stellt, wird sich am Ende \u00fcber das fertige Ergebnis freuen.<\/p>\n<p><a role=\"button\" href=\"https:\/\/www.tafeldeko.de\/tischdeko-ideen\/weihnachts-tischdeko\/\"><br \/>\n&gt;&gt; Zu den Mustertischen &lt;&lt;<br \/>\n<\/a><\/p>\n<h2>Weitere Beitr\u00e4ge:<\/h2>\n<h2>Dekoartikel von A-Z<\/h2>\n<p><a href=\"https:\/\/www.tafeldeko.de\/tischdeko-artikel\/\"><br \/>\nJetzt entdecken <\/a><\/p>\n","protected":false},"excerpt":{"rendered":"<p>Gerade in der Winterzeit wird man gro\u00dfen Wert auf Gem\u00fctlichkeit und eine sch\u00f6ne Tischdekoration im Winter legen. Es gibt nichts sch\u00f6neres, als nach einem langen Arbeitstag oder auch von der K\u00e4lte in die warme und sch\u00f6n dekorierte Wohnung zu kommen- da freut man sich umso mehr nach Hause zu kommen. Die Tischdekoration im Winter kann [&hellip;]<\/p>\n","protected":false},"author":6,"featured_media":5785,"comment_status":"closed","ping_status":"closed","sticky":false,"template":"","format":"standard","meta":{"footnotes":""},"categories":[1],"tags":[],"yoast_head":"<!-- This site is optimized with the Yoast SEO plugin v20.4 - https:\/\/yoast.com\/wordpress\/plugins\/seo\/ -->\n<title>Tischdekoration im Winter - winterlich sch\u00f6n - Tafeldeko<\/title>\n<meta name=\"description\" content=\"Wer sich bei der Tischdekoration im Winter auf eine naturgetreue Deko konzentrieren m\u00f6chte, wird \u00fcberwiegend mit wei\u00dfen Elementen arbeiten.\" \/>\n<meta name=\"robots\" content=\"index, follow, max-snippet:-1, max-image-preview:large, max-video-preview:-1\" \/>\n<link rel=\"canonical\" href=\"https:\/\/www.tafeldeko.de\/news\/tischdekoration-im-winter-winterlich-schoen\/\" \/>\n<meta property=\"og:locale\" content=\"de_DE\" \/>\n<meta property=\"og:type\" content=\"article\" \/>\n<meta property=\"og:title\" content=\"Tischdekoration im Winter - winterlich sch\u00f6n - Tafeldeko\" \/>\n<meta property=\"og:description\" content=\"Wer sich bei der Tischdekoration im Winter auf eine naturgetreue Deko konzentrieren m\u00f6chte, wird \u00fcberwiegend mit wei\u00dfen Elementen arbeiten.\" \/>\n<meta property=\"og:url\" content=\"https:\/\/www.tafeldeko.de\/news\/tischdekoration-im-winter-winterlich-schoen\/\" \/>\n<meta property=\"og:site_name\" content=\"Tafeldeko\" \/>\n<meta property=\"article:publisher\" content=\"https:\/\/www.facebook.com\/pages\/Tafeldeko-einzigartige-Tischdekoration\/174202655894\" \/>\n<meta property=\"article:published_time\" content=\"2014-12-16T14:23:54+00:00\" \/>\n<meta property=\"article:modified_time\" content=\"2023-02-15T09:17:56+00:00\" \/>\n<meta property=\"og:image\" content=\"https:\/\/www.tafeldeko.de\/news\/wp-content\/uploads\/2014\/12\/winterengel-rot_weiss.jpg\" \/>\n\t<meta property=\"og:image:width\" content=\"150\" \/>\n\t<meta property=\"og:image:height\" content=\"150\" \/>\n\t<meta property=\"og:image:type\" content=\"image\/jpeg\" \/>\n<meta name=\"author\" content=\"Tafeldeko Deko Team\" \/>\n<meta name=\"twitter:label1\" content=\"Verfasst von\" \/>\n\t<meta name=\"twitter:data1\" content=\"Tafeldeko Deko Team\" \/>\n\t<meta name=\"twitter:label2\" content=\"Gesch\u00e4tzte Lesezeit\" \/>\n\t<meta name=\"twitter:data2\" content=\"3 Minuten\" \/>\n<script type=\"application\/ld+json\" class=\"yoast-schema-graph\">{\"@context\":\"https:\/\/schema.org\",\"@graph\":[{\"@type\":\"WebPage\",\"@id\":\"https:\/\/www.tafeldeko.de\/news\/tischdekoration-im-winter-winterlich-schoen\/\",\"url\":\"https:\/\/www.tafeldeko.de\/news\/tischdekoration-im-winter-winterlich-schoen\/\",\"name\":\"Tischdekoration im Winter - winterlich sch\u00f6n - Tafeldeko\",\"isPartOf\":{\"@id\":\"https:\/\/www.tafeldeko.de\/news\/#website\"},\"datePublished\":\"2014-12-16T14:23:54+00:00\",\"dateModified\":\"2023-02-15T09:17:56+00:00\",\"author\":{\"@id\":\"https:\/\/www.tafeldeko.de\/news\/#\/schema\/person\/dc309fbb6a3e380919fc08342c3cc233\"},\"description\":\"Wer sich bei der Tischdekoration im Winter auf eine naturgetreue Deko konzentrieren m\u00f6chte, wird \u00fcberwiegend mit wei\u00dfen Elementen arbeiten.\",\"breadcrumb\":{\"@id\":\"https:\/\/www.tafeldeko.de\/news\/tischdekoration-im-winter-winterlich-schoen\/#breadcrumb\"},\"inLanguage\":\"de-DE\",\"potentialAction\":[{\"@type\":\"ReadAction\",\"target\":[\"https:\/\/www.tafeldeko.de\/news\/tischdekoration-im-winter-winterlich-schoen\/\"]}]},{\"@type\":\"BreadcrumbList\",\"@id\":\"https:\/\/www.tafeldeko.de\/news\/tischdekoration-im-winter-winterlich-schoen\/#breadcrumb\",\"itemListElement\":[{\"@type\":\"ListItem\",\"position\":1,\"name\":\"Tafeldeko\",\"item\":\"https:\/\/www.tafeldeko.de\/news\/\"},{\"@type\":\"ListItem\",\"position\":2,\"name\":\"Alte Beitr\u00e4ge\",\"item\":\"https:\/\/www.tafeldeko.de\/news\/alte-beitraege\/\"},{\"@type\":\"ListItem\",\"position\":3,\"name\":\"Tischdeko - Blog\",\"item\":\"https:\/\/www.tafeldeko.de\/news\/alte-beitraege\/tischdeko-blog\/\"},{\"@type\":\"ListItem\",\"position\":4,\"name\":\"Tischdekoration im Winter &#8211; winterlich sch\u00f6n\"}]},{\"@type\":\"WebSite\",\"@id\":\"https:\/\/www.tafeldeko.de\/news\/#website\",\"url\":\"https:\/\/www.tafeldeko.de\/news\/\",\"name\":\"Tafeldeko\",\"description\":\"Blog mit Tischdeko und Tischdekoration Ideen\",\"potentialAction\":[{\"@type\":\"SearchAction\",\"target\":{\"@type\":\"EntryPoint\",\"urlTemplate\":\"https:\/\/www.tafeldeko.de\/news\/?s={search_term_string}\"},\"query-input\":\"required name=search_term_string\"}],\"inLanguage\":\"de-DE\"},{\"@type\":\"Person\",\"@id\":\"https:\/\/www.tafeldeko.de\/news\/#\/schema\/person\/dc309fbb6a3e380919fc08342c3cc233\",\"name\":\"Tafeldeko Deko Team\",\"image\":{\"@type\":\"ImageObject\",\"inLanguage\":\"de-DE\",\"@id\":\"https:\/\/www.tafeldeko.de\/news\/#\/schema\/person\/image\/\",\"url\":\"https:\/\/secure.gravatar.com\/avatar\/1e962f4040dc9996f0d200db31598854?s=96&d=mm&r=g\",\"contentUrl\":\"https:\/\/secure.gravatar.com\/avatar\/1e962f4040dc9996f0d200db31598854?s=96&d=mm&r=g\",\"caption\":\"Tafeldeko Deko Team\"}}]}<\/script>\n<!-- \/ Yoast SEO plugin. -->","yoast_head_json":{"title":"Tischdekoration im Winter - winterlich sch\u00f6n - Tafeldeko","description":"Wer sich bei der Tischdekoration im Winter auf eine naturgetreue Deko konzentrieren m\u00f6chte, wird \u00fcberwiegend mit wei\u00dfen Elementen arbeiten.","robots":{"index":"index","follow":"follow","max-snippet":"max-snippet:-1","max-image-preview":"max-image-preview:large","max-video-preview":"max-video-preview:-1"},"canonical":"https:\/\/www.tafeldeko.de\/news\/tischdekoration-im-winter-winterlich-schoen\/","og_locale":"de_DE","og_type":"article","og_title":"Tischdekoration im Winter - winterlich sch\u00f6n - Tafeldeko","og_description":"Wer sich bei der Tischdekoration im Winter auf eine naturgetreue Deko konzentrieren m\u00f6chte, wird \u00fcberwiegend mit wei\u00dfen Elementen arbeiten.","og_url":"https:\/\/www.tafeldeko.de\/news\/tischdekoration-im-winter-winterlich-schoen\/","og_site_name":"Tafeldeko","article_publisher":"https:\/\/www.facebook.com\/pages\/Tafeldeko-einzigartige-Tischdekoration\/174202655894","article_published_time":"2014-12-16T14:23:54+00:00","article_modified_time":"2023-02-15T09:17:56+00:00","og_image":[{"width":150,"height":150,"url":"https:\/\/www.tafeldeko.de\/news\/wp-content\/uploads\/2014\/12\/winterengel-rot_weiss.jpg","type":"image\/jpeg"}],"author":"Tafeldeko Deko Team","twitter_misc":{"Verfasst von":"Tafeldeko Deko Team","Gesch\u00e4tzte Lesezeit":"3 Minuten"},"schema":{"@context":"https:\/\/schema.org","@graph":[{"@type":"WebPage","@id":"https:\/\/www.tafeldeko.de\/news\/tischdekoration-im-winter-winterlich-schoen\/","url":"https:\/\/www.tafeldeko.de\/news\/tischdekoration-im-winter-winterlich-schoen\/","name":"Tischdekoration im Winter - winterlich sch\u00f6n - Tafeldeko","isPartOf":{"@id":"https:\/\/www.tafeldeko.de\/news\/#website"},"datePublished":"2014-12-16T14:23:54+00:00","dateModified":"2023-02-15T09:17:56+00:00","author":{"@id":"https:\/\/www.tafeldeko.de\/news\/#\/schema\/person\/dc309fbb6a3e380919fc08342c3cc233"},"description":"Wer sich bei der Tischdekoration im Winter auf eine naturgetreue Deko konzentrieren m\u00f6chte, wird \u00fcberwiegend mit wei\u00dfen Elementen arbeiten.","breadcrumb":{"@id":"https:\/\/www.tafeldeko.de\/news\/tischdekoration-im-winter-winterlich-schoen\/#breadcrumb"},"inLanguage":"de-DE","potentialAction":[{"@type":"ReadAction","target":["https:\/\/www.tafeldeko.de\/news\/tischdekoration-im-winter-winterlich-schoen\/"]}]},{"@type":"BreadcrumbList","@id":"https:\/\/www.tafeldeko.de\/news\/tischdekoration-im-winter-winterlich-schoen\/#breadcrumb","itemListElement":[{"@type":"ListItem","position":1,"name":"Tafeldeko","item":"https:\/\/www.tafeldeko.de\/news\/"},{"@type":"ListItem","position":2,"name":"Alte Beitr\u00e4ge","item":"https:\/\/www.tafeldeko.de\/news\/alte-beitraege\/"},{"@type":"ListItem","position":3,"name":"Tischdeko - Blog","item":"https:\/\/www.tafeldeko.de\/news\/alte-beitraege\/tischdeko-blog\/"},{"@type":"ListItem","position":4,"name":"Tischdekoration im Winter &#8211; winterlich sch\u00f6n"}]},{"@type":"WebSite","@id":"https:\/\/www.tafeldeko.de\/news\/#website","url":"https:\/\/www.tafeldeko.de\/news\/","name":"Tafeldeko","description":"Blog mit Tischdeko und Tischdekoration Ideen","potentialAction":[{"@type":"SearchAction","target":{"@type":"EntryPoint","urlTemplate":"https:\/\/www.tafeldeko.de\/news\/?s={search_term_string}"},"query-input":"required name=search_term_string"}],"inLanguage":"de-DE"},{"@type":"Person","@id":"https:\/\/www.tafeldeko.de\/news\/#\/schema\/person\/dc309fbb6a3e380919fc08342c3cc233","name":"Tafeldeko Deko Team","image":{"@type":"ImageObject","inLanguage":"de-DE","@id":"https:\/\/www.tafeldeko.de\/news\/#\/schema\/person\/image\/","url":"https:\/\/secure.gravatar.com\/avatar\/1e962f4040dc9996f0d200db31598854?s=96&d=mm&r=g","contentUrl":"https:\/\/secure.gravatar.com\/avatar\/1e962f4040dc9996f0d200db31598854?s=96&d=mm&r=g","caption":"Tafeldeko Deko Team"}}]}},"_links":{"self":[{"href":"https:\/\/www.tafeldeko.de\/news\/wp-json\/wp\/v2\/posts\/5784"}],"collection":[{"href":"https:\/\/www.tafeldeko.de\/news\/wp-json\/wp\/v2\/posts"}],"about":[{"href":"https:\/\/www.tafeldeko.de\/news\/wp-json\/wp\/v2\/types\/post"}],"author":[{"embeddable":true,"href":"https:\/\/www.tafeldeko.de\/news\/wp-json\/wp\/v2\/users\/6"}],"replies":[{"embeddable":true,"href":"https:\/\/www.tafeldeko.de\/news\/wp-json\/wp\/v2\/comments?post=5784"}],"version-history":[{"count":6,"href":"https:\/\/www.tafeldeko.de\/news\/wp-json\/wp\/v2\/posts\/5784\/revisions"}],"predecessor-version":[{"id":23185,"href":"https:\/\/www.tafeldeko.de\/news\/wp-json\/wp\/v2\/posts\/5784\/revisions\/23185"}],"wp:featuredmedia":[{"embeddable":true,"href":"https:\/\/www.tafeldeko.de\/news\/wp-json\/wp\/v2\/media\/5785"}],"wp:attachment":[{"href":"https:\/\/www.tafeldeko.de\/news\/wp-json\/wp\/v2\/media?parent=5784"}],"wp:term":[{"taxonomy":"category","embeddable":true,"href":"https:\/\/www.tafeldeko.de\/news\/wp-json\/wp\/v2\/categories?post=5784"},{"taxonomy":"post_tag","embeddable":true,"href":"https:\/\/www.tafeldeko.de\/news\/wp-json\/wp\/v2\/tags?post=5784"}],"curies":[{"name":"wp","href":"https:\/\/api.w.org\/{rel}","templated":true}]}}