{"id":5759,"date":"2014-12-12T13:40:50","date_gmt":"2014-12-12T11:40:50","guid":{"rendered":"http:\/\/www.tafeldeko.de\/news\/?p=5759"},"modified":"2023-02-15T10:53:18","modified_gmt":"2023-02-15T09:53:18","slug":"weihnachts-tischdeko-ausdrucksstark","status":"publish","type":"post","link":"https:\/\/www.tafeldeko.de\/news\/weihnachts-tischdeko-ausdrucksstark\/","title":{"rendered":"Weihnachts Tischdeko &#8211; ausdrucksstark"},"content":{"rendered":"<p>Die Weihnachts Tischdeko ist jedes Jahr gefragt und nat\u00fcrlich m\u00f6chte man lieber zu neue Ideen greifen, als Ideen von vorherigen Jahren aufzugreifen. Dekorationen, die man bereits des \u00d6fteren gesehen hat, sind, sind langweilig und keinesfalls originell. Wie w\u00e4re es mit einer ausdrucksstarken <strong>Weihnachts Tischdeko<\/strong>? Genau dies m\u00f6chte man auf der Festtagstafel vorfinden, wenn man beispielsweise Freunde oder die Familie zu sich eingeladen hat um einen sch\u00f6nen Weihnachtstag oder auch einen Nachmittag in der Vorweihnachtszeit zu verbringen. Da darf die weihnachtliche Tischdekoration nat\u00fcrlich nicht fehlen.<\/p>\n<p><img decoding=\"async\" loading=\"lazy\" src=\"https:\/\/www.tafeldeko.de\/news\/wp-content\/uploads\/2020\/02\/C2A6459-1024x683.jpg\" sizes=\"(max-width: 800px) 100vw, 800px\" srcset=\"https:\/\/www.tafeldeko.de\/news\/wp-content\/uploads\/2020\/02\/C2A6459-1024x683.jpg 1024w, https:\/\/www.tafeldeko.de\/news\/wp-content\/uploads\/2020\/02\/C2A6459-300x200.jpg 300w, https:\/\/www.tafeldeko.de\/news\/wp-content\/uploads\/2020\/02\/C2A6459-768x512.jpg 768w, https:\/\/www.tafeldeko.de\/news\/wp-content\/uploads\/2020\/02\/C2A6459-1536x1024.jpg 1536w, https:\/\/www.tafeldeko.de\/news\/wp-content\/uploads\/2020\/02\/C2A6459-2048x1365.jpg 2048w, https:\/\/www.tafeldeko.de\/news\/wp-content\/uploads\/2020\/02\/C2A6459-640x427.jpg 640w\" alt=\"Weihnachts Tischdeko\" width=\"800\" height=\"534\" \/><\/p>\n<h2>Was macht eine ausdrucksstarke Weihnachts Tischdeko aus?<\/h2>\n<p>Welche Tischdeko <strong>ausdrucksstark<\/strong> ist, wird im Auge des Betrachters liegen, aber wichtig ist es, dass man Farben und Accessoires miteinander kombiniert, die auch zueinander passen. Wer dies beachtet, befindet sich bereits auf einem guten Weg. Au\u00dferdem kann man durch die Deko-Abteilung beispielsweise im Baumarkt schlendern oder man sucht im Internet nach sch\u00f6nen <strong>Ideen und Anregungen<\/strong>. Dar\u00fcber hinaus kann man beim Onlineshop von Tafeldeko nach einer tollen Weihnachts Tischdeko schauen und man wird von den Mustertischen begeistert sein. Wenn da die Begeisterung zum Dekorieren nicht geweckt wird, sollte man die Tischdekoration lieber in andere H\u00e4nde \u00fcbergeben.<br \/>\nBei der weihnachtlichen <a title=\"Tischdekoration\" href=\"https:\/\/www.tafeldeko.de\/index.php\/cat\/c48_Tischdeko-Weihnachten.html\" target=\"_blank\" rel=\"noopener\"><strong>Tischdekoration<\/strong><\/a> beziehungsweise Dekoration im Haus darf man gerne Elemente, wie Weihnachtsm\u00e4nner, Schneem\u00e4nner oder auch Rentiere aufgreifen. Des Weiteren ist der \u201eRebenkranz, Kordelgeflecht\u201c sehr sch\u00f6n anzusehen, den man hervorragend in die Weihnachts Tischdeko miteinbinden kann. Peppt man den Kranz mit Deko-Artikeln auf, wie Kerzen, Christbaumkugeln oder <a title=\"Naturmaterialien\" href=\"https:\/\/www.tafeldeko.de\/index.php\/cat\/c1329_Naturdeko.html\" target=\"_blank\" rel=\"noopener\"><strong>Naturmaterialien<\/strong><\/a> auf, wird man am Ende ein tolles <strong>Deko-Highlight<\/strong> kreiert haben. Wer die Festtagstafel ins rechte Licht r\u00fccken m\u00f6chte, kann sich auf eine sch\u00f6ne Tischmitte konzentrieren. Vieles spielt sich in der Mitte des Tisches ab und wird ein Punkt sein, worauf man sein Augenmerk widmet. Auch ein sch\u00f6n geschm\u00fcckter Tannenbaum kann das Bild der Tischdekoration optisch aufwerten und sich als sch\u00f6nes Equipment bei der Dekoration herausstellen.<\/p>\n<p><a role=\"button\" href=\"https:\/\/www.tafeldeko.de\/tischdeko-ideen\/weihnachts-tischdeko\/\"><br \/>\n&gt;&gt; Zu den Mustertischen &lt;&lt;<br \/>\n<\/a><\/p>\n<h2>Weitere Beitr\u00e4ge:<\/h2>\n<h2>Dekoartikel von A-Z<\/h2>\n<p><a href=\"https:\/\/www.tafeldeko.de\/tischdeko-artikel\/\"><br \/>\nJetzt entdecken <\/a><\/p>\n","protected":false},"excerpt":{"rendered":"<p>Die Weihnachts Tischdeko ist jedes Jahr gefragt und nat\u00fcrlich m\u00f6chte man lieber zu neue Ideen greifen, als Ideen von vorherigen Jahren aufzugreifen. Dekorationen, die man bereits des \u00d6fteren gesehen hat, sind, sind langweilig und keinesfalls originell. Wie w\u00e4re es mit einer ausdrucksstarken Weihnachts Tischdeko? Genau dies m\u00f6chte man auf der Festtagstafel vorfinden, wenn man beispielsweise [&hellip;]<\/p>\n","protected":false},"author":6,"featured_media":11646,"comment_status":"closed","ping_status":"closed","sticky":false,"template":"","format":"standard","meta":{"footnotes":""},"categories":[1],"tags":[],"yoast_head":"<!-- This site is optimized with the Yoast SEO plugin v20.4 - https:\/\/yoast.com\/wordpress\/plugins\/seo\/ -->\n<title>Weihnachts Tischdeko - ausdrucksstark - Tafeldeko<\/title>\n<meta name=\"description\" content=\"Neue Ideen f\u00fcr die Weihnachts Tischdeko finden Sie hier. Tischdekorationen in ausdrucksstarken Farben und mit tollen Elementen.\" \/>\n<meta name=\"robots\" content=\"index, follow, max-snippet:-1, max-image-preview:large, max-video-preview:-1\" \/>\n<link rel=\"canonical\" href=\"https:\/\/www.tafeldeko.de\/news\/weihnachts-tischdeko-ausdrucksstark\/\" \/>\n<meta property=\"og:locale\" content=\"de_DE\" \/>\n<meta property=\"og:type\" content=\"article\" \/>\n<meta property=\"og:title\" content=\"Weihnachts Tischdeko - ausdrucksstark - Tafeldeko\" \/>\n<meta property=\"og:description\" content=\"Neue Ideen f\u00fcr die Weihnachts Tischdeko finden Sie hier. Tischdekorationen in ausdrucksstarken Farben und mit tollen Elementen.\" \/>\n<meta property=\"og:url\" content=\"https:\/\/www.tafeldeko.de\/news\/weihnachts-tischdeko-ausdrucksstark\/\" \/>\n<meta property=\"og:site_name\" content=\"Tafeldeko\" \/>\n<meta property=\"article:publisher\" content=\"https:\/\/www.facebook.com\/pages\/Tafeldeko-einzigartige-Tischdekoration\/174202655894\" \/>\n<meta property=\"article:published_time\" content=\"2014-12-12T11:40:50+00:00\" \/>\n<meta property=\"article:modified_time\" content=\"2023-02-15T09:53:18+00:00\" \/>\n<meta property=\"og:image\" content=\"https:\/\/www.tafeldeko.de\/news\/wp-content\/uploads\/2020\/02\/C2A6459-scaled.jpg\" \/>\n\t<meta property=\"og:image:width\" content=\"2560\" \/>\n\t<meta property=\"og:image:height\" content=\"1707\" \/>\n\t<meta property=\"og:image:type\" content=\"image\/jpeg\" \/>\n<meta name=\"author\" content=\"Tafeldeko Deko Team\" \/>\n<meta name=\"twitter:label1\" content=\"Verfasst von\" \/>\n\t<meta name=\"twitter:data1\" content=\"Tafeldeko Deko Team\" \/>\n\t<meta name=\"twitter:label2\" content=\"Gesch\u00e4tzte Lesezeit\" \/>\n\t<meta name=\"twitter:data2\" content=\"2 Minuten\" \/>\n<script type=\"application\/ld+json\" class=\"yoast-schema-graph\">{\"@context\":\"https:\/\/schema.org\",\"@graph\":[{\"@type\":\"WebPage\",\"@id\":\"https:\/\/www.tafeldeko.de\/news\/weihnachts-tischdeko-ausdrucksstark\/\",\"url\":\"https:\/\/www.tafeldeko.de\/news\/weihnachts-tischdeko-ausdrucksstark\/\",\"name\":\"Weihnachts Tischdeko - ausdrucksstark - Tafeldeko\",\"isPartOf\":{\"@id\":\"https:\/\/www.tafeldeko.de\/news\/#website\"},\"datePublished\":\"2014-12-12T11:40:50+00:00\",\"dateModified\":\"2023-02-15T09:53:18+00:00\",\"author\":{\"@id\":\"https:\/\/www.tafeldeko.de\/news\/#\/schema\/person\/dc309fbb6a3e380919fc08342c3cc233\"},\"description\":\"Neue Ideen f\u00fcr die Weihnachts Tischdeko finden Sie hier. Tischdekorationen in ausdrucksstarken Farben und mit tollen Elementen.\",\"breadcrumb\":{\"@id\":\"https:\/\/www.tafeldeko.de\/news\/weihnachts-tischdeko-ausdrucksstark\/#breadcrumb\"},\"inLanguage\":\"de-DE\",\"potentialAction\":[{\"@type\":\"ReadAction\",\"target\":[\"https:\/\/www.tafeldeko.de\/news\/weihnachts-tischdeko-ausdrucksstark\/\"]}]},{\"@type\":\"BreadcrumbList\",\"@id\":\"https:\/\/www.tafeldeko.de\/news\/weihnachts-tischdeko-ausdrucksstark\/#breadcrumb\",\"itemListElement\":[{\"@type\":\"ListItem\",\"position\":1,\"name\":\"Tafeldeko\",\"item\":\"https:\/\/www.tafeldeko.de\/news\/\"},{\"@type\":\"ListItem\",\"position\":2,\"name\":\"Alte Beitr\u00e4ge\",\"item\":\"https:\/\/www.tafeldeko.de\/news\/alte-beitraege\/\"},{\"@type\":\"ListItem\",\"position\":3,\"name\":\"Tischdeko - Blog\",\"item\":\"https:\/\/www.tafeldeko.de\/news\/alte-beitraege\/tischdeko-blog\/\"},{\"@type\":\"ListItem\",\"position\":4,\"name\":\"Weihnachts Tischdeko &#8211; ausdrucksstark\"}]},{\"@type\":\"WebSite\",\"@id\":\"https:\/\/www.tafeldeko.de\/news\/#website\",\"url\":\"https:\/\/www.tafeldeko.de\/news\/\",\"name\":\"Tafeldeko\",\"description\":\"Blog mit Tischdeko und Tischdekoration Ideen\",\"potentialAction\":[{\"@type\":\"SearchAction\",\"target\":{\"@type\":\"EntryPoint\",\"urlTemplate\":\"https:\/\/www.tafeldeko.de\/news\/?s={search_term_string}\"},\"query-input\":\"required name=search_term_string\"}],\"inLanguage\":\"de-DE\"},{\"@type\":\"Person\",\"@id\":\"https:\/\/www.tafeldeko.de\/news\/#\/schema\/person\/dc309fbb6a3e380919fc08342c3cc233\",\"name\":\"Tafeldeko Deko Team\",\"image\":{\"@type\":\"ImageObject\",\"inLanguage\":\"de-DE\",\"@id\":\"https:\/\/www.tafeldeko.de\/news\/#\/schema\/person\/image\/\",\"url\":\"https:\/\/secure.gravatar.com\/avatar\/1e962f4040dc9996f0d200db31598854?s=96&d=mm&r=g\",\"contentUrl\":\"https:\/\/secure.gravatar.com\/avatar\/1e962f4040dc9996f0d200db31598854?s=96&d=mm&r=g\",\"caption\":\"Tafeldeko Deko Team\"}}]}<\/script>\n<!-- \/ Yoast SEO plugin. -->","yoast_head_json":{"title":"Weihnachts Tischdeko - ausdrucksstark - Tafeldeko","description":"Neue Ideen f\u00fcr die Weihnachts Tischdeko finden Sie hier. Tischdekorationen in ausdrucksstarken Farben und mit tollen Elementen.","robots":{"index":"index","follow":"follow","max-snippet":"max-snippet:-1","max-image-preview":"max-image-preview:large","max-video-preview":"max-video-preview:-1"},"canonical":"https:\/\/www.tafeldeko.de\/news\/weihnachts-tischdeko-ausdrucksstark\/","og_locale":"de_DE","og_type":"article","og_title":"Weihnachts Tischdeko - ausdrucksstark - Tafeldeko","og_description":"Neue Ideen f\u00fcr die Weihnachts Tischdeko finden Sie hier. Tischdekorationen in ausdrucksstarken Farben und mit tollen Elementen.","og_url":"https:\/\/www.tafeldeko.de\/news\/weihnachts-tischdeko-ausdrucksstark\/","og_site_name":"Tafeldeko","article_publisher":"https:\/\/www.facebook.com\/pages\/Tafeldeko-einzigartige-Tischdekoration\/174202655894","article_published_time":"2014-12-12T11:40:50+00:00","article_modified_time":"2023-02-15T09:53:18+00:00","og_image":[{"width":2560,"height":1707,"url":"https:\/\/www.tafeldeko.de\/news\/wp-content\/uploads\/2020\/02\/C2A6459-scaled.jpg","type":"image\/jpeg"}],"author":"Tafeldeko Deko Team","twitter_misc":{"Verfasst von":"Tafeldeko Deko Team","Gesch\u00e4tzte Lesezeit":"2 Minuten"},"schema":{"@context":"https:\/\/schema.org","@graph":[{"@type":"WebPage","@id":"https:\/\/www.tafeldeko.de\/news\/weihnachts-tischdeko-ausdrucksstark\/","url":"https:\/\/www.tafeldeko.de\/news\/weihnachts-tischdeko-ausdrucksstark\/","name":"Weihnachts Tischdeko - ausdrucksstark - Tafeldeko","isPartOf":{"@id":"https:\/\/www.tafeldeko.de\/news\/#website"},"datePublished":"2014-12-12T11:40:50+00:00","dateModified":"2023-02-15T09:53:18+00:00","author":{"@id":"https:\/\/www.tafeldeko.de\/news\/#\/schema\/person\/dc309fbb6a3e380919fc08342c3cc233"},"description":"Neue Ideen f\u00fcr die Weihnachts Tischdeko finden Sie hier. Tischdekorationen in ausdrucksstarken Farben und mit tollen Elementen.","breadcrumb":{"@id":"https:\/\/www.tafeldeko.de\/news\/weihnachts-tischdeko-ausdrucksstark\/#breadcrumb"},"inLanguage":"de-DE","potentialAction":[{"@type":"ReadAction","target":["https:\/\/www.tafeldeko.de\/news\/weihnachts-tischdeko-ausdrucksstark\/"]}]},{"@type":"BreadcrumbList","@id":"https:\/\/www.tafeldeko.de\/news\/weihnachts-tischdeko-ausdrucksstark\/#breadcrumb","itemListElement":[{"@type":"ListItem","position":1,"name":"Tafeldeko","item":"https:\/\/www.tafeldeko.de\/news\/"},{"@type":"ListItem","position":2,"name":"Alte Beitr\u00e4ge","item":"https:\/\/www.tafeldeko.de\/news\/alte-beitraege\/"},{"@type":"ListItem","position":3,"name":"Tischdeko - Blog","item":"https:\/\/www.tafeldeko.de\/news\/alte-beitraege\/tischdeko-blog\/"},{"@type":"ListItem","position":4,"name":"Weihnachts Tischdeko &#8211; ausdrucksstark"}]},{"@type":"WebSite","@id":"https:\/\/www.tafeldeko.de\/news\/#website","url":"https:\/\/www.tafeldeko.de\/news\/","name":"Tafeldeko","description":"Blog mit Tischdeko und Tischdekoration Ideen","potentialAction":[{"@type":"SearchAction","target":{"@type":"EntryPoint","urlTemplate":"https:\/\/www.tafeldeko.de\/news\/?s={search_term_string}"},"query-input":"required name=search_term_string"}],"inLanguage":"de-DE"},{"@type":"Person","@id":"https:\/\/www.tafeldeko.de\/news\/#\/schema\/person\/dc309fbb6a3e380919fc08342c3cc233","name":"Tafeldeko Deko Team","image":{"@type":"ImageObject","inLanguage":"de-DE","@id":"https:\/\/www.tafeldeko.de\/news\/#\/schema\/person\/image\/","url":"https:\/\/secure.gravatar.com\/avatar\/1e962f4040dc9996f0d200db31598854?s=96&d=mm&r=g","contentUrl":"https:\/\/secure.gravatar.com\/avatar\/1e962f4040dc9996f0d200db31598854?s=96&d=mm&r=g","caption":"Tafeldeko Deko Team"}}]}},"_links":{"self":[{"href":"https:\/\/www.tafeldeko.de\/news\/wp-json\/wp\/v2\/posts\/5759"}],"collection":[{"href":"https:\/\/www.tafeldeko.de\/news\/wp-json\/wp\/v2\/posts"}],"about":[{"href":"https:\/\/www.tafeldeko.de\/news\/wp-json\/wp\/v2\/types\/post"}],"author":[{"embeddable":true,"href":"https:\/\/www.tafeldeko.de\/news\/wp-json\/wp\/v2\/users\/6"}],"replies":[{"embeddable":true,"href":"https:\/\/www.tafeldeko.de\/news\/wp-json\/wp\/v2\/comments?post=5759"}],"version-history":[{"count":8,"href":"https:\/\/www.tafeldeko.de\/news\/wp-json\/wp\/v2\/posts\/5759\/revisions"}],"predecessor-version":[{"id":23214,"href":"https:\/\/www.tafeldeko.de\/news\/wp-json\/wp\/v2\/posts\/5759\/revisions\/23214"}],"wp:featuredmedia":[{"embeddable":true,"href":"https:\/\/www.tafeldeko.de\/news\/wp-json\/wp\/v2\/media\/11646"}],"wp:attachment":[{"href":"https:\/\/www.tafeldeko.de\/news\/wp-json\/wp\/v2\/media?parent=5759"}],"wp:term":[{"taxonomy":"category","embeddable":true,"href":"https:\/\/www.tafeldeko.de\/news\/wp-json\/wp\/v2\/categories?post=5759"},{"taxonomy":"post_tag","embeddable":true,"href":"https:\/\/www.tafeldeko.de\/news\/wp-json\/wp\/v2\/tags?post=5759"}],"curies":[{"name":"wp","href":"https:\/\/api.w.org\/{rel}","templated":true}]}}