{"id":5698,"date":"2014-11-28T15:40:29","date_gmt":"2014-11-28T13:40:29","guid":{"rendered":"http:\/\/www.tafeldeko.de\/news\/?p=5698"},"modified":"2023-02-15T11:36:41","modified_gmt":"2023-02-15T10:36:41","slug":"tischdeko-zu-heiligabend","status":"publish","type":"post","link":"https:\/\/www.tafeldeko.de\/news\/tischdeko-zu-heiligabend\/","title":{"rendered":"Tischdeko zu Heiligabend"},"content":{"rendered":"<p>Mit einer wundersch\u00f6nen Tischdeko zu Heiligabend k\u00f6nnen Sie Ihre Lieben ganz besonders verw\u00f6hnen. Eine Tischdekoration sorgt f\u00fcr eine ansprechende Basis und verleiht der Feier einen sch\u00f6nen Rahmen. Gerade zu <a title=\"Weihnachten\" href=\"https:\/\/www.tafeldeko.de\/index.php\/cat\/c48_Tischdeko-Weihnachten.html\" target=\"_blank\" rel=\"noopener\"><strong>Weihnachten<\/strong><\/a>, am Fest der Liebe, m\u00f6chte man wundersch\u00f6ne und erholsame Tage verleben, gemeinsam mit der Familie das Weihnachtsfest feiern. Mit der Tischdeko k\u00f6nnen Sie f\u00fcr die gewisse Optik und das <strong>ansprechende Ambiente<\/strong> sorgen. Ideen, wie Sie Ihre Tischdeko zu Heiligabend arrangieren k\u00f6nnen, finden Sie bei uns auf Tafeldeko. Mustertische, weihnachtlich ausgestattet, k\u00f6nnen als Anregungen genutzt werden.<\/p>\n<p><img decoding=\"async\" loading=\"lazy\" src=\"https:\/\/www.tafeldeko.de\/news\/wp-content\/uploads\/2014\/11\/weihnachten_schwarz.jpg\" sizes=\"(max-width: 800px) 100vw, 800px\" srcset=\"https:\/\/www.tafeldeko.de\/news\/wp-content\/uploads\/2014\/11\/weihnachten_schwarz.jpg 817w, https:\/\/www.tafeldeko.de\/news\/wp-content\/uploads\/2014\/11\/weihnachten_schwarz-300x189.jpg 300w, https:\/\/www.tafeldeko.de\/news\/wp-content\/uploads\/2014\/11\/weihnachten_schwarz-624x393.jpg 624w\" alt=\"Tischdeko zu Heiligabend\" width=\"800\" height=\"504\" \/><\/p>\n<h2>Tischdeko zu Heiligabend &#8211; in schwarz mit Lila<\/h2>\n<p>Ein echter Hingucker ist die weihnachtliche Tischdeko in Schwarz mit Lila. Die einzelnen Accessoires sorgen f\u00fcr kleinere Kontraste und im Gesamtbild pr\u00e4sentiert sich eine stilvolle und feierliche Tischdekoration.<br \/>\nBasis bei der Tischdeko ist eine Duni Tischdeckenrolle in Schwarz, auf deren Mitte zwei <a title=\"Tischl\u00e4ufer\" href=\"https:\/\/www.tafeldeko.de\/index.php\/cat\/c2026_Tischl%C3%A4ufer.html\" target=\"_blank\" rel=\"noopener\"><strong>Tischl\u00e4ufer<\/strong><\/a> Karo in Grau arrangiert wird, jeweils mit Abstand dazwischen. F\u00fcr eine gewisse Nat\u00fcrlichkeit k\u00f6nnen gro\u00dfe und kleine Kiefernzapfen in Wei\u00df sorgen. Die ersten lilafarbenen Akzente bringen Stoffherzen zum Aufh\u00e4ngen in Lila, kariert, ein. Wer es gerne edel mag, der kann mit dem Kerzenst\u00e4nder dreiarmig verchromt oder den Kerzenst\u00e4ndern in Silber Hochglanz f\u00fcr Stab- und Stumpenkerzen ganz <strong>besondere Akzente<\/strong> setzen. Leuchterkerzen in Lila und Grau sorgen zum einen f\u00fcr den Kerzenschein und zum anderen f\u00fcr edle Kontraste.<br \/>\nEine <strong>tolle Erg\u00e4nzung<\/strong> f\u00fcr Ihre Tischdeko haben wir mit der Deko Kunstblume in Grau-Rosa f\u00fcr Sie. Diese Kunstblume sieht wundersch\u00f6n aus und ist eine echte Bereicherung f\u00fcr jegliche Art der Deko.<br \/>\nUnd bei den Servietten wiederholt sich das Farbenspiel in Lila und Schwarz. Kombinieren Sie beispielsweise schwarze Duni Servietten Dunilin mit den Servietten Modern Colors flieder. Oder greifen Sie zu den Servietten \u00dcberwinterung und arrangieren Sie diese mit den Servietten Modern Colors flieder.<br \/>\nGanz gleich, f\u00fcr welche Kombination Sie sich entscheiden, Ihre Tischdeko zu Heiligabend wird Ihren G\u00e4sten garantiert gefallen.<\/p>\n<p><a role=\"button\" href=\"https:\/\/www.tafeldeko.de\/tischdeko-ideen\/weihnachts-tischdeko\/\"><br \/>\n&gt;&gt; Zu den Mustertischen &lt;&lt;<br \/>\n<\/a><\/p>\n<h2>Weitere Beitr\u00e4ge:<\/h2>\n<h2>Dekoartikel von A-Z<\/h2>\n<p><a href=\"https:\/\/www.tafeldeko.de\/tischdeko-artikel\/\"><br \/>\nJetzt entdecken <\/a><\/p>\n","protected":false},"excerpt":{"rendered":"<p>Mit einer wundersch\u00f6nen Tischdeko zu Heiligabend k\u00f6nnen Sie Ihre Lieben ganz besonders verw\u00f6hnen. Eine Tischdekoration sorgt f\u00fcr eine ansprechende Basis und verleiht der Feier einen sch\u00f6nen Rahmen. Gerade zu Weihnachten, am Fest der Liebe, m\u00f6chte man wundersch\u00f6ne und erholsame Tage verleben, gemeinsam mit der Familie das Weihnachtsfest feiern. Mit der Tischdeko k\u00f6nnen Sie f\u00fcr die [&hellip;]<\/p>\n","protected":false},"author":6,"featured_media":5699,"comment_status":"closed","ping_status":"closed","sticky":false,"template":"","format":"standard","meta":{"footnotes":""},"categories":[1],"tags":[],"yoast_head":"<!-- This site is optimized with the Yoast SEO plugin v20.4 - https:\/\/yoast.com\/wordpress\/plugins\/seo\/ -->\n<title>Tischdeko zu Heiligabend - Tafeldeko<\/title>\n<meta name=\"description\" content=\"Pr\u00e4sentieren Sie Ihren G\u00e4sten eine ausdrucksstarke Tischdeko zu Heiligabend. Ideen und Accessoires finden Sie hier bei uns.\" \/>\n<meta name=\"robots\" content=\"index, follow, max-snippet:-1, max-image-preview:large, max-video-preview:-1\" \/>\n<link rel=\"canonical\" href=\"https:\/\/www.tafeldeko.de\/news\/tischdeko-zu-heiligabend\/\" \/>\n<meta property=\"og:locale\" content=\"de_DE\" \/>\n<meta property=\"og:type\" content=\"article\" \/>\n<meta property=\"og:title\" content=\"Tischdeko zu Heiligabend - Tafeldeko\" \/>\n<meta property=\"og:description\" content=\"Pr\u00e4sentieren Sie Ihren G\u00e4sten eine ausdrucksstarke Tischdeko zu Heiligabend. Ideen und Accessoires finden Sie hier bei uns.\" \/>\n<meta property=\"og:url\" content=\"https:\/\/www.tafeldeko.de\/news\/tischdeko-zu-heiligabend\/\" \/>\n<meta property=\"og:site_name\" content=\"Tafeldeko\" \/>\n<meta property=\"article:publisher\" content=\"https:\/\/www.facebook.com\/pages\/Tafeldeko-einzigartige-Tischdekoration\/174202655894\" \/>\n<meta property=\"article:published_time\" content=\"2014-11-28T13:40:29+00:00\" \/>\n<meta property=\"article:modified_time\" content=\"2023-02-15T10:36:41+00:00\" \/>\n<meta property=\"og:image\" content=\"https:\/\/www.tafeldeko.de\/news\/wp-content\/uploads\/2014\/11\/weihnachten_schwarz.jpg\" \/>\n\t<meta property=\"og:image:width\" content=\"817\" \/>\n\t<meta property=\"og:image:height\" content=\"515\" \/>\n\t<meta property=\"og:image:type\" content=\"image\/jpeg\" \/>\n<meta name=\"author\" content=\"Tafeldeko Deko Team\" \/>\n<meta name=\"twitter:label1\" content=\"Verfasst von\" \/>\n\t<meta name=\"twitter:data1\" content=\"Tafeldeko Deko Team\" \/>\n\t<meta name=\"twitter:label2\" content=\"Gesch\u00e4tzte Lesezeit\" \/>\n\t<meta name=\"twitter:data2\" content=\"2 Minuten\" \/>\n<script type=\"application\/ld+json\" class=\"yoast-schema-graph\">{\"@context\":\"https:\/\/schema.org\",\"@graph\":[{\"@type\":\"WebPage\",\"@id\":\"https:\/\/www.tafeldeko.de\/news\/tischdeko-zu-heiligabend\/\",\"url\":\"https:\/\/www.tafeldeko.de\/news\/tischdeko-zu-heiligabend\/\",\"name\":\"Tischdeko zu Heiligabend - Tafeldeko\",\"isPartOf\":{\"@id\":\"https:\/\/www.tafeldeko.de\/news\/#website\"},\"datePublished\":\"2014-11-28T13:40:29+00:00\",\"dateModified\":\"2023-02-15T10:36:41+00:00\",\"author\":{\"@id\":\"https:\/\/www.tafeldeko.de\/news\/#\/schema\/person\/dc309fbb6a3e380919fc08342c3cc233\"},\"description\":\"Pr\u00e4sentieren Sie Ihren G\u00e4sten eine ausdrucksstarke Tischdeko zu Heiligabend. Ideen und Accessoires finden Sie hier bei uns.\",\"breadcrumb\":{\"@id\":\"https:\/\/www.tafeldeko.de\/news\/tischdeko-zu-heiligabend\/#breadcrumb\"},\"inLanguage\":\"de-DE\",\"potentialAction\":[{\"@type\":\"ReadAction\",\"target\":[\"https:\/\/www.tafeldeko.de\/news\/tischdeko-zu-heiligabend\/\"]}]},{\"@type\":\"BreadcrumbList\",\"@id\":\"https:\/\/www.tafeldeko.de\/news\/tischdeko-zu-heiligabend\/#breadcrumb\",\"itemListElement\":[{\"@type\":\"ListItem\",\"position\":1,\"name\":\"Tafeldeko\",\"item\":\"https:\/\/www.tafeldeko.de\/news\/\"},{\"@type\":\"ListItem\",\"position\":2,\"name\":\"Alte Beitr\u00e4ge\",\"item\":\"https:\/\/www.tafeldeko.de\/news\/alte-beitraege\/\"},{\"@type\":\"ListItem\",\"position\":3,\"name\":\"Tischdeko - Blog\",\"item\":\"https:\/\/www.tafeldeko.de\/news\/alte-beitraege\/tischdeko-blog\/\"},{\"@type\":\"ListItem\",\"position\":4,\"name\":\"Tischdeko zu Heiligabend\"}]},{\"@type\":\"WebSite\",\"@id\":\"https:\/\/www.tafeldeko.de\/news\/#website\",\"url\":\"https:\/\/www.tafeldeko.de\/news\/\",\"name\":\"Tafeldeko\",\"description\":\"Blog mit Tischdeko und Tischdekoration Ideen\",\"potentialAction\":[{\"@type\":\"SearchAction\",\"target\":{\"@type\":\"EntryPoint\",\"urlTemplate\":\"https:\/\/www.tafeldeko.de\/news\/?s={search_term_string}\"},\"query-input\":\"required name=search_term_string\"}],\"inLanguage\":\"de-DE\"},{\"@type\":\"Person\",\"@id\":\"https:\/\/www.tafeldeko.de\/news\/#\/schema\/person\/dc309fbb6a3e380919fc08342c3cc233\",\"name\":\"Tafeldeko Deko Team\",\"image\":{\"@type\":\"ImageObject\",\"inLanguage\":\"de-DE\",\"@id\":\"https:\/\/www.tafeldeko.de\/news\/#\/schema\/person\/image\/\",\"url\":\"https:\/\/secure.gravatar.com\/avatar\/1e962f4040dc9996f0d200db31598854?s=96&d=mm&r=g\",\"contentUrl\":\"https:\/\/secure.gravatar.com\/avatar\/1e962f4040dc9996f0d200db31598854?s=96&d=mm&r=g\",\"caption\":\"Tafeldeko Deko Team\"}}]}<\/script>\n<!-- \/ Yoast SEO plugin. -->","yoast_head_json":{"title":"Tischdeko zu Heiligabend - Tafeldeko","description":"Pr\u00e4sentieren Sie Ihren G\u00e4sten eine ausdrucksstarke Tischdeko zu Heiligabend. Ideen und Accessoires finden Sie hier bei uns.","robots":{"index":"index","follow":"follow","max-snippet":"max-snippet:-1","max-image-preview":"max-image-preview:large","max-video-preview":"max-video-preview:-1"},"canonical":"https:\/\/www.tafeldeko.de\/news\/tischdeko-zu-heiligabend\/","og_locale":"de_DE","og_type":"article","og_title":"Tischdeko zu Heiligabend - Tafeldeko","og_description":"Pr\u00e4sentieren Sie Ihren G\u00e4sten eine ausdrucksstarke Tischdeko zu Heiligabend. Ideen und Accessoires finden Sie hier bei uns.","og_url":"https:\/\/www.tafeldeko.de\/news\/tischdeko-zu-heiligabend\/","og_site_name":"Tafeldeko","article_publisher":"https:\/\/www.facebook.com\/pages\/Tafeldeko-einzigartige-Tischdekoration\/174202655894","article_published_time":"2014-11-28T13:40:29+00:00","article_modified_time":"2023-02-15T10:36:41+00:00","og_image":[{"width":817,"height":515,"url":"https:\/\/www.tafeldeko.de\/news\/wp-content\/uploads\/2014\/11\/weihnachten_schwarz.jpg","type":"image\/jpeg"}],"author":"Tafeldeko Deko Team","twitter_misc":{"Verfasst von":"Tafeldeko Deko Team","Gesch\u00e4tzte Lesezeit":"2 Minuten"},"schema":{"@context":"https:\/\/schema.org","@graph":[{"@type":"WebPage","@id":"https:\/\/www.tafeldeko.de\/news\/tischdeko-zu-heiligabend\/","url":"https:\/\/www.tafeldeko.de\/news\/tischdeko-zu-heiligabend\/","name":"Tischdeko zu Heiligabend - Tafeldeko","isPartOf":{"@id":"https:\/\/www.tafeldeko.de\/news\/#website"},"datePublished":"2014-11-28T13:40:29+00:00","dateModified":"2023-02-15T10:36:41+00:00","author":{"@id":"https:\/\/www.tafeldeko.de\/news\/#\/schema\/person\/dc309fbb6a3e380919fc08342c3cc233"},"description":"Pr\u00e4sentieren Sie Ihren G\u00e4sten eine ausdrucksstarke Tischdeko zu Heiligabend. Ideen und Accessoires finden Sie hier bei uns.","breadcrumb":{"@id":"https:\/\/www.tafeldeko.de\/news\/tischdeko-zu-heiligabend\/#breadcrumb"},"inLanguage":"de-DE","potentialAction":[{"@type":"ReadAction","target":["https:\/\/www.tafeldeko.de\/news\/tischdeko-zu-heiligabend\/"]}]},{"@type":"BreadcrumbList","@id":"https:\/\/www.tafeldeko.de\/news\/tischdeko-zu-heiligabend\/#breadcrumb","itemListElement":[{"@type":"ListItem","position":1,"name":"Tafeldeko","item":"https:\/\/www.tafeldeko.de\/news\/"},{"@type":"ListItem","position":2,"name":"Alte Beitr\u00e4ge","item":"https:\/\/www.tafeldeko.de\/news\/alte-beitraege\/"},{"@type":"ListItem","position":3,"name":"Tischdeko - Blog","item":"https:\/\/www.tafeldeko.de\/news\/alte-beitraege\/tischdeko-blog\/"},{"@type":"ListItem","position":4,"name":"Tischdeko zu Heiligabend"}]},{"@type":"WebSite","@id":"https:\/\/www.tafeldeko.de\/news\/#website","url":"https:\/\/www.tafeldeko.de\/news\/","name":"Tafeldeko","description":"Blog mit Tischdeko und Tischdekoration Ideen","potentialAction":[{"@type":"SearchAction","target":{"@type":"EntryPoint","urlTemplate":"https:\/\/www.tafeldeko.de\/news\/?s={search_term_string}"},"query-input":"required name=search_term_string"}],"inLanguage":"de-DE"},{"@type":"Person","@id":"https:\/\/www.tafeldeko.de\/news\/#\/schema\/person\/dc309fbb6a3e380919fc08342c3cc233","name":"Tafeldeko Deko Team","image":{"@type":"ImageObject","inLanguage":"de-DE","@id":"https:\/\/www.tafeldeko.de\/news\/#\/schema\/person\/image\/","url":"https:\/\/secure.gravatar.com\/avatar\/1e962f4040dc9996f0d200db31598854?s=96&d=mm&r=g","contentUrl":"https:\/\/secure.gravatar.com\/avatar\/1e962f4040dc9996f0d200db31598854?s=96&d=mm&r=g","caption":"Tafeldeko Deko Team"}}]}},"_links":{"self":[{"href":"https:\/\/www.tafeldeko.de\/news\/wp-json\/wp\/v2\/posts\/5698"}],"collection":[{"href":"https:\/\/www.tafeldeko.de\/news\/wp-json\/wp\/v2\/posts"}],"about":[{"href":"https:\/\/www.tafeldeko.de\/news\/wp-json\/wp\/v2\/types\/post"}],"author":[{"embeddable":true,"href":"https:\/\/www.tafeldeko.de\/news\/wp-json\/wp\/v2\/users\/6"}],"replies":[{"embeddable":true,"href":"https:\/\/www.tafeldeko.de\/news\/wp-json\/wp\/v2\/comments?post=5698"}],"version-history":[{"count":12,"href":"https:\/\/www.tafeldeko.de\/news\/wp-json\/wp\/v2\/posts\/5698\/revisions"}],"predecessor-version":[{"id":23271,"href":"https:\/\/www.tafeldeko.de\/news\/wp-json\/wp\/v2\/posts\/5698\/revisions\/23271"}],"wp:featuredmedia":[{"embeddable":true,"href":"https:\/\/www.tafeldeko.de\/news\/wp-json\/wp\/v2\/media\/5699"}],"wp:attachment":[{"href":"https:\/\/www.tafeldeko.de\/news\/wp-json\/wp\/v2\/media?parent=5698"}],"wp:term":[{"taxonomy":"category","embeddable":true,"href":"https:\/\/www.tafeldeko.de\/news\/wp-json\/wp\/v2\/categories?post=5698"},{"taxonomy":"post_tag","embeddable":true,"href":"https:\/\/www.tafeldeko.de\/news\/wp-json\/wp\/v2\/tags?post=5698"}],"curies":[{"name":"wp","href":"https:\/\/api.w.org\/{rel}","templated":true}]}}