{"id":5692,"date":"2014-11-27T17:21:47","date_gmt":"2014-11-27T15:21:47","guid":{"rendered":"http:\/\/www.tafeldeko.de\/news\/?p=5692"},"modified":"2023-02-15T11:41:03","modified_gmt":"2023-02-15T10:41:03","slug":"deko-im-dezember-schoen-und-stilvoll","status":"publish","type":"post","link":"https:\/\/www.tafeldeko.de\/news\/deko-im-dezember-schoen-und-stilvoll\/","title":{"rendered":"Deko im Dezember &#8211; sch\u00f6n und stilvoll"},"content":{"rendered":"<p>Im Monat <strong>Dezember<\/strong> dreht sich alles um Weihnachten und hierf\u00fcr wird h\u00e4ufig eine sch\u00f6ne Deko gesucht. Die Deko im Dezember soll Vorfreude auf die bevorstehenden Weihnachtstage vermitteln und f\u00fcr Gem\u00fctlichkeit Zuhause sorgen. Man wird sich auf seine eigenen vier W\u00e4nde freuen, wenn man nach einem anstrengenden Tag nach Hause kommt oder wenn es drau\u00dfen ungem\u00fctlich und kalt ist- da freut man sich umso mehr auf ein liebevoll eingerichtetes und gestaltetes Zuhause.<\/p>\n<p><img decoding=\"async\" loading=\"lazy\" src=\"https:\/\/www.tafeldeko.de\/news\/wp-content\/uploads\/2014\/11\/dekowinterzeit.jpg\" alt=\"Deko im Dezember\" width=\"250\" height=\"170\" \/><\/p>\n<h2>Deko im Dezember &#8211; punkten Sie mit einem toll dekorierten Zuhause<\/h2>\n<p>Wer vorweihnachtliche Stimmung aufkommen lassen m\u00f6chte, wird mit der Deko im Dezember bereits den ersten Schritt in die gew\u00fcnschte Richtung wagen. Welche Deko-Artikel ihren Platz finden und gekonnt in Szene gesetzt werden, h\u00e4ngt vom \u201eDekorateur\u201c ab. Jeder hat seinen eigenen Geschmack und eine Vorstellung dessen, wie die Deko letztlich auszusehen hat. Ob man dekorative <a title=\"Accessoires \" href=\"https:\/\/www.tafeldeko.de\/index.php\/cat\/c487_Accessoires.html\" target=\"_blank\" rel=\"noopener\"><strong>Accessoires<\/strong><\/a> in einer bestimmten Farbe oder Farbkombination, mit oder ohne Glitzer, schlicht, pomp\u00f6s oder auch aus der Natur, wie Tannenzweige oder getrockneten Orangenscheiben aussucht &#8211; das ist das Sch\u00f6ne am Dekorieren, alles ist m\u00f6glich und es gibt kein richtig oder falsch. Man kann eben alles benutzen, was einem gef\u00e4llt und zur Deko im Dezember passt.<br \/>\nDar\u00fcber hinaus kann man zum Beispiel auch sch\u00f6ne Tischware ausw\u00e4hlen oder man drapiert einen sch\u00f6nen Adventskranz auf dem Tisch. Das l\u00e4sst <strong>Weihnachtsstimmung<\/strong> aufkommen und man kommt seinem Ziel immer n\u00e4her. Backt man dann noch ein paar Pl\u00e4tzchen, ist die Stimmung perfekt. Verteilt sich der Duft der Pl\u00e4tzchen erstmals in der Wohnung, ist die Vorfreude auf Weihnachten garantiert. Wer m\u00f6chte kann zu seiner kreierten Deko im Dezember noch Weihnachtslieder oder Entspannungslieder h\u00f6ren und das perfekte Zuhause ist geschaffen. Am besten beginnt man fr\u00fchzeitig mit den \u00dcberlegungen f\u00fcr die <a title=\"Dekoration\" href=\"https:\/\/www.tafeldeko.de\/index.php\/cat\/c48_Tischdeko-Weihnachten.html\" target=\"_blank\" rel=\"noopener\"><strong>Dekoration<\/strong><\/a> und man wird \u00fcberrascht sein, wie schnell man auf eine tolle Idee kommt. Sollte jedoch die gew\u00fcnschte Idee ausbleiben, gibt es zum Gl\u00fcck noch das Internet und da wird jeder f\u00fcndig werden.<\/p>\n<p><a role=\"button\" href=\"https:\/\/www.tafeldeko.de\/tischdeko-ideen\/weihnachts-tischdeko\/\"><br \/>\n&gt;&gt; Zu den Mustertischen &lt;&lt;<br \/>\n<\/a><\/p>\n<h2>Weitere Beitr\u00e4ge:<\/h2>\n<h2>Dekoartikel von A-Z<\/h2>\n<p><a href=\"https:\/\/www.tafeldeko.de\/tischdeko-artikel\/\"><br \/>\nJetzt entdecken <\/a><\/p>\n","protected":false},"excerpt":{"rendered":"<p>Im Monat Dezember dreht sich alles um Weihnachten und hierf\u00fcr wird h\u00e4ufig eine sch\u00f6ne Deko gesucht. Die Deko im Dezember soll Vorfreude auf die bevorstehenden Weihnachtstage vermitteln und f\u00fcr Gem\u00fctlichkeit Zuhause sorgen. Man wird sich auf seine eigenen vier W\u00e4nde freuen, wenn man nach einem anstrengenden Tag nach Hause kommt oder wenn es drau\u00dfen ungem\u00fctlich [&hellip;]<\/p>\n","protected":false},"author":6,"featured_media":5604,"comment_status":"closed","ping_status":"closed","sticky":false,"template":"","format":"standard","meta":{"footnotes":""},"categories":[1],"tags":[],"yoast_head":"<!-- This site is optimized with the Yoast SEO plugin v20.4 - https:\/\/yoast.com\/wordpress\/plugins\/seo\/ -->\n<title>Deko im Dezember - sch\u00f6n und stilvoll - Tafeldeko<\/title>\n<meta name=\"description\" content=\"Mit der Deko im Dezember k\u00f6nnen Sie eine vorweihnachtliche Atmosph\u00e4re in Ihre R\u00e4ume einbringen. Passende Accessoires gibt es hier bei uns.\" \/>\n<meta name=\"robots\" content=\"index, follow, max-snippet:-1, max-image-preview:large, max-video-preview:-1\" \/>\n<link rel=\"canonical\" href=\"https:\/\/www.tafeldeko.de\/news\/deko-im-dezember-schoen-und-stilvoll\/\" \/>\n<meta property=\"og:locale\" content=\"de_DE\" \/>\n<meta property=\"og:type\" content=\"article\" \/>\n<meta property=\"og:title\" content=\"Deko im Dezember - sch\u00f6n und stilvoll - Tafeldeko\" \/>\n<meta property=\"og:description\" content=\"Mit der Deko im Dezember k\u00f6nnen Sie eine vorweihnachtliche Atmosph\u00e4re in Ihre R\u00e4ume einbringen. Passende Accessoires gibt es hier bei uns.\" \/>\n<meta property=\"og:url\" content=\"https:\/\/www.tafeldeko.de\/news\/deko-im-dezember-schoen-und-stilvoll\/\" \/>\n<meta property=\"og:site_name\" content=\"Tafeldeko\" \/>\n<meta property=\"article:publisher\" content=\"https:\/\/www.facebook.com\/pages\/Tafeldeko-einzigartige-Tischdekoration\/174202655894\" \/>\n<meta property=\"article:published_time\" content=\"2014-11-27T15:21:47+00:00\" \/>\n<meta property=\"article:modified_time\" content=\"2023-02-15T10:41:03+00:00\" \/>\n<meta property=\"og:image\" content=\"https:\/\/www.tafeldeko.de\/news\/wp-content\/uploads\/2014\/11\/dekowinterzeit.jpg\" \/>\n\t<meta property=\"og:image:width\" content=\"250\" \/>\n\t<meta property=\"og:image:height\" content=\"170\" \/>\n\t<meta property=\"og:image:type\" content=\"image\/jpeg\" \/>\n<meta name=\"author\" content=\"Tafeldeko Deko Team\" \/>\n<meta name=\"twitter:label1\" content=\"Verfasst von\" \/>\n\t<meta name=\"twitter:data1\" content=\"Tafeldeko Deko Team\" \/>\n\t<meta name=\"twitter:label2\" content=\"Gesch\u00e4tzte Lesezeit\" \/>\n\t<meta name=\"twitter:data2\" content=\"2 Minuten\" \/>\n<script type=\"application\/ld+json\" class=\"yoast-schema-graph\">{\"@context\":\"https:\/\/schema.org\",\"@graph\":[{\"@type\":\"WebPage\",\"@id\":\"https:\/\/www.tafeldeko.de\/news\/deko-im-dezember-schoen-und-stilvoll\/\",\"url\":\"https:\/\/www.tafeldeko.de\/news\/deko-im-dezember-schoen-und-stilvoll\/\",\"name\":\"Deko im Dezember - sch\u00f6n und stilvoll - Tafeldeko\",\"isPartOf\":{\"@id\":\"https:\/\/www.tafeldeko.de\/news\/#website\"},\"datePublished\":\"2014-11-27T15:21:47+00:00\",\"dateModified\":\"2023-02-15T10:41:03+00:00\",\"author\":{\"@id\":\"https:\/\/www.tafeldeko.de\/news\/#\/schema\/person\/dc309fbb6a3e380919fc08342c3cc233\"},\"description\":\"Mit der Deko im Dezember k\u00f6nnen Sie eine vorweihnachtliche Atmosph\u00e4re in Ihre R\u00e4ume einbringen. Passende Accessoires gibt es hier bei uns.\",\"breadcrumb\":{\"@id\":\"https:\/\/www.tafeldeko.de\/news\/deko-im-dezember-schoen-und-stilvoll\/#breadcrumb\"},\"inLanguage\":\"de-DE\",\"potentialAction\":[{\"@type\":\"ReadAction\",\"target\":[\"https:\/\/www.tafeldeko.de\/news\/deko-im-dezember-schoen-und-stilvoll\/\"]}]},{\"@type\":\"BreadcrumbList\",\"@id\":\"https:\/\/www.tafeldeko.de\/news\/deko-im-dezember-schoen-und-stilvoll\/#breadcrumb\",\"itemListElement\":[{\"@type\":\"ListItem\",\"position\":1,\"name\":\"Tafeldeko\",\"item\":\"https:\/\/www.tafeldeko.de\/news\/\"},{\"@type\":\"ListItem\",\"position\":2,\"name\":\"Alte Beitr\u00e4ge\",\"item\":\"https:\/\/www.tafeldeko.de\/news\/alte-beitraege\/\"},{\"@type\":\"ListItem\",\"position\":3,\"name\":\"Tischdeko - Blog\",\"item\":\"https:\/\/www.tafeldeko.de\/news\/alte-beitraege\/tischdeko-blog\/\"},{\"@type\":\"ListItem\",\"position\":4,\"name\":\"Deko im Dezember &#8211; sch\u00f6n und stilvoll\"}]},{\"@type\":\"WebSite\",\"@id\":\"https:\/\/www.tafeldeko.de\/news\/#website\",\"url\":\"https:\/\/www.tafeldeko.de\/news\/\",\"name\":\"Tafeldeko\",\"description\":\"Blog mit Tischdeko und Tischdekoration Ideen\",\"potentialAction\":[{\"@type\":\"SearchAction\",\"target\":{\"@type\":\"EntryPoint\",\"urlTemplate\":\"https:\/\/www.tafeldeko.de\/news\/?s={search_term_string}\"},\"query-input\":\"required name=search_term_string\"}],\"inLanguage\":\"de-DE\"},{\"@type\":\"Person\",\"@id\":\"https:\/\/www.tafeldeko.de\/news\/#\/schema\/person\/dc309fbb6a3e380919fc08342c3cc233\",\"name\":\"Tafeldeko Deko Team\",\"image\":{\"@type\":\"ImageObject\",\"inLanguage\":\"de-DE\",\"@id\":\"https:\/\/www.tafeldeko.de\/news\/#\/schema\/person\/image\/\",\"url\":\"https:\/\/secure.gravatar.com\/avatar\/1e962f4040dc9996f0d200db31598854?s=96&d=mm&r=g\",\"contentUrl\":\"https:\/\/secure.gravatar.com\/avatar\/1e962f4040dc9996f0d200db31598854?s=96&d=mm&r=g\",\"caption\":\"Tafeldeko Deko Team\"}}]}<\/script>\n<!-- \/ Yoast SEO plugin. -->","yoast_head_json":{"title":"Deko im Dezember - sch\u00f6n und stilvoll - Tafeldeko","description":"Mit der Deko im Dezember k\u00f6nnen Sie eine vorweihnachtliche Atmosph\u00e4re in Ihre R\u00e4ume einbringen. Passende Accessoires gibt es hier bei uns.","robots":{"index":"index","follow":"follow","max-snippet":"max-snippet:-1","max-image-preview":"max-image-preview:large","max-video-preview":"max-video-preview:-1"},"canonical":"https:\/\/www.tafeldeko.de\/news\/deko-im-dezember-schoen-und-stilvoll\/","og_locale":"de_DE","og_type":"article","og_title":"Deko im Dezember - sch\u00f6n und stilvoll - Tafeldeko","og_description":"Mit der Deko im Dezember k\u00f6nnen Sie eine vorweihnachtliche Atmosph\u00e4re in Ihre R\u00e4ume einbringen. Passende Accessoires gibt es hier bei uns.","og_url":"https:\/\/www.tafeldeko.de\/news\/deko-im-dezember-schoen-und-stilvoll\/","og_site_name":"Tafeldeko","article_publisher":"https:\/\/www.facebook.com\/pages\/Tafeldeko-einzigartige-Tischdekoration\/174202655894","article_published_time":"2014-11-27T15:21:47+00:00","article_modified_time":"2023-02-15T10:41:03+00:00","og_image":[{"width":250,"height":170,"url":"https:\/\/www.tafeldeko.de\/news\/wp-content\/uploads\/2014\/11\/dekowinterzeit.jpg","type":"image\/jpeg"}],"author":"Tafeldeko Deko Team","twitter_misc":{"Verfasst von":"Tafeldeko Deko Team","Gesch\u00e4tzte Lesezeit":"2 Minuten"},"schema":{"@context":"https:\/\/schema.org","@graph":[{"@type":"WebPage","@id":"https:\/\/www.tafeldeko.de\/news\/deko-im-dezember-schoen-und-stilvoll\/","url":"https:\/\/www.tafeldeko.de\/news\/deko-im-dezember-schoen-und-stilvoll\/","name":"Deko im Dezember - sch\u00f6n und stilvoll - Tafeldeko","isPartOf":{"@id":"https:\/\/www.tafeldeko.de\/news\/#website"},"datePublished":"2014-11-27T15:21:47+00:00","dateModified":"2023-02-15T10:41:03+00:00","author":{"@id":"https:\/\/www.tafeldeko.de\/news\/#\/schema\/person\/dc309fbb6a3e380919fc08342c3cc233"},"description":"Mit der Deko im Dezember k\u00f6nnen Sie eine vorweihnachtliche Atmosph\u00e4re in Ihre R\u00e4ume einbringen. Passende Accessoires gibt es hier bei uns.","breadcrumb":{"@id":"https:\/\/www.tafeldeko.de\/news\/deko-im-dezember-schoen-und-stilvoll\/#breadcrumb"},"inLanguage":"de-DE","potentialAction":[{"@type":"ReadAction","target":["https:\/\/www.tafeldeko.de\/news\/deko-im-dezember-schoen-und-stilvoll\/"]}]},{"@type":"BreadcrumbList","@id":"https:\/\/www.tafeldeko.de\/news\/deko-im-dezember-schoen-und-stilvoll\/#breadcrumb","itemListElement":[{"@type":"ListItem","position":1,"name":"Tafeldeko","item":"https:\/\/www.tafeldeko.de\/news\/"},{"@type":"ListItem","position":2,"name":"Alte Beitr\u00e4ge","item":"https:\/\/www.tafeldeko.de\/news\/alte-beitraege\/"},{"@type":"ListItem","position":3,"name":"Tischdeko - Blog","item":"https:\/\/www.tafeldeko.de\/news\/alte-beitraege\/tischdeko-blog\/"},{"@type":"ListItem","position":4,"name":"Deko im Dezember &#8211; sch\u00f6n und stilvoll"}]},{"@type":"WebSite","@id":"https:\/\/www.tafeldeko.de\/news\/#website","url":"https:\/\/www.tafeldeko.de\/news\/","name":"Tafeldeko","description":"Blog mit Tischdeko und Tischdekoration Ideen","potentialAction":[{"@type":"SearchAction","target":{"@type":"EntryPoint","urlTemplate":"https:\/\/www.tafeldeko.de\/news\/?s={search_term_string}"},"query-input":"required name=search_term_string"}],"inLanguage":"de-DE"},{"@type":"Person","@id":"https:\/\/www.tafeldeko.de\/news\/#\/schema\/person\/dc309fbb6a3e380919fc08342c3cc233","name":"Tafeldeko Deko Team","image":{"@type":"ImageObject","inLanguage":"de-DE","@id":"https:\/\/www.tafeldeko.de\/news\/#\/schema\/person\/image\/","url":"https:\/\/secure.gravatar.com\/avatar\/1e962f4040dc9996f0d200db31598854?s=96&d=mm&r=g","contentUrl":"https:\/\/secure.gravatar.com\/avatar\/1e962f4040dc9996f0d200db31598854?s=96&d=mm&r=g","caption":"Tafeldeko Deko Team"}}]}},"_links":{"self":[{"href":"https:\/\/www.tafeldeko.de\/news\/wp-json\/wp\/v2\/posts\/5692"}],"collection":[{"href":"https:\/\/www.tafeldeko.de\/news\/wp-json\/wp\/v2\/posts"}],"about":[{"href":"https:\/\/www.tafeldeko.de\/news\/wp-json\/wp\/v2\/types\/post"}],"author":[{"embeddable":true,"href":"https:\/\/www.tafeldeko.de\/news\/wp-json\/wp\/v2\/users\/6"}],"replies":[{"embeddable":true,"href":"https:\/\/www.tafeldeko.de\/news\/wp-json\/wp\/v2\/comments?post=5692"}],"version-history":[{"count":13,"href":"https:\/\/www.tafeldeko.de\/news\/wp-json\/wp\/v2\/posts\/5692\/revisions"}],"predecessor-version":[{"id":23282,"href":"https:\/\/www.tafeldeko.de\/news\/wp-json\/wp\/v2\/posts\/5692\/revisions\/23282"}],"wp:featuredmedia":[{"embeddable":true,"href":"https:\/\/www.tafeldeko.de\/news\/wp-json\/wp\/v2\/media\/5604"}],"wp:attachment":[{"href":"https:\/\/www.tafeldeko.de\/news\/wp-json\/wp\/v2\/media?parent=5692"}],"wp:term":[{"taxonomy":"category","embeddable":true,"href":"https:\/\/www.tafeldeko.de\/news\/wp-json\/wp\/v2\/categories?post=5692"},{"taxonomy":"post_tag","embeddable":true,"href":"https:\/\/www.tafeldeko.de\/news\/wp-json\/wp\/v2\/tags?post=5692"}],"curies":[{"name":"wp","href":"https:\/\/api.w.org\/{rel}","templated":true}]}}