{"id":5679,"date":"2014-11-22T13:48:21","date_gmt":"2014-11-22T11:48:21","guid":{"rendered":"http:\/\/www.tafeldeko.de\/news\/?p=5679"},"modified":"2023-02-15T12:04:10","modified_gmt":"2023-02-15T11:04:10","slug":"tischdeko-schwarz-weiss-zu-silvester","status":"publish","type":"post","link":"https:\/\/www.tafeldeko.de\/news\/tischdeko-schwarz-weiss-zu-silvester\/","title":{"rendered":"Tischdeko schwarz-wei\u00df zu Silvester"},"content":{"rendered":"<p>Die Basis eines sch\u00f6nen Festes ist die Tischdeko, beispielsweise die\u00a0 Tischdeko schwarz-wei\u00df &#8211; zu Silvester. Sp\u00e4testens wenn wir die Adventssonntage feiern, wird uns bewusst, das sich das Jahr dem Ende n\u00e4hert, Weihnachten und Silvester vor der T\u00fcr steht. Neben den Vorbereitungen f\u00fcr Weihnachten muss die eine oder andere Hausfrau auch noch die Silvesterfeier vorbereiten. Man hat eingeladen, die Familie und Freunde feiern gemeinsam den Jahreswechsel. Eine Silvesterparty hei\u00dft, stimmungsvoll das alte Jahr verabschieden und das neue Jahr willkommen hei\u00dfen. Gutes Essen, leckere Getr\u00e4nke, vor allem der obligatorische Sekt, Prosecco oder Champagner um Mitternacht geh\u00f6ren dazu.<\/p>\n<p><img decoding=\"async\" loading=\"lazy\" src=\"https:\/\/www.tafeldeko.de\/news\/wp-content\/uploads\/2014\/11\/konfetti_zylinder.jpg\" alt=\"Tischdeko schwarz-wei\u00df Silvester\" width=\"150\" height=\"150\" \/><\/p>\n<h2>Tischdeko schwarz-wei\u00df Silvester gleich modern und trendig<\/h2>\n<p>Zur Silvesterfeier geh\u00f6rt eine sch\u00f6ne Tischdeko. Bei der Auswahl der Accessoires bieten sich nat\u00fcrlich viele M\u00f6glichkeiten, und sollte es an Ideen mangeln, ist der obligatorische Blick ins Internet hilfreich. Tafeldeko bietet eine hervorragende Auswahl an Tischdekorationen &#8211; auch zu Silvester. <a title=\"Mustertische\" href=\"https:\/\/www.tafeldeko.de\/silvester-tischdeko\/\" target=\"_blank\" rel=\"noopener\"><strong>Mustertische<\/strong><\/a>, die Sie entweder zur Ideenfindung oder auch eins zu eins \u00fcbertragen k\u00f6nnen, sehen Sie hier.<br \/>\nOder setzen Sie eigene Ideen um, beispielsweise eine Tischdeko schwarz-wei\u00df zu Silvester. Schwarze und wei\u00dfe Accessoires versch\u00f6nern den Tisch, setzen ihn perfekt in Szene. W\u00e4hlen Sie zwischen Tischdecken, <a title=\"Tischl\u00e4ufer\" href=\"https:\/\/www.tafeldeko.de\/index.php\/cat\/c2026_Tischl%C3%A4ufer.html\" target=\"_blank\" rel=\"noopener\"><strong>Tischl\u00e4ufern<\/strong><\/a>, Tischsets oder Mitteldecken als Basis der Tischdeko, entweder in Schwarz oder in Wei\u00df. Eine schwarze Tischdecke oder ein schwarzes Tischsets bringt nat\u00fcrlich einen trendigen Kontrast auf den Tisch, wenn Sie wei\u00dfe Teller darauf arrangieren. Servietten in Schwarz und Wei\u00df, entweder unifarben oder mit einem kontrastreichen Muster runden die<strong> Tischdeko zur Silvesterfeier<\/strong> farblich ab.<br \/>\nArrangieren Sie beispielsweise in Vasen oder kleinen Kerzengl\u00e4sern die Konfetti Zylinder, Fliege und Sternchen. Oder Sie verteilen diese Konfetti einfach auf dem Tisch, lockern das Gesamtbild etwas auf, unterstreichen die schwarz-wei\u00dfe Farbwahl.<br \/>\nZur Silvesterfeier geh\u00f6ren kleine Gl\u00fccksbringer dazu. Kleine Gl\u00fccksklee-T\u00f6pfe, Schornsteinfeger, Marienk\u00e4fer und Zylinder k\u00f6nnen zum einen die Tischdeko schwarz-wei\u00df komplettieren und auch ein wundersch\u00f6nes Gastgeschenk darstellen. Zur Erinnerung an die Silvesterfeier und als <strong>Gl\u00fccksbringer<\/strong> f\u00fcr das kommende Jahr sind diese kleinen Gesellen perfekt geeignet. Wir w\u00fcnschen einen guten Rutsch ins neue Jahr.<\/p>\n<p><a role=\"button\" href=\"https:\/\/www.tafeldeko.de\/tischdeko-ideen\/silvester-tischdeko\/\"><br \/>\n&gt;&gt; Zu den Mustertischen &lt;&lt;<br \/>\n<\/a><\/p>\n<h2>Weitere Beitr\u00e4ge:<\/h2>\n<h2>Dekoartikel von A-Z<\/h2>\n<p><a href=\"https:\/\/www.tafeldeko.de\/tischdeko-artikel\/\"><br \/>\nJetzt entdecken <\/a><\/p>\n","protected":false},"excerpt":{"rendered":"<p>Die Basis eines sch\u00f6nen Festes ist die Tischdeko, beispielsweise die\u00a0 Tischdeko schwarz-wei\u00df &#8211; zu Silvester. Sp\u00e4testens wenn wir die Adventssonntage feiern, wird uns bewusst, das sich das Jahr dem Ende n\u00e4hert, Weihnachten und Silvester vor der T\u00fcr steht. Neben den Vorbereitungen f\u00fcr Weihnachten muss die eine oder andere Hausfrau auch noch die Silvesterfeier vorbereiten. Man [&hellip;]<\/p>\n","protected":false},"author":6,"featured_media":5684,"comment_status":"closed","ping_status":"closed","sticky":false,"template":"","format":"standard","meta":{"footnotes":""},"categories":[1],"tags":[],"yoast_head":"<!-- This site is optimized with the Yoast SEO plugin v20.4 - https:\/\/yoast.com\/wordpress\/plugins\/seo\/ -->\n<title>Tischdeko schwarz-wei\u00df zu Silvester - Tafeldeko<\/title>\n<meta name=\"description\" content=\"Eine Tischdeko schwarz-wei\u00df zu Silvester zaubert einen kontrastreichen, trendigen Touch auf den Tisch - perfekt f\u00fcr eine sch\u00f6ne Feier.\" \/>\n<meta name=\"robots\" content=\"index, follow, max-snippet:-1, max-image-preview:large, max-video-preview:-1\" \/>\n<link rel=\"canonical\" href=\"https:\/\/www.tafeldeko.de\/news\/tischdeko-schwarz-weiss-zu-silvester\/\" \/>\n<meta property=\"og:locale\" content=\"de_DE\" \/>\n<meta property=\"og:type\" content=\"article\" \/>\n<meta property=\"og:title\" content=\"Tischdeko schwarz-wei\u00df zu Silvester - Tafeldeko\" \/>\n<meta property=\"og:description\" content=\"Eine Tischdeko schwarz-wei\u00df zu Silvester zaubert einen kontrastreichen, trendigen Touch auf den Tisch - perfekt f\u00fcr eine sch\u00f6ne Feier.\" \/>\n<meta property=\"og:url\" content=\"https:\/\/www.tafeldeko.de\/news\/tischdeko-schwarz-weiss-zu-silvester\/\" \/>\n<meta property=\"og:site_name\" content=\"Tafeldeko\" \/>\n<meta property=\"article:publisher\" content=\"https:\/\/www.facebook.com\/pages\/Tafeldeko-einzigartige-Tischdekoration\/174202655894\" \/>\n<meta property=\"article:published_time\" content=\"2014-11-22T11:48:21+00:00\" \/>\n<meta property=\"article:modified_time\" content=\"2023-02-15T11:04:10+00:00\" \/>\n<meta property=\"og:image\" content=\"https:\/\/www.tafeldeko.de\/news\/wp-content\/uploads\/2014\/11\/konfetti_zylinder.jpg\" \/>\n\t<meta property=\"og:image:width\" content=\"150\" \/>\n\t<meta property=\"og:image:height\" content=\"150\" \/>\n\t<meta property=\"og:image:type\" content=\"image\/jpeg\" \/>\n<meta name=\"author\" content=\"Tafeldeko Deko Team\" \/>\n<meta name=\"twitter:label1\" content=\"Verfasst von\" \/>\n\t<meta name=\"twitter:data1\" content=\"Tafeldeko Deko Team\" \/>\n\t<meta name=\"twitter:label2\" content=\"Gesch\u00e4tzte Lesezeit\" \/>\n\t<meta name=\"twitter:data2\" content=\"3 Minuten\" \/>\n<script type=\"application\/ld+json\" class=\"yoast-schema-graph\">{\"@context\":\"https:\/\/schema.org\",\"@graph\":[{\"@type\":\"WebPage\",\"@id\":\"https:\/\/www.tafeldeko.de\/news\/tischdeko-schwarz-weiss-zu-silvester\/\",\"url\":\"https:\/\/www.tafeldeko.de\/news\/tischdeko-schwarz-weiss-zu-silvester\/\",\"name\":\"Tischdeko schwarz-wei\u00df zu Silvester - Tafeldeko\",\"isPartOf\":{\"@id\":\"https:\/\/www.tafeldeko.de\/news\/#website\"},\"datePublished\":\"2014-11-22T11:48:21+00:00\",\"dateModified\":\"2023-02-15T11:04:10+00:00\",\"author\":{\"@id\":\"https:\/\/www.tafeldeko.de\/news\/#\/schema\/person\/dc309fbb6a3e380919fc08342c3cc233\"},\"description\":\"Eine Tischdeko schwarz-wei\u00df zu Silvester zaubert einen kontrastreichen, trendigen Touch auf den Tisch - perfekt f\u00fcr eine sch\u00f6ne Feier.\",\"breadcrumb\":{\"@id\":\"https:\/\/www.tafeldeko.de\/news\/tischdeko-schwarz-weiss-zu-silvester\/#breadcrumb\"},\"inLanguage\":\"de-DE\",\"potentialAction\":[{\"@type\":\"ReadAction\",\"target\":[\"https:\/\/www.tafeldeko.de\/news\/tischdeko-schwarz-weiss-zu-silvester\/\"]}]},{\"@type\":\"BreadcrumbList\",\"@id\":\"https:\/\/www.tafeldeko.de\/news\/tischdeko-schwarz-weiss-zu-silvester\/#breadcrumb\",\"itemListElement\":[{\"@type\":\"ListItem\",\"position\":1,\"name\":\"Tafeldeko\",\"item\":\"https:\/\/www.tafeldeko.de\/news\/\"},{\"@type\":\"ListItem\",\"position\":2,\"name\":\"Alte Beitr\u00e4ge\",\"item\":\"https:\/\/www.tafeldeko.de\/news\/alte-beitraege\/\"},{\"@type\":\"ListItem\",\"position\":3,\"name\":\"Tischdeko - Blog\",\"item\":\"https:\/\/www.tafeldeko.de\/news\/alte-beitraege\/tischdeko-blog\/\"},{\"@type\":\"ListItem\",\"position\":4,\"name\":\"Tischdeko schwarz-wei\u00df zu Silvester\"}]},{\"@type\":\"WebSite\",\"@id\":\"https:\/\/www.tafeldeko.de\/news\/#website\",\"url\":\"https:\/\/www.tafeldeko.de\/news\/\",\"name\":\"Tafeldeko\",\"description\":\"Blog mit Tischdeko und Tischdekoration Ideen\",\"potentialAction\":[{\"@type\":\"SearchAction\",\"target\":{\"@type\":\"EntryPoint\",\"urlTemplate\":\"https:\/\/www.tafeldeko.de\/news\/?s={search_term_string}\"},\"query-input\":\"required name=search_term_string\"}],\"inLanguage\":\"de-DE\"},{\"@type\":\"Person\",\"@id\":\"https:\/\/www.tafeldeko.de\/news\/#\/schema\/person\/dc309fbb6a3e380919fc08342c3cc233\",\"name\":\"Tafeldeko Deko Team\",\"image\":{\"@type\":\"ImageObject\",\"inLanguage\":\"de-DE\",\"@id\":\"https:\/\/www.tafeldeko.de\/news\/#\/schema\/person\/image\/\",\"url\":\"https:\/\/secure.gravatar.com\/avatar\/1e962f4040dc9996f0d200db31598854?s=96&d=mm&r=g\",\"contentUrl\":\"https:\/\/secure.gravatar.com\/avatar\/1e962f4040dc9996f0d200db31598854?s=96&d=mm&r=g\",\"caption\":\"Tafeldeko Deko Team\"}}]}<\/script>\n<!-- \/ Yoast SEO plugin. -->","yoast_head_json":{"title":"Tischdeko schwarz-wei\u00df zu Silvester - Tafeldeko","description":"Eine Tischdeko schwarz-wei\u00df zu Silvester zaubert einen kontrastreichen, trendigen Touch auf den Tisch - perfekt f\u00fcr eine sch\u00f6ne Feier.","robots":{"index":"index","follow":"follow","max-snippet":"max-snippet:-1","max-image-preview":"max-image-preview:large","max-video-preview":"max-video-preview:-1"},"canonical":"https:\/\/www.tafeldeko.de\/news\/tischdeko-schwarz-weiss-zu-silvester\/","og_locale":"de_DE","og_type":"article","og_title":"Tischdeko schwarz-wei\u00df zu Silvester - Tafeldeko","og_description":"Eine Tischdeko schwarz-wei\u00df zu Silvester zaubert einen kontrastreichen, trendigen Touch auf den Tisch - perfekt f\u00fcr eine sch\u00f6ne Feier.","og_url":"https:\/\/www.tafeldeko.de\/news\/tischdeko-schwarz-weiss-zu-silvester\/","og_site_name":"Tafeldeko","article_publisher":"https:\/\/www.facebook.com\/pages\/Tafeldeko-einzigartige-Tischdekoration\/174202655894","article_published_time":"2014-11-22T11:48:21+00:00","article_modified_time":"2023-02-15T11:04:10+00:00","og_image":[{"width":150,"height":150,"url":"https:\/\/www.tafeldeko.de\/news\/wp-content\/uploads\/2014\/11\/konfetti_zylinder.jpg","type":"image\/jpeg"}],"author":"Tafeldeko Deko Team","twitter_misc":{"Verfasst von":"Tafeldeko Deko Team","Gesch\u00e4tzte Lesezeit":"3 Minuten"},"schema":{"@context":"https:\/\/schema.org","@graph":[{"@type":"WebPage","@id":"https:\/\/www.tafeldeko.de\/news\/tischdeko-schwarz-weiss-zu-silvester\/","url":"https:\/\/www.tafeldeko.de\/news\/tischdeko-schwarz-weiss-zu-silvester\/","name":"Tischdeko schwarz-wei\u00df zu Silvester - Tafeldeko","isPartOf":{"@id":"https:\/\/www.tafeldeko.de\/news\/#website"},"datePublished":"2014-11-22T11:48:21+00:00","dateModified":"2023-02-15T11:04:10+00:00","author":{"@id":"https:\/\/www.tafeldeko.de\/news\/#\/schema\/person\/dc309fbb6a3e380919fc08342c3cc233"},"description":"Eine Tischdeko schwarz-wei\u00df zu Silvester zaubert einen kontrastreichen, trendigen Touch auf den Tisch - perfekt f\u00fcr eine sch\u00f6ne Feier.","breadcrumb":{"@id":"https:\/\/www.tafeldeko.de\/news\/tischdeko-schwarz-weiss-zu-silvester\/#breadcrumb"},"inLanguage":"de-DE","potentialAction":[{"@type":"ReadAction","target":["https:\/\/www.tafeldeko.de\/news\/tischdeko-schwarz-weiss-zu-silvester\/"]}]},{"@type":"BreadcrumbList","@id":"https:\/\/www.tafeldeko.de\/news\/tischdeko-schwarz-weiss-zu-silvester\/#breadcrumb","itemListElement":[{"@type":"ListItem","position":1,"name":"Tafeldeko","item":"https:\/\/www.tafeldeko.de\/news\/"},{"@type":"ListItem","position":2,"name":"Alte Beitr\u00e4ge","item":"https:\/\/www.tafeldeko.de\/news\/alte-beitraege\/"},{"@type":"ListItem","position":3,"name":"Tischdeko - Blog","item":"https:\/\/www.tafeldeko.de\/news\/alte-beitraege\/tischdeko-blog\/"},{"@type":"ListItem","position":4,"name":"Tischdeko schwarz-wei\u00df zu Silvester"}]},{"@type":"WebSite","@id":"https:\/\/www.tafeldeko.de\/news\/#website","url":"https:\/\/www.tafeldeko.de\/news\/","name":"Tafeldeko","description":"Blog mit Tischdeko und Tischdekoration Ideen","potentialAction":[{"@type":"SearchAction","target":{"@type":"EntryPoint","urlTemplate":"https:\/\/www.tafeldeko.de\/news\/?s={search_term_string}"},"query-input":"required name=search_term_string"}],"inLanguage":"de-DE"},{"@type":"Person","@id":"https:\/\/www.tafeldeko.de\/news\/#\/schema\/person\/dc309fbb6a3e380919fc08342c3cc233","name":"Tafeldeko Deko Team","image":{"@type":"ImageObject","inLanguage":"de-DE","@id":"https:\/\/www.tafeldeko.de\/news\/#\/schema\/person\/image\/","url":"https:\/\/secure.gravatar.com\/avatar\/1e962f4040dc9996f0d200db31598854?s=96&d=mm&r=g","contentUrl":"https:\/\/secure.gravatar.com\/avatar\/1e962f4040dc9996f0d200db31598854?s=96&d=mm&r=g","caption":"Tafeldeko Deko Team"}}]}},"_links":{"self":[{"href":"https:\/\/www.tafeldeko.de\/news\/wp-json\/wp\/v2\/posts\/5679"}],"collection":[{"href":"https:\/\/www.tafeldeko.de\/news\/wp-json\/wp\/v2\/posts"}],"about":[{"href":"https:\/\/www.tafeldeko.de\/news\/wp-json\/wp\/v2\/types\/post"}],"author":[{"embeddable":true,"href":"https:\/\/www.tafeldeko.de\/news\/wp-json\/wp\/v2\/users\/6"}],"replies":[{"embeddable":true,"href":"https:\/\/www.tafeldeko.de\/news\/wp-json\/wp\/v2\/comments?post=5679"}],"version-history":[{"count":10,"href":"https:\/\/www.tafeldeko.de\/news\/wp-json\/wp\/v2\/posts\/5679\/revisions"}],"predecessor-version":[{"id":23304,"href":"https:\/\/www.tafeldeko.de\/news\/wp-json\/wp\/v2\/posts\/5679\/revisions\/23304"}],"wp:featuredmedia":[{"embeddable":true,"href":"https:\/\/www.tafeldeko.de\/news\/wp-json\/wp\/v2\/media\/5684"}],"wp:attachment":[{"href":"https:\/\/www.tafeldeko.de\/news\/wp-json\/wp\/v2\/media?parent=5679"}],"wp:term":[{"taxonomy":"category","embeddable":true,"href":"https:\/\/www.tafeldeko.de\/news\/wp-json\/wp\/v2\/categories?post=5679"},{"taxonomy":"post_tag","embeddable":true,"href":"https:\/\/www.tafeldeko.de\/news\/wp-json\/wp\/v2\/tags?post=5679"}],"curies":[{"name":"wp","href":"https:\/\/api.w.org\/{rel}","templated":true}]}}