{"id":5629,"date":"2014-11-12T16:15:20","date_gmt":"2014-11-12T14:15:20","guid":{"rendered":"http:\/\/www.tafeldeko.de\/news\/?p=5629"},"modified":"2023-02-15T12:32:40","modified_gmt":"2023-02-15T11:32:40","slug":"deko-weiss-wunderschoen-anzusehen","status":"publish","type":"post","link":"https:\/\/www.tafeldeko.de\/news\/deko-weiss-wunderschoen-anzusehen\/","title":{"rendered":"Deko in Wei\u00df &#8211; wundersch\u00f6n anzusehen"},"content":{"rendered":"<p>Wenn der Winter Einzug h\u00e4lt, wird man auch zu einer sch\u00f6nen Dekoration &#8211; der Deko in Wei\u00df &#8211; greifen. Erst mit den richtigen dekorativen Accessoires zaubert man sich Gem\u00fctlichkeit in die eigenen vier W\u00e4nde. Eine sterile Wohnung oder auch eine Wohnung ohne jegliche Dekoration stellt kein sch\u00f6nes Zuhause dar und dies m\u00f6chte gewiss keiner vorfinden. Somit hei\u00dft es dekorieren und eine sch\u00f6ne Atmosph\u00e4re zaubern. Wie w\u00e4re es zur Winterzeit mit einer Deko in Wei\u00df?<br \/>\nDie <strong>Deko in Wei\u00df<\/strong> stellt eine direkte Verbindung zum Schnee, zum Winter und zu Weihnachten her. Wei\u00dfe Weihnachten w\u00fcnschen sich viele, auch wenn es in manchen Bundesl\u00e4ndern zu einer Ausnahme geworden ist.<\/p>\n<p><img decoding=\"async\" loading=\"lazy\" src=\"https:\/\/www.tafeldeko.de\/news\/wp-content\/uploads\/2014\/11\/vase_perlenkordel.jpg\" sizes=\"(max-width: 365px) 100vw, 365px\" srcset=\"https:\/\/www.tafeldeko.de\/news\/wp-content\/uploads\/2014\/11\/vase_perlenkordel.jpg 365w, https:\/\/www.tafeldeko.de\/news\/wp-content\/uploads\/2014\/11\/vase_perlenkordel-150x150.jpg 150w, https:\/\/www.tafeldeko.de\/news\/wp-content\/uploads\/2014\/11\/vase_perlenkordel-300x300.jpg 300w\" alt=\"Deko in Wei\u00df Vase Perlenkordel\" width=\"365\" height=\"365\" \/><\/p>\n<h2>Dekorative Accessoires und eine Deko in Wei\u00df<\/h2>\n<p>\u2026 und was kann man mit ihnen kombinieren?<br \/>\nBei dieser Frage gehen die Meinungen auseinander und jeder wird eine andere Vorstellung dessen haben, wie die Dekoration am Ende auszusehen hat. Geschm\u00e4cker sind verschieden und dies wird auch beim Dekorieren sp\u00fcrbar sein. Um ein Winterwunderland zu sich nach Hause zu holen, ben\u00f6tigt man etwas Fingerspitzengef\u00fchl beim Dekorieren. Eine Deko in Wei\u00df ist aber auf jeden Fall eine sch\u00f6ne M\u00f6glichkeit und kann mit anderen Farben aufgepeppt werden oder man bleibt der Farbe Wei\u00df treu. Wer m\u00f6chte kann zum Beispiel Schneeblumen in einer Vase oder <a title=\"Kerzen \" href=\"https:\/\/www.tafeldeko.de\/index.php\/cat\/c526_Kerzen---Kerzenhalter.html\" target=\"_blank\" rel=\"noopener\"><strong>Kerzen<\/strong><\/a> mit Christbaumkugeln miteinander kombinieren. Hier hat man sozusagen die Qual der Wahl und alles ist erlaubt, was einem gef\u00e4llt. Bei der Deko in Wei\u00df kann man auch Glitzer und Glamour ins Spiel bringen. Die Kombination aus Schneegest\u00f6ber und Glitzer ist etwas sehr Sch\u00f6nes und verleiht jeder Wohnung das gewisse Etwas. Mut tut gut und dies sollte man sich auch in Punkto \u201eDekoration\u201c ins Ged\u00e4chtnis rufen.<br \/>\nBereits im November kann man sich der vorweihnachtlichen und winterlichen Deko widmen und sich eine sch\u00f6ne <strong>Vorweihnachtszeit<\/strong> bescheren. Kommt man an k\u00fchlen Tagen nach Hause und kann sich in sein Wohlf\u00fchlparadies kuscheln, steht einem sch\u00f6nen Abend oder Tag alleine, mit der Familie oder Freunden nichts mehr im Wege.<\/p>\n<h2>Weitere Beitr\u00e4ge:<\/h2>\n<h2>Dekoartikel von A-Z<\/h2>\n<p><a href=\"https:\/\/www.tafeldeko.de\/tischdeko-artikel\/\"><br \/>\nJetzt entdecken <\/a><\/p>\n","protected":false},"excerpt":{"rendered":"<p>Wenn der Winter Einzug h\u00e4lt, wird man auch zu einer sch\u00f6nen Dekoration &#8211; der Deko in Wei\u00df &#8211; greifen. Erst mit den richtigen dekorativen Accessoires zaubert man sich Gem\u00fctlichkeit in die eigenen vier W\u00e4nde. Eine sterile Wohnung oder auch eine Wohnung ohne jegliche Dekoration stellt kein sch\u00f6nes Zuhause dar und dies m\u00f6chte gewiss keiner vorfinden. [&hellip;]<\/p>\n","protected":false},"author":6,"featured_media":5630,"comment_status":"closed","ping_status":"closed","sticky":false,"template":"","format":"standard","meta":{"footnotes":""},"categories":[1],"tags":[],"yoast_head":"<!-- This site is optimized with the Yoast SEO plugin v20.4 - https:\/\/yoast.com\/wordpress\/plugins\/seo\/ -->\n<title>Deko in Wei\u00df - wundersch\u00f6n anzusehen - Tafeldeko<\/title>\n<meta name=\"description\" content=\"Die Deko in Wei\u00df stellt eine direkte Verbindung zum Schnee, zum Winter und zu Weihnachten her. Eine wundervolle und stilvolle Deko-Idee.\" \/>\n<meta name=\"robots\" content=\"index, follow, max-snippet:-1, max-image-preview:large, max-video-preview:-1\" \/>\n<link rel=\"canonical\" href=\"https:\/\/www.tafeldeko.de\/news\/deko-weiss-wunderschoen-anzusehen\/\" \/>\n<meta property=\"og:locale\" content=\"de_DE\" \/>\n<meta property=\"og:type\" content=\"article\" \/>\n<meta property=\"og:title\" content=\"Deko in Wei\u00df - wundersch\u00f6n anzusehen - Tafeldeko\" \/>\n<meta property=\"og:description\" content=\"Die Deko in Wei\u00df stellt eine direkte Verbindung zum Schnee, zum Winter und zu Weihnachten her. Eine wundervolle und stilvolle Deko-Idee.\" \/>\n<meta property=\"og:url\" content=\"https:\/\/www.tafeldeko.de\/news\/deko-weiss-wunderschoen-anzusehen\/\" \/>\n<meta property=\"og:site_name\" content=\"Tafeldeko\" \/>\n<meta property=\"article:publisher\" content=\"https:\/\/www.facebook.com\/pages\/Tafeldeko-einzigartige-Tischdekoration\/174202655894\" \/>\n<meta property=\"article:published_time\" content=\"2014-11-12T14:15:20+00:00\" \/>\n<meta property=\"article:modified_time\" content=\"2023-02-15T11:32:40+00:00\" \/>\n<meta property=\"og:image\" content=\"https:\/\/www.tafeldeko.de\/news\/wp-content\/uploads\/2014\/11\/vase_perlenkordel.jpg\" \/>\n\t<meta property=\"og:image:width\" content=\"365\" \/>\n\t<meta property=\"og:image:height\" content=\"365\" \/>\n\t<meta property=\"og:image:type\" content=\"image\/jpeg\" \/>\n<meta name=\"author\" content=\"Tafeldeko Deko Team\" \/>\n<meta name=\"twitter:label1\" content=\"Verfasst von\" \/>\n\t<meta name=\"twitter:data1\" content=\"Tafeldeko Deko Team\" \/>\n\t<meta name=\"twitter:label2\" content=\"Gesch\u00e4tzte Lesezeit\" \/>\n\t<meta name=\"twitter:data2\" content=\"3 Minuten\" \/>\n<script type=\"application\/ld+json\" class=\"yoast-schema-graph\">{\"@context\":\"https:\/\/schema.org\",\"@graph\":[{\"@type\":\"WebPage\",\"@id\":\"https:\/\/www.tafeldeko.de\/news\/deko-weiss-wunderschoen-anzusehen\/\",\"url\":\"https:\/\/www.tafeldeko.de\/news\/deko-weiss-wunderschoen-anzusehen\/\",\"name\":\"Deko in Wei\u00df - wundersch\u00f6n anzusehen - Tafeldeko\",\"isPartOf\":{\"@id\":\"https:\/\/www.tafeldeko.de\/news\/#website\"},\"datePublished\":\"2014-11-12T14:15:20+00:00\",\"dateModified\":\"2023-02-15T11:32:40+00:00\",\"author\":{\"@id\":\"https:\/\/www.tafeldeko.de\/news\/#\/schema\/person\/dc309fbb6a3e380919fc08342c3cc233\"},\"description\":\"Die Deko in Wei\u00df stellt eine direkte Verbindung zum Schnee, zum Winter und zu Weihnachten her. Eine wundervolle und stilvolle Deko-Idee.\",\"breadcrumb\":{\"@id\":\"https:\/\/www.tafeldeko.de\/news\/deko-weiss-wunderschoen-anzusehen\/#breadcrumb\"},\"inLanguage\":\"de-DE\",\"potentialAction\":[{\"@type\":\"ReadAction\",\"target\":[\"https:\/\/www.tafeldeko.de\/news\/deko-weiss-wunderschoen-anzusehen\/\"]}]},{\"@type\":\"BreadcrumbList\",\"@id\":\"https:\/\/www.tafeldeko.de\/news\/deko-weiss-wunderschoen-anzusehen\/#breadcrumb\",\"itemListElement\":[{\"@type\":\"ListItem\",\"position\":1,\"name\":\"Tafeldeko\",\"item\":\"https:\/\/www.tafeldeko.de\/news\/\"},{\"@type\":\"ListItem\",\"position\":2,\"name\":\"Alte Beitr\u00e4ge\",\"item\":\"https:\/\/www.tafeldeko.de\/news\/alte-beitraege\/\"},{\"@type\":\"ListItem\",\"position\":3,\"name\":\"Tischdeko - Blog\",\"item\":\"https:\/\/www.tafeldeko.de\/news\/alte-beitraege\/tischdeko-blog\/\"},{\"@type\":\"ListItem\",\"position\":4,\"name\":\"Deko in Wei\u00df &#8211; wundersch\u00f6n anzusehen\"}]},{\"@type\":\"WebSite\",\"@id\":\"https:\/\/www.tafeldeko.de\/news\/#website\",\"url\":\"https:\/\/www.tafeldeko.de\/news\/\",\"name\":\"Tafeldeko\",\"description\":\"Blog mit Tischdeko und Tischdekoration Ideen\",\"potentialAction\":[{\"@type\":\"SearchAction\",\"target\":{\"@type\":\"EntryPoint\",\"urlTemplate\":\"https:\/\/www.tafeldeko.de\/news\/?s={search_term_string}\"},\"query-input\":\"required name=search_term_string\"}],\"inLanguage\":\"de-DE\"},{\"@type\":\"Person\",\"@id\":\"https:\/\/www.tafeldeko.de\/news\/#\/schema\/person\/dc309fbb6a3e380919fc08342c3cc233\",\"name\":\"Tafeldeko Deko Team\",\"image\":{\"@type\":\"ImageObject\",\"inLanguage\":\"de-DE\",\"@id\":\"https:\/\/www.tafeldeko.de\/news\/#\/schema\/person\/image\/\",\"url\":\"https:\/\/secure.gravatar.com\/avatar\/1e962f4040dc9996f0d200db31598854?s=96&d=mm&r=g\",\"contentUrl\":\"https:\/\/secure.gravatar.com\/avatar\/1e962f4040dc9996f0d200db31598854?s=96&d=mm&r=g\",\"caption\":\"Tafeldeko Deko Team\"}}]}<\/script>\n<!-- \/ Yoast SEO plugin. -->","yoast_head_json":{"title":"Deko in Wei\u00df - wundersch\u00f6n anzusehen - Tafeldeko","description":"Die Deko in Wei\u00df stellt eine direkte Verbindung zum Schnee, zum Winter und zu Weihnachten her. Eine wundervolle und stilvolle Deko-Idee.","robots":{"index":"index","follow":"follow","max-snippet":"max-snippet:-1","max-image-preview":"max-image-preview:large","max-video-preview":"max-video-preview:-1"},"canonical":"https:\/\/www.tafeldeko.de\/news\/deko-weiss-wunderschoen-anzusehen\/","og_locale":"de_DE","og_type":"article","og_title":"Deko in Wei\u00df - wundersch\u00f6n anzusehen - Tafeldeko","og_description":"Die Deko in Wei\u00df stellt eine direkte Verbindung zum Schnee, zum Winter und zu Weihnachten her. Eine wundervolle und stilvolle Deko-Idee.","og_url":"https:\/\/www.tafeldeko.de\/news\/deko-weiss-wunderschoen-anzusehen\/","og_site_name":"Tafeldeko","article_publisher":"https:\/\/www.facebook.com\/pages\/Tafeldeko-einzigartige-Tischdekoration\/174202655894","article_published_time":"2014-11-12T14:15:20+00:00","article_modified_time":"2023-02-15T11:32:40+00:00","og_image":[{"width":365,"height":365,"url":"https:\/\/www.tafeldeko.de\/news\/wp-content\/uploads\/2014\/11\/vase_perlenkordel.jpg","type":"image\/jpeg"}],"author":"Tafeldeko Deko Team","twitter_misc":{"Verfasst von":"Tafeldeko Deko Team","Gesch\u00e4tzte Lesezeit":"3 Minuten"},"schema":{"@context":"https:\/\/schema.org","@graph":[{"@type":"WebPage","@id":"https:\/\/www.tafeldeko.de\/news\/deko-weiss-wunderschoen-anzusehen\/","url":"https:\/\/www.tafeldeko.de\/news\/deko-weiss-wunderschoen-anzusehen\/","name":"Deko in Wei\u00df - wundersch\u00f6n anzusehen - Tafeldeko","isPartOf":{"@id":"https:\/\/www.tafeldeko.de\/news\/#website"},"datePublished":"2014-11-12T14:15:20+00:00","dateModified":"2023-02-15T11:32:40+00:00","author":{"@id":"https:\/\/www.tafeldeko.de\/news\/#\/schema\/person\/dc309fbb6a3e380919fc08342c3cc233"},"description":"Die Deko in Wei\u00df stellt eine direkte Verbindung zum Schnee, zum Winter und zu Weihnachten her. Eine wundervolle und stilvolle Deko-Idee.","breadcrumb":{"@id":"https:\/\/www.tafeldeko.de\/news\/deko-weiss-wunderschoen-anzusehen\/#breadcrumb"},"inLanguage":"de-DE","potentialAction":[{"@type":"ReadAction","target":["https:\/\/www.tafeldeko.de\/news\/deko-weiss-wunderschoen-anzusehen\/"]}]},{"@type":"BreadcrumbList","@id":"https:\/\/www.tafeldeko.de\/news\/deko-weiss-wunderschoen-anzusehen\/#breadcrumb","itemListElement":[{"@type":"ListItem","position":1,"name":"Tafeldeko","item":"https:\/\/www.tafeldeko.de\/news\/"},{"@type":"ListItem","position":2,"name":"Alte Beitr\u00e4ge","item":"https:\/\/www.tafeldeko.de\/news\/alte-beitraege\/"},{"@type":"ListItem","position":3,"name":"Tischdeko - Blog","item":"https:\/\/www.tafeldeko.de\/news\/alte-beitraege\/tischdeko-blog\/"},{"@type":"ListItem","position":4,"name":"Deko in Wei\u00df &#8211; wundersch\u00f6n anzusehen"}]},{"@type":"WebSite","@id":"https:\/\/www.tafeldeko.de\/news\/#website","url":"https:\/\/www.tafeldeko.de\/news\/","name":"Tafeldeko","description":"Blog mit Tischdeko und Tischdekoration Ideen","potentialAction":[{"@type":"SearchAction","target":{"@type":"EntryPoint","urlTemplate":"https:\/\/www.tafeldeko.de\/news\/?s={search_term_string}"},"query-input":"required name=search_term_string"}],"inLanguage":"de-DE"},{"@type":"Person","@id":"https:\/\/www.tafeldeko.de\/news\/#\/schema\/person\/dc309fbb6a3e380919fc08342c3cc233","name":"Tafeldeko Deko Team","image":{"@type":"ImageObject","inLanguage":"de-DE","@id":"https:\/\/www.tafeldeko.de\/news\/#\/schema\/person\/image\/","url":"https:\/\/secure.gravatar.com\/avatar\/1e962f4040dc9996f0d200db31598854?s=96&d=mm&r=g","contentUrl":"https:\/\/secure.gravatar.com\/avatar\/1e962f4040dc9996f0d200db31598854?s=96&d=mm&r=g","caption":"Tafeldeko Deko Team"}}]}},"_links":{"self":[{"href":"https:\/\/www.tafeldeko.de\/news\/wp-json\/wp\/v2\/posts\/5629"}],"collection":[{"href":"https:\/\/www.tafeldeko.de\/news\/wp-json\/wp\/v2\/posts"}],"about":[{"href":"https:\/\/www.tafeldeko.de\/news\/wp-json\/wp\/v2\/types\/post"}],"author":[{"embeddable":true,"href":"https:\/\/www.tafeldeko.de\/news\/wp-json\/wp\/v2\/users\/6"}],"replies":[{"embeddable":true,"href":"https:\/\/www.tafeldeko.de\/news\/wp-json\/wp\/v2\/comments?post=5629"}],"version-history":[{"count":10,"href":"https:\/\/www.tafeldeko.de\/news\/wp-json\/wp\/v2\/posts\/5629\/revisions"}],"predecessor-version":[{"id":23336,"href":"https:\/\/www.tafeldeko.de\/news\/wp-json\/wp\/v2\/posts\/5629\/revisions\/23336"}],"wp:featuredmedia":[{"embeddable":true,"href":"https:\/\/www.tafeldeko.de\/news\/wp-json\/wp\/v2\/media\/5630"}],"wp:attachment":[{"href":"https:\/\/www.tafeldeko.de\/news\/wp-json\/wp\/v2\/media?parent=5629"}],"wp:term":[{"taxonomy":"category","embeddable":true,"href":"https:\/\/www.tafeldeko.de\/news\/wp-json\/wp\/v2\/categories?post=5629"},{"taxonomy":"post_tag","embeddable":true,"href":"https:\/\/www.tafeldeko.de\/news\/wp-json\/wp\/v2\/tags?post=5629"}],"curies":[{"name":"wp","href":"https:\/\/api.w.org\/{rel}","templated":true}]}}