{"id":5621,"date":"2014-11-12T14:01:33","date_gmt":"2014-11-12T12:01:33","guid":{"rendered":"http:\/\/www.tafeldeko.de\/news\/?p=5621"},"modified":"2023-02-15T12:39:44","modified_gmt":"2023-02-15T11:39:44","slug":"maritime-geburtstags-tischdeko-hinreissend","status":"publish","type":"post","link":"https:\/\/www.tafeldeko.de\/news\/maritime-geburtstags-tischdeko-hinreissend\/","title":{"rendered":"Maritime Geburtstags Tischdeko &#8211; hinrei\u00dfend"},"content":{"rendered":"<p>Es gibt im Leben besondere Momente und der Geburtstag ist solch einer. Ein Jahr \u00e4lter zu werden, hei\u00dft, wieder ein Jahr hinter sich zu lassen &#8211; doch man blickt auch einem neuen, sch\u00f6nen Jahr entgegen.<br \/>\n<strong>Geburtstage<\/strong> sind ein Grund zum Feiern, hei\u00dft es so sch\u00f6n. Das stimmt auch. Selbst eine Geburtstagsfeier im kleinen Rahmen ist eine besondere Anerkennung gegen\u00fcber dem Geburtstagskind, eine Wertsch\u00e4tzung. Mit Gl\u00fcckw\u00fcnschen und Geschenken wird der Geburtstag und die Feier zu einem sch\u00f6nen Anlass. Ob kleiner oder gro\u00dfer Rahmen &#8211; eine sch\u00f6ne <strong>Tischdeko zum Geburtstag<\/strong> sollte dazugeh\u00f6ren.<br \/>\nBeliebt und im Trend liegen maritim ausgerichtete Tischdekorationen.<\/p>\n<p><img decoding=\"async\" loading=\"lazy\" src=\"https:\/\/www.tafeldeko.de\/news\/wp-content\/uploads\/2014\/11\/geburtstag_maritim.jpg\" sizes=\"(max-width: 448px) 100vw, 448px\" srcset=\"https:\/\/www.tafeldeko.de\/news\/wp-content\/uploads\/2014\/11\/geburtstag_maritim.jpg 448w, https:\/\/www.tafeldeko.de\/news\/wp-content\/uploads\/2014\/11\/geburtstag_maritim-300x191.jpg 300w\" alt=\"maritime Geburtstags Tischdeko\" width=\"448\" height=\"286\" \/><\/p>\n<h2>Die maritime Geburtstags Tischdeko &#8211; ein Hingucker<\/h2>\n<p>Unter den Tischdekorationen ist die maritime Geburtstags Tischdeko wohl mit am Beliebtesten. Mit der maritimen Deko verbindet man Urlaubsfeeling, Sommer, Sonne, Strand und Meeresrauschen, f\u00fchlt sich gedanklich in die sch\u00f6nste Zeit des Jahres versetzt. Und die Accessoires, die Sie auf dem Tisch arrangieren, sorgen ebenfalls f\u00fcr sch\u00f6ne Momente und Hingucker.<br \/>\nLassen Sie sich von dem Mustertisch im <strong>maritimen Look<\/strong> inspirieren und vielleicht schm\u00fcckt bei der n\u00e4chsten Geburtstagsfeier diese Tischdeko Ihren Tisch. Tolle Elemente, gezielt und gekonnt platziert, lassen den Tisch zu einem Augenschmaus werden. Ein Tisch, an dem Ihre G\u00e4ste sehr gerne Platz nehmen und mit Ihnen zusammen einen wundervollen <a title=\"Geburtstag\" href=\"https:\/\/www.tafeldeko.de\/index.php\/cat\/c50_Tischdeko-Geburtstag.html\" target=\"_blank\" rel=\"noopener\"><strong>Geburtstag<\/strong><\/a> feiern m\u00f6chten.<br \/>\nWas ben\u00f6tigen Sie f\u00fcr diese maritime Geburtstags Tischdeko?<br \/>\nEin blauer Tischl\u00e4ufer macht sich nat\u00fcrlich hervorragend in der Tischmitte, bildet sozusagen das blaue Meer. Ein Fischernetz in Blau bringt einen ersten Akzent in Richtung Meer. Weitere folgen mit dem Leuchtturm, einem Deko Segelboot, Seesternen in Natur, Muscheln und dem s\u00fc\u00dfen Strandschl\u00e4fer-Paar. Kopicon Holz in Wei\u00df rundet das maritime Feeling ab, bringt etwas Natur auf den Tisch.<br \/>\nDie maritime Geburtstags Tischdeko kommt nat\u00fcrlich ohne <a title=\"Kerzen\" href=\"https:\/\/www.tafeldeko.de\/index.php\/cat\/c526_Kerzen---Kerzenhalter.html\" target=\"_blank\" rel=\"noopener\"><strong>Kerzen<\/strong><\/a> nicht aus. Wundersch\u00f6n und zum Thema passend, ist das Holztablett mit 4 Kerzengl\u00e4sern, dessen Kerzengl\u00e4ser mit blauen, eckigen Stumpenkerzen bef\u00fcllt werden. Etwas Dekowolle in Wollwei\u00df sorgt f\u00fcr einen weiteren Akzent.<br \/>\nMit dieser wundersch\u00f6nen Tischdekoration zum Geburtstag oder zu anderen Anl\u00e4ssen, k\u00f6nnen Sie Ihren G\u00e4sten eine tolle Basis pr\u00e4sentieren.<\/p>\n<p><a role=\"button\" href=\"https:\/\/www.tafeldeko.de\/tischdeko-ideen\/\"><br \/>\n&gt;&gt; Zu den Mustertischen &lt;&lt;<br \/>\n<\/a><\/p>\n<h2>Weitere Beitr\u00e4ge:<\/h2>\n<h2>Dekoartikel von A-Z<\/h2>\n<p><a href=\"https:\/\/www.tafeldeko.de\/tischdeko-artikel\/\"><br \/>\nJetzt entdecken <\/a><\/p>\n","protected":false},"excerpt":{"rendered":"<p>Es gibt im Leben besondere Momente und der Geburtstag ist solch einer. Ein Jahr \u00e4lter zu werden, hei\u00dft, wieder ein Jahr hinter sich zu lassen &#8211; doch man blickt auch einem neuen, sch\u00f6nen Jahr entgegen. Geburtstage sind ein Grund zum Feiern, hei\u00dft es so sch\u00f6n. Das stimmt auch. Selbst eine Geburtstagsfeier im kleinen Rahmen ist [&hellip;]<\/p>\n","protected":false},"author":6,"featured_media":5625,"comment_status":"closed","ping_status":"closed","sticky":false,"template":"","format":"standard","meta":{"footnotes":""},"categories":[1],"tags":[],"yoast_head":"<!-- This site is optimized with the Yoast SEO plugin v20.4 - https:\/\/yoast.com\/wordpress\/plugins\/seo\/ -->\n<title>Maritime Geburtstags Tischdeko - hinrei\u00dfend - Tafeldeko<\/title>\n<meta name=\"description\" content=\"Unter den Tischdekorationen ist die maritime Geburtstags Tischdeko wohl mit am Beliebtesten - Urlaubsfeeling, Sonne, Strand inklusive\" \/>\n<meta name=\"robots\" content=\"index, follow, max-snippet:-1, max-image-preview:large, max-video-preview:-1\" \/>\n<link rel=\"canonical\" href=\"https:\/\/www.tafeldeko.de\/news\/maritime-geburtstags-tischdeko-hinreissend\/\" \/>\n<meta property=\"og:locale\" content=\"de_DE\" \/>\n<meta property=\"og:type\" content=\"article\" \/>\n<meta property=\"og:title\" content=\"Maritime Geburtstags Tischdeko - hinrei\u00dfend - Tafeldeko\" \/>\n<meta property=\"og:description\" content=\"Unter den Tischdekorationen ist die maritime Geburtstags Tischdeko wohl mit am Beliebtesten - Urlaubsfeeling, Sonne, Strand inklusive\" \/>\n<meta property=\"og:url\" content=\"https:\/\/www.tafeldeko.de\/news\/maritime-geburtstags-tischdeko-hinreissend\/\" \/>\n<meta property=\"og:site_name\" content=\"Tafeldeko\" \/>\n<meta property=\"article:publisher\" content=\"https:\/\/www.facebook.com\/pages\/Tafeldeko-einzigartige-Tischdekoration\/174202655894\" \/>\n<meta property=\"article:published_time\" content=\"2014-11-12T12:01:33+00:00\" \/>\n<meta property=\"article:modified_time\" content=\"2023-02-15T11:39:44+00:00\" \/>\n<meta property=\"og:image\" content=\"https:\/\/www.tafeldeko.de\/news\/wp-content\/uploads\/2014\/11\/geburtstag_maritim.jpg\" \/>\n\t<meta property=\"og:image:width\" content=\"448\" \/>\n\t<meta property=\"og:image:height\" content=\"286\" \/>\n\t<meta property=\"og:image:type\" content=\"image\/jpeg\" \/>\n<meta name=\"author\" content=\"Tafeldeko Deko Team\" \/>\n<meta name=\"twitter:label1\" content=\"Verfasst von\" \/>\n\t<meta name=\"twitter:data1\" content=\"Tafeldeko Deko Team\" \/>\n\t<meta name=\"twitter:label2\" content=\"Gesch\u00e4tzte Lesezeit\" \/>\n\t<meta name=\"twitter:data2\" content=\"3 Minuten\" \/>\n<script type=\"application\/ld+json\" class=\"yoast-schema-graph\">{\"@context\":\"https:\/\/schema.org\",\"@graph\":[{\"@type\":\"WebPage\",\"@id\":\"https:\/\/www.tafeldeko.de\/news\/maritime-geburtstags-tischdeko-hinreissend\/\",\"url\":\"https:\/\/www.tafeldeko.de\/news\/maritime-geburtstags-tischdeko-hinreissend\/\",\"name\":\"Maritime Geburtstags Tischdeko - hinrei\u00dfend - Tafeldeko\",\"isPartOf\":{\"@id\":\"https:\/\/www.tafeldeko.de\/news\/#website\"},\"datePublished\":\"2014-11-12T12:01:33+00:00\",\"dateModified\":\"2023-02-15T11:39:44+00:00\",\"author\":{\"@id\":\"https:\/\/www.tafeldeko.de\/news\/#\/schema\/person\/dc309fbb6a3e380919fc08342c3cc233\"},\"description\":\"Unter den Tischdekorationen ist die maritime Geburtstags Tischdeko wohl mit am Beliebtesten - Urlaubsfeeling, Sonne, Strand inklusive\",\"breadcrumb\":{\"@id\":\"https:\/\/www.tafeldeko.de\/news\/maritime-geburtstags-tischdeko-hinreissend\/#breadcrumb\"},\"inLanguage\":\"de-DE\",\"potentialAction\":[{\"@type\":\"ReadAction\",\"target\":[\"https:\/\/www.tafeldeko.de\/news\/maritime-geburtstags-tischdeko-hinreissend\/\"]}]},{\"@type\":\"BreadcrumbList\",\"@id\":\"https:\/\/www.tafeldeko.de\/news\/maritime-geburtstags-tischdeko-hinreissend\/#breadcrumb\",\"itemListElement\":[{\"@type\":\"ListItem\",\"position\":1,\"name\":\"Tafeldeko\",\"item\":\"https:\/\/www.tafeldeko.de\/news\/\"},{\"@type\":\"ListItem\",\"position\":2,\"name\":\"Alte Beitr\u00e4ge\",\"item\":\"https:\/\/www.tafeldeko.de\/news\/alte-beitraege\/\"},{\"@type\":\"ListItem\",\"position\":3,\"name\":\"Tischdeko - Blog\",\"item\":\"https:\/\/www.tafeldeko.de\/news\/alte-beitraege\/tischdeko-blog\/\"},{\"@type\":\"ListItem\",\"position\":4,\"name\":\"Maritime Geburtstags Tischdeko &#8211; hinrei\u00dfend\"}]},{\"@type\":\"WebSite\",\"@id\":\"https:\/\/www.tafeldeko.de\/news\/#website\",\"url\":\"https:\/\/www.tafeldeko.de\/news\/\",\"name\":\"Tafeldeko\",\"description\":\"Blog mit Tischdeko und Tischdekoration Ideen\",\"potentialAction\":[{\"@type\":\"SearchAction\",\"target\":{\"@type\":\"EntryPoint\",\"urlTemplate\":\"https:\/\/www.tafeldeko.de\/news\/?s={search_term_string}\"},\"query-input\":\"required name=search_term_string\"}],\"inLanguage\":\"de-DE\"},{\"@type\":\"Person\",\"@id\":\"https:\/\/www.tafeldeko.de\/news\/#\/schema\/person\/dc309fbb6a3e380919fc08342c3cc233\",\"name\":\"Tafeldeko Deko Team\",\"image\":{\"@type\":\"ImageObject\",\"inLanguage\":\"de-DE\",\"@id\":\"https:\/\/www.tafeldeko.de\/news\/#\/schema\/person\/image\/\",\"url\":\"https:\/\/secure.gravatar.com\/avatar\/1e962f4040dc9996f0d200db31598854?s=96&d=mm&r=g\",\"contentUrl\":\"https:\/\/secure.gravatar.com\/avatar\/1e962f4040dc9996f0d200db31598854?s=96&d=mm&r=g\",\"caption\":\"Tafeldeko Deko Team\"}}]}<\/script>\n<!-- \/ Yoast SEO plugin. -->","yoast_head_json":{"title":"Maritime Geburtstags Tischdeko - hinrei\u00dfend - Tafeldeko","description":"Unter den Tischdekorationen ist die maritime Geburtstags Tischdeko wohl mit am Beliebtesten - Urlaubsfeeling, Sonne, Strand inklusive","robots":{"index":"index","follow":"follow","max-snippet":"max-snippet:-1","max-image-preview":"max-image-preview:large","max-video-preview":"max-video-preview:-1"},"canonical":"https:\/\/www.tafeldeko.de\/news\/maritime-geburtstags-tischdeko-hinreissend\/","og_locale":"de_DE","og_type":"article","og_title":"Maritime Geburtstags Tischdeko - hinrei\u00dfend - Tafeldeko","og_description":"Unter den Tischdekorationen ist die maritime Geburtstags Tischdeko wohl mit am Beliebtesten - Urlaubsfeeling, Sonne, Strand inklusive","og_url":"https:\/\/www.tafeldeko.de\/news\/maritime-geburtstags-tischdeko-hinreissend\/","og_site_name":"Tafeldeko","article_publisher":"https:\/\/www.facebook.com\/pages\/Tafeldeko-einzigartige-Tischdekoration\/174202655894","article_published_time":"2014-11-12T12:01:33+00:00","article_modified_time":"2023-02-15T11:39:44+00:00","og_image":[{"width":448,"height":286,"url":"https:\/\/www.tafeldeko.de\/news\/wp-content\/uploads\/2014\/11\/geburtstag_maritim.jpg","type":"image\/jpeg"}],"author":"Tafeldeko Deko Team","twitter_misc":{"Verfasst von":"Tafeldeko Deko Team","Gesch\u00e4tzte Lesezeit":"3 Minuten"},"schema":{"@context":"https:\/\/schema.org","@graph":[{"@type":"WebPage","@id":"https:\/\/www.tafeldeko.de\/news\/maritime-geburtstags-tischdeko-hinreissend\/","url":"https:\/\/www.tafeldeko.de\/news\/maritime-geburtstags-tischdeko-hinreissend\/","name":"Maritime Geburtstags Tischdeko - hinrei\u00dfend - Tafeldeko","isPartOf":{"@id":"https:\/\/www.tafeldeko.de\/news\/#website"},"datePublished":"2014-11-12T12:01:33+00:00","dateModified":"2023-02-15T11:39:44+00:00","author":{"@id":"https:\/\/www.tafeldeko.de\/news\/#\/schema\/person\/dc309fbb6a3e380919fc08342c3cc233"},"description":"Unter den Tischdekorationen ist die maritime Geburtstags Tischdeko wohl mit am Beliebtesten - Urlaubsfeeling, Sonne, Strand inklusive","breadcrumb":{"@id":"https:\/\/www.tafeldeko.de\/news\/maritime-geburtstags-tischdeko-hinreissend\/#breadcrumb"},"inLanguage":"de-DE","potentialAction":[{"@type":"ReadAction","target":["https:\/\/www.tafeldeko.de\/news\/maritime-geburtstags-tischdeko-hinreissend\/"]}]},{"@type":"BreadcrumbList","@id":"https:\/\/www.tafeldeko.de\/news\/maritime-geburtstags-tischdeko-hinreissend\/#breadcrumb","itemListElement":[{"@type":"ListItem","position":1,"name":"Tafeldeko","item":"https:\/\/www.tafeldeko.de\/news\/"},{"@type":"ListItem","position":2,"name":"Alte Beitr\u00e4ge","item":"https:\/\/www.tafeldeko.de\/news\/alte-beitraege\/"},{"@type":"ListItem","position":3,"name":"Tischdeko - Blog","item":"https:\/\/www.tafeldeko.de\/news\/alte-beitraege\/tischdeko-blog\/"},{"@type":"ListItem","position":4,"name":"Maritime Geburtstags Tischdeko &#8211; hinrei\u00dfend"}]},{"@type":"WebSite","@id":"https:\/\/www.tafeldeko.de\/news\/#website","url":"https:\/\/www.tafeldeko.de\/news\/","name":"Tafeldeko","description":"Blog mit Tischdeko und Tischdekoration Ideen","potentialAction":[{"@type":"SearchAction","target":{"@type":"EntryPoint","urlTemplate":"https:\/\/www.tafeldeko.de\/news\/?s={search_term_string}"},"query-input":"required name=search_term_string"}],"inLanguage":"de-DE"},{"@type":"Person","@id":"https:\/\/www.tafeldeko.de\/news\/#\/schema\/person\/dc309fbb6a3e380919fc08342c3cc233","name":"Tafeldeko Deko Team","image":{"@type":"ImageObject","inLanguage":"de-DE","@id":"https:\/\/www.tafeldeko.de\/news\/#\/schema\/person\/image\/","url":"https:\/\/secure.gravatar.com\/avatar\/1e962f4040dc9996f0d200db31598854?s=96&d=mm&r=g","contentUrl":"https:\/\/secure.gravatar.com\/avatar\/1e962f4040dc9996f0d200db31598854?s=96&d=mm&r=g","caption":"Tafeldeko Deko Team"}}]}},"_links":{"self":[{"href":"https:\/\/www.tafeldeko.de\/news\/wp-json\/wp\/v2\/posts\/5621"}],"collection":[{"href":"https:\/\/www.tafeldeko.de\/news\/wp-json\/wp\/v2\/posts"}],"about":[{"href":"https:\/\/www.tafeldeko.de\/news\/wp-json\/wp\/v2\/types\/post"}],"author":[{"embeddable":true,"href":"https:\/\/www.tafeldeko.de\/news\/wp-json\/wp\/v2\/users\/6"}],"replies":[{"embeddable":true,"href":"https:\/\/www.tafeldeko.de\/news\/wp-json\/wp\/v2\/comments?post=5621"}],"version-history":[{"count":8,"href":"https:\/\/www.tafeldeko.de\/news\/wp-json\/wp\/v2\/posts\/5621\/revisions"}],"predecessor-version":[{"id":23341,"href":"https:\/\/www.tafeldeko.de\/news\/wp-json\/wp\/v2\/posts\/5621\/revisions\/23341"}],"wp:featuredmedia":[{"embeddable":true,"href":"https:\/\/www.tafeldeko.de\/news\/wp-json\/wp\/v2\/media\/5625"}],"wp:attachment":[{"href":"https:\/\/www.tafeldeko.de\/news\/wp-json\/wp\/v2\/media?parent=5621"}],"wp:term":[{"taxonomy":"category","embeddable":true,"href":"https:\/\/www.tafeldeko.de\/news\/wp-json\/wp\/v2\/categories?post=5621"},{"taxonomy":"post_tag","embeddable":true,"href":"https:\/\/www.tafeldeko.de\/news\/wp-json\/wp\/v2\/tags?post=5621"}],"curies":[{"name":"wp","href":"https:\/\/api.w.org\/{rel}","templated":true}]}}