{"id":5600,"date":"2014-11-07T12:13:40","date_gmt":"2014-11-07T10:13:40","guid":{"rendered":"http:\/\/www.tafeldeko.de\/news\/?p=5600"},"modified":"2023-02-15T12:50:46","modified_gmt":"2023-02-15T11:50:46","slug":"deko-fuer-die-winterzeit-himmlisch-schoen","status":"publish","type":"post","link":"https:\/\/www.tafeldeko.de\/news\/deko-fuer-die-winterzeit-himmlisch-schoen\/","title":{"rendered":"Deko f\u00fcr die Winterzeit &#8211; himmlisch sch\u00f6n"},"content":{"rendered":"<p>Sobald die Luft k\u00e4lter wird und der Winter n\u00e4her r\u00fcckt, wird es h\u00f6chste Zeit, die Herbst Dekoration wegzupacken und f\u00fcr eine Deko f\u00fcr die Winterzeit zu sorgen. Auch sein Zuhause sollte man der Saison anpassen und ein gewisses Feeling dank dekorativer Accessoires aufkommen lassen. F\u00fcr viele Menschen ist gerade die Winterzeit die sch\u00f6nste und besinnlichste Zeit des Jahres und noch ein Grund mehr, um eine sch\u00f6ne Deko f\u00fcr die Winterzeit zu kreieren. Es gibt viele <a title=\"Deko-Ideen\" href=\"https:\/\/www.tafeldeko.de\/weihnachts-tischdeko\/\" target=\"_blank\" rel=\"noopener\"><strong>Deko-Ideen<\/strong><\/a>, die man im Winter aufgreifen kann und das Dekorieren kann einem jede Menge Spa\u00df machen. Ist man erstmals vom Deko-Fieber gepackt, wird man sich voller Tagendrang und Begeisterung ans Dekorieren wagen.<\/p>\n<p><img decoding=\"async\" loading=\"lazy\" src=\"https:\/\/www.tafeldeko.de\/news\/wp-content\/uploads\/2020\/11\/20211013_155853-1024x576.jpg\" sizes=\"(max-width: 800px) 100vw, 800px\" srcset=\"https:\/\/www.tafeldeko.de\/news\/wp-content\/uploads\/2020\/11\/20211013_155853-1024x576.jpg 1024w, https:\/\/www.tafeldeko.de\/news\/wp-content\/uploads\/2020\/11\/20211013_155853-300x169.jpg 300w, https:\/\/www.tafeldeko.de\/news\/wp-content\/uploads\/2020\/11\/20211013_155853-768x432.jpg 768w, https:\/\/www.tafeldeko.de\/news\/wp-content\/uploads\/2020\/11\/20211013_155853-1536x864.jpg 1536w, https:\/\/www.tafeldeko.de\/news\/wp-content\/uploads\/2020\/11\/20211013_155853-2048x1152.jpg 2048w, https:\/\/www.tafeldeko.de\/news\/wp-content\/uploads\/2020\/11\/20211013_155853-640x360.jpg 640w\" alt=\"Deko f\u00fcr die Winterzeit\" width=\"800\" height=\"450\" \/><\/p>\n<h2>Eine sch\u00f6ne Deko f\u00fcr die Winterzeit &#8211; so schm\u00fcckt man sein Zuhause<\/h2>\n<p>Man kann verschiedene Deko-Ideen aufgreifen, die man zum Beispiel im Internet oder auch in unterschiedlichen Magazinen gesehen hat. Des Weiteren kann man zu einer selbstgestalteten und selbst hergerichteten Dekoration tendieren. In Punkto \u201eDeko\u201c gibt es kein richtig oder falsch.<br \/>\nLetztlich ist es wichtig, dass sich das Endergebnis sehen lassen kann und f\u00fcr eine sch\u00f6ne Atmosph\u00e4re sorgt. Die Deko f\u00fcr die Winterzeit kann mit viel Kerzenschein in Szene gesetzt werden, denn gerade im Winter ist ein sch\u00f6nes Licht von gro\u00dfer Bedeutung. Sobald es dunkel wird, kann man mit Kerzen eine gro\u00dfe Portion Gem\u00fctlichkeit aufkommen lassen. Des Weiteren k\u00f6nnen glitzernde Elemente, <a title=\"Deko-Artikel\" href=\"https:\/\/www.tafeldeko.de\/index.php\/cat\/c487_Accessoires.html\" target=\"_blank\" rel=\"noopener\"><strong>Deko-Artikel<\/strong><\/a> in Schnee-Optik, Rentiere, Schneem\u00e4nner und vieles mehr in Betracht kommen. Alles was man mit dem Winter oder auch mit der Weihnachtszeit in Verbindung bringt, kann f\u00fcr die Deko genutzt werden.<br \/>\nSollte man jedoch ideenlos sein und die eine oder andere Inspiration fehlt einem noch, dann kann das Internet genau der richtige Anlaufpunkt sein. Dieses Medium ist voller Ideen, <strong>Inspirationen und Tipps<\/strong>. So sollte jedes etwas Passendes und vor allem Sch\u00f6nes finde. Mit der Deko f\u00fcr die Winterzeit setzt man tolle Akzente in seinen eigenen vier W\u00e4nden &#8211; von himmlisch bis glamour\u00f6s.<\/p>\n<p><a role=\"button\" href=\"https:\/\/www.tafeldeko.de\/tischdeko-ideen\/weihnachts-tischdeko\/\"><br \/>\n&gt;&gt; Zu den Mustertischen &lt;&lt;<br \/>\n<\/a><\/p>\n<h2>Weitere Beitr\u00e4ge:<\/h2>\n<h2>Dekoartikel von A-Z<\/h2>\n<p><a href=\"https:\/\/www.tafeldeko.de\/tischdeko-artikel\/\"><br \/>\nJetzt entdecken <\/a><\/p>\n","protected":false},"excerpt":{"rendered":"<p>Sobald die Luft k\u00e4lter wird und der Winter n\u00e4her r\u00fcckt, wird es h\u00f6chste Zeit, die Herbst Dekoration wegzupacken und f\u00fcr eine Deko f\u00fcr die Winterzeit zu sorgen. Auch sein Zuhause sollte man der Saison anpassen und ein gewisses Feeling dank dekorativer Accessoires aufkommen lassen. F\u00fcr viele Menschen ist gerade die Winterzeit die sch\u00f6nste und besinnlichste [&hellip;]<\/p>\n","protected":false},"author":6,"featured_media":14379,"comment_status":"closed","ping_status":"closed","sticky":false,"template":"","format":"standard","meta":{"footnotes":""},"categories":[1],"tags":[],"yoast_head":"<!-- This site is optimized with the Yoast SEO plugin v20.4 - https:\/\/yoast.com\/wordpress\/plugins\/seo\/ -->\n<title>Deko f\u00fcr die Winterzeit - himmlisch sch\u00f6n - Tafeldeko<\/title>\n<meta name=\"description\" content=\"F\u00fcr viele ist die Winterzeit die sch\u00f6nste und besinnlichste Zeit - ein Grund, die Deko f\u00fcr die Winterzeit zu arrangieren.\" \/>\n<meta name=\"robots\" content=\"index, follow, max-snippet:-1, max-image-preview:large, max-video-preview:-1\" \/>\n<link rel=\"canonical\" href=\"https:\/\/www.tafeldeko.de\/news\/deko-fuer-die-winterzeit-himmlisch-schoen\/\" \/>\n<meta property=\"og:locale\" content=\"de_DE\" \/>\n<meta property=\"og:type\" content=\"article\" \/>\n<meta property=\"og:title\" content=\"Deko f\u00fcr die Winterzeit - himmlisch sch\u00f6n - Tafeldeko\" \/>\n<meta property=\"og:description\" content=\"F\u00fcr viele ist die Winterzeit die sch\u00f6nste und besinnlichste Zeit - ein Grund, die Deko f\u00fcr die Winterzeit zu arrangieren.\" \/>\n<meta property=\"og:url\" content=\"https:\/\/www.tafeldeko.de\/news\/deko-fuer-die-winterzeit-himmlisch-schoen\/\" \/>\n<meta property=\"og:site_name\" content=\"Tafeldeko\" \/>\n<meta property=\"article:publisher\" content=\"https:\/\/www.facebook.com\/pages\/Tafeldeko-einzigartige-Tischdekoration\/174202655894\" \/>\n<meta property=\"article:published_time\" content=\"2014-11-07T10:13:40+00:00\" \/>\n<meta property=\"article:modified_time\" content=\"2023-02-15T11:50:46+00:00\" \/>\n<meta property=\"og:image\" content=\"https:\/\/www.tafeldeko.de\/news\/wp-content\/uploads\/2020\/11\/20211013_155853-scaled.jpg\" \/>\n\t<meta property=\"og:image:width\" content=\"2560\" \/>\n\t<meta property=\"og:image:height\" content=\"1440\" \/>\n\t<meta property=\"og:image:type\" content=\"image\/jpeg\" \/>\n<meta name=\"author\" content=\"Tafeldeko Deko Team\" \/>\n<meta name=\"twitter:label1\" content=\"Verfasst von\" \/>\n\t<meta name=\"twitter:data1\" content=\"Tafeldeko Deko Team\" \/>\n\t<meta name=\"twitter:label2\" content=\"Gesch\u00e4tzte Lesezeit\" \/>\n\t<meta name=\"twitter:data2\" content=\"2 Minuten\" \/>\n<script type=\"application\/ld+json\" class=\"yoast-schema-graph\">{\"@context\":\"https:\/\/schema.org\",\"@graph\":[{\"@type\":\"WebPage\",\"@id\":\"https:\/\/www.tafeldeko.de\/news\/deko-fuer-die-winterzeit-himmlisch-schoen\/\",\"url\":\"https:\/\/www.tafeldeko.de\/news\/deko-fuer-die-winterzeit-himmlisch-schoen\/\",\"name\":\"Deko f\u00fcr die Winterzeit - himmlisch sch\u00f6n - Tafeldeko\",\"isPartOf\":{\"@id\":\"https:\/\/www.tafeldeko.de\/news\/#website\"},\"datePublished\":\"2014-11-07T10:13:40+00:00\",\"dateModified\":\"2023-02-15T11:50:46+00:00\",\"author\":{\"@id\":\"https:\/\/www.tafeldeko.de\/news\/#\/schema\/person\/dc309fbb6a3e380919fc08342c3cc233\"},\"description\":\"F\u00fcr viele ist die Winterzeit die sch\u00f6nste und besinnlichste Zeit - ein Grund, die Deko f\u00fcr die Winterzeit zu arrangieren.\",\"breadcrumb\":{\"@id\":\"https:\/\/www.tafeldeko.de\/news\/deko-fuer-die-winterzeit-himmlisch-schoen\/#breadcrumb\"},\"inLanguage\":\"de-DE\",\"potentialAction\":[{\"@type\":\"ReadAction\",\"target\":[\"https:\/\/www.tafeldeko.de\/news\/deko-fuer-die-winterzeit-himmlisch-schoen\/\"]}]},{\"@type\":\"BreadcrumbList\",\"@id\":\"https:\/\/www.tafeldeko.de\/news\/deko-fuer-die-winterzeit-himmlisch-schoen\/#breadcrumb\",\"itemListElement\":[{\"@type\":\"ListItem\",\"position\":1,\"name\":\"Tafeldeko\",\"item\":\"https:\/\/www.tafeldeko.de\/news\/\"},{\"@type\":\"ListItem\",\"position\":2,\"name\":\"Alte Beitr\u00e4ge\",\"item\":\"https:\/\/www.tafeldeko.de\/news\/alte-beitraege\/\"},{\"@type\":\"ListItem\",\"position\":3,\"name\":\"Tischdeko - Blog\",\"item\":\"https:\/\/www.tafeldeko.de\/news\/alte-beitraege\/tischdeko-blog\/\"},{\"@type\":\"ListItem\",\"position\":4,\"name\":\"Deko f\u00fcr die Winterzeit &#8211; himmlisch sch\u00f6n\"}]},{\"@type\":\"WebSite\",\"@id\":\"https:\/\/www.tafeldeko.de\/news\/#website\",\"url\":\"https:\/\/www.tafeldeko.de\/news\/\",\"name\":\"Tafeldeko\",\"description\":\"Blog mit Tischdeko und Tischdekoration Ideen\",\"potentialAction\":[{\"@type\":\"SearchAction\",\"target\":{\"@type\":\"EntryPoint\",\"urlTemplate\":\"https:\/\/www.tafeldeko.de\/news\/?s={search_term_string}\"},\"query-input\":\"required name=search_term_string\"}],\"inLanguage\":\"de-DE\"},{\"@type\":\"Person\",\"@id\":\"https:\/\/www.tafeldeko.de\/news\/#\/schema\/person\/dc309fbb6a3e380919fc08342c3cc233\",\"name\":\"Tafeldeko Deko Team\",\"image\":{\"@type\":\"ImageObject\",\"inLanguage\":\"de-DE\",\"@id\":\"https:\/\/www.tafeldeko.de\/news\/#\/schema\/person\/image\/\",\"url\":\"https:\/\/secure.gravatar.com\/avatar\/1e962f4040dc9996f0d200db31598854?s=96&d=mm&r=g\",\"contentUrl\":\"https:\/\/secure.gravatar.com\/avatar\/1e962f4040dc9996f0d200db31598854?s=96&d=mm&r=g\",\"caption\":\"Tafeldeko Deko Team\"}}]}<\/script>\n<!-- \/ Yoast SEO plugin. -->","yoast_head_json":{"title":"Deko f\u00fcr die Winterzeit - himmlisch sch\u00f6n - Tafeldeko","description":"F\u00fcr viele ist die Winterzeit die sch\u00f6nste und besinnlichste Zeit - ein Grund, die Deko f\u00fcr die Winterzeit zu arrangieren.","robots":{"index":"index","follow":"follow","max-snippet":"max-snippet:-1","max-image-preview":"max-image-preview:large","max-video-preview":"max-video-preview:-1"},"canonical":"https:\/\/www.tafeldeko.de\/news\/deko-fuer-die-winterzeit-himmlisch-schoen\/","og_locale":"de_DE","og_type":"article","og_title":"Deko f\u00fcr die Winterzeit - himmlisch sch\u00f6n - Tafeldeko","og_description":"F\u00fcr viele ist die Winterzeit die sch\u00f6nste und besinnlichste Zeit - ein Grund, die Deko f\u00fcr die Winterzeit zu arrangieren.","og_url":"https:\/\/www.tafeldeko.de\/news\/deko-fuer-die-winterzeit-himmlisch-schoen\/","og_site_name":"Tafeldeko","article_publisher":"https:\/\/www.facebook.com\/pages\/Tafeldeko-einzigartige-Tischdekoration\/174202655894","article_published_time":"2014-11-07T10:13:40+00:00","article_modified_time":"2023-02-15T11:50:46+00:00","og_image":[{"width":2560,"height":1440,"url":"https:\/\/www.tafeldeko.de\/news\/wp-content\/uploads\/2020\/11\/20211013_155853-scaled.jpg","type":"image\/jpeg"}],"author":"Tafeldeko Deko Team","twitter_misc":{"Verfasst von":"Tafeldeko Deko Team","Gesch\u00e4tzte Lesezeit":"2 Minuten"},"schema":{"@context":"https:\/\/schema.org","@graph":[{"@type":"WebPage","@id":"https:\/\/www.tafeldeko.de\/news\/deko-fuer-die-winterzeit-himmlisch-schoen\/","url":"https:\/\/www.tafeldeko.de\/news\/deko-fuer-die-winterzeit-himmlisch-schoen\/","name":"Deko f\u00fcr die Winterzeit - himmlisch sch\u00f6n - Tafeldeko","isPartOf":{"@id":"https:\/\/www.tafeldeko.de\/news\/#website"},"datePublished":"2014-11-07T10:13:40+00:00","dateModified":"2023-02-15T11:50:46+00:00","author":{"@id":"https:\/\/www.tafeldeko.de\/news\/#\/schema\/person\/dc309fbb6a3e380919fc08342c3cc233"},"description":"F\u00fcr viele ist die Winterzeit die sch\u00f6nste und besinnlichste Zeit - ein Grund, die Deko f\u00fcr die Winterzeit zu arrangieren.","breadcrumb":{"@id":"https:\/\/www.tafeldeko.de\/news\/deko-fuer-die-winterzeit-himmlisch-schoen\/#breadcrumb"},"inLanguage":"de-DE","potentialAction":[{"@type":"ReadAction","target":["https:\/\/www.tafeldeko.de\/news\/deko-fuer-die-winterzeit-himmlisch-schoen\/"]}]},{"@type":"BreadcrumbList","@id":"https:\/\/www.tafeldeko.de\/news\/deko-fuer-die-winterzeit-himmlisch-schoen\/#breadcrumb","itemListElement":[{"@type":"ListItem","position":1,"name":"Tafeldeko","item":"https:\/\/www.tafeldeko.de\/news\/"},{"@type":"ListItem","position":2,"name":"Alte Beitr\u00e4ge","item":"https:\/\/www.tafeldeko.de\/news\/alte-beitraege\/"},{"@type":"ListItem","position":3,"name":"Tischdeko - Blog","item":"https:\/\/www.tafeldeko.de\/news\/alte-beitraege\/tischdeko-blog\/"},{"@type":"ListItem","position":4,"name":"Deko f\u00fcr die Winterzeit &#8211; himmlisch sch\u00f6n"}]},{"@type":"WebSite","@id":"https:\/\/www.tafeldeko.de\/news\/#website","url":"https:\/\/www.tafeldeko.de\/news\/","name":"Tafeldeko","description":"Blog mit Tischdeko und Tischdekoration Ideen","potentialAction":[{"@type":"SearchAction","target":{"@type":"EntryPoint","urlTemplate":"https:\/\/www.tafeldeko.de\/news\/?s={search_term_string}"},"query-input":"required name=search_term_string"}],"inLanguage":"de-DE"},{"@type":"Person","@id":"https:\/\/www.tafeldeko.de\/news\/#\/schema\/person\/dc309fbb6a3e380919fc08342c3cc233","name":"Tafeldeko Deko Team","image":{"@type":"ImageObject","inLanguage":"de-DE","@id":"https:\/\/www.tafeldeko.de\/news\/#\/schema\/person\/image\/","url":"https:\/\/secure.gravatar.com\/avatar\/1e962f4040dc9996f0d200db31598854?s=96&d=mm&r=g","contentUrl":"https:\/\/secure.gravatar.com\/avatar\/1e962f4040dc9996f0d200db31598854?s=96&d=mm&r=g","caption":"Tafeldeko Deko Team"}}]}},"_links":{"self":[{"href":"https:\/\/www.tafeldeko.de\/news\/wp-json\/wp\/v2\/posts\/5600"}],"collection":[{"href":"https:\/\/www.tafeldeko.de\/news\/wp-json\/wp\/v2\/posts"}],"about":[{"href":"https:\/\/www.tafeldeko.de\/news\/wp-json\/wp\/v2\/types\/post"}],"author":[{"embeddable":true,"href":"https:\/\/www.tafeldeko.de\/news\/wp-json\/wp\/v2\/users\/6"}],"replies":[{"embeddable":true,"href":"https:\/\/www.tafeldeko.de\/news\/wp-json\/wp\/v2\/comments?post=5600"}],"version-history":[{"count":11,"href":"https:\/\/www.tafeldeko.de\/news\/wp-json\/wp\/v2\/posts\/5600\/revisions"}],"predecessor-version":[{"id":23350,"href":"https:\/\/www.tafeldeko.de\/news\/wp-json\/wp\/v2\/posts\/5600\/revisions\/23350"}],"wp:featuredmedia":[{"embeddable":true,"href":"https:\/\/www.tafeldeko.de\/news\/wp-json\/wp\/v2\/media\/14379"}],"wp:attachment":[{"href":"https:\/\/www.tafeldeko.de\/news\/wp-json\/wp\/v2\/media?parent=5600"}],"wp:term":[{"taxonomy":"category","embeddable":true,"href":"https:\/\/www.tafeldeko.de\/news\/wp-json\/wp\/v2\/categories?post=5600"},{"taxonomy":"post_tag","embeddable":true,"href":"https:\/\/www.tafeldeko.de\/news\/wp-json\/wp\/v2\/tags?post=5600"}],"curies":[{"name":"wp","href":"https:\/\/api.w.org\/{rel}","templated":true}]}}