{"id":5568,"date":"2014-10-30T17:54:34","date_gmt":"2014-10-30T15:54:34","guid":{"rendered":"http:\/\/www.tafeldeko.de\/news\/?p=5568"},"modified":"2023-02-15T13:08:55","modified_gmt":"2023-02-15T12:08:55","slug":"tischdeko-herbst-im-bayrischen-stil","status":"publish","type":"post","link":"https:\/\/www.tafeldeko.de\/news\/tischdeko-herbst-im-bayrischen-stil\/","title":{"rendered":"Tischdeko Herbst im bayrischen Stil"},"content":{"rendered":"<p>Tischdeko Herbst im bayrischen Stil. W\u00e4hrend es drau\u00dfen jetzt wirklich so langsam in Richtung ungem\u00fctlich, tr\u00fcbe und trist geht, k\u00f6nnen wir es in unseren Wohnungen und H\u00e4usern so richtig gem\u00fctlich machen. Mit farbenfroher herbstlicher Deko k\u00f6nnen wir den tristen Herbsttagen trotzen und so manchen netten Abend zu Hause verbringen. Ein kleines Feuer im offenen Kamin, etwas Kerzenschein auf dem Tisch und M\u00f6beln unterstreicht die <strong>Gem\u00fctlichkeit<\/strong> in den eigenen vier W\u00e4nden. Und auch der Tisch bei so manchem Fest im Herbst zeigt sich von seiner sch\u00f6nsten Seite.<\/p>\n<p><img decoding=\"async\" loading=\"lazy\" src=\"https:\/\/www.tafeldeko.de\/news\/wp-content\/uploads\/2014\/10\/herbst_bayrisch1.jpg\" sizes=\"(max-width: 448px) 100vw, 448px\" srcset=\"https:\/\/www.tafeldeko.de\/news\/wp-content\/uploads\/2014\/10\/herbst_bayrisch1.jpg 448w, https:\/\/www.tafeldeko.de\/news\/wp-content\/uploads\/2014\/10\/herbst_bayrisch1-300x188.jpg 300w\" alt=\"Tischdeko Herbst bayrischen Stil\" width=\"448\" height=\"281\" \/><\/p>\n<h2>Tischdeko Herbst im bayrischen Stil &#8211; alles andere als langweilig<\/h2>\n<p>Eine tolle Idee, die Tischdeko Herbst auszustatten, ist im bayrischen Flair. Die Kombination von blau und wei\u00df wirkt schon sehr ansprechend, bringt gute Laune auf den Tisch. Mit Accessoires in bunten Farben, aus Naturmaterialien und in tollen Formen und sch\u00f6nen Motiven k\u00f6nnen Sie der <a title=\"Tischdeko Herbst \" href=\"https:\/\/www.tafeldeko.de\/index.php\/cat\/c49_Tischdeko-Herbst.html\" target=\"_blank\" rel=\"noopener\"><strong>Tischdeko Herbst<\/strong><\/a> die n\u00f6tigen Highlights verleihen. Das Sch\u00f6ne an dieser Tischdeko Herbst im bayrischen Stil: sie ist ohne gro\u00dfen Aufwand einfach und schnell zu zaubern.<br \/>\nWas ben\u00f6tigen Sie f\u00fcr diese ausdrucksstarke Tischdekoration?<br \/>\nDie Tischmitte wird mit einem Airlaid Papier Tischl\u00e4ufer bayrische Raute ausgelegt &#8211; das erste bayrische Accessoire auf dem Tisch. Hierauf finden nun die Deko-Highlights ihren Platz. Arrangieren Sie beispielsweise das Naturdeko Heu an einer Stelle und obenauf platzieren Sie Herzmagnete Alpengl\u00fcck, Herzmagnete Spatzl, bayrische Dekoherzen aus Holz, Treibholz in Natur und Naturdeko Kugeln. Das Ergebnis kann sich auf jeden Fall sehen lassen.<br \/>\nNat\u00fcrlich d\u00fcrfen bei der Tischdeko Herbst keinesfalls Kerzen und Servietten fehlen. Sie sorgen f\u00fcr weitere <strong>farbliche und optische Highlights<\/strong>. Der Kerzenteller Baumscheibe wird mit einer Kerze mit Strickmuster und einer Baumstamm Kerze in Braun best\u00fcckt. Kleine bayrische B\u00e4ren mit Eist\u00fcten oder Deko B\u00e4ren stehend umrahmen dieses Arrangement. Inmitten dieser Deko lassen sich hervorragend weitere Elemente einbringen, beispielsweise die Rebenherzen mit Schweif, kleine, bayrische B\u00e4ren mit Lebkuchenherzen und vieles mehr.<br \/>\nUnd in punkto <a title=\"Servietten\" href=\"https:\/\/www.tafeldeko.de\/index.php\/cat\/c1158_Herbst-Servietten.html\" target=\"_blank\" rel=\"noopener\"><strong>Servietten<\/strong><\/a> &#8211; diese zeigen sich ebenfalls mit bayrischem Stil. Diese Herbst Tischdeko kann sich sehen lassen &#8211; mit oder ohne Fest.<\/p>\n<p><a role=\"button\" href=\"https:\/\/www.tafeldeko.de\/tischdeko-ideen\/herbst-tischdeko\/\"><br \/>\n&gt;&gt; Zu den Mustertischen &lt;&lt;<br \/>\n<\/a><\/p>\n<h2>Weitere Beitr\u00e4ge:<\/h2>\n<h2>Dekoartikel von A-Z<\/h2>\n<p><a href=\"https:\/\/www.tafeldeko.de\/tischdeko-artikel\/\"><br \/>\nJetzt entdecken <\/a><\/p>\n","protected":false},"excerpt":{"rendered":"<p>Tischdeko Herbst im bayrischen Stil. W\u00e4hrend es drau\u00dfen jetzt wirklich so langsam in Richtung ungem\u00fctlich, tr\u00fcbe und trist geht, k\u00f6nnen wir es in unseren Wohnungen und H\u00e4usern so richtig gem\u00fctlich machen. Mit farbenfroher herbstlicher Deko k\u00f6nnen wir den tristen Herbsttagen trotzen und so manchen netten Abend zu Hause verbringen. Ein kleines Feuer im offenen Kamin, [&hellip;]<\/p>\n","protected":false},"author":6,"featured_media":5615,"comment_status":"closed","ping_status":"closed","sticky":false,"template":"","format":"standard","meta":{"footnotes":""},"categories":[1],"tags":[],"yoast_head":"<!-- This site is optimized with the Yoast SEO plugin v20.4 - https:\/\/yoast.com\/wordpress\/plugins\/seo\/ -->\n<title>Tischdeko Herbst im bayrischen Stil - Tafeldeko<\/title>\n<meta name=\"description\" content=\"Eine tolle Idee, die Tischdeko Herbst auszustatten, ist im bayrischen Stil. Was Sie daf\u00fcr ben\u00f6tigen, erfahren Sie hier.\" \/>\n<meta name=\"robots\" content=\"index, follow, max-snippet:-1, max-image-preview:large, max-video-preview:-1\" \/>\n<link rel=\"canonical\" href=\"https:\/\/www.tafeldeko.de\/news\/tischdeko-herbst-im-bayrischen-stil\/\" \/>\n<meta property=\"og:locale\" content=\"de_DE\" \/>\n<meta property=\"og:type\" content=\"article\" \/>\n<meta property=\"og:title\" content=\"Tischdeko Herbst im bayrischen Stil - Tafeldeko\" \/>\n<meta property=\"og:description\" content=\"Eine tolle Idee, die Tischdeko Herbst auszustatten, ist im bayrischen Stil. Was Sie daf\u00fcr ben\u00f6tigen, erfahren Sie hier.\" \/>\n<meta property=\"og:url\" content=\"https:\/\/www.tafeldeko.de\/news\/tischdeko-herbst-im-bayrischen-stil\/\" \/>\n<meta property=\"og:site_name\" content=\"Tafeldeko\" \/>\n<meta property=\"article:publisher\" content=\"https:\/\/www.facebook.com\/pages\/Tafeldeko-einzigartige-Tischdekoration\/174202655894\" \/>\n<meta property=\"article:published_time\" content=\"2014-10-30T15:54:34+00:00\" \/>\n<meta property=\"article:modified_time\" content=\"2023-02-15T12:08:55+00:00\" \/>\n<meta property=\"og:image\" content=\"https:\/\/www.tafeldeko.de\/news\/wp-content\/uploads\/2014\/10\/herbst_bayrisch1.jpg\" \/>\n\t<meta property=\"og:image:width\" content=\"448\" \/>\n\t<meta property=\"og:image:height\" content=\"281\" \/>\n\t<meta property=\"og:image:type\" content=\"image\/jpeg\" \/>\n<meta name=\"author\" content=\"Tafeldeko Deko Team\" \/>\n<meta name=\"twitter:label1\" content=\"Verfasst von\" \/>\n\t<meta name=\"twitter:data1\" content=\"Tafeldeko Deko Team\" \/>\n\t<meta name=\"twitter:label2\" content=\"Gesch\u00e4tzte Lesezeit\" \/>\n\t<meta name=\"twitter:data2\" content=\"3 Minuten\" \/>\n<script type=\"application\/ld+json\" class=\"yoast-schema-graph\">{\"@context\":\"https:\/\/schema.org\",\"@graph\":[{\"@type\":\"WebPage\",\"@id\":\"https:\/\/www.tafeldeko.de\/news\/tischdeko-herbst-im-bayrischen-stil\/\",\"url\":\"https:\/\/www.tafeldeko.de\/news\/tischdeko-herbst-im-bayrischen-stil\/\",\"name\":\"Tischdeko Herbst im bayrischen Stil - Tafeldeko\",\"isPartOf\":{\"@id\":\"https:\/\/www.tafeldeko.de\/news\/#website\"},\"datePublished\":\"2014-10-30T15:54:34+00:00\",\"dateModified\":\"2023-02-15T12:08:55+00:00\",\"author\":{\"@id\":\"https:\/\/www.tafeldeko.de\/news\/#\/schema\/person\/dc309fbb6a3e380919fc08342c3cc233\"},\"description\":\"Eine tolle Idee, die Tischdeko Herbst auszustatten, ist im bayrischen Stil. Was Sie daf\u00fcr ben\u00f6tigen, erfahren Sie hier.\",\"breadcrumb\":{\"@id\":\"https:\/\/www.tafeldeko.de\/news\/tischdeko-herbst-im-bayrischen-stil\/#breadcrumb\"},\"inLanguage\":\"de-DE\",\"potentialAction\":[{\"@type\":\"ReadAction\",\"target\":[\"https:\/\/www.tafeldeko.de\/news\/tischdeko-herbst-im-bayrischen-stil\/\"]}]},{\"@type\":\"BreadcrumbList\",\"@id\":\"https:\/\/www.tafeldeko.de\/news\/tischdeko-herbst-im-bayrischen-stil\/#breadcrumb\",\"itemListElement\":[{\"@type\":\"ListItem\",\"position\":1,\"name\":\"Tafeldeko\",\"item\":\"https:\/\/www.tafeldeko.de\/news\/\"},{\"@type\":\"ListItem\",\"position\":2,\"name\":\"Alte Beitr\u00e4ge\",\"item\":\"https:\/\/www.tafeldeko.de\/news\/alte-beitraege\/\"},{\"@type\":\"ListItem\",\"position\":3,\"name\":\"Tischdeko - Blog\",\"item\":\"https:\/\/www.tafeldeko.de\/news\/alte-beitraege\/tischdeko-blog\/\"},{\"@type\":\"ListItem\",\"position\":4,\"name\":\"Tischdeko Herbst im bayrischen Stil\"}]},{\"@type\":\"WebSite\",\"@id\":\"https:\/\/www.tafeldeko.de\/news\/#website\",\"url\":\"https:\/\/www.tafeldeko.de\/news\/\",\"name\":\"Tafeldeko\",\"description\":\"Blog mit Tischdeko und Tischdekoration Ideen\",\"potentialAction\":[{\"@type\":\"SearchAction\",\"target\":{\"@type\":\"EntryPoint\",\"urlTemplate\":\"https:\/\/www.tafeldeko.de\/news\/?s={search_term_string}\"},\"query-input\":\"required name=search_term_string\"}],\"inLanguage\":\"de-DE\"},{\"@type\":\"Person\",\"@id\":\"https:\/\/www.tafeldeko.de\/news\/#\/schema\/person\/dc309fbb6a3e380919fc08342c3cc233\",\"name\":\"Tafeldeko Deko Team\",\"image\":{\"@type\":\"ImageObject\",\"inLanguage\":\"de-DE\",\"@id\":\"https:\/\/www.tafeldeko.de\/news\/#\/schema\/person\/image\/\",\"url\":\"https:\/\/secure.gravatar.com\/avatar\/1e962f4040dc9996f0d200db31598854?s=96&d=mm&r=g\",\"contentUrl\":\"https:\/\/secure.gravatar.com\/avatar\/1e962f4040dc9996f0d200db31598854?s=96&d=mm&r=g\",\"caption\":\"Tafeldeko Deko Team\"}}]}<\/script>\n<!-- \/ Yoast SEO plugin. -->","yoast_head_json":{"title":"Tischdeko Herbst im bayrischen Stil - Tafeldeko","description":"Eine tolle Idee, die Tischdeko Herbst auszustatten, ist im bayrischen Stil. Was Sie daf\u00fcr ben\u00f6tigen, erfahren Sie hier.","robots":{"index":"index","follow":"follow","max-snippet":"max-snippet:-1","max-image-preview":"max-image-preview:large","max-video-preview":"max-video-preview:-1"},"canonical":"https:\/\/www.tafeldeko.de\/news\/tischdeko-herbst-im-bayrischen-stil\/","og_locale":"de_DE","og_type":"article","og_title":"Tischdeko Herbst im bayrischen Stil - Tafeldeko","og_description":"Eine tolle Idee, die Tischdeko Herbst auszustatten, ist im bayrischen Stil. Was Sie daf\u00fcr ben\u00f6tigen, erfahren Sie hier.","og_url":"https:\/\/www.tafeldeko.de\/news\/tischdeko-herbst-im-bayrischen-stil\/","og_site_name":"Tafeldeko","article_publisher":"https:\/\/www.facebook.com\/pages\/Tafeldeko-einzigartige-Tischdekoration\/174202655894","article_published_time":"2014-10-30T15:54:34+00:00","article_modified_time":"2023-02-15T12:08:55+00:00","og_image":[{"width":448,"height":281,"url":"https:\/\/www.tafeldeko.de\/news\/wp-content\/uploads\/2014\/10\/herbst_bayrisch1.jpg","type":"image\/jpeg"}],"author":"Tafeldeko Deko Team","twitter_misc":{"Verfasst von":"Tafeldeko Deko Team","Gesch\u00e4tzte Lesezeit":"3 Minuten"},"schema":{"@context":"https:\/\/schema.org","@graph":[{"@type":"WebPage","@id":"https:\/\/www.tafeldeko.de\/news\/tischdeko-herbst-im-bayrischen-stil\/","url":"https:\/\/www.tafeldeko.de\/news\/tischdeko-herbst-im-bayrischen-stil\/","name":"Tischdeko Herbst im bayrischen Stil - Tafeldeko","isPartOf":{"@id":"https:\/\/www.tafeldeko.de\/news\/#website"},"datePublished":"2014-10-30T15:54:34+00:00","dateModified":"2023-02-15T12:08:55+00:00","author":{"@id":"https:\/\/www.tafeldeko.de\/news\/#\/schema\/person\/dc309fbb6a3e380919fc08342c3cc233"},"description":"Eine tolle Idee, die Tischdeko Herbst auszustatten, ist im bayrischen Stil. Was Sie daf\u00fcr ben\u00f6tigen, erfahren Sie hier.","breadcrumb":{"@id":"https:\/\/www.tafeldeko.de\/news\/tischdeko-herbst-im-bayrischen-stil\/#breadcrumb"},"inLanguage":"de-DE","potentialAction":[{"@type":"ReadAction","target":["https:\/\/www.tafeldeko.de\/news\/tischdeko-herbst-im-bayrischen-stil\/"]}]},{"@type":"BreadcrumbList","@id":"https:\/\/www.tafeldeko.de\/news\/tischdeko-herbst-im-bayrischen-stil\/#breadcrumb","itemListElement":[{"@type":"ListItem","position":1,"name":"Tafeldeko","item":"https:\/\/www.tafeldeko.de\/news\/"},{"@type":"ListItem","position":2,"name":"Alte Beitr\u00e4ge","item":"https:\/\/www.tafeldeko.de\/news\/alte-beitraege\/"},{"@type":"ListItem","position":3,"name":"Tischdeko - Blog","item":"https:\/\/www.tafeldeko.de\/news\/alte-beitraege\/tischdeko-blog\/"},{"@type":"ListItem","position":4,"name":"Tischdeko Herbst im bayrischen Stil"}]},{"@type":"WebSite","@id":"https:\/\/www.tafeldeko.de\/news\/#website","url":"https:\/\/www.tafeldeko.de\/news\/","name":"Tafeldeko","description":"Blog mit Tischdeko und Tischdekoration Ideen","potentialAction":[{"@type":"SearchAction","target":{"@type":"EntryPoint","urlTemplate":"https:\/\/www.tafeldeko.de\/news\/?s={search_term_string}"},"query-input":"required name=search_term_string"}],"inLanguage":"de-DE"},{"@type":"Person","@id":"https:\/\/www.tafeldeko.de\/news\/#\/schema\/person\/dc309fbb6a3e380919fc08342c3cc233","name":"Tafeldeko Deko Team","image":{"@type":"ImageObject","inLanguage":"de-DE","@id":"https:\/\/www.tafeldeko.de\/news\/#\/schema\/person\/image\/","url":"https:\/\/secure.gravatar.com\/avatar\/1e962f4040dc9996f0d200db31598854?s=96&d=mm&r=g","contentUrl":"https:\/\/secure.gravatar.com\/avatar\/1e962f4040dc9996f0d200db31598854?s=96&d=mm&r=g","caption":"Tafeldeko Deko Team"}}]}},"_links":{"self":[{"href":"https:\/\/www.tafeldeko.de\/news\/wp-json\/wp\/v2\/posts\/5568"}],"collection":[{"href":"https:\/\/www.tafeldeko.de\/news\/wp-json\/wp\/v2\/posts"}],"about":[{"href":"https:\/\/www.tafeldeko.de\/news\/wp-json\/wp\/v2\/types\/post"}],"author":[{"embeddable":true,"href":"https:\/\/www.tafeldeko.de\/news\/wp-json\/wp\/v2\/users\/6"}],"replies":[{"embeddable":true,"href":"https:\/\/www.tafeldeko.de\/news\/wp-json\/wp\/v2\/comments?post=5568"}],"version-history":[{"count":10,"href":"https:\/\/www.tafeldeko.de\/news\/wp-json\/wp\/v2\/posts\/5568\/revisions"}],"predecessor-version":[{"id":23378,"href":"https:\/\/www.tafeldeko.de\/news\/wp-json\/wp\/v2\/posts\/5568\/revisions\/23378"}],"wp:featuredmedia":[{"embeddable":true,"href":"https:\/\/www.tafeldeko.de\/news\/wp-json\/wp\/v2\/media\/5615"}],"wp:attachment":[{"href":"https:\/\/www.tafeldeko.de\/news\/wp-json\/wp\/v2\/media?parent=5568"}],"wp:term":[{"taxonomy":"category","embeddable":true,"href":"https:\/\/www.tafeldeko.de\/news\/wp-json\/wp\/v2\/categories?post=5568"},{"taxonomy":"post_tag","embeddable":true,"href":"https:\/\/www.tafeldeko.de\/news\/wp-json\/wp\/v2\/tags?post=5568"}],"curies":[{"name":"wp","href":"https:\/\/api.w.org\/{rel}","templated":true}]}}