{"id":5544,"date":"2014-10-23T20:46:06","date_gmt":"2014-10-23T18:46:06","guid":{"rendered":"http:\/\/www.tafeldeko.de\/news\/?p=5544"},"modified":"2023-02-15T13:52:02","modified_gmt":"2023-02-15T12:52:02","slug":"tischdeko-zum-advent-wunderschoen","status":"publish","type":"post","link":"https:\/\/www.tafeldeko.de\/news\/tischdeko-zum-advent-wunderschoen\/","title":{"rendered":"Tischdeko zum Advent &#8211; wundersch\u00f6n"},"content":{"rendered":"<p>Die Zeit rast und wie bald schon feiern wir den ersten Advent. Bereits einige Tage vor dem 1. Advent wird weihnachtlich geschm\u00fcckt, alles leuchtet, gl\u00e4nzt und strahlt. Und auch auf dem Tisch kann eine <strong>tolle Adventsdeko<\/strong> das gewisse vorweihnachtliche Ambiente in die Wohnung bringen.<\/p>\n<p><img decoding=\"async\" loading=\"lazy\" src=\"https:\/\/www.tafeldeko.de\/news\/wp-content\/uploads\/2014\/10\/weihnachten_braunaubergine.jpg\" sizes=\"(max-width: 448px) 100vw, 448px\" srcset=\"https:\/\/www.tafeldeko.de\/news\/wp-content\/uploads\/2014\/10\/weihnachten_braunaubergine.jpg 448w, https:\/\/www.tafeldeko.de\/news\/wp-content\/uploads\/2014\/10\/weihnachten_braunaubergine-300x192.jpg 300w\" alt=\"Tischdeko zum Advent\" width=\"448\" height=\"288\" \/><\/p>\n<h2>Tischdeko zum Advent &#8211; der Tisch leuchtet<\/h2>\n<p>Der <strong>Mustertisch<\/strong> zeigt auf wundersch\u00f6ne Weise, wie die Tischdeko zum Advent aussehen kann. Ein sch\u00f6ner Adventskranz ist sozusagen Pflicht und sorgt f\u00fcr das passende Ambiente. Dass es nicht unbedingt der runde Adventskranz sein muss, zeigt dieses wundervolle Adventskranzgestell Nordic mit 4 Kerzentellern. Die <a title=\"runden Stumpenkerzen\" href=\"https:\/\/www.tafeldeko.de\/index.php\/cat\/c528_Runde-Stumpenkerzen.html\" target=\"_blank\" rel=\"noopener\"><strong>runden Stumpenkerzen<\/strong><\/a> machen dieses Adventskranzgestell zum echten <strong>Hingucker<\/strong>. Und in punkto Basis bieten sich viele M\u00f6glichkeiten, mit denen man das Gestell versch\u00f6nern kann. In diesem Falle verspr\u00fcht Weihnachts-Sternanis, getrocknet, einen angenehmen, weihnachtlichen Duft und schm\u00fcckt den modern ausgestatteten Adventskranz. Zwei kleine Kantenhocker Engel mit Federfl\u00fcgeln und Mandoline zieren den Rand, verleihen der Deko weitere weihnachtliche Akzente.<br \/>\nNat\u00fcrlich kann das Adventskranzgestell auch mit anderen Accessoires verziert werden. Orangenscheiben, kleine Weihnachtskugeln, Tannenzweige, Thuja- und Buchszweige und vieles mehr kann als Blickfang und Farbklecks agieren.<br \/>\nDieses Arrangement alleine auf dem Tisch, schafft eine sch\u00f6ne, <strong>vorweihnachtliche Stimmung<\/strong>. Um weitere Accessoires erg\u00e4nzt, k\u00f6nnen Sie eine eindrucksvolle Tischdeko zu Weihnachten oder zum vorweihnachtlichen Kaffeekr\u00e4nzchen arrangieren.<br \/>\nWas ben\u00f6tigen Sie f\u00fcr die Tischdeko zum Advent?<br \/>\nBasis ist bei diesem Mustertisch eine braune Tischdecke, die mit dunkelbraunem Sizoweb Tischband und Tischband Fripe in Nougat erg\u00e4nzt wird. Dekofiguren wie der Weihnachtsmann Santa Curl, Rattan Kugeln, Holz Weihnachtsschmuck als Schaukelpferd und kleine Engel erg\u00e4nzen das Bild auf sch\u00f6ne Art. Wer Blumen liebt und das auch zur Weihnachtszeit, kann die Glas Vase mit Perlen und Kordel in Wei\u00df mit Kunstblumen Allium mit Schnee und Glitzer in Wei\u00df und Lila als <strong>Blickfang<\/strong> &#8211; beispielsweise am Tischrand &#8211; aufstellen. <a title=\"Servietten\" href=\"https:\/\/www.tafeldeko.de\/index.php\/cat\/c1159_Weihnacht-Servietten.html\" target=\"_blank\" rel=\"noopener\"><strong>Servietten<\/strong><\/a> geh\u00f6ren auch zu Weihnachten zur Tischdeko. Hier wurden verschiedene Servietten mit Weihnachtsmotiven als Anregung arrangiert.<br \/>\nWir w\u00fcnschen Ihnen eine wundervolle Vorweihnachtszeit und ein sch\u00f6nes Weihnachtsfest mit Ihren Lieben.<\/p>\n<p><a role=\"button\" href=\"https:\/\/www.tafeldeko.de\/tischdeko-ideen\/weihnachts-tischdeko\/\"><br \/>\n&gt;&gt; Zu den Mustertischen &lt;&lt;<br \/>\n<\/a><\/p>\n<h2>Weitere Beitr\u00e4ge:<\/h2>\n<h2>Dekoartikel von A-Z<\/h2>\n<p><a href=\"https:\/\/www.tafeldeko.de\/tischdeko-artikel\/\"><br \/>\nJetzt entdecken <\/a><\/p>\n","protected":false},"excerpt":{"rendered":"<p>Die Zeit rast und wie bald schon feiern wir den ersten Advent. Bereits einige Tage vor dem 1. Advent wird weihnachtlich geschm\u00fcckt, alles leuchtet, gl\u00e4nzt und strahlt. Und auch auf dem Tisch kann eine tolle Adventsdeko das gewisse vorweihnachtliche Ambiente in die Wohnung bringen. Tischdeko zum Advent &#8211; der Tisch leuchtet Der Mustertisch zeigt auf [&hellip;]<\/p>\n","protected":false},"author":6,"featured_media":5651,"comment_status":"closed","ping_status":"closed","sticky":false,"template":"","format":"standard","meta":{"footnotes":""},"categories":[1],"tags":[],"yoast_head":"<!-- This site is optimized with the Yoast SEO plugin v20.4 - https:\/\/yoast.com\/wordpress\/plugins\/seo\/ -->\n<title>Tischdeko zum Advent - wundersch\u00f6n - Tafeldeko<\/title>\n<meta name=\"description\" content=\"Der Mustertisch zeigt auf wundersch\u00f6ne Weise, wie die Tischdeko zum Advent aussehen kann. Wundersch\u00f6n und ein echter Hingucker.\" \/>\n<meta name=\"robots\" content=\"index, follow, max-snippet:-1, max-image-preview:large, max-video-preview:-1\" \/>\n<link rel=\"canonical\" href=\"https:\/\/www.tafeldeko.de\/news\/tischdeko-zum-advent-wunderschoen\/\" \/>\n<meta property=\"og:locale\" content=\"de_DE\" \/>\n<meta property=\"og:type\" content=\"article\" \/>\n<meta property=\"og:title\" content=\"Tischdeko zum Advent - wundersch\u00f6n - Tafeldeko\" \/>\n<meta property=\"og:description\" content=\"Der Mustertisch zeigt auf wundersch\u00f6ne Weise, wie die Tischdeko zum Advent aussehen kann. Wundersch\u00f6n und ein echter Hingucker.\" \/>\n<meta property=\"og:url\" content=\"https:\/\/www.tafeldeko.de\/news\/tischdeko-zum-advent-wunderschoen\/\" \/>\n<meta property=\"og:site_name\" content=\"Tafeldeko\" \/>\n<meta property=\"article:publisher\" content=\"https:\/\/www.facebook.com\/pages\/Tafeldeko-einzigartige-Tischdekoration\/174202655894\" \/>\n<meta property=\"article:published_time\" content=\"2014-10-23T18:46:06+00:00\" \/>\n<meta property=\"article:modified_time\" content=\"2023-02-15T12:52:02+00:00\" \/>\n<meta property=\"og:image\" content=\"https:\/\/www.tafeldeko.de\/news\/wp-content\/uploads\/2014\/10\/weihnachten_braunaubergine1.jpg\" \/>\n\t<meta property=\"og:image:width\" content=\"448\" \/>\n\t<meta property=\"og:image:height\" content=\"288\" \/>\n\t<meta property=\"og:image:type\" content=\"image\/jpeg\" \/>\n<meta name=\"author\" content=\"Tafeldeko Deko Team\" \/>\n<meta name=\"twitter:label1\" content=\"Verfasst von\" \/>\n\t<meta name=\"twitter:data1\" content=\"Tafeldeko Deko Team\" \/>\n\t<meta name=\"twitter:label2\" content=\"Gesch\u00e4tzte Lesezeit\" \/>\n\t<meta name=\"twitter:data2\" content=\"3 Minuten\" \/>\n<script type=\"application\/ld+json\" class=\"yoast-schema-graph\">{\"@context\":\"https:\/\/schema.org\",\"@graph\":[{\"@type\":\"WebPage\",\"@id\":\"https:\/\/www.tafeldeko.de\/news\/tischdeko-zum-advent-wunderschoen\/\",\"url\":\"https:\/\/www.tafeldeko.de\/news\/tischdeko-zum-advent-wunderschoen\/\",\"name\":\"Tischdeko zum Advent - wundersch\u00f6n - Tafeldeko\",\"isPartOf\":{\"@id\":\"https:\/\/www.tafeldeko.de\/news\/#website\"},\"datePublished\":\"2014-10-23T18:46:06+00:00\",\"dateModified\":\"2023-02-15T12:52:02+00:00\",\"author\":{\"@id\":\"https:\/\/www.tafeldeko.de\/news\/#\/schema\/person\/dc309fbb6a3e380919fc08342c3cc233\"},\"description\":\"Der Mustertisch zeigt auf wundersch\u00f6ne Weise, wie die Tischdeko zum Advent aussehen kann. Wundersch\u00f6n und ein echter Hingucker.\",\"breadcrumb\":{\"@id\":\"https:\/\/www.tafeldeko.de\/news\/tischdeko-zum-advent-wunderschoen\/#breadcrumb\"},\"inLanguage\":\"de-DE\",\"potentialAction\":[{\"@type\":\"ReadAction\",\"target\":[\"https:\/\/www.tafeldeko.de\/news\/tischdeko-zum-advent-wunderschoen\/\"]}]},{\"@type\":\"BreadcrumbList\",\"@id\":\"https:\/\/www.tafeldeko.de\/news\/tischdeko-zum-advent-wunderschoen\/#breadcrumb\",\"itemListElement\":[{\"@type\":\"ListItem\",\"position\":1,\"name\":\"Tafeldeko\",\"item\":\"https:\/\/www.tafeldeko.de\/news\/\"},{\"@type\":\"ListItem\",\"position\":2,\"name\":\"Alte Beitr\u00e4ge\",\"item\":\"https:\/\/www.tafeldeko.de\/news\/alte-beitraege\/\"},{\"@type\":\"ListItem\",\"position\":3,\"name\":\"Tischdeko - Blog\",\"item\":\"https:\/\/www.tafeldeko.de\/news\/alte-beitraege\/tischdeko-blog\/\"},{\"@type\":\"ListItem\",\"position\":4,\"name\":\"Tischdeko zum Advent &#8211; wundersch\u00f6n\"}]},{\"@type\":\"WebSite\",\"@id\":\"https:\/\/www.tafeldeko.de\/news\/#website\",\"url\":\"https:\/\/www.tafeldeko.de\/news\/\",\"name\":\"Tafeldeko\",\"description\":\"Blog mit Tischdeko und Tischdekoration Ideen\",\"potentialAction\":[{\"@type\":\"SearchAction\",\"target\":{\"@type\":\"EntryPoint\",\"urlTemplate\":\"https:\/\/www.tafeldeko.de\/news\/?s={search_term_string}\"},\"query-input\":\"required name=search_term_string\"}],\"inLanguage\":\"de-DE\"},{\"@type\":\"Person\",\"@id\":\"https:\/\/www.tafeldeko.de\/news\/#\/schema\/person\/dc309fbb6a3e380919fc08342c3cc233\",\"name\":\"Tafeldeko Deko Team\",\"image\":{\"@type\":\"ImageObject\",\"inLanguage\":\"de-DE\",\"@id\":\"https:\/\/www.tafeldeko.de\/news\/#\/schema\/person\/image\/\",\"url\":\"https:\/\/secure.gravatar.com\/avatar\/1e962f4040dc9996f0d200db31598854?s=96&d=mm&r=g\",\"contentUrl\":\"https:\/\/secure.gravatar.com\/avatar\/1e962f4040dc9996f0d200db31598854?s=96&d=mm&r=g\",\"caption\":\"Tafeldeko Deko Team\"}}]}<\/script>\n<!-- \/ Yoast SEO plugin. -->","yoast_head_json":{"title":"Tischdeko zum Advent - wundersch\u00f6n - Tafeldeko","description":"Der Mustertisch zeigt auf wundersch\u00f6ne Weise, wie die Tischdeko zum Advent aussehen kann. Wundersch\u00f6n und ein echter Hingucker.","robots":{"index":"index","follow":"follow","max-snippet":"max-snippet:-1","max-image-preview":"max-image-preview:large","max-video-preview":"max-video-preview:-1"},"canonical":"https:\/\/www.tafeldeko.de\/news\/tischdeko-zum-advent-wunderschoen\/","og_locale":"de_DE","og_type":"article","og_title":"Tischdeko zum Advent - wundersch\u00f6n - Tafeldeko","og_description":"Der Mustertisch zeigt auf wundersch\u00f6ne Weise, wie die Tischdeko zum Advent aussehen kann. Wundersch\u00f6n und ein echter Hingucker.","og_url":"https:\/\/www.tafeldeko.de\/news\/tischdeko-zum-advent-wunderschoen\/","og_site_name":"Tafeldeko","article_publisher":"https:\/\/www.facebook.com\/pages\/Tafeldeko-einzigartige-Tischdekoration\/174202655894","article_published_time":"2014-10-23T18:46:06+00:00","article_modified_time":"2023-02-15T12:52:02+00:00","og_image":[{"width":448,"height":288,"url":"https:\/\/www.tafeldeko.de\/news\/wp-content\/uploads\/2014\/10\/weihnachten_braunaubergine1.jpg","type":"image\/jpeg"}],"author":"Tafeldeko Deko Team","twitter_misc":{"Verfasst von":"Tafeldeko Deko Team","Gesch\u00e4tzte Lesezeit":"3 Minuten"},"schema":{"@context":"https:\/\/schema.org","@graph":[{"@type":"WebPage","@id":"https:\/\/www.tafeldeko.de\/news\/tischdeko-zum-advent-wunderschoen\/","url":"https:\/\/www.tafeldeko.de\/news\/tischdeko-zum-advent-wunderschoen\/","name":"Tischdeko zum Advent - wundersch\u00f6n - Tafeldeko","isPartOf":{"@id":"https:\/\/www.tafeldeko.de\/news\/#website"},"datePublished":"2014-10-23T18:46:06+00:00","dateModified":"2023-02-15T12:52:02+00:00","author":{"@id":"https:\/\/www.tafeldeko.de\/news\/#\/schema\/person\/dc309fbb6a3e380919fc08342c3cc233"},"description":"Der Mustertisch zeigt auf wundersch\u00f6ne Weise, wie die Tischdeko zum Advent aussehen kann. Wundersch\u00f6n und ein echter Hingucker.","breadcrumb":{"@id":"https:\/\/www.tafeldeko.de\/news\/tischdeko-zum-advent-wunderschoen\/#breadcrumb"},"inLanguage":"de-DE","potentialAction":[{"@type":"ReadAction","target":["https:\/\/www.tafeldeko.de\/news\/tischdeko-zum-advent-wunderschoen\/"]}]},{"@type":"BreadcrumbList","@id":"https:\/\/www.tafeldeko.de\/news\/tischdeko-zum-advent-wunderschoen\/#breadcrumb","itemListElement":[{"@type":"ListItem","position":1,"name":"Tafeldeko","item":"https:\/\/www.tafeldeko.de\/news\/"},{"@type":"ListItem","position":2,"name":"Alte Beitr\u00e4ge","item":"https:\/\/www.tafeldeko.de\/news\/alte-beitraege\/"},{"@type":"ListItem","position":3,"name":"Tischdeko - Blog","item":"https:\/\/www.tafeldeko.de\/news\/alte-beitraege\/tischdeko-blog\/"},{"@type":"ListItem","position":4,"name":"Tischdeko zum Advent &#8211; wundersch\u00f6n"}]},{"@type":"WebSite","@id":"https:\/\/www.tafeldeko.de\/news\/#website","url":"https:\/\/www.tafeldeko.de\/news\/","name":"Tafeldeko","description":"Blog mit Tischdeko und Tischdekoration Ideen","potentialAction":[{"@type":"SearchAction","target":{"@type":"EntryPoint","urlTemplate":"https:\/\/www.tafeldeko.de\/news\/?s={search_term_string}"},"query-input":"required name=search_term_string"}],"inLanguage":"de-DE"},{"@type":"Person","@id":"https:\/\/www.tafeldeko.de\/news\/#\/schema\/person\/dc309fbb6a3e380919fc08342c3cc233","name":"Tafeldeko Deko Team","image":{"@type":"ImageObject","inLanguage":"de-DE","@id":"https:\/\/www.tafeldeko.de\/news\/#\/schema\/person\/image\/","url":"https:\/\/secure.gravatar.com\/avatar\/1e962f4040dc9996f0d200db31598854?s=96&d=mm&r=g","contentUrl":"https:\/\/secure.gravatar.com\/avatar\/1e962f4040dc9996f0d200db31598854?s=96&d=mm&r=g","caption":"Tafeldeko Deko Team"}}]}},"_links":{"self":[{"href":"https:\/\/www.tafeldeko.de\/news\/wp-json\/wp\/v2\/posts\/5544"}],"collection":[{"href":"https:\/\/www.tafeldeko.de\/news\/wp-json\/wp\/v2\/posts"}],"about":[{"href":"https:\/\/www.tafeldeko.de\/news\/wp-json\/wp\/v2\/types\/post"}],"author":[{"embeddable":true,"href":"https:\/\/www.tafeldeko.de\/news\/wp-json\/wp\/v2\/users\/6"}],"replies":[{"embeddable":true,"href":"https:\/\/www.tafeldeko.de\/news\/wp-json\/wp\/v2\/comments?post=5544"}],"version-history":[{"count":9,"href":"https:\/\/www.tafeldeko.de\/news\/wp-json\/wp\/v2\/posts\/5544\/revisions"}],"predecessor-version":[{"id":23391,"href":"https:\/\/www.tafeldeko.de\/news\/wp-json\/wp\/v2\/posts\/5544\/revisions\/23391"}],"wp:featuredmedia":[{"embeddable":true,"href":"https:\/\/www.tafeldeko.de\/news\/wp-json\/wp\/v2\/media\/5651"}],"wp:attachment":[{"href":"https:\/\/www.tafeldeko.de\/news\/wp-json\/wp\/v2\/media?parent=5544"}],"wp:term":[{"taxonomy":"category","embeddable":true,"href":"https:\/\/www.tafeldeko.de\/news\/wp-json\/wp\/v2\/categories?post=5544"},{"taxonomy":"post_tag","embeddable":true,"href":"https:\/\/www.tafeldeko.de\/news\/wp-json\/wp\/v2\/tags?post=5544"}],"curies":[{"name":"wp","href":"https:\/\/api.w.org\/{rel}","templated":true}]}}