{"id":5510,"date":"2014-10-15T14:32:30","date_gmt":"2014-10-15T12:32:30","guid":{"rendered":"http:\/\/www.tafeldeko.de\/news\/?p=5510"},"modified":"2014-10-15T14:47:21","modified_gmt":"2014-10-15T12:47:21","slug":"geburtstagseinladung-laedt-man-ein","status":"publish","type":"post","link":"https:\/\/www.tafeldeko.de\/news\/geburtstagseinladung-laedt-man-ein\/","title":{"rendered":"Geburtstagseinladung &#8211; so l\u00e4dt man ein"},"content":{"rendered":"<p><a href=\"https:\/\/www.tafeldeko.de\/news\/wp-content\/uploads\/2014\/09\/einladung_geburtstag_tuerkispink.jpg\"><img decoding=\"async\" loading=\"lazy\" class=\"alignleft size-full wp-image-1189\" src=\"https:\/\/www.tafeldeko.de\/news\/wp-content\/uploads\/2014\/09\/einladung_geburtstag_tuerkispink.jpg\" alt=\"Geburtstagseinladung\" width=\"240\" height=\"240\" srcset=\"https:\/\/www.tafeldeko.de\/news\/wp-content\/uploads\/2014\/09\/einladung_geburtstag_tuerkispink.jpg 240w, https:\/\/www.tafeldeko.de\/news\/wp-content\/uploads\/2014\/09\/einladung_geburtstag_tuerkispink-150x150.jpg 150w\" sizes=\"(max-width: 240px) 100vw, 240px\" \/><\/a>Mit der Geburtstagseinladung l\u00e4dt man seine G\u00e4ste ein, ob Freunde, Bekannte, Arbeitskollegen oder die Verwandtschaft &#8211; eine Einladung ist immer etwas Sch\u00f6nes. Ein <a title=\"Geburtstag\" href=\"https:\/\/www.tafeldeko.de\/index.php\/cat\/c50_Tischdeko-Geburtstag.html\" target=\"_blank\"><strong>Geburtstag<\/strong><\/a>, f\u00fcr den schriftlich eingeladen wird, hat gleich einen anderen Charakter und macht das Feiern besonders. Schlie\u00dflich hat man als Gast alle wichtigen Details schwarz auf wei\u00df und kann sich die Geburtstagseinladung zum Beispiel an die Pinnwand h\u00e4ngen oder in unmittelbarer N\u00e4he hinlegen, damit man immer wieder an diesen besonderen Tag erinnert wird. Eine Geburtstagseinladung ist nicht nur etwas f\u00fcr einen runden Geburtstag, sondern f\u00fcr jeden Geburtstag geeignet &#8211; ob f\u00fcr Jung oder Alt.<\/p>\n<h2>Wie soll eine Geburtstagseinladung \u00fcberhaupt aussehen?<\/h2>\n<p>Hierbei gehen die Geschm\u00e4cker und Vorstellungen gewiss auseinander. Man kann nach Lust und Laune eine<strong> individuelle Geburtstagseinladung<\/strong> gestalten und mit etwas Fingerspitzengef\u00fchl und einer Portion Kreativit\u00e4t wird man eine tolle Einladung kreieren. Ben\u00f6tigt man allerdings noch die eine oder andere Idee, kann man sich im Internet inspirieren lassen. Auf der Geburtstagseinladung kann beispielsweise ein Foto aus Kindheitstagen, ein aktuelles Foto vom Gastgeber, das besagte Alter und vieles mehr seinen Platz finden. Des Weiteren gibt es in der Gestaltung an sich kaum Grenzen. So kann man eine Drehscheibe mit allen wichtigen Informationen entwerfen oder man kreiert eine Karte zum Aufklappen oder Schieben- Ideen gibt es unendlich viele und jedes Geburtstagskind wird etwas Passendes f\u00fcr seinen Geburtstag finden.<br \/>\nAu\u00dferdem ist eine <strong>Mottoparty<\/strong> auch eine sehr originelle Idee. Widmet sich man einem bestimmten Motto zu, kann man jede Menge Spa\u00df ins Spiel bringen. Charakteristisch f\u00fcr eine Mottoparty ist, dass sowohl die Aufmachung der G\u00e4ste als auch die Dekoration zum Thema des Abends passen. Beim Motto hat man sozusagen die Qual der Wahl &#8211; Helden aus der Kindheit, Flower Power, Stars und Sternchen, Karibische Nacht und vieles mehr &#8211; die Auswahl ist grenzenlos. Wer sich f\u00fcr eine Mottoparty entscheidet, sollt dies auch entsprechend auf der Geburtstagseinladung mitteilen. Dann kann einem unvergesslichen und sch\u00f6nen Geburtstag nichts mehr im Wege stehen.<\/p>\n","protected":false},"excerpt":{"rendered":"<p>Mit der Geburtstagseinladung l\u00e4dt man seine G\u00e4ste ein, ob Freunde, Bekannte, Arbeitskollegen oder die Verwandtschaft &#8211; eine Einladung ist immer etwas Sch\u00f6nes. Ein Geburtstag, f\u00fcr den schriftlich eingeladen wird, hat gleich einen anderen Charakter und macht das Feiern besonders. Schlie\u00dflich hat man als Gast alle wichtigen Details schwarz auf wei\u00df und kann sich die Geburtstagseinladung [&hellip;]<\/p>\n","protected":false},"author":6,"featured_media":1189,"comment_status":"closed","ping_status":"closed","sticky":false,"template":"","format":"standard","meta":{"footnotes":""},"categories":[1],"tags":[],"yoast_head":"<!-- This site is optimized with the Yoast SEO plugin v20.4 - https:\/\/yoast.com\/wordpress\/plugins\/seo\/ -->\n<title>Geburtstagseinladung - so l\u00e4dt man ein - Tafeldeko<\/title>\n<meta name=\"description\" content=\"Mit der Geburtstagseinladung l\u00e4dt man seine G\u00e4ste ein und je sch\u00f6ner sie gestaltet ist, umso gr\u00f6\u00dfer ist die Vorfreude der G\u00e4ste.\" \/>\n<meta name=\"robots\" content=\"index, follow, max-snippet:-1, max-image-preview:large, max-video-preview:-1\" \/>\n<link rel=\"canonical\" href=\"https:\/\/www.tafeldeko.de\/news\/geburtstagseinladung-laedt-man-ein\/\" \/>\n<meta property=\"og:locale\" content=\"de_DE\" \/>\n<meta property=\"og:type\" content=\"article\" \/>\n<meta property=\"og:title\" content=\"Geburtstagseinladung - so l\u00e4dt man ein - Tafeldeko\" \/>\n<meta property=\"og:description\" content=\"Mit der Geburtstagseinladung l\u00e4dt man seine G\u00e4ste ein und je sch\u00f6ner sie gestaltet ist, umso gr\u00f6\u00dfer ist die Vorfreude der G\u00e4ste.\" \/>\n<meta property=\"og:url\" content=\"https:\/\/www.tafeldeko.de\/news\/geburtstagseinladung-laedt-man-ein\/\" \/>\n<meta property=\"og:site_name\" content=\"Tafeldeko\" \/>\n<meta property=\"article:publisher\" content=\"https:\/\/www.facebook.com\/pages\/Tafeldeko-einzigartige-Tischdekoration\/174202655894\" \/>\n<meta property=\"article:published_time\" content=\"2014-10-15T12:32:30+00:00\" \/>\n<meta property=\"article:modified_time\" content=\"2014-10-15T12:47:21+00:00\" \/>\n<meta property=\"og:image\" content=\"https:\/\/www.tafeldeko.de\/news\/wp-content\/uploads\/2014\/09\/einladung_geburtstag_tuerkispink.jpg\" \/>\n\t<meta property=\"og:image:width\" content=\"240\" \/>\n\t<meta property=\"og:image:height\" content=\"240\" \/>\n\t<meta property=\"og:image:type\" content=\"image\/jpeg\" \/>\n<meta name=\"author\" content=\"Tafeldeko Deko Team\" \/>\n<meta name=\"twitter:label1\" content=\"Verfasst von\" \/>\n\t<meta name=\"twitter:data1\" content=\"Tafeldeko Deko Team\" \/>\n\t<meta name=\"twitter:label2\" content=\"Gesch\u00e4tzte Lesezeit\" \/>\n\t<meta name=\"twitter:data2\" content=\"2 Minuten\" \/>\n<script type=\"application\/ld+json\" class=\"yoast-schema-graph\">{\"@context\":\"https:\/\/schema.org\",\"@graph\":[{\"@type\":\"WebPage\",\"@id\":\"https:\/\/www.tafeldeko.de\/news\/geburtstagseinladung-laedt-man-ein\/\",\"url\":\"https:\/\/www.tafeldeko.de\/news\/geburtstagseinladung-laedt-man-ein\/\",\"name\":\"Geburtstagseinladung - so l\u00e4dt man ein - Tafeldeko\",\"isPartOf\":{\"@id\":\"https:\/\/www.tafeldeko.de\/news\/#website\"},\"datePublished\":\"2014-10-15T12:32:30+00:00\",\"dateModified\":\"2014-10-15T12:47:21+00:00\",\"author\":{\"@id\":\"https:\/\/www.tafeldeko.de\/news\/#\/schema\/person\/dc309fbb6a3e380919fc08342c3cc233\"},\"description\":\"Mit der Geburtstagseinladung l\u00e4dt man seine G\u00e4ste ein und je sch\u00f6ner sie gestaltet ist, umso gr\u00f6\u00dfer ist die Vorfreude der G\u00e4ste.\",\"breadcrumb\":{\"@id\":\"https:\/\/www.tafeldeko.de\/news\/geburtstagseinladung-laedt-man-ein\/#breadcrumb\"},\"inLanguage\":\"de-DE\",\"potentialAction\":[{\"@type\":\"ReadAction\",\"target\":[\"https:\/\/www.tafeldeko.de\/news\/geburtstagseinladung-laedt-man-ein\/\"]}]},{\"@type\":\"BreadcrumbList\",\"@id\":\"https:\/\/www.tafeldeko.de\/news\/geburtstagseinladung-laedt-man-ein\/#breadcrumb\",\"itemListElement\":[{\"@type\":\"ListItem\",\"position\":1,\"name\":\"Tafeldeko\",\"item\":\"https:\/\/www.tafeldeko.de\/news\/\"},{\"@type\":\"ListItem\",\"position\":2,\"name\":\"Alte Beitr\u00e4ge\",\"item\":\"https:\/\/www.tafeldeko.de\/news\/alte-beitraege\/\"},{\"@type\":\"ListItem\",\"position\":3,\"name\":\"Tischdeko - Blog\",\"item\":\"https:\/\/www.tafeldeko.de\/news\/alte-beitraege\/tischdeko-blog\/\"},{\"@type\":\"ListItem\",\"position\":4,\"name\":\"Geburtstagseinladung &#8211; so l\u00e4dt man ein\"}]},{\"@type\":\"WebSite\",\"@id\":\"https:\/\/www.tafeldeko.de\/news\/#website\",\"url\":\"https:\/\/www.tafeldeko.de\/news\/\",\"name\":\"Tafeldeko\",\"description\":\"Blog mit Tischdeko und Tischdekoration Ideen\",\"potentialAction\":[{\"@type\":\"SearchAction\",\"target\":{\"@type\":\"EntryPoint\",\"urlTemplate\":\"https:\/\/www.tafeldeko.de\/news\/?s={search_term_string}\"},\"query-input\":\"required name=search_term_string\"}],\"inLanguage\":\"de-DE\"},{\"@type\":\"Person\",\"@id\":\"https:\/\/www.tafeldeko.de\/news\/#\/schema\/person\/dc309fbb6a3e380919fc08342c3cc233\",\"name\":\"Tafeldeko Deko Team\",\"image\":{\"@type\":\"ImageObject\",\"inLanguage\":\"de-DE\",\"@id\":\"https:\/\/www.tafeldeko.de\/news\/#\/schema\/person\/image\/\",\"url\":\"https:\/\/secure.gravatar.com\/avatar\/1e962f4040dc9996f0d200db31598854?s=96&d=mm&r=g\",\"contentUrl\":\"https:\/\/secure.gravatar.com\/avatar\/1e962f4040dc9996f0d200db31598854?s=96&d=mm&r=g\",\"caption\":\"Tafeldeko Deko Team\"}}]}<\/script>\n<!-- \/ Yoast SEO plugin. -->","yoast_head_json":{"title":"Geburtstagseinladung - so l\u00e4dt man ein - Tafeldeko","description":"Mit der Geburtstagseinladung l\u00e4dt man seine G\u00e4ste ein und je sch\u00f6ner sie gestaltet ist, umso gr\u00f6\u00dfer ist die Vorfreude der G\u00e4ste.","robots":{"index":"index","follow":"follow","max-snippet":"max-snippet:-1","max-image-preview":"max-image-preview:large","max-video-preview":"max-video-preview:-1"},"canonical":"https:\/\/www.tafeldeko.de\/news\/geburtstagseinladung-laedt-man-ein\/","og_locale":"de_DE","og_type":"article","og_title":"Geburtstagseinladung - so l\u00e4dt man ein - Tafeldeko","og_description":"Mit der Geburtstagseinladung l\u00e4dt man seine G\u00e4ste ein und je sch\u00f6ner sie gestaltet ist, umso gr\u00f6\u00dfer ist die Vorfreude der G\u00e4ste.","og_url":"https:\/\/www.tafeldeko.de\/news\/geburtstagseinladung-laedt-man-ein\/","og_site_name":"Tafeldeko","article_publisher":"https:\/\/www.facebook.com\/pages\/Tafeldeko-einzigartige-Tischdekoration\/174202655894","article_published_time":"2014-10-15T12:32:30+00:00","article_modified_time":"2014-10-15T12:47:21+00:00","og_image":[{"width":240,"height":240,"url":"https:\/\/www.tafeldeko.de\/news\/wp-content\/uploads\/2014\/09\/einladung_geburtstag_tuerkispink.jpg","type":"image\/jpeg"}],"author":"Tafeldeko Deko Team","twitter_misc":{"Verfasst von":"Tafeldeko Deko Team","Gesch\u00e4tzte Lesezeit":"2 Minuten"},"schema":{"@context":"https:\/\/schema.org","@graph":[{"@type":"WebPage","@id":"https:\/\/www.tafeldeko.de\/news\/geburtstagseinladung-laedt-man-ein\/","url":"https:\/\/www.tafeldeko.de\/news\/geburtstagseinladung-laedt-man-ein\/","name":"Geburtstagseinladung - so l\u00e4dt man ein - Tafeldeko","isPartOf":{"@id":"https:\/\/www.tafeldeko.de\/news\/#website"},"datePublished":"2014-10-15T12:32:30+00:00","dateModified":"2014-10-15T12:47:21+00:00","author":{"@id":"https:\/\/www.tafeldeko.de\/news\/#\/schema\/person\/dc309fbb6a3e380919fc08342c3cc233"},"description":"Mit der Geburtstagseinladung l\u00e4dt man seine G\u00e4ste ein und je sch\u00f6ner sie gestaltet ist, umso gr\u00f6\u00dfer ist die Vorfreude der G\u00e4ste.","breadcrumb":{"@id":"https:\/\/www.tafeldeko.de\/news\/geburtstagseinladung-laedt-man-ein\/#breadcrumb"},"inLanguage":"de-DE","potentialAction":[{"@type":"ReadAction","target":["https:\/\/www.tafeldeko.de\/news\/geburtstagseinladung-laedt-man-ein\/"]}]},{"@type":"BreadcrumbList","@id":"https:\/\/www.tafeldeko.de\/news\/geburtstagseinladung-laedt-man-ein\/#breadcrumb","itemListElement":[{"@type":"ListItem","position":1,"name":"Tafeldeko","item":"https:\/\/www.tafeldeko.de\/news\/"},{"@type":"ListItem","position":2,"name":"Alte Beitr\u00e4ge","item":"https:\/\/www.tafeldeko.de\/news\/alte-beitraege\/"},{"@type":"ListItem","position":3,"name":"Tischdeko - Blog","item":"https:\/\/www.tafeldeko.de\/news\/alte-beitraege\/tischdeko-blog\/"},{"@type":"ListItem","position":4,"name":"Geburtstagseinladung &#8211; so l\u00e4dt man ein"}]},{"@type":"WebSite","@id":"https:\/\/www.tafeldeko.de\/news\/#website","url":"https:\/\/www.tafeldeko.de\/news\/","name":"Tafeldeko","description":"Blog mit Tischdeko und Tischdekoration Ideen","potentialAction":[{"@type":"SearchAction","target":{"@type":"EntryPoint","urlTemplate":"https:\/\/www.tafeldeko.de\/news\/?s={search_term_string}"},"query-input":"required name=search_term_string"}],"inLanguage":"de-DE"},{"@type":"Person","@id":"https:\/\/www.tafeldeko.de\/news\/#\/schema\/person\/dc309fbb6a3e380919fc08342c3cc233","name":"Tafeldeko Deko Team","image":{"@type":"ImageObject","inLanguage":"de-DE","@id":"https:\/\/www.tafeldeko.de\/news\/#\/schema\/person\/image\/","url":"https:\/\/secure.gravatar.com\/avatar\/1e962f4040dc9996f0d200db31598854?s=96&d=mm&r=g","contentUrl":"https:\/\/secure.gravatar.com\/avatar\/1e962f4040dc9996f0d200db31598854?s=96&d=mm&r=g","caption":"Tafeldeko Deko Team"}}]}},"_links":{"self":[{"href":"https:\/\/www.tafeldeko.de\/news\/wp-json\/wp\/v2\/posts\/5510"}],"collection":[{"href":"https:\/\/www.tafeldeko.de\/news\/wp-json\/wp\/v2\/posts"}],"about":[{"href":"https:\/\/www.tafeldeko.de\/news\/wp-json\/wp\/v2\/types\/post"}],"author":[{"embeddable":true,"href":"https:\/\/www.tafeldeko.de\/news\/wp-json\/wp\/v2\/users\/6"}],"replies":[{"embeddable":true,"href":"https:\/\/www.tafeldeko.de\/news\/wp-json\/wp\/v2\/comments?post=5510"}],"version-history":[{"count":4,"href":"https:\/\/www.tafeldeko.de\/news\/wp-json\/wp\/v2\/posts\/5510\/revisions"}],"predecessor-version":[{"id":5514,"href":"https:\/\/www.tafeldeko.de\/news\/wp-json\/wp\/v2\/posts\/5510\/revisions\/5514"}],"wp:featuredmedia":[{"embeddable":true,"href":"https:\/\/www.tafeldeko.de\/news\/wp-json\/wp\/v2\/media\/1189"}],"wp:attachment":[{"href":"https:\/\/www.tafeldeko.de\/news\/wp-json\/wp\/v2\/media?parent=5510"}],"wp:term":[{"taxonomy":"category","embeddable":true,"href":"https:\/\/www.tafeldeko.de\/news\/wp-json\/wp\/v2\/categories?post=5510"},{"taxonomy":"post_tag","embeddable":true,"href":"https:\/\/www.tafeldeko.de\/news\/wp-json\/wp\/v2\/tags?post=5510"}],"curies":[{"name":"wp","href":"https:\/\/api.w.org\/{rel}","templated":true}]}}