{"id":5492,"date":"2014-10-08T21:55:56","date_gmt":"2014-10-08T19:55:56","guid":{"rendered":"http:\/\/www.tafeldeko.de\/news\/?p=5492"},"modified":"2023-02-16T08:22:55","modified_gmt":"2023-02-16T07:22:55","slug":"tischdeko-im-september-wunderschoen","status":"publish","type":"post","link":"https:\/\/www.tafeldeko.de\/news\/tischdeko-im-september-wunderschoen\/","title":{"rendered":"Tischdeko im September &#8211; wundersch\u00f6n"},"content":{"rendered":"<p>Der<br \/>\nMonat September l\u00e4utet langsam das Ende des Sommers ein und gibt den<br \/>\nWeg in Richtung des Herbstes an. Dies muss jedoch kein Grund f\u00fcr<br \/>\nschlechte Laune sein, sondern kann ein sch\u00f6ner Grund zum Dekorieren<br \/>\nsein.<\/p>\n<p><img decoding=\"async\" loading=\"lazy\" src=\"https:\/\/www.tafeldeko.de\/news\/wp-content\/uploads\/2014\/10\/servietten_herbstzeit.jpg\" sizes=\"(max-width: 250px) 100vw, 250px\" srcset=\"https:\/\/www.tafeldeko.de\/news\/wp-content\/uploads\/2014\/10\/servietten_herbstzeit.jpg 250w, https:\/\/www.tafeldeko.de\/news\/wp-content\/uploads\/2014\/10\/servietten_herbstzeit-150x150.jpg 150w\" alt=\"Tischdeko im September Servietten Herbstzeit\" width=\"250\" height=\"250\" \/><\/p>\n<h2>Tischdeko im September &#8211; mit Elementen des Herbstes<\/h2>\n<p>Bei der Tischdeko im September kann man bereits Elemente aus dem Herbst aufgreifen, wie bunte Bl\u00e4tter, Trauben, Getreide, Sonnenblumen und vieles mehr. Wer an den Herbst denkt, dem wird eine Vielzahl von m\u00f6glichen Herbst-Accessoires in den Sinn kommen und das Dekorieren kann sozusagen beginnen. Und sollte es g\u00e4nzlich an Ideen fehlen, lohnt ein Blick auf die <a title=\"Mustertische\" href=\"https:\/\/www.tafeldeko.de\/herbst-tischdeko\/\" target=\"_blank\" rel=\"noopener\"><strong>Mustertische<\/strong><\/a> von Tafeldeko. Selbst die verschiedenen Accessoires k\u00f6nnen f\u00fcr hinrei\u00dfende Ideen f\u00fcr eine Tischdeko im September oder anderen Monaten sorgen.<br \/>\nOb man eine Tischdeko im September ben\u00f6tigt, weil man einen gem\u00fctlichen Abend mit Freunden oder seinen Geburtstag genie\u00dfen m\u00f6chte, ist sehr unterschiedlich. Sch\u00f6n ist es auf jeden Fall, wenn man einen liebevoll gedeckten Tisch vorfindet. Da macht das Feiern gleich doppelt so viel Freude und sobald sich die G\u00e4ste wohlf\u00fchlen, ist der Gastgeber mehr als zufrieden.<br \/>\nF\u00fcr die Tischdeko im September kann man zum Beispiel zu den herbstlichen Servietten von Tafeldeko greifen. Hier gibt es eine gro\u00dfe Auswahl an verschiedenen Motiven und Farben, so dass garantiert auch etwas zu Ihnen und Ihrer Tischdeko passt.<br \/>\nBeispielsweise k\u00f6nnen bunt gef\u00e4rbte Bl\u00e4tter und sch\u00f6ne Ornamente der Serviette das gew\u00fcnschte <strong>herbstliche Feeling<\/strong> verleihen und diese kann zum wahren Highlight auf dem Tisch werden. Daneben k\u00f6nnen Naturmaterialen, die der Herbst zu bieten hat, <a title=\"Kerzen\" href=\"https:\/\/www.tafeldeko.de\/index.php\/cat\/c1260_Herbst-Kerzen-und-Gl%C3%A4ser.html\" target=\"_blank\" rel=\"noopener\"><strong>Kerzen<\/strong><\/a> oder auch Streuteile aus Holz die herbstliche Tischdeko hervorragend abrunden. Wer die Liebe zum Detail zeigt, kann sich sicher sein, dass man zu einem sch\u00f6nen Endergebnis kommen wird. Oktoberfest oder auch ein Abend mit Wein und Zwiebelkuchen sind Anl\u00e4sse, die man im September gerne zum Feiern nutzen kann &#8211; einen Grund zum Feiern l\u00e4sst sich meistens schnell finden.<\/p>\n<p><a role=\"button\" href=\"https:\/\/www.tafeldeko.de\/tischdeko-ideen\/\"><br \/>\n&gt;&gt; Zu den Mustertischen &lt;&lt;<br \/>\n<\/a><\/p>\n<h2>Weitere Beitr\u00e4ge:<\/h2>\n<h2>Dekoartikel von A-Z<\/h2>\n<p><a href=\"https:\/\/www.tafeldeko.de\/tischdeko-artikel\/\"><br \/>\nJetzt entdecken <\/a><\/p>\n","protected":false},"excerpt":{"rendered":"<p>Der Monat September l\u00e4utet langsam das Ende des Sommers ein und gibt den Weg in Richtung des Herbstes an. Dies muss jedoch kein Grund f\u00fcr schlechte Laune sein, sondern kann ein sch\u00f6ner Grund zum Dekorieren sein. Tischdeko im September &#8211; mit Elementen des Herbstes Bei der Tischdeko im September kann man bereits Elemente aus dem [&hellip;]<\/p>\n","protected":false},"author":6,"featured_media":5493,"comment_status":"closed","ping_status":"closed","sticky":false,"template":"","format":"standard","meta":{"footnotes":""},"categories":[1],"tags":[],"yoast_head":"<!-- This site is optimized with the Yoast SEO plugin v20.4 - https:\/\/yoast.com\/wordpress\/plugins\/seo\/ -->\n<title>Tischdeko im September - wundersch\u00f6n - Tafeldeko<\/title>\n<meta name=\"description\" content=\"Bei der Tischdeko im September kann man bereits Elemente aus dem Herbst aufgreifen, bunte Bl\u00e4tter und Blumen sorgen f\u00fcr Farbe.\" \/>\n<meta name=\"robots\" content=\"index, follow, max-snippet:-1, max-image-preview:large, max-video-preview:-1\" \/>\n<link rel=\"canonical\" href=\"https:\/\/www.tafeldeko.de\/news\/tischdeko-im-september-wunderschoen\/\" \/>\n<meta property=\"og:locale\" content=\"de_DE\" \/>\n<meta property=\"og:type\" content=\"article\" \/>\n<meta property=\"og:title\" content=\"Tischdeko im September - wundersch\u00f6n - Tafeldeko\" \/>\n<meta property=\"og:description\" content=\"Bei der Tischdeko im September kann man bereits Elemente aus dem Herbst aufgreifen, bunte Bl\u00e4tter und Blumen sorgen f\u00fcr Farbe.\" \/>\n<meta property=\"og:url\" content=\"https:\/\/www.tafeldeko.de\/news\/tischdeko-im-september-wunderschoen\/\" \/>\n<meta property=\"og:site_name\" content=\"Tafeldeko\" \/>\n<meta property=\"article:publisher\" content=\"https:\/\/www.facebook.com\/pages\/Tafeldeko-einzigartige-Tischdekoration\/174202655894\" \/>\n<meta property=\"article:published_time\" content=\"2014-10-08T19:55:56+00:00\" \/>\n<meta property=\"article:modified_time\" content=\"2023-02-16T07:22:55+00:00\" \/>\n<meta property=\"og:image\" content=\"https:\/\/www.tafeldeko.de\/news\/wp-content\/uploads\/2014\/10\/servietten_herbstzeit.jpg\" \/>\n\t<meta property=\"og:image:width\" content=\"250\" \/>\n\t<meta property=\"og:image:height\" content=\"250\" \/>\n\t<meta property=\"og:image:type\" content=\"image\/jpeg\" \/>\n<meta name=\"author\" content=\"Tafeldeko Deko Team\" \/>\n<meta name=\"twitter:label1\" content=\"Verfasst von\" \/>\n\t<meta name=\"twitter:data1\" content=\"Tafeldeko Deko Team\" \/>\n\t<meta name=\"twitter:label2\" content=\"Gesch\u00e4tzte Lesezeit\" \/>\n\t<meta name=\"twitter:data2\" content=\"2 Minuten\" \/>\n<script type=\"application\/ld+json\" class=\"yoast-schema-graph\">{\"@context\":\"https:\/\/schema.org\",\"@graph\":[{\"@type\":\"WebPage\",\"@id\":\"https:\/\/www.tafeldeko.de\/news\/tischdeko-im-september-wunderschoen\/\",\"url\":\"https:\/\/www.tafeldeko.de\/news\/tischdeko-im-september-wunderschoen\/\",\"name\":\"Tischdeko im September - wundersch\u00f6n - Tafeldeko\",\"isPartOf\":{\"@id\":\"https:\/\/www.tafeldeko.de\/news\/#website\"},\"datePublished\":\"2014-10-08T19:55:56+00:00\",\"dateModified\":\"2023-02-16T07:22:55+00:00\",\"author\":{\"@id\":\"https:\/\/www.tafeldeko.de\/news\/#\/schema\/person\/dc309fbb6a3e380919fc08342c3cc233\"},\"description\":\"Bei der Tischdeko im September kann man bereits Elemente aus dem Herbst aufgreifen, bunte Bl\u00e4tter und Blumen sorgen f\u00fcr Farbe.\",\"breadcrumb\":{\"@id\":\"https:\/\/www.tafeldeko.de\/news\/tischdeko-im-september-wunderschoen\/#breadcrumb\"},\"inLanguage\":\"de-DE\",\"potentialAction\":[{\"@type\":\"ReadAction\",\"target\":[\"https:\/\/www.tafeldeko.de\/news\/tischdeko-im-september-wunderschoen\/\"]}]},{\"@type\":\"BreadcrumbList\",\"@id\":\"https:\/\/www.tafeldeko.de\/news\/tischdeko-im-september-wunderschoen\/#breadcrumb\",\"itemListElement\":[{\"@type\":\"ListItem\",\"position\":1,\"name\":\"Tafeldeko\",\"item\":\"https:\/\/www.tafeldeko.de\/news\/\"},{\"@type\":\"ListItem\",\"position\":2,\"name\":\"Alte Beitr\u00e4ge\",\"item\":\"https:\/\/www.tafeldeko.de\/news\/alte-beitraege\/\"},{\"@type\":\"ListItem\",\"position\":3,\"name\":\"Tischdeko - Blog\",\"item\":\"https:\/\/www.tafeldeko.de\/news\/alte-beitraege\/tischdeko-blog\/\"},{\"@type\":\"ListItem\",\"position\":4,\"name\":\"Tischdeko im September &#8211; wundersch\u00f6n\"}]},{\"@type\":\"WebSite\",\"@id\":\"https:\/\/www.tafeldeko.de\/news\/#website\",\"url\":\"https:\/\/www.tafeldeko.de\/news\/\",\"name\":\"Tafeldeko\",\"description\":\"Blog mit Tischdeko und Tischdekoration Ideen\",\"potentialAction\":[{\"@type\":\"SearchAction\",\"target\":{\"@type\":\"EntryPoint\",\"urlTemplate\":\"https:\/\/www.tafeldeko.de\/news\/?s={search_term_string}\"},\"query-input\":\"required name=search_term_string\"}],\"inLanguage\":\"de-DE\"},{\"@type\":\"Person\",\"@id\":\"https:\/\/www.tafeldeko.de\/news\/#\/schema\/person\/dc309fbb6a3e380919fc08342c3cc233\",\"name\":\"Tafeldeko Deko Team\",\"image\":{\"@type\":\"ImageObject\",\"inLanguage\":\"de-DE\",\"@id\":\"https:\/\/www.tafeldeko.de\/news\/#\/schema\/person\/image\/\",\"url\":\"https:\/\/secure.gravatar.com\/avatar\/1e962f4040dc9996f0d200db31598854?s=96&d=mm&r=g\",\"contentUrl\":\"https:\/\/secure.gravatar.com\/avatar\/1e962f4040dc9996f0d200db31598854?s=96&d=mm&r=g\",\"caption\":\"Tafeldeko Deko Team\"}}]}<\/script>\n<!-- \/ Yoast SEO plugin. -->","yoast_head_json":{"title":"Tischdeko im September - wundersch\u00f6n - Tafeldeko","description":"Bei der Tischdeko im September kann man bereits Elemente aus dem Herbst aufgreifen, bunte Bl\u00e4tter und Blumen sorgen f\u00fcr Farbe.","robots":{"index":"index","follow":"follow","max-snippet":"max-snippet:-1","max-image-preview":"max-image-preview:large","max-video-preview":"max-video-preview:-1"},"canonical":"https:\/\/www.tafeldeko.de\/news\/tischdeko-im-september-wunderschoen\/","og_locale":"de_DE","og_type":"article","og_title":"Tischdeko im September - wundersch\u00f6n - Tafeldeko","og_description":"Bei der Tischdeko im September kann man bereits Elemente aus dem Herbst aufgreifen, bunte Bl\u00e4tter und Blumen sorgen f\u00fcr Farbe.","og_url":"https:\/\/www.tafeldeko.de\/news\/tischdeko-im-september-wunderschoen\/","og_site_name":"Tafeldeko","article_publisher":"https:\/\/www.facebook.com\/pages\/Tafeldeko-einzigartige-Tischdekoration\/174202655894","article_published_time":"2014-10-08T19:55:56+00:00","article_modified_time":"2023-02-16T07:22:55+00:00","og_image":[{"width":250,"height":250,"url":"https:\/\/www.tafeldeko.de\/news\/wp-content\/uploads\/2014\/10\/servietten_herbstzeit.jpg","type":"image\/jpeg"}],"author":"Tafeldeko Deko Team","twitter_misc":{"Verfasst von":"Tafeldeko Deko Team","Gesch\u00e4tzte Lesezeit":"2 Minuten"},"schema":{"@context":"https:\/\/schema.org","@graph":[{"@type":"WebPage","@id":"https:\/\/www.tafeldeko.de\/news\/tischdeko-im-september-wunderschoen\/","url":"https:\/\/www.tafeldeko.de\/news\/tischdeko-im-september-wunderschoen\/","name":"Tischdeko im September - wundersch\u00f6n - Tafeldeko","isPartOf":{"@id":"https:\/\/www.tafeldeko.de\/news\/#website"},"datePublished":"2014-10-08T19:55:56+00:00","dateModified":"2023-02-16T07:22:55+00:00","author":{"@id":"https:\/\/www.tafeldeko.de\/news\/#\/schema\/person\/dc309fbb6a3e380919fc08342c3cc233"},"description":"Bei der Tischdeko im September kann man bereits Elemente aus dem Herbst aufgreifen, bunte Bl\u00e4tter und Blumen sorgen f\u00fcr Farbe.","breadcrumb":{"@id":"https:\/\/www.tafeldeko.de\/news\/tischdeko-im-september-wunderschoen\/#breadcrumb"},"inLanguage":"de-DE","potentialAction":[{"@type":"ReadAction","target":["https:\/\/www.tafeldeko.de\/news\/tischdeko-im-september-wunderschoen\/"]}]},{"@type":"BreadcrumbList","@id":"https:\/\/www.tafeldeko.de\/news\/tischdeko-im-september-wunderschoen\/#breadcrumb","itemListElement":[{"@type":"ListItem","position":1,"name":"Tafeldeko","item":"https:\/\/www.tafeldeko.de\/news\/"},{"@type":"ListItem","position":2,"name":"Alte Beitr\u00e4ge","item":"https:\/\/www.tafeldeko.de\/news\/alte-beitraege\/"},{"@type":"ListItem","position":3,"name":"Tischdeko - Blog","item":"https:\/\/www.tafeldeko.de\/news\/alte-beitraege\/tischdeko-blog\/"},{"@type":"ListItem","position":4,"name":"Tischdeko im September &#8211; wundersch\u00f6n"}]},{"@type":"WebSite","@id":"https:\/\/www.tafeldeko.de\/news\/#website","url":"https:\/\/www.tafeldeko.de\/news\/","name":"Tafeldeko","description":"Blog mit Tischdeko und Tischdekoration Ideen","potentialAction":[{"@type":"SearchAction","target":{"@type":"EntryPoint","urlTemplate":"https:\/\/www.tafeldeko.de\/news\/?s={search_term_string}"},"query-input":"required name=search_term_string"}],"inLanguage":"de-DE"},{"@type":"Person","@id":"https:\/\/www.tafeldeko.de\/news\/#\/schema\/person\/dc309fbb6a3e380919fc08342c3cc233","name":"Tafeldeko Deko Team","image":{"@type":"ImageObject","inLanguage":"de-DE","@id":"https:\/\/www.tafeldeko.de\/news\/#\/schema\/person\/image\/","url":"https:\/\/secure.gravatar.com\/avatar\/1e962f4040dc9996f0d200db31598854?s=96&d=mm&r=g","contentUrl":"https:\/\/secure.gravatar.com\/avatar\/1e962f4040dc9996f0d200db31598854?s=96&d=mm&r=g","caption":"Tafeldeko Deko Team"}}]}},"_links":{"self":[{"href":"https:\/\/www.tafeldeko.de\/news\/wp-json\/wp\/v2\/posts\/5492"}],"collection":[{"href":"https:\/\/www.tafeldeko.de\/news\/wp-json\/wp\/v2\/posts"}],"about":[{"href":"https:\/\/www.tafeldeko.de\/news\/wp-json\/wp\/v2\/types\/post"}],"author":[{"embeddable":true,"href":"https:\/\/www.tafeldeko.de\/news\/wp-json\/wp\/v2\/users\/6"}],"replies":[{"embeddable":true,"href":"https:\/\/www.tafeldeko.de\/news\/wp-json\/wp\/v2\/comments?post=5492"}],"version-history":[{"count":8,"href":"https:\/\/www.tafeldeko.de\/news\/wp-json\/wp\/v2\/posts\/5492\/revisions"}],"predecessor-version":[{"id":23446,"href":"https:\/\/www.tafeldeko.de\/news\/wp-json\/wp\/v2\/posts\/5492\/revisions\/23446"}],"wp:featuredmedia":[{"embeddable":true,"href":"https:\/\/www.tafeldeko.de\/news\/wp-json\/wp\/v2\/media\/5493"}],"wp:attachment":[{"href":"https:\/\/www.tafeldeko.de\/news\/wp-json\/wp\/v2\/media?parent=5492"}],"wp:term":[{"taxonomy":"category","embeddable":true,"href":"https:\/\/www.tafeldeko.de\/news\/wp-json\/wp\/v2\/categories?post=5492"},{"taxonomy":"post_tag","embeddable":true,"href":"https:\/\/www.tafeldeko.de\/news\/wp-json\/wp\/v2\/tags?post=5492"}],"curies":[{"name":"wp","href":"https:\/\/api.w.org\/{rel}","templated":true}]}}