{"id":5489,"date":"2014-10-08T19:53:29","date_gmt":"2014-10-08T17:53:29","guid":{"rendered":"http:\/\/www.tafeldeko.de\/news\/?p=5489"},"modified":"2014-10-08T19:56:13","modified_gmt":"2014-10-08T17:56:13","slug":"tischdekoration-zum-thema-herbst","status":"publish","type":"post","link":"https:\/\/www.tafeldeko.de\/news\/tischdekoration-zum-thema-herbst\/","title":{"rendered":"Tischdekoration zum Thema Herbst"},"content":{"rendered":"<p><a href=\"https:\/\/www.tafeldeko.de\/news\/wp-content\/uploads\/2014\/10\/teelichtglas_ahorn_gruen.jpg\"><img decoding=\"async\" loading=\"lazy\" class=\"alignleft size-full wp-image-5490\" src=\"https:\/\/www.tafeldeko.de\/news\/wp-content\/uploads\/2014\/10\/teelichtglas_ahorn_gruen.jpg\" alt=\"Tischdeko zum Herbst Teelichtglas Ahorn\" width=\"250\" height=\"250\" srcset=\"https:\/\/www.tafeldeko.de\/news\/wp-content\/uploads\/2014\/10\/teelichtglas_ahorn_gruen.jpg 250w, https:\/\/www.tafeldeko.de\/news\/wp-content\/uploads\/2014\/10\/teelichtglas_ahorn_gruen-150x150.jpg 150w\" sizes=\"(max-width: 250px) 100vw, 250px\" \/><\/a>Bei der Tischdeko im Herbst kommt Farbe auf den Tisch und in den Raum. Der Herbst kann sich von seiner sch\u00f6nsten Seite zeigen und ist keinesfalls eine trostlose oder sogar langweilige Jahreszeit. Auch wenn die Tage k\u00fcrzer werden und es fr\u00fcher dunkler wird, ist dies kein Grund zur Besorgnis. Ganz im Gegenteil, denn wer eine sch\u00f6ne Tischdekoration kreiert, wird ein sch\u00f6nes Zuhause vorfinden k\u00f6nnen und den Herbst auf eine ganz besondere Art und Weise erleben. So wird man sich freuen, wenn man beispielsweise nach einem anstrengenden Arbeitstag nach Hause kommt und sich auf Anhieb wohlf\u00fchlt. Da spielt die Deko eine entscheidende Rolle.<\/p>\n<h2>Tischdekoration zum Thema Herbst mit Kerzenschein<\/h2>\n<p>Teelichter sorgen f\u00fcr Gem\u00fctlichkeit und genau dieses w\u00fcnscht man sich zur Herbstzeit. Auch bei der Tischdekoration zum Thema <a title=\"Herbst\" href=\"https:\/\/www.tafeldeko.de\/index.php\/cat\/c49_Tischdeko-Herbst.html\" target=\"_blank\"><strong>Herbst<\/strong><\/a> hat man eine Vielzahl von M\u00f6glichkeiten um eine sch\u00f6ne Dekoration auf die Beine zu stellen. Der Blickfang kann beispielsweise das Teelichtglas mit dem Ahornblatt aus Stoff in Gr\u00fcn darstellen und somit einen sch\u00f6nen Beitrag zur Tischdekoration zum Thema Herbst leisten. Das Teelichtglas stellt eine Verbindung zum Herbst dar und die Bastkordel und dem Ahornblatt aus Stoff passen hervorragend zur herbstlichen Tischdekoration &#8211; ein <strong>farbenpr\u00e4chtiger Akzent<\/strong> ist geschaffen. Kombiniert man weitere dekorative Accessoires miteinander, wie <a title=\"Naturmaterialien\" href=\"https:\/\/www.tafeldeko.de\/index.php\/cat\/c1329_Naturdeko.html\" target=\"_blank\"><strong>Naturmaterialien<\/strong><\/a>, herbstliche Servietten oder auch Deko-Figuren, kann man eine einzigartige und zugleich sch\u00f6ne Tischdekoration kreieren.<br \/>\nStehen dar\u00fcber hinaus Feierlichkeiten oder Feste vor der T\u00fcr, wie ein Geburtstag oder sogar eine Hochzeit, kann man ebenfalls das Thema \u201eHerbst\u201c aufgreifen. Es besteht auch die M\u00f6glichkeit, eine edle und stilvolle Tischdekoration zusammenzustellen. Hierbei kann man die Goldt\u00f6ne des Herbstes aufgreifen und in Nu eine<strong> glamour\u00f6se Tischdekoration<\/strong> auf den Tisch zaubern. Man muss sich nur an die Aufgabe heranwagen und sich der Herausforderung stellen. Das Ergebnis wird sich sehen lassen k\u00f6nnen und wer noch die eine oder andere Idee ben\u00f6tigt, kann das Internet als Informationsquelle f\u00fcr sich nutzen.<\/p>\n","protected":false},"excerpt":{"rendered":"<p>Bei der Tischdeko im Herbst kommt Farbe auf den Tisch und in den Raum. Der Herbst kann sich von seiner sch\u00f6nsten Seite zeigen und ist keinesfalls eine trostlose oder sogar langweilige Jahreszeit. Auch wenn die Tage k\u00fcrzer werden und es fr\u00fcher dunkler wird, ist dies kein Grund zur Besorgnis. Ganz im Gegenteil, denn wer eine [&hellip;]<\/p>\n","protected":false},"author":6,"featured_media":5490,"comment_status":"closed","ping_status":"closed","sticky":false,"template":"","format":"standard","meta":{"footnotes":""},"categories":[1],"tags":[],"yoast_head":"<!-- This site is optimized with the Yoast SEO plugin v20.4 - https:\/\/yoast.com\/wordpress\/plugins\/seo\/ -->\n<title>Tischdekoration zum Thema Herbst - Tafeldeko<\/title>\n<meta name=\"description\" content=\"Tischdekoration zum Thema Herbst - ein echter, farbenfroher Blickfang, der mit Naturmaterialien und Kerzen das gewisse Etwas erh\u00e4lt.\" \/>\n<meta name=\"robots\" content=\"index, follow, max-snippet:-1, max-image-preview:large, max-video-preview:-1\" \/>\n<link rel=\"canonical\" href=\"https:\/\/www.tafeldeko.de\/news\/tischdekoration-zum-thema-herbst\/\" \/>\n<meta property=\"og:locale\" content=\"de_DE\" \/>\n<meta property=\"og:type\" content=\"article\" \/>\n<meta property=\"og:title\" content=\"Tischdekoration zum Thema Herbst - Tafeldeko\" \/>\n<meta property=\"og:description\" content=\"Tischdekoration zum Thema Herbst - ein echter, farbenfroher Blickfang, der mit Naturmaterialien und Kerzen das gewisse Etwas erh\u00e4lt.\" \/>\n<meta property=\"og:url\" content=\"https:\/\/www.tafeldeko.de\/news\/tischdekoration-zum-thema-herbst\/\" \/>\n<meta property=\"og:site_name\" content=\"Tafeldeko\" \/>\n<meta property=\"article:publisher\" content=\"https:\/\/www.facebook.com\/pages\/Tafeldeko-einzigartige-Tischdekoration\/174202655894\" \/>\n<meta property=\"article:published_time\" content=\"2014-10-08T17:53:29+00:00\" \/>\n<meta property=\"article:modified_time\" content=\"2014-10-08T17:56:13+00:00\" \/>\n<meta property=\"og:image\" content=\"https:\/\/www.tafeldeko.de\/news\/wp-content\/uploads\/2014\/10\/teelichtglas_ahorn_gruen.jpg\" \/>\n\t<meta property=\"og:image:width\" content=\"250\" \/>\n\t<meta property=\"og:image:height\" content=\"250\" \/>\n\t<meta property=\"og:image:type\" content=\"image\/jpeg\" \/>\n<meta name=\"author\" content=\"Tafeldeko Deko Team\" \/>\n<meta name=\"twitter:label1\" content=\"Verfasst von\" \/>\n\t<meta name=\"twitter:data1\" content=\"Tafeldeko Deko Team\" \/>\n\t<meta name=\"twitter:label2\" content=\"Gesch\u00e4tzte Lesezeit\" \/>\n\t<meta name=\"twitter:data2\" content=\"2 Minuten\" \/>\n<script type=\"application\/ld+json\" class=\"yoast-schema-graph\">{\"@context\":\"https:\/\/schema.org\",\"@graph\":[{\"@type\":\"WebPage\",\"@id\":\"https:\/\/www.tafeldeko.de\/news\/tischdekoration-zum-thema-herbst\/\",\"url\":\"https:\/\/www.tafeldeko.de\/news\/tischdekoration-zum-thema-herbst\/\",\"name\":\"Tischdekoration zum Thema Herbst - Tafeldeko\",\"isPartOf\":{\"@id\":\"https:\/\/www.tafeldeko.de\/news\/#website\"},\"datePublished\":\"2014-10-08T17:53:29+00:00\",\"dateModified\":\"2014-10-08T17:56:13+00:00\",\"author\":{\"@id\":\"https:\/\/www.tafeldeko.de\/news\/#\/schema\/person\/dc309fbb6a3e380919fc08342c3cc233\"},\"description\":\"Tischdekoration zum Thema Herbst - ein echter, farbenfroher Blickfang, der mit Naturmaterialien und Kerzen das gewisse Etwas erh\u00e4lt.\",\"breadcrumb\":{\"@id\":\"https:\/\/www.tafeldeko.de\/news\/tischdekoration-zum-thema-herbst\/#breadcrumb\"},\"inLanguage\":\"de-DE\",\"potentialAction\":[{\"@type\":\"ReadAction\",\"target\":[\"https:\/\/www.tafeldeko.de\/news\/tischdekoration-zum-thema-herbst\/\"]}]},{\"@type\":\"BreadcrumbList\",\"@id\":\"https:\/\/www.tafeldeko.de\/news\/tischdekoration-zum-thema-herbst\/#breadcrumb\",\"itemListElement\":[{\"@type\":\"ListItem\",\"position\":1,\"name\":\"Tafeldeko\",\"item\":\"https:\/\/www.tafeldeko.de\/news\/\"},{\"@type\":\"ListItem\",\"position\":2,\"name\":\"Alte Beitr\u00e4ge\",\"item\":\"https:\/\/www.tafeldeko.de\/news\/alte-beitraege\/\"},{\"@type\":\"ListItem\",\"position\":3,\"name\":\"Tischdeko - Blog\",\"item\":\"https:\/\/www.tafeldeko.de\/news\/alte-beitraege\/tischdeko-blog\/\"},{\"@type\":\"ListItem\",\"position\":4,\"name\":\"Tischdekoration zum Thema Herbst\"}]},{\"@type\":\"WebSite\",\"@id\":\"https:\/\/www.tafeldeko.de\/news\/#website\",\"url\":\"https:\/\/www.tafeldeko.de\/news\/\",\"name\":\"Tafeldeko\",\"description\":\"Blog mit Tischdeko und Tischdekoration Ideen\",\"potentialAction\":[{\"@type\":\"SearchAction\",\"target\":{\"@type\":\"EntryPoint\",\"urlTemplate\":\"https:\/\/www.tafeldeko.de\/news\/?s={search_term_string}\"},\"query-input\":\"required name=search_term_string\"}],\"inLanguage\":\"de-DE\"},{\"@type\":\"Person\",\"@id\":\"https:\/\/www.tafeldeko.de\/news\/#\/schema\/person\/dc309fbb6a3e380919fc08342c3cc233\",\"name\":\"Tafeldeko Deko Team\",\"image\":{\"@type\":\"ImageObject\",\"inLanguage\":\"de-DE\",\"@id\":\"https:\/\/www.tafeldeko.de\/news\/#\/schema\/person\/image\/\",\"url\":\"https:\/\/secure.gravatar.com\/avatar\/1e962f4040dc9996f0d200db31598854?s=96&d=mm&r=g\",\"contentUrl\":\"https:\/\/secure.gravatar.com\/avatar\/1e962f4040dc9996f0d200db31598854?s=96&d=mm&r=g\",\"caption\":\"Tafeldeko Deko Team\"}}]}<\/script>\n<!-- \/ Yoast SEO plugin. -->","yoast_head_json":{"title":"Tischdekoration zum Thema Herbst - Tafeldeko","description":"Tischdekoration zum Thema Herbst - ein echter, farbenfroher Blickfang, der mit Naturmaterialien und Kerzen das gewisse Etwas erh\u00e4lt.","robots":{"index":"index","follow":"follow","max-snippet":"max-snippet:-1","max-image-preview":"max-image-preview:large","max-video-preview":"max-video-preview:-1"},"canonical":"https:\/\/www.tafeldeko.de\/news\/tischdekoration-zum-thema-herbst\/","og_locale":"de_DE","og_type":"article","og_title":"Tischdekoration zum Thema Herbst - Tafeldeko","og_description":"Tischdekoration zum Thema Herbst - ein echter, farbenfroher Blickfang, der mit Naturmaterialien und Kerzen das gewisse Etwas erh\u00e4lt.","og_url":"https:\/\/www.tafeldeko.de\/news\/tischdekoration-zum-thema-herbst\/","og_site_name":"Tafeldeko","article_publisher":"https:\/\/www.facebook.com\/pages\/Tafeldeko-einzigartige-Tischdekoration\/174202655894","article_published_time":"2014-10-08T17:53:29+00:00","article_modified_time":"2014-10-08T17:56:13+00:00","og_image":[{"width":250,"height":250,"url":"https:\/\/www.tafeldeko.de\/news\/wp-content\/uploads\/2014\/10\/teelichtglas_ahorn_gruen.jpg","type":"image\/jpeg"}],"author":"Tafeldeko Deko Team","twitter_misc":{"Verfasst von":"Tafeldeko Deko Team","Gesch\u00e4tzte Lesezeit":"2 Minuten"},"schema":{"@context":"https:\/\/schema.org","@graph":[{"@type":"WebPage","@id":"https:\/\/www.tafeldeko.de\/news\/tischdekoration-zum-thema-herbst\/","url":"https:\/\/www.tafeldeko.de\/news\/tischdekoration-zum-thema-herbst\/","name":"Tischdekoration zum Thema Herbst - Tafeldeko","isPartOf":{"@id":"https:\/\/www.tafeldeko.de\/news\/#website"},"datePublished":"2014-10-08T17:53:29+00:00","dateModified":"2014-10-08T17:56:13+00:00","author":{"@id":"https:\/\/www.tafeldeko.de\/news\/#\/schema\/person\/dc309fbb6a3e380919fc08342c3cc233"},"description":"Tischdekoration zum Thema Herbst - ein echter, farbenfroher Blickfang, der mit Naturmaterialien und Kerzen das gewisse Etwas erh\u00e4lt.","breadcrumb":{"@id":"https:\/\/www.tafeldeko.de\/news\/tischdekoration-zum-thema-herbst\/#breadcrumb"},"inLanguage":"de-DE","potentialAction":[{"@type":"ReadAction","target":["https:\/\/www.tafeldeko.de\/news\/tischdekoration-zum-thema-herbst\/"]}]},{"@type":"BreadcrumbList","@id":"https:\/\/www.tafeldeko.de\/news\/tischdekoration-zum-thema-herbst\/#breadcrumb","itemListElement":[{"@type":"ListItem","position":1,"name":"Tafeldeko","item":"https:\/\/www.tafeldeko.de\/news\/"},{"@type":"ListItem","position":2,"name":"Alte Beitr\u00e4ge","item":"https:\/\/www.tafeldeko.de\/news\/alte-beitraege\/"},{"@type":"ListItem","position":3,"name":"Tischdeko - Blog","item":"https:\/\/www.tafeldeko.de\/news\/alte-beitraege\/tischdeko-blog\/"},{"@type":"ListItem","position":4,"name":"Tischdekoration zum Thema Herbst"}]},{"@type":"WebSite","@id":"https:\/\/www.tafeldeko.de\/news\/#website","url":"https:\/\/www.tafeldeko.de\/news\/","name":"Tafeldeko","description":"Blog mit Tischdeko und Tischdekoration Ideen","potentialAction":[{"@type":"SearchAction","target":{"@type":"EntryPoint","urlTemplate":"https:\/\/www.tafeldeko.de\/news\/?s={search_term_string}"},"query-input":"required name=search_term_string"}],"inLanguage":"de-DE"},{"@type":"Person","@id":"https:\/\/www.tafeldeko.de\/news\/#\/schema\/person\/dc309fbb6a3e380919fc08342c3cc233","name":"Tafeldeko Deko Team","image":{"@type":"ImageObject","inLanguage":"de-DE","@id":"https:\/\/www.tafeldeko.de\/news\/#\/schema\/person\/image\/","url":"https:\/\/secure.gravatar.com\/avatar\/1e962f4040dc9996f0d200db31598854?s=96&d=mm&r=g","contentUrl":"https:\/\/secure.gravatar.com\/avatar\/1e962f4040dc9996f0d200db31598854?s=96&d=mm&r=g","caption":"Tafeldeko Deko Team"}}]}},"_links":{"self":[{"href":"https:\/\/www.tafeldeko.de\/news\/wp-json\/wp\/v2\/posts\/5489"}],"collection":[{"href":"https:\/\/www.tafeldeko.de\/news\/wp-json\/wp\/v2\/posts"}],"about":[{"href":"https:\/\/www.tafeldeko.de\/news\/wp-json\/wp\/v2\/types\/post"}],"author":[{"embeddable":true,"href":"https:\/\/www.tafeldeko.de\/news\/wp-json\/wp\/v2\/users\/6"}],"replies":[{"embeddable":true,"href":"https:\/\/www.tafeldeko.de\/news\/wp-json\/wp\/v2\/comments?post=5489"}],"version-history":[{"count":1,"href":"https:\/\/www.tafeldeko.de\/news\/wp-json\/wp\/v2\/posts\/5489\/revisions"}],"predecessor-version":[{"id":5491,"href":"https:\/\/www.tafeldeko.de\/news\/wp-json\/wp\/v2\/posts\/5489\/revisions\/5491"}],"wp:featuredmedia":[{"embeddable":true,"href":"https:\/\/www.tafeldeko.de\/news\/wp-json\/wp\/v2\/media\/5490"}],"wp:attachment":[{"href":"https:\/\/www.tafeldeko.de\/news\/wp-json\/wp\/v2\/media?parent=5489"}],"wp:term":[{"taxonomy":"category","embeddable":true,"href":"https:\/\/www.tafeldeko.de\/news\/wp-json\/wp\/v2\/categories?post=5489"},{"taxonomy":"post_tag","embeddable":true,"href":"https:\/\/www.tafeldeko.de\/news\/wp-json\/wp\/v2\/tags?post=5489"}],"curies":[{"name":"wp","href":"https:\/\/api.w.org\/{rel}","templated":true}]}}