{"id":5473,"date":"2014-10-04T13:51:25","date_gmt":"2014-10-04T11:51:25","guid":{"rendered":"http:\/\/www.tafeldeko.de\/news\/?p=5473"},"modified":"2023-02-16T08:45:27","modified_gmt":"2023-02-16T07:45:27","slug":"herbstliche-tischdeko-schoene-seite-im-herbst","status":"publish","type":"post","link":"https:\/\/www.tafeldeko.de\/news\/herbstliche-tischdeko-schoene-seite-im-herbst\/","title":{"rendered":"Herbstliche Tischdeko &#8211; sch\u00f6ne Seite im Herbst"},"content":{"rendered":"<p>Sobald es drau\u00dfen k\u00fchler wird und die Tage k\u00fcrzer, dann ist der Herbst im Vormarsch &#8211; dies ist allerdings kein Grund f\u00fcr schlechte Laune. Ganz im Gegenteil, der Herbst hat sehr sch\u00f6ne Seiten, die man auch f\u00fcr die Tischdeko nutzen kann.<br \/>\nF\u00fcr die herbstliche Tischdeko k\u00f6nnen verschiedene dekorative Accessoires ins rechte Licht ger\u00fcckt werden und selbst gesammelte Naturmaterialien, beispielsweise Kastanien, bunte Bl\u00e4tter und vieles mehr, k\u00f6nnen in die herbstliche Tischdeko miteinflie\u00dfen.<\/p>\n<p><img decoding=\"async\" loading=\"lazy\" src=\"https:\/\/www.tafeldeko.de\/news\/wp-content\/uploads\/2014\/10\/5_deko_kuerbisse.jpg\" sizes=\"(max-width: 250px) 100vw, 250px\" srcset=\"https:\/\/www.tafeldeko.de\/news\/wp-content\/uploads\/2014\/10\/5_deko_kuerbisse.jpg 250w, https:\/\/www.tafeldeko.de\/news\/wp-content\/uploads\/2014\/10\/5_deko_kuerbisse-150x150.jpg 150w\" alt=\"herbstliche Tischdeko sch\u00f6n\" width=\"250\" height=\"250\" \/><\/p>\n<h2>Herbstliche Tischdeko mit K\u00fcrbissen und Co<\/h2>\n<p>Schaut man sich im Onlineshop von Tafeldeko um, wird man auf Anhieb sch\u00f6ne Deko-Artikel entdecken, die man f\u00fcr die eigene Tischdeko oder auch als Deko f\u00fcr zu Hause nutzen kann.<br \/>\nWer eine herbstliche Tischdeko kreieren m\u00f6chte, kann zum Beispiel den herbstlichen K\u00fcrbis\/Beeren-Mix verwenden. Diese <a title=\"Streudeko\" href=\"https:\/\/www.tafeldeko.de\/index.php\/cat\/c443_Herbst-Streudeko.html\" target=\"_blank\" rel=\"noopener\"><strong>Streudeko<\/strong><\/a> ist in Orange-, Gr\u00fcn-, und Braunt\u00f6nen gehalten und eignet sich ideal zum Dekorieren. Das Gute ist, dass dieser Artikel nicht sehr teuer ist, aber eine gro\u00dfe Wirkung hat. Auch die Dek\u00fc K\u00fcrbisse sorgen f\u00fcr farbenpr\u00e4chtige Hingucker innerhalb der Deko. Auf dem Tisch, auf der Fensterbank und im Eingangsbereich der Wohnung oder auf der Treppe macht sich eine herbstliche Deko nat\u00fcrlich hervorragend.<br \/>\nFarbliche Highlights braucht der dekorierte Tisch und mit diesem Artikel schafft man den ersten Schritt in die gew\u00fcnschte Richtung. Des Weiteren ist alles im Punkto \u201eDekorieren\u201c erlaubt, was optisch zusammen passt und zu einem sch\u00f6nen Gesamtbild beitr\u00e4gt. Gerade wenn es drau\u00dfen tr\u00fcb und grau ist, ist eine bunte Tischdeko eine hervorragende Ablenkung.<br \/>\nDa Geschm\u00e4cker bekanntlich verschieden sind, gibt es hierf\u00fcr kein Patentrezept. Einfach nach Lust und Laune die herbstliche Tischdeko zusammenstellen und sich auf sein eigenes Gesp\u00fcr verlassen. Zur Ideenfindung k\u00f6nnen die Mustertische von Tafeldeko sehr behilflich sein und die gesuchte Inspiration liefern.<br \/>\nOb man eine herbstliche Tischdeko f\u00fcr zu Hause, f\u00fcr eine Mottoparty oder sogar f\u00fcr den <a title=\"Geburtstag\" href=\"https:\/\/www.tafeldeko.de\/index.php\/cat\/c50_Tischdeko-Geburtstag.html\" target=\"_blank\" rel=\"noopener\"><strong>Geburtstag<\/strong><\/a> ben\u00f6tigt, es ist empfehlenswert, sich fr\u00fchzeitig den Vorbereitungen zu widmen, denn Stress kann man gewiss nicht gebrauchen.<\/p>\n<p><a role=\"button\" href=\"https:\/\/www.tafeldeko.de\/tischdeko-ideen\/herbst-tischdeko\/\"><br \/>\n&gt;&gt; Zu den Mustertischen &lt;&lt;<br \/>\n<\/a><\/p>\n<h2>Weitere Beitr\u00e4ge:<\/h2>\n<h2>Dekoartikel von A-Z<\/h2>\n<p><a href=\"https:\/\/www.tafeldeko.de\/tischdeko-artikel\/\"><br \/>\nJetzt entdecken <\/a><\/p>\n","protected":false},"excerpt":{"rendered":"<p>Sobald es drau\u00dfen k\u00fchler wird und die Tage k\u00fcrzer, dann ist der Herbst im Vormarsch &#8211; dies ist allerdings kein Grund f\u00fcr schlechte Laune. Ganz im Gegenteil, der Herbst hat sehr sch\u00f6ne Seiten, die man auch f\u00fcr die Tischdeko nutzen kann. F\u00fcr die herbstliche Tischdeko k\u00f6nnen verschiedene dekorative Accessoires ins rechte Licht ger\u00fcckt werden und [&hellip;]<\/p>\n","protected":false},"author":6,"featured_media":5474,"comment_status":"closed","ping_status":"closed","sticky":false,"template":"","format":"standard","meta":{"footnotes":""},"categories":[1],"tags":[],"yoast_head":"<!-- This site is optimized with the Yoast SEO plugin v20.4 - https:\/\/yoast.com\/wordpress\/plugins\/seo\/ -->\n<title>Herbstliche Tischdeko - sch\u00f6ne Seite im Herbst - Tafeldeko<\/title>\n<meta name=\"description\" content=\"Die herbstliche Tischdeko - sie pr\u00e4sentiert sich farbenpr\u00e4chtig und bringt reizende Akzente und Accessoires auf den Tisch.\" \/>\n<meta name=\"robots\" content=\"index, follow, max-snippet:-1, max-image-preview:large, max-video-preview:-1\" \/>\n<link rel=\"canonical\" href=\"https:\/\/www.tafeldeko.de\/news\/herbstliche-tischdeko-schoene-seite-im-herbst\/\" \/>\n<meta property=\"og:locale\" content=\"de_DE\" \/>\n<meta property=\"og:type\" content=\"article\" \/>\n<meta property=\"og:title\" content=\"Herbstliche Tischdeko - sch\u00f6ne Seite im Herbst - Tafeldeko\" \/>\n<meta property=\"og:description\" content=\"Die herbstliche Tischdeko - sie pr\u00e4sentiert sich farbenpr\u00e4chtig und bringt reizende Akzente und Accessoires auf den Tisch.\" \/>\n<meta property=\"og:url\" content=\"https:\/\/www.tafeldeko.de\/news\/herbstliche-tischdeko-schoene-seite-im-herbst\/\" \/>\n<meta property=\"og:site_name\" content=\"Tafeldeko\" \/>\n<meta property=\"article:publisher\" content=\"https:\/\/www.facebook.com\/pages\/Tafeldeko-einzigartige-Tischdekoration\/174202655894\" \/>\n<meta property=\"article:published_time\" content=\"2014-10-04T11:51:25+00:00\" \/>\n<meta property=\"article:modified_time\" content=\"2023-02-16T07:45:27+00:00\" \/>\n<meta property=\"og:image\" content=\"https:\/\/www.tafeldeko.de\/news\/wp-content\/uploads\/2014\/10\/5_deko_kuerbisse.jpg\" \/>\n\t<meta property=\"og:image:width\" content=\"250\" \/>\n\t<meta property=\"og:image:height\" content=\"250\" \/>\n\t<meta property=\"og:image:type\" content=\"image\/jpeg\" \/>\n<meta name=\"author\" content=\"Tafeldeko Deko Team\" \/>\n<meta name=\"twitter:label1\" content=\"Verfasst von\" \/>\n\t<meta name=\"twitter:data1\" content=\"Tafeldeko Deko Team\" \/>\n\t<meta name=\"twitter:label2\" content=\"Gesch\u00e4tzte Lesezeit\" \/>\n\t<meta name=\"twitter:data2\" content=\"2 Minuten\" \/>\n<script type=\"application\/ld+json\" class=\"yoast-schema-graph\">{\"@context\":\"https:\/\/schema.org\",\"@graph\":[{\"@type\":\"WebPage\",\"@id\":\"https:\/\/www.tafeldeko.de\/news\/herbstliche-tischdeko-schoene-seite-im-herbst\/\",\"url\":\"https:\/\/www.tafeldeko.de\/news\/herbstliche-tischdeko-schoene-seite-im-herbst\/\",\"name\":\"Herbstliche Tischdeko - sch\u00f6ne Seite im Herbst - Tafeldeko\",\"isPartOf\":{\"@id\":\"https:\/\/www.tafeldeko.de\/news\/#website\"},\"datePublished\":\"2014-10-04T11:51:25+00:00\",\"dateModified\":\"2023-02-16T07:45:27+00:00\",\"author\":{\"@id\":\"https:\/\/www.tafeldeko.de\/news\/#\/schema\/person\/dc309fbb6a3e380919fc08342c3cc233\"},\"description\":\"Die herbstliche Tischdeko - sie pr\u00e4sentiert sich farbenpr\u00e4chtig und bringt reizende Akzente und Accessoires auf den Tisch.\",\"breadcrumb\":{\"@id\":\"https:\/\/www.tafeldeko.de\/news\/herbstliche-tischdeko-schoene-seite-im-herbst\/#breadcrumb\"},\"inLanguage\":\"de-DE\",\"potentialAction\":[{\"@type\":\"ReadAction\",\"target\":[\"https:\/\/www.tafeldeko.de\/news\/herbstliche-tischdeko-schoene-seite-im-herbst\/\"]}]},{\"@type\":\"BreadcrumbList\",\"@id\":\"https:\/\/www.tafeldeko.de\/news\/herbstliche-tischdeko-schoene-seite-im-herbst\/#breadcrumb\",\"itemListElement\":[{\"@type\":\"ListItem\",\"position\":1,\"name\":\"Tafeldeko\",\"item\":\"https:\/\/www.tafeldeko.de\/news\/\"},{\"@type\":\"ListItem\",\"position\":2,\"name\":\"Alte Beitr\u00e4ge\",\"item\":\"https:\/\/www.tafeldeko.de\/news\/alte-beitraege\/\"},{\"@type\":\"ListItem\",\"position\":3,\"name\":\"Tischdeko - Blog\",\"item\":\"https:\/\/www.tafeldeko.de\/news\/alte-beitraege\/tischdeko-blog\/\"},{\"@type\":\"ListItem\",\"position\":4,\"name\":\"Herbstliche Tischdeko &#8211; sch\u00f6ne Seite im Herbst\"}]},{\"@type\":\"WebSite\",\"@id\":\"https:\/\/www.tafeldeko.de\/news\/#website\",\"url\":\"https:\/\/www.tafeldeko.de\/news\/\",\"name\":\"Tafeldeko\",\"description\":\"Blog mit Tischdeko und Tischdekoration Ideen\",\"potentialAction\":[{\"@type\":\"SearchAction\",\"target\":{\"@type\":\"EntryPoint\",\"urlTemplate\":\"https:\/\/www.tafeldeko.de\/news\/?s={search_term_string}\"},\"query-input\":\"required name=search_term_string\"}],\"inLanguage\":\"de-DE\"},{\"@type\":\"Person\",\"@id\":\"https:\/\/www.tafeldeko.de\/news\/#\/schema\/person\/dc309fbb6a3e380919fc08342c3cc233\",\"name\":\"Tafeldeko Deko Team\",\"image\":{\"@type\":\"ImageObject\",\"inLanguage\":\"de-DE\",\"@id\":\"https:\/\/www.tafeldeko.de\/news\/#\/schema\/person\/image\/\",\"url\":\"https:\/\/secure.gravatar.com\/avatar\/1e962f4040dc9996f0d200db31598854?s=96&d=mm&r=g\",\"contentUrl\":\"https:\/\/secure.gravatar.com\/avatar\/1e962f4040dc9996f0d200db31598854?s=96&d=mm&r=g\",\"caption\":\"Tafeldeko Deko Team\"}}]}<\/script>\n<!-- \/ Yoast SEO plugin. -->","yoast_head_json":{"title":"Herbstliche Tischdeko - sch\u00f6ne Seite im Herbst - Tafeldeko","description":"Die herbstliche Tischdeko - sie pr\u00e4sentiert sich farbenpr\u00e4chtig und bringt reizende Akzente und Accessoires auf den Tisch.","robots":{"index":"index","follow":"follow","max-snippet":"max-snippet:-1","max-image-preview":"max-image-preview:large","max-video-preview":"max-video-preview:-1"},"canonical":"https:\/\/www.tafeldeko.de\/news\/herbstliche-tischdeko-schoene-seite-im-herbst\/","og_locale":"de_DE","og_type":"article","og_title":"Herbstliche Tischdeko - sch\u00f6ne Seite im Herbst - Tafeldeko","og_description":"Die herbstliche Tischdeko - sie pr\u00e4sentiert sich farbenpr\u00e4chtig und bringt reizende Akzente und Accessoires auf den Tisch.","og_url":"https:\/\/www.tafeldeko.de\/news\/herbstliche-tischdeko-schoene-seite-im-herbst\/","og_site_name":"Tafeldeko","article_publisher":"https:\/\/www.facebook.com\/pages\/Tafeldeko-einzigartige-Tischdekoration\/174202655894","article_published_time":"2014-10-04T11:51:25+00:00","article_modified_time":"2023-02-16T07:45:27+00:00","og_image":[{"width":250,"height":250,"url":"https:\/\/www.tafeldeko.de\/news\/wp-content\/uploads\/2014\/10\/5_deko_kuerbisse.jpg","type":"image\/jpeg"}],"author":"Tafeldeko Deko Team","twitter_misc":{"Verfasst von":"Tafeldeko Deko Team","Gesch\u00e4tzte Lesezeit":"2 Minuten"},"schema":{"@context":"https:\/\/schema.org","@graph":[{"@type":"WebPage","@id":"https:\/\/www.tafeldeko.de\/news\/herbstliche-tischdeko-schoene-seite-im-herbst\/","url":"https:\/\/www.tafeldeko.de\/news\/herbstliche-tischdeko-schoene-seite-im-herbst\/","name":"Herbstliche Tischdeko - sch\u00f6ne Seite im Herbst - Tafeldeko","isPartOf":{"@id":"https:\/\/www.tafeldeko.de\/news\/#website"},"datePublished":"2014-10-04T11:51:25+00:00","dateModified":"2023-02-16T07:45:27+00:00","author":{"@id":"https:\/\/www.tafeldeko.de\/news\/#\/schema\/person\/dc309fbb6a3e380919fc08342c3cc233"},"description":"Die herbstliche Tischdeko - sie pr\u00e4sentiert sich farbenpr\u00e4chtig und bringt reizende Akzente und Accessoires auf den Tisch.","breadcrumb":{"@id":"https:\/\/www.tafeldeko.de\/news\/herbstliche-tischdeko-schoene-seite-im-herbst\/#breadcrumb"},"inLanguage":"de-DE","potentialAction":[{"@type":"ReadAction","target":["https:\/\/www.tafeldeko.de\/news\/herbstliche-tischdeko-schoene-seite-im-herbst\/"]}]},{"@type":"BreadcrumbList","@id":"https:\/\/www.tafeldeko.de\/news\/herbstliche-tischdeko-schoene-seite-im-herbst\/#breadcrumb","itemListElement":[{"@type":"ListItem","position":1,"name":"Tafeldeko","item":"https:\/\/www.tafeldeko.de\/news\/"},{"@type":"ListItem","position":2,"name":"Alte Beitr\u00e4ge","item":"https:\/\/www.tafeldeko.de\/news\/alte-beitraege\/"},{"@type":"ListItem","position":3,"name":"Tischdeko - Blog","item":"https:\/\/www.tafeldeko.de\/news\/alte-beitraege\/tischdeko-blog\/"},{"@type":"ListItem","position":4,"name":"Herbstliche Tischdeko &#8211; sch\u00f6ne Seite im Herbst"}]},{"@type":"WebSite","@id":"https:\/\/www.tafeldeko.de\/news\/#website","url":"https:\/\/www.tafeldeko.de\/news\/","name":"Tafeldeko","description":"Blog mit Tischdeko und Tischdekoration Ideen","potentialAction":[{"@type":"SearchAction","target":{"@type":"EntryPoint","urlTemplate":"https:\/\/www.tafeldeko.de\/news\/?s={search_term_string}"},"query-input":"required name=search_term_string"}],"inLanguage":"de-DE"},{"@type":"Person","@id":"https:\/\/www.tafeldeko.de\/news\/#\/schema\/person\/dc309fbb6a3e380919fc08342c3cc233","name":"Tafeldeko Deko Team","image":{"@type":"ImageObject","inLanguage":"de-DE","@id":"https:\/\/www.tafeldeko.de\/news\/#\/schema\/person\/image\/","url":"https:\/\/secure.gravatar.com\/avatar\/1e962f4040dc9996f0d200db31598854?s=96&d=mm&r=g","contentUrl":"https:\/\/secure.gravatar.com\/avatar\/1e962f4040dc9996f0d200db31598854?s=96&d=mm&r=g","caption":"Tafeldeko Deko Team"}}]}},"_links":{"self":[{"href":"https:\/\/www.tafeldeko.de\/news\/wp-json\/wp\/v2\/posts\/5473"}],"collection":[{"href":"https:\/\/www.tafeldeko.de\/news\/wp-json\/wp\/v2\/posts"}],"about":[{"href":"https:\/\/www.tafeldeko.de\/news\/wp-json\/wp\/v2\/types\/post"}],"author":[{"embeddable":true,"href":"https:\/\/www.tafeldeko.de\/news\/wp-json\/wp\/v2\/users\/6"}],"replies":[{"embeddable":true,"href":"https:\/\/www.tafeldeko.de\/news\/wp-json\/wp\/v2\/comments?post=5473"}],"version-history":[{"count":8,"href":"https:\/\/www.tafeldeko.de\/news\/wp-json\/wp\/v2\/posts\/5473\/revisions"}],"predecessor-version":[{"id":23461,"href":"https:\/\/www.tafeldeko.de\/news\/wp-json\/wp\/v2\/posts\/5473\/revisions\/23461"}],"wp:featuredmedia":[{"embeddable":true,"href":"https:\/\/www.tafeldeko.de\/news\/wp-json\/wp\/v2\/media\/5474"}],"wp:attachment":[{"href":"https:\/\/www.tafeldeko.de\/news\/wp-json\/wp\/v2\/media?parent=5473"}],"wp:term":[{"taxonomy":"category","embeddable":true,"href":"https:\/\/www.tafeldeko.de\/news\/wp-json\/wp\/v2\/categories?post=5473"},{"taxonomy":"post_tag","embeddable":true,"href":"https:\/\/www.tafeldeko.de\/news\/wp-json\/wp\/v2\/tags?post=5473"}],"curies":[{"name":"wp","href":"https:\/\/api.w.org\/{rel}","templated":true}]}}