{"id":5450,"date":"2014-09-26T20:09:06","date_gmt":"2014-09-26T18:09:06","guid":{"rendered":"http:\/\/www.tafeldeko.de\/news\/?p=5450"},"modified":"2023-02-16T10:03:53","modified_gmt":"2023-02-16T09:03:53","slug":"herbstdeko-farbenfroher-blickfang","status":"publish","type":"post","link":"https:\/\/www.tafeldeko.de\/news\/herbstdeko-farbenfroher-blickfang\/","title":{"rendered":"Herbstdeko &#8211; farbenfroher Blickfang"},"content":{"rendered":"<p>Drau\u00dfen werden die Tage k\u00fcrzer, die Abende l\u00e4nger und irgendwie wird es ungem\u00fctlicher. Man hat das Gef\u00fchl, sich in der Wohnung verkriechen und die Tage im Warmen verbringen zu wollen. Mit einer Tasse hei\u00dfen Tee, vielleicht schon den ersten Lebkuchen genie\u00dfend &#8211; kann man sich schon die Tage im Herbst vorstellen.<\/p>\n<p>Dabei hat der Herbst doch so viel Sch\u00f6nes zu bieten. Wundersch\u00f6ne leuchtende Farben, die sich im Laub, auf den Wiesen und in den Herbstblumen pr\u00e4sentieren. Die kr\u00e4ftig orangefarbenen K\u00fcrbisse in den verschiedensten Gr\u00f6\u00dfen und Formen geben im Herbst ihr Stelldichein, versch\u00f6nern Wohnungen und Eingangsbereiche. Mit K\u00fcrbissen kann man wundersch\u00f6ne herbstliche Dekorationen zaubern, als Arrangement in K\u00f6rben mit Maiskolben als Erg\u00e4nzung oder mit aufgemalten lustigen Gesichtern f\u00fcr einen tollen Blickfang sorgen.<\/p>\n<p><img decoding=\"async\" loading=\"lazy\" src=\"https:\/\/www.tafeldeko.de\/news\/wp-content\/uploads\/2014\/09\/geissbock_braun.jpg\" sizes=\"(max-width: 250px) 100vw, 250px\" srcset=\"https:\/\/www.tafeldeko.de\/news\/wp-content\/uploads\/2014\/09\/geissbock_braun.jpg 250w, https:\/\/www.tafeldeko.de\/news\/wp-content\/uploads\/2014\/09\/geissbock_braun-150x150.jpg 150w\" alt=\"Herbstdeko farbenfroher Blickfang\" width=\"250\" height=\"250\" \/><\/p>\n<h2>Herbstdeko farbenfroher Blickfang &#8211; das Internet hat Tipps<\/h2>\n<p>Wer Ideen f\u00fcr die Gestaltung der <a title=\"Herbstdeko\" href=\"https:\/\/www.tafeldeko.de\/index.php\/cat\/c49_Tischdeko-Herbst.html\" target=\"_blank\" rel=\"noopener\"><strong>Herbstdeko<\/strong><\/a> farbenfroher Blickfang sucht, findet diese entweder im Internet, in Zeitschriften und auch vielleicht beim Nachbarn im Garten. Gerade das Medium Internet zeigt eine Vielfalt an herbstlichen Dekorationen &#8211; von einfach und schlicht bis hin zu au\u00dfergew\u00f6hnlichen Kreationen. Mit etwas Fantasie, den passenden Accessoires und der einen oder anderen Anregung kann sich auch Ihre Herbstdeko sehen lassen.<br \/>\nUnd f\u00fcr die <strong>Hingucker<\/strong> eignen sich nicht nur K\u00fcrbisse, sondern auch andere Elemente, direkt aus der Natur. Halten Sie beim n\u00e4chsten Spaziergang Ihre Augen offen und Sie werden erstaunt sein, welche Accessoires in unserer Natur nur darauf warten, in die Deko integriert zu werden. Baumwurzeln in kleineren Ausf\u00fchrungen, Rindenst\u00fccke, Baum\u00e4ste und auch das Laub sind perfekt f\u00fcr die Deko-Basis. Kleben Sie zum Beispiel kleine Dekofiguren, <a title=\"Streudekoteile\" href=\"https:\/\/www.tafeldeko.de\/index.php\/cat\/c443_Herbst-Streudeko.html\" target=\"_blank\" rel=\"noopener\"><strong>Streudekoteile<\/strong><\/a> und schmale B\u00e4nder auf die Fundst\u00fccke, schaffen Sie sich Ihre ganz eigene Deko-Kreation.<\/p>\n<h2>Als Herbstdeko Blickfang: K\u00fcrbisse im Topf<\/h2>\n<p>Eine tolle Herbstdeko farbenfroher Blickfang sind K\u00fcrbisse in T\u00f6pfen, also Blument\u00f6pfchen, arrangiert. Vor allem dann, wenn der K\u00fcrbis eine au\u00dfergew\u00f6hnliche Form hat. So eignen sich die Flaschenk\u00fcrbisse perfekt dazu, einen Schwan zu kreieren und diesen mit etwas Moos und Heu eine sch\u00f6ne Basis zu geben.<\/p>\n<p><a role=\"button\" href=\"https:\/\/www.tafeldeko.de\/tischdeko-ideen\/herbst-tischdeko\/\"><br \/>\n&gt;&gt; Zu den Mustertischen &lt;&lt;<br \/>\n<\/a><\/p>\n<h2>Weitere Beitr\u00e4ge:<\/h2>\n<h2>Dekoartikel von A-Z<\/h2>\n<p><a href=\"https:\/\/www.tafeldeko.de\/tischdeko-artikel\/\"><br \/>\nJetzt entdecken <\/a><\/p>\n","protected":false},"excerpt":{"rendered":"<p>Drau\u00dfen werden die Tage k\u00fcrzer, die Abende l\u00e4nger und irgendwie wird es ungem\u00fctlicher. Man hat das Gef\u00fchl, sich in der Wohnung verkriechen und die Tage im Warmen verbringen zu wollen. Mit einer Tasse hei\u00dfen Tee, vielleicht schon den ersten Lebkuchen genie\u00dfend &#8211; kann man sich schon die Tage im Herbst vorstellen. Dabei hat der Herbst [&hellip;]<\/p>\n","protected":false},"author":6,"featured_media":5453,"comment_status":"closed","ping_status":"closed","sticky":false,"template":"","format":"standard","meta":{"footnotes":""},"categories":[1],"tags":[],"yoast_head":"<!-- This site is optimized with the Yoast SEO plugin v20.4 - https:\/\/yoast.com\/wordpress\/plugins\/seo\/ -->\n<title>Herbstdeko - farbenfroher Blickfang - Tafeldeko<\/title>\n<meta name=\"description\" content=\"Eine tolle Herbstdeko farbenfroher Blickfang sind K\u00fcrbisse in Blument\u00f6pfchen arrangiert. Mit Naturmaterialien und Herbst-Accessoires ein..\" \/>\n<meta name=\"robots\" content=\"index, follow, max-snippet:-1, max-image-preview:large, max-video-preview:-1\" \/>\n<link rel=\"canonical\" href=\"https:\/\/www.tafeldeko.de\/news\/herbstdeko-farbenfroher-blickfang\/\" \/>\n<meta property=\"og:locale\" content=\"de_DE\" \/>\n<meta property=\"og:type\" content=\"article\" \/>\n<meta property=\"og:title\" content=\"Herbstdeko - farbenfroher Blickfang - Tafeldeko\" \/>\n<meta property=\"og:description\" content=\"Eine tolle Herbstdeko farbenfroher Blickfang sind K\u00fcrbisse in Blument\u00f6pfchen arrangiert. Mit Naturmaterialien und Herbst-Accessoires ein..\" \/>\n<meta property=\"og:url\" content=\"https:\/\/www.tafeldeko.de\/news\/herbstdeko-farbenfroher-blickfang\/\" \/>\n<meta property=\"og:site_name\" content=\"Tafeldeko\" \/>\n<meta property=\"article:publisher\" content=\"https:\/\/www.facebook.com\/pages\/Tafeldeko-einzigartige-Tischdekoration\/174202655894\" \/>\n<meta property=\"article:published_time\" content=\"2014-09-26T18:09:06+00:00\" \/>\n<meta property=\"article:modified_time\" content=\"2023-02-16T09:03:53+00:00\" \/>\n<meta property=\"og:image\" content=\"https:\/\/www.tafeldeko.de\/news\/wp-content\/uploads\/2014\/09\/geissbock_braun.jpg\" \/>\n\t<meta property=\"og:image:width\" content=\"250\" \/>\n\t<meta property=\"og:image:height\" content=\"250\" \/>\n\t<meta property=\"og:image:type\" content=\"image\/jpeg\" \/>\n<meta name=\"author\" content=\"Tafeldeko Deko Team\" \/>\n<meta name=\"twitter:label1\" content=\"Verfasst von\" \/>\n\t<meta name=\"twitter:data1\" content=\"Tafeldeko Deko Team\" \/>\n\t<meta name=\"twitter:label2\" content=\"Gesch\u00e4tzte Lesezeit\" \/>\n\t<meta name=\"twitter:data2\" content=\"3 Minuten\" \/>\n<script type=\"application\/ld+json\" class=\"yoast-schema-graph\">{\"@context\":\"https:\/\/schema.org\",\"@graph\":[{\"@type\":\"WebPage\",\"@id\":\"https:\/\/www.tafeldeko.de\/news\/herbstdeko-farbenfroher-blickfang\/\",\"url\":\"https:\/\/www.tafeldeko.de\/news\/herbstdeko-farbenfroher-blickfang\/\",\"name\":\"Herbstdeko - farbenfroher Blickfang - Tafeldeko\",\"isPartOf\":{\"@id\":\"https:\/\/www.tafeldeko.de\/news\/#website\"},\"datePublished\":\"2014-09-26T18:09:06+00:00\",\"dateModified\":\"2023-02-16T09:03:53+00:00\",\"author\":{\"@id\":\"https:\/\/www.tafeldeko.de\/news\/#\/schema\/person\/dc309fbb6a3e380919fc08342c3cc233\"},\"description\":\"Eine tolle Herbstdeko farbenfroher Blickfang sind K\u00fcrbisse in Blument\u00f6pfchen arrangiert. Mit Naturmaterialien und Herbst-Accessoires ein..\",\"breadcrumb\":{\"@id\":\"https:\/\/www.tafeldeko.de\/news\/herbstdeko-farbenfroher-blickfang\/#breadcrumb\"},\"inLanguage\":\"de-DE\",\"potentialAction\":[{\"@type\":\"ReadAction\",\"target\":[\"https:\/\/www.tafeldeko.de\/news\/herbstdeko-farbenfroher-blickfang\/\"]}]},{\"@type\":\"BreadcrumbList\",\"@id\":\"https:\/\/www.tafeldeko.de\/news\/herbstdeko-farbenfroher-blickfang\/#breadcrumb\",\"itemListElement\":[{\"@type\":\"ListItem\",\"position\":1,\"name\":\"Tafeldeko\",\"item\":\"https:\/\/www.tafeldeko.de\/news\/\"},{\"@type\":\"ListItem\",\"position\":2,\"name\":\"Alte Beitr\u00e4ge\",\"item\":\"https:\/\/www.tafeldeko.de\/news\/alte-beitraege\/\"},{\"@type\":\"ListItem\",\"position\":3,\"name\":\"Tischdeko - Blog\",\"item\":\"https:\/\/www.tafeldeko.de\/news\/alte-beitraege\/tischdeko-blog\/\"},{\"@type\":\"ListItem\",\"position\":4,\"name\":\"Herbstdeko &#8211; farbenfroher Blickfang\"}]},{\"@type\":\"WebSite\",\"@id\":\"https:\/\/www.tafeldeko.de\/news\/#website\",\"url\":\"https:\/\/www.tafeldeko.de\/news\/\",\"name\":\"Tafeldeko\",\"description\":\"Blog mit Tischdeko und Tischdekoration Ideen\",\"potentialAction\":[{\"@type\":\"SearchAction\",\"target\":{\"@type\":\"EntryPoint\",\"urlTemplate\":\"https:\/\/www.tafeldeko.de\/news\/?s={search_term_string}\"},\"query-input\":\"required name=search_term_string\"}],\"inLanguage\":\"de-DE\"},{\"@type\":\"Person\",\"@id\":\"https:\/\/www.tafeldeko.de\/news\/#\/schema\/person\/dc309fbb6a3e380919fc08342c3cc233\",\"name\":\"Tafeldeko Deko Team\",\"image\":{\"@type\":\"ImageObject\",\"inLanguage\":\"de-DE\",\"@id\":\"https:\/\/www.tafeldeko.de\/news\/#\/schema\/person\/image\/\",\"url\":\"https:\/\/secure.gravatar.com\/avatar\/1e962f4040dc9996f0d200db31598854?s=96&d=mm&r=g\",\"contentUrl\":\"https:\/\/secure.gravatar.com\/avatar\/1e962f4040dc9996f0d200db31598854?s=96&d=mm&r=g\",\"caption\":\"Tafeldeko Deko Team\"}}]}<\/script>\n<!-- \/ Yoast SEO plugin. -->","yoast_head_json":{"title":"Herbstdeko - farbenfroher Blickfang - Tafeldeko","description":"Eine tolle Herbstdeko farbenfroher Blickfang sind K\u00fcrbisse in Blument\u00f6pfchen arrangiert. Mit Naturmaterialien und Herbst-Accessoires ein..","robots":{"index":"index","follow":"follow","max-snippet":"max-snippet:-1","max-image-preview":"max-image-preview:large","max-video-preview":"max-video-preview:-1"},"canonical":"https:\/\/www.tafeldeko.de\/news\/herbstdeko-farbenfroher-blickfang\/","og_locale":"de_DE","og_type":"article","og_title":"Herbstdeko - farbenfroher Blickfang - Tafeldeko","og_description":"Eine tolle Herbstdeko farbenfroher Blickfang sind K\u00fcrbisse in Blument\u00f6pfchen arrangiert. Mit Naturmaterialien und Herbst-Accessoires ein..","og_url":"https:\/\/www.tafeldeko.de\/news\/herbstdeko-farbenfroher-blickfang\/","og_site_name":"Tafeldeko","article_publisher":"https:\/\/www.facebook.com\/pages\/Tafeldeko-einzigartige-Tischdekoration\/174202655894","article_published_time":"2014-09-26T18:09:06+00:00","article_modified_time":"2023-02-16T09:03:53+00:00","og_image":[{"width":250,"height":250,"url":"https:\/\/www.tafeldeko.de\/news\/wp-content\/uploads\/2014\/09\/geissbock_braun.jpg","type":"image\/jpeg"}],"author":"Tafeldeko Deko Team","twitter_misc":{"Verfasst von":"Tafeldeko Deko Team","Gesch\u00e4tzte Lesezeit":"3 Minuten"},"schema":{"@context":"https:\/\/schema.org","@graph":[{"@type":"WebPage","@id":"https:\/\/www.tafeldeko.de\/news\/herbstdeko-farbenfroher-blickfang\/","url":"https:\/\/www.tafeldeko.de\/news\/herbstdeko-farbenfroher-blickfang\/","name":"Herbstdeko - farbenfroher Blickfang - Tafeldeko","isPartOf":{"@id":"https:\/\/www.tafeldeko.de\/news\/#website"},"datePublished":"2014-09-26T18:09:06+00:00","dateModified":"2023-02-16T09:03:53+00:00","author":{"@id":"https:\/\/www.tafeldeko.de\/news\/#\/schema\/person\/dc309fbb6a3e380919fc08342c3cc233"},"description":"Eine tolle Herbstdeko farbenfroher Blickfang sind K\u00fcrbisse in Blument\u00f6pfchen arrangiert. Mit Naturmaterialien und Herbst-Accessoires ein..","breadcrumb":{"@id":"https:\/\/www.tafeldeko.de\/news\/herbstdeko-farbenfroher-blickfang\/#breadcrumb"},"inLanguage":"de-DE","potentialAction":[{"@type":"ReadAction","target":["https:\/\/www.tafeldeko.de\/news\/herbstdeko-farbenfroher-blickfang\/"]}]},{"@type":"BreadcrumbList","@id":"https:\/\/www.tafeldeko.de\/news\/herbstdeko-farbenfroher-blickfang\/#breadcrumb","itemListElement":[{"@type":"ListItem","position":1,"name":"Tafeldeko","item":"https:\/\/www.tafeldeko.de\/news\/"},{"@type":"ListItem","position":2,"name":"Alte Beitr\u00e4ge","item":"https:\/\/www.tafeldeko.de\/news\/alte-beitraege\/"},{"@type":"ListItem","position":3,"name":"Tischdeko - Blog","item":"https:\/\/www.tafeldeko.de\/news\/alte-beitraege\/tischdeko-blog\/"},{"@type":"ListItem","position":4,"name":"Herbstdeko &#8211; farbenfroher Blickfang"}]},{"@type":"WebSite","@id":"https:\/\/www.tafeldeko.de\/news\/#website","url":"https:\/\/www.tafeldeko.de\/news\/","name":"Tafeldeko","description":"Blog mit Tischdeko und Tischdekoration Ideen","potentialAction":[{"@type":"SearchAction","target":{"@type":"EntryPoint","urlTemplate":"https:\/\/www.tafeldeko.de\/news\/?s={search_term_string}"},"query-input":"required name=search_term_string"}],"inLanguage":"de-DE"},{"@type":"Person","@id":"https:\/\/www.tafeldeko.de\/news\/#\/schema\/person\/dc309fbb6a3e380919fc08342c3cc233","name":"Tafeldeko Deko Team","image":{"@type":"ImageObject","inLanguage":"de-DE","@id":"https:\/\/www.tafeldeko.de\/news\/#\/schema\/person\/image\/","url":"https:\/\/secure.gravatar.com\/avatar\/1e962f4040dc9996f0d200db31598854?s=96&d=mm&r=g","contentUrl":"https:\/\/secure.gravatar.com\/avatar\/1e962f4040dc9996f0d200db31598854?s=96&d=mm&r=g","caption":"Tafeldeko Deko Team"}}]}},"_links":{"self":[{"href":"https:\/\/www.tafeldeko.de\/news\/wp-json\/wp\/v2\/posts\/5450"}],"collection":[{"href":"https:\/\/www.tafeldeko.de\/news\/wp-json\/wp\/v2\/posts"}],"about":[{"href":"https:\/\/www.tafeldeko.de\/news\/wp-json\/wp\/v2\/types\/post"}],"author":[{"embeddable":true,"href":"https:\/\/www.tafeldeko.de\/news\/wp-json\/wp\/v2\/users\/6"}],"replies":[{"embeddable":true,"href":"https:\/\/www.tafeldeko.de\/news\/wp-json\/wp\/v2\/comments?post=5450"}],"version-history":[{"count":13,"href":"https:\/\/www.tafeldeko.de\/news\/wp-json\/wp\/v2\/posts\/5450\/revisions"}],"predecessor-version":[{"id":23516,"href":"https:\/\/www.tafeldeko.de\/news\/wp-json\/wp\/v2\/posts\/5450\/revisions\/23516"}],"wp:featuredmedia":[{"embeddable":true,"href":"https:\/\/www.tafeldeko.de\/news\/wp-json\/wp\/v2\/media\/5453"}],"wp:attachment":[{"href":"https:\/\/www.tafeldeko.de\/news\/wp-json\/wp\/v2\/media?parent=5450"}],"wp:term":[{"taxonomy":"category","embeddable":true,"href":"https:\/\/www.tafeldeko.de\/news\/wp-json\/wp\/v2\/categories?post=5450"},{"taxonomy":"post_tag","embeddable":true,"href":"https:\/\/www.tafeldeko.de\/news\/wp-json\/wp\/v2\/tags?post=5450"}],"curies":[{"name":"wp","href":"https:\/\/api.w.org\/{rel}","templated":true}]}}