{"id":534,"date":"2014-08-01T08:50:59","date_gmt":"2014-08-01T06:50:59","guid":{"rendered":"http:\/\/www.tafeldeko.de\/news\/?p=534"},"modified":"2023-02-16T12:15:24","modified_gmt":"2023-02-16T11:15:24","slug":"tischdeko-mit-lavendel-bluehende-ideen-in-lila","status":"publish","type":"post","link":"https:\/\/www.tafeldeko.de\/news\/tischdeko-mit-lavendel-bluehende-ideen-in-lila\/","title":{"rendered":"Tischdeko mit Lavendel &#8211; bl\u00fchende Ideen in Lila"},"content":{"rendered":"<p>Lavendel ist urspr\u00fcnglich im Mittelmeergebiet beheimatet, doch es stellt kein Problem dar, die Tischdeko Lavendel bl\u00fchende Ideen ganz einfach zu sich nach Hause zu holen.<br \/>\nJedes Heim wird mit dem Lavendel verzaubert und diese wundersch\u00f6ne Pflanze bringt Farbe ins Spiel. Ob drinnen, auf dem Balkon, der Terrasse oder im Garten &#8211; die Dekoration und Tischdeko mit Lavendel sorgt f\u00fcr ein <b>sch\u00f6nes Ambiente<\/b>. Der Lavendel, in welcher Form auch immer, bringt ein St\u00fcck Urlaub in der Provence nach Hause und es gibt zahlreiche Ideen f\u00fcr die Dekoration.<\/p>\n<p><img decoding=\"async\" loading=\"lazy\" src=\"https:\/\/www.tafeldeko.de\/news\/wp-content\/uploads\/2014\/09\/teelichtglas_lavendelwiese.JPG\" sizes=\"(max-width: 215px) 100vw, 215px\" srcset=\"https:\/\/www.tafeldeko.de\/news\/wp-content\/uploads\/2014\/09\/teelichtglas_lavendelwiese.JPG 215w, https:\/\/www.tafeldeko.de\/news\/wp-content\/uploads\/2014\/09\/teelichtglas_lavendelwiese-150x150.jpg 150w\" alt=\"Tischdeko Lavendel bl\u00fchende Ideen\" width=\"215\" height=\"215\" \/><\/p>\n<h2>Tischdeko Lavendel bl\u00fchende Ideen\u00a0 &#8211;\u00a0 so geht&#8217;s<\/h2>\n<p>Wer eine Tischdeko mit Lavendel kreieren m\u00f6chte, kann beispielsweise zu einem sch\u00f6nen Teelicht greifen. Das Teelichtglas mit dem Motiv \u201eLavendelwiese\u201c kann im Onlineshop von <b><a title=\"Tafeldeko\" href=\"https:\/\/www.tafeldeko.de\">Tafeldeko<\/a><\/b> gekauft werden und wird eine gro\u00dfe Portion gute Laune verspr\u00fchen.<br \/>\nDes Weiteren bringt es nicht nur Farbe auf den Tisch, sondern auch <b>gute Laune<\/b> und sommerliche Gef\u00fchle.<br \/>\nNeben dem Teelichtglas kann man die Tischdekoration mit Lavendelstr\u00e4u\u00dfchen optisch aufwerten und man wird eine tolle Wirkung erzielen. Eine sch\u00f6ne Tischdekoration ist immer gerne gesehen und die G\u00e4ste werden sich \u00fcber einen liebevoll gedeckten Tisch freuen. Sind die Vorbereitungen getroffen und entsprechend in die Tat umgesetzt, wird einem unvergesslichen Tag nichts mehr im Wege stehen.<br \/>\nBen\u00f6tigt man allerdings noch ein paar dekorative <b>Tipps und Ideen<\/b>, sollte man das Internet f\u00fcr sich nutzen. Dieses Medium ist vielseitig und das Gute ist, dass sich f\u00fcr jeden Geschmack etwas Passendes finden l\u00e4sst. Mit etwas Fingerspitzengef\u00fchl und die Liebe zum Detail kann jeder eine sch\u00f6ne Deko f\u00fcr den Tisch oder rund um die Wohnung gestalten. Ob es bl\u00fchende <b>Ideen in Lila<\/b> und dem Lavendel ist oder lieber Ideen in einer anderen Farbe &#8211; das entscheidet der Geschmack.<\/p>\n<p><a role=\"button\" href=\"https:\/\/www.tafeldeko.de\/tischdeko-ideen\/\"><br \/>\n&gt;&gt; Zu den Mustertischen &lt;&lt;<br \/>\n<\/a><\/p>\n<h2>Weitere Beitr\u00e4ge:<\/h2>\n<h2>Dekoartikel von A-Z<\/h2>\n<p><a href=\"https:\/\/www.tafeldeko.de\/tischdeko-artikel\/\"><br \/>\nJetzt entdecken <\/a><\/p>\n","protected":false},"excerpt":{"rendered":"<p>Lavendel ist urspr\u00fcnglich im Mittelmeergebiet beheimatet, doch es stellt kein Problem dar, die Tischdeko mit Lavendel ganz einfach zu sich nach Hause zu holen.<br \/>\nJedes Heim wird mit dem Lavendel verzaubert und diese wundersch\u00f6ne Pflanze bringt Farbe ins Spiel. Ob drinnen, auf dem Balkon, der Terrasse oder im Garten &#8211; die Dekoration und Tischdeko mit Lavendel sorgt f\u00fcr ein sch\u00f6nes Ambiente. Der Lavendel, in welcher Form auch immer, bringt ein St\u00fcck Urlaub in der Provence nach Hause und es gibt zahlreiche Ideen f\u00fcr die Dekoration.<\/p>\n","protected":false},"author":2,"featured_media":535,"comment_status":"closed","ping_status":"closed","sticky":false,"template":"","format":"standard","meta":{"footnotes":""},"categories":[1],"tags":[],"yoast_head":"<!-- This site is optimized with the Yoast SEO plugin v20.4 - https:\/\/yoast.com\/wordpress\/plugins\/seo\/ -->\n<title>Tischdeko mit Lavendel - bl\u00fchende Ideen in Lila - Tafeldeko<\/title>\n<meta name=\"description\" content=\"Ob drinnen oder drau\u00dfen - die Dekoration und Tischdeko Lavendel bl\u00fchende Ideen sorgt f\u00fcr ein sch\u00f6nes Ambiente. Wie ihr das am besten...\" \/>\n<meta name=\"robots\" content=\"index, follow, max-snippet:-1, max-image-preview:large, max-video-preview:-1\" \/>\n<link rel=\"canonical\" href=\"https:\/\/www.tafeldeko.de\/news\/tischdeko-mit-lavendel-bluehende-ideen-in-lila\/\" \/>\n<meta property=\"og:locale\" content=\"de_DE\" \/>\n<meta property=\"og:type\" content=\"article\" \/>\n<meta property=\"og:title\" content=\"Tischdeko mit Lavendel - bl\u00fchende Ideen in Lila - Tafeldeko\" \/>\n<meta property=\"og:description\" content=\"Ob drinnen oder drau\u00dfen - die Dekoration und Tischdeko Lavendel bl\u00fchende Ideen sorgt f\u00fcr ein sch\u00f6nes Ambiente. Wie ihr das am besten...\" \/>\n<meta property=\"og:url\" content=\"https:\/\/www.tafeldeko.de\/news\/tischdeko-mit-lavendel-bluehende-ideen-in-lila\/\" \/>\n<meta property=\"og:site_name\" content=\"Tafeldeko\" \/>\n<meta property=\"article:publisher\" content=\"https:\/\/www.facebook.com\/pages\/Tafeldeko-einzigartige-Tischdekoration\/174202655894\" \/>\n<meta property=\"article:published_time\" content=\"2014-08-01T06:50:59+00:00\" \/>\n<meta property=\"article:modified_time\" content=\"2023-02-16T11:15:24+00:00\" \/>\n<meta property=\"og:image\" content=\"https:\/\/www.tafeldeko.de\/news\/wp-content\/uploads\/2014\/09\/teelichtglas_lavendelwiese.JPG\" \/>\n\t<meta property=\"og:image:width\" content=\"215\" \/>\n\t<meta property=\"og:image:height\" content=\"215\" \/>\n\t<meta property=\"og:image:type\" content=\"image\/jpeg\" \/>\n<meta name=\"author\" content=\"Christiane Stein\" \/>\n<meta name=\"twitter:label1\" content=\"Verfasst von\" \/>\n\t<meta name=\"twitter:data1\" content=\"Christiane Stein\" \/>\n\t<meta name=\"twitter:label2\" content=\"Gesch\u00e4tzte Lesezeit\" \/>\n\t<meta name=\"twitter:data2\" content=\"2 Minuten\" \/>\n<script type=\"application\/ld+json\" class=\"yoast-schema-graph\">{\"@context\":\"https:\/\/schema.org\",\"@graph\":[{\"@type\":\"WebPage\",\"@id\":\"https:\/\/www.tafeldeko.de\/news\/tischdeko-mit-lavendel-bluehende-ideen-in-lila\/\",\"url\":\"https:\/\/www.tafeldeko.de\/news\/tischdeko-mit-lavendel-bluehende-ideen-in-lila\/\",\"name\":\"Tischdeko mit Lavendel - bl\u00fchende Ideen in Lila - Tafeldeko\",\"isPartOf\":{\"@id\":\"https:\/\/www.tafeldeko.de\/news\/#website\"},\"datePublished\":\"2014-08-01T06:50:59+00:00\",\"dateModified\":\"2023-02-16T11:15:24+00:00\",\"author\":{\"@id\":\"https:\/\/www.tafeldeko.de\/news\/#\/schema\/person\/d2acd86447ed0b6336089a8ba83164a0\"},\"description\":\"Ob drinnen oder drau\u00dfen - die Dekoration und Tischdeko Lavendel bl\u00fchende Ideen sorgt f\u00fcr ein sch\u00f6nes Ambiente. Wie ihr das am besten...\",\"breadcrumb\":{\"@id\":\"https:\/\/www.tafeldeko.de\/news\/tischdeko-mit-lavendel-bluehende-ideen-in-lila\/#breadcrumb\"},\"inLanguage\":\"de-DE\",\"potentialAction\":[{\"@type\":\"ReadAction\",\"target\":[\"https:\/\/www.tafeldeko.de\/news\/tischdeko-mit-lavendel-bluehende-ideen-in-lila\/\"]}]},{\"@type\":\"BreadcrumbList\",\"@id\":\"https:\/\/www.tafeldeko.de\/news\/tischdeko-mit-lavendel-bluehende-ideen-in-lila\/#breadcrumb\",\"itemListElement\":[{\"@type\":\"ListItem\",\"position\":1,\"name\":\"Tafeldeko\",\"item\":\"https:\/\/www.tafeldeko.de\/news\/\"},{\"@type\":\"ListItem\",\"position\":2,\"name\":\"Alte Beitr\u00e4ge\",\"item\":\"https:\/\/www.tafeldeko.de\/news\/alte-beitraege\/\"},{\"@type\":\"ListItem\",\"position\":3,\"name\":\"Tischdeko - Blog\",\"item\":\"https:\/\/www.tafeldeko.de\/news\/alte-beitraege\/tischdeko-blog\/\"},{\"@type\":\"ListItem\",\"position\":4,\"name\":\"Tischdeko mit Lavendel &#8211; bl\u00fchende Ideen in Lila\"}]},{\"@type\":\"WebSite\",\"@id\":\"https:\/\/www.tafeldeko.de\/news\/#website\",\"url\":\"https:\/\/www.tafeldeko.de\/news\/\",\"name\":\"Tafeldeko\",\"description\":\"Blog mit Tischdeko und Tischdekoration Ideen\",\"potentialAction\":[{\"@type\":\"SearchAction\",\"target\":{\"@type\":\"EntryPoint\",\"urlTemplate\":\"https:\/\/www.tafeldeko.de\/news\/?s={search_term_string}\"},\"query-input\":\"required name=search_term_string\"}],\"inLanguage\":\"de-DE\"},{\"@type\":\"Person\",\"@id\":\"https:\/\/www.tafeldeko.de\/news\/#\/schema\/person\/d2acd86447ed0b6336089a8ba83164a0\",\"name\":\"Christiane Stein\",\"image\":{\"@type\":\"ImageObject\",\"inLanguage\":\"de-DE\",\"@id\":\"https:\/\/www.tafeldeko.de\/news\/#\/schema\/person\/image\/\",\"url\":\"https:\/\/secure.gravatar.com\/avatar\/2054729fbfd1ebc9d3cf1fd55361d0b6?s=96&d=mm&r=g\",\"contentUrl\":\"https:\/\/secure.gravatar.com\/avatar\/2054729fbfd1ebc9d3cf1fd55361d0b6?s=96&d=mm&r=g\",\"caption\":\"Christiane Stein\"}}]}<\/script>\n<!-- \/ Yoast SEO plugin. -->","yoast_head_json":{"title":"Tischdeko mit Lavendel - bl\u00fchende Ideen in Lila - Tafeldeko","description":"Ob drinnen oder drau\u00dfen - die Dekoration und Tischdeko Lavendel bl\u00fchende Ideen sorgt f\u00fcr ein sch\u00f6nes Ambiente. Wie ihr das am besten...","robots":{"index":"index","follow":"follow","max-snippet":"max-snippet:-1","max-image-preview":"max-image-preview:large","max-video-preview":"max-video-preview:-1"},"canonical":"https:\/\/www.tafeldeko.de\/news\/tischdeko-mit-lavendel-bluehende-ideen-in-lila\/","og_locale":"de_DE","og_type":"article","og_title":"Tischdeko mit Lavendel - bl\u00fchende Ideen in Lila - Tafeldeko","og_description":"Ob drinnen oder drau\u00dfen - die Dekoration und Tischdeko Lavendel bl\u00fchende Ideen sorgt f\u00fcr ein sch\u00f6nes Ambiente. Wie ihr das am besten...","og_url":"https:\/\/www.tafeldeko.de\/news\/tischdeko-mit-lavendel-bluehende-ideen-in-lila\/","og_site_name":"Tafeldeko","article_publisher":"https:\/\/www.facebook.com\/pages\/Tafeldeko-einzigartige-Tischdekoration\/174202655894","article_published_time":"2014-08-01T06:50:59+00:00","article_modified_time":"2023-02-16T11:15:24+00:00","og_image":[{"width":215,"height":215,"url":"https:\/\/www.tafeldeko.de\/news\/wp-content\/uploads\/2014\/09\/teelichtglas_lavendelwiese.JPG","type":"image\/jpeg"}],"author":"Christiane Stein","twitter_misc":{"Verfasst von":"Christiane Stein","Gesch\u00e4tzte Lesezeit":"2 Minuten"},"schema":{"@context":"https:\/\/schema.org","@graph":[{"@type":"WebPage","@id":"https:\/\/www.tafeldeko.de\/news\/tischdeko-mit-lavendel-bluehende-ideen-in-lila\/","url":"https:\/\/www.tafeldeko.de\/news\/tischdeko-mit-lavendel-bluehende-ideen-in-lila\/","name":"Tischdeko mit Lavendel - bl\u00fchende Ideen in Lila - Tafeldeko","isPartOf":{"@id":"https:\/\/www.tafeldeko.de\/news\/#website"},"datePublished":"2014-08-01T06:50:59+00:00","dateModified":"2023-02-16T11:15:24+00:00","author":{"@id":"https:\/\/www.tafeldeko.de\/news\/#\/schema\/person\/d2acd86447ed0b6336089a8ba83164a0"},"description":"Ob drinnen oder drau\u00dfen - die Dekoration und Tischdeko Lavendel bl\u00fchende Ideen sorgt f\u00fcr ein sch\u00f6nes Ambiente. Wie ihr das am besten...","breadcrumb":{"@id":"https:\/\/www.tafeldeko.de\/news\/tischdeko-mit-lavendel-bluehende-ideen-in-lila\/#breadcrumb"},"inLanguage":"de-DE","potentialAction":[{"@type":"ReadAction","target":["https:\/\/www.tafeldeko.de\/news\/tischdeko-mit-lavendel-bluehende-ideen-in-lila\/"]}]},{"@type":"BreadcrumbList","@id":"https:\/\/www.tafeldeko.de\/news\/tischdeko-mit-lavendel-bluehende-ideen-in-lila\/#breadcrumb","itemListElement":[{"@type":"ListItem","position":1,"name":"Tafeldeko","item":"https:\/\/www.tafeldeko.de\/news\/"},{"@type":"ListItem","position":2,"name":"Alte Beitr\u00e4ge","item":"https:\/\/www.tafeldeko.de\/news\/alte-beitraege\/"},{"@type":"ListItem","position":3,"name":"Tischdeko - Blog","item":"https:\/\/www.tafeldeko.de\/news\/alte-beitraege\/tischdeko-blog\/"},{"@type":"ListItem","position":4,"name":"Tischdeko mit Lavendel &#8211; bl\u00fchende Ideen in Lila"}]},{"@type":"WebSite","@id":"https:\/\/www.tafeldeko.de\/news\/#website","url":"https:\/\/www.tafeldeko.de\/news\/","name":"Tafeldeko","description":"Blog mit Tischdeko und Tischdekoration Ideen","potentialAction":[{"@type":"SearchAction","target":{"@type":"EntryPoint","urlTemplate":"https:\/\/www.tafeldeko.de\/news\/?s={search_term_string}"},"query-input":"required name=search_term_string"}],"inLanguage":"de-DE"},{"@type":"Person","@id":"https:\/\/www.tafeldeko.de\/news\/#\/schema\/person\/d2acd86447ed0b6336089a8ba83164a0","name":"Christiane Stein","image":{"@type":"ImageObject","inLanguage":"de-DE","@id":"https:\/\/www.tafeldeko.de\/news\/#\/schema\/person\/image\/","url":"https:\/\/secure.gravatar.com\/avatar\/2054729fbfd1ebc9d3cf1fd55361d0b6?s=96&d=mm&r=g","contentUrl":"https:\/\/secure.gravatar.com\/avatar\/2054729fbfd1ebc9d3cf1fd55361d0b6?s=96&d=mm&r=g","caption":"Christiane Stein"}}]}},"_links":{"self":[{"href":"https:\/\/www.tafeldeko.de\/news\/wp-json\/wp\/v2\/posts\/534"}],"collection":[{"href":"https:\/\/www.tafeldeko.de\/news\/wp-json\/wp\/v2\/posts"}],"about":[{"href":"https:\/\/www.tafeldeko.de\/news\/wp-json\/wp\/v2\/types\/post"}],"author":[{"embeddable":true,"href":"https:\/\/www.tafeldeko.de\/news\/wp-json\/wp\/v2\/users\/2"}],"replies":[{"embeddable":true,"href":"https:\/\/www.tafeldeko.de\/news\/wp-json\/wp\/v2\/comments?post=534"}],"version-history":[{"count":6,"href":"https:\/\/www.tafeldeko.de\/news\/wp-json\/wp\/v2\/posts\/534\/revisions"}],"predecessor-version":[{"id":23624,"href":"https:\/\/www.tafeldeko.de\/news\/wp-json\/wp\/v2\/posts\/534\/revisions\/23624"}],"wp:featuredmedia":[{"embeddable":true,"href":"https:\/\/www.tafeldeko.de\/news\/wp-json\/wp\/v2\/media\/535"}],"wp:attachment":[{"href":"https:\/\/www.tafeldeko.de\/news\/wp-json\/wp\/v2\/media?parent=534"}],"wp:term":[{"taxonomy":"category","embeddable":true,"href":"https:\/\/www.tafeldeko.de\/news\/wp-json\/wp\/v2\/categories?post=534"},{"taxonomy":"post_tag","embeddable":true,"href":"https:\/\/www.tafeldeko.de\/news\/wp-json\/wp\/v2\/tags?post=534"}],"curies":[{"name":"wp","href":"https:\/\/api.w.org\/{rel}","templated":true}]}}