{"id":532,"date":"2014-07-25T19:36:42","date_gmt":"2014-07-25T17:36:42","guid":{"rendered":"http:\/\/www.tafeldeko.de\/news\/?p=532"},"modified":"2023-02-16T12:58:27","modified_gmt":"2023-02-16T11:58:27","slug":"eine-sommerliche-tischdeko-im-maritimen-look","status":"publish","type":"post","link":"https:\/\/www.tafeldeko.de\/news\/eine-sommerliche-tischdeko-im-maritimen-look\/","title":{"rendered":"Eine sommerliche Tischdeko im maritimen Look"},"content":{"rendered":"<p>Eine sommerliche Tischdeko im maritimen Look kommt dann zum Einsatz, wenn man zum Beispiel eine Geburtstagsparty oder ein Gartenfest mit der Familie, Freunden und Bekannten feiern m\u00f6chte.<br \/>\nEine sch\u00f6ne Tischdekoration sollte bei keiner Feierlichkeit fehlen und am besten macht man sich bereits fr\u00fchzeitig Gedanken \u00fcber die Deko.<br \/>\nWie w\u00e4re es mit einer sommerlichen<b> Tischdeko im maritimen Look<\/b>? Die sommerliche Tischdeko im Ozean-Feeling l\u00e4sst eine ganz besondere Stimmung aufkommen und man kreiert ein einzigartiges Flair.<\/p>\n<p><img decoding=\"async\" loading=\"lazy\" src=\"https:\/\/www.tafeldeko.de\/news\/wp-content\/uploads\/2014\/09\/sommer_maritim.jpg\" sizes=\"(max-width: 443px) 100vw, 443px\" srcset=\"https:\/\/www.tafeldeko.de\/news\/wp-content\/uploads\/2014\/09\/sommer_maritim.jpg 443w, https:\/\/www.tafeldeko.de\/news\/wp-content\/uploads\/2014\/09\/sommer_maritim-300x191.jpg 300w\" alt=\"sommerliche Tischdeko im maritimen Look\" width=\"443\" height=\"283\" \/><\/p>\n<h2>Sommerliche Tischdeko im maritimen Look &#8211; so geht&#8217;s<\/h2>\n<p>Der Mustertisch von Tafeldeko pr\u00e4sentiert ein tolles Beispiel zum oben genannten Thema und l\u00e4sst das gewisse Etwas aufkommen. Zum einen passen die Farben hervorragend zusammen und zum anderen wurden sch\u00f6ne dekorative Accessoires mit Fingerspitzengef\u00fchl in Szene gesetzt. Schlie\u00dflich spielt die Liebe zum Detail eine entscheidende Rolle und mit diesem dekorierten Tisch schafft man einen guten Start f\u00fcr die Feier.<br \/>\nAuf der Festtagstafel wurden folgende Deko-Artikel verwendet, die man \u00fcber den <b><a title=\"Onlineshop\" href=\"https:\/\/www.tafeldeko.de\">Onlineshop<\/a><\/b> direkt k\u00e4uflich erwerben kann: Keramik Windlicht Leuchtturm, Maritimer Deko Liegestuhl in Blau, 2er Set Strandschl\u00e4fer, Deko Glassteine in Creme und vieles mehr. Klicken Sie einfach mit der Maus auf die Accessoires und erhalten Sie einen direkten \u00dcberblick \u00fcber die einzelnen Deko-Artikel.<br \/>\nEs kommt eben auf die Mischung auf dem Tisch an und das Sch\u00f6ne ist, dass man mit dieser Dekoration in die Tiefe des Ozeans tauchen kann und eine <b>sommerliche Atmosph\u00e4re <\/b>schafft.<br \/>\nEine sommerliche Tischdeko ist eine sch\u00f6ne Idee, die man im maritimen Look ganz einfach in die Tat umsetzen kann. Weitere Tipps und Inspirationen findet man beispielsweise \u00fcber das Internet und jeder kann eine tolle Tischdekoration zusammenstellen. Ob selbstgemacht oder gekauft &#8211; das Endergebnis z\u00e4hlt und letztlich kann man nur noch viel Freude beim Dekorieren und vor allem beim Feiern w\u00fcnschen.<\/p>\n<p><a role=\"button\" href=\"https:\/\/www.tafeldeko.de\/tischdeko-ideen\/sommer-tischdeko\/\"><br \/>\n&gt;&gt; Zu den Mustertischen &lt;&lt;<br \/>\n<\/a><\/p>\n<h2>Weitere Beitr\u00e4ge:<\/h2>\n<h2>Dekoartikel von A-Z<\/h2>\n<p><a href=\"https:\/\/www.tafeldeko.de\/tischdeko-artikel\/\"><br \/>\nJetzt entdecken <\/a><\/p>\n","protected":false},"excerpt":{"rendered":"<p>Eine sommerliche Tischdeko kommt dann zum Einsatz, wenn man zum Beispiel eine Geburtstagsparty oder ein Gartenfest mit der Familie, Freunden und Bekannten feiern m\u00f6chte.<br \/>\nEine sch\u00f6ne Tischdekoration sollte bei keiner Feierlichkeit fehlen und am besten macht man sich bereits fr\u00fchzeitig Gedanken \u00fcber die Deko.<\/p>\n","protected":false},"author":2,"featured_media":533,"comment_status":"closed","ping_status":"closed","sticky":false,"template":"","format":"standard","meta":{"footnotes":""},"categories":[1],"tags":[],"yoast_head":"<!-- This site is optimized with the Yoast SEO plugin v20.4 - https:\/\/yoast.com\/wordpress\/plugins\/seo\/ -->\n<title>Eine sommerliche Tischdeko im maritimen Look - Tafeldeko<\/title>\n<meta name=\"description\" content=\"Die sommerliche Tischdeko im maritimen Look l\u00e4sst eine ganz besondere Stimmung aufkommen und man kreiert ein einzigartiges Flair.\" \/>\n<meta name=\"robots\" content=\"index, follow, max-snippet:-1, max-image-preview:large, max-video-preview:-1\" \/>\n<link rel=\"canonical\" href=\"https:\/\/www.tafeldeko.de\/news\/eine-sommerliche-tischdeko-im-maritimen-look\/\" \/>\n<meta property=\"og:locale\" content=\"de_DE\" \/>\n<meta property=\"og:type\" content=\"article\" \/>\n<meta property=\"og:title\" content=\"Eine sommerliche Tischdeko im maritimen Look - Tafeldeko\" \/>\n<meta property=\"og:description\" content=\"Die sommerliche Tischdeko im maritimen Look l\u00e4sst eine ganz besondere Stimmung aufkommen und man kreiert ein einzigartiges Flair.\" \/>\n<meta property=\"og:url\" content=\"https:\/\/www.tafeldeko.de\/news\/eine-sommerliche-tischdeko-im-maritimen-look\/\" \/>\n<meta property=\"og:site_name\" content=\"Tafeldeko\" \/>\n<meta property=\"article:publisher\" content=\"https:\/\/www.facebook.com\/pages\/Tafeldeko-einzigartige-Tischdekoration\/174202655894\" \/>\n<meta property=\"article:published_time\" content=\"2014-07-25T17:36:42+00:00\" \/>\n<meta property=\"article:modified_time\" content=\"2023-02-16T11:58:27+00:00\" \/>\n<meta property=\"og:image\" content=\"https:\/\/www.tafeldeko.de\/news\/wp-content\/uploads\/2014\/09\/sommer_maritim.jpg\" \/>\n\t<meta property=\"og:image:width\" content=\"443\" \/>\n\t<meta property=\"og:image:height\" content=\"283\" \/>\n\t<meta property=\"og:image:type\" content=\"image\/jpeg\" \/>\n<meta name=\"author\" content=\"Christiane Stein\" \/>\n<meta name=\"twitter:label1\" content=\"Verfasst von\" \/>\n\t<meta name=\"twitter:data1\" content=\"Christiane Stein\" \/>\n\t<meta name=\"twitter:label2\" content=\"Gesch\u00e4tzte Lesezeit\" \/>\n\t<meta name=\"twitter:data2\" content=\"2 Minuten\" \/>\n<script type=\"application\/ld+json\" class=\"yoast-schema-graph\">{\"@context\":\"https:\/\/schema.org\",\"@graph\":[{\"@type\":\"WebPage\",\"@id\":\"https:\/\/www.tafeldeko.de\/news\/eine-sommerliche-tischdeko-im-maritimen-look\/\",\"url\":\"https:\/\/www.tafeldeko.de\/news\/eine-sommerliche-tischdeko-im-maritimen-look\/\",\"name\":\"Eine sommerliche Tischdeko im maritimen Look - Tafeldeko\",\"isPartOf\":{\"@id\":\"https:\/\/www.tafeldeko.de\/news\/#website\"},\"datePublished\":\"2014-07-25T17:36:42+00:00\",\"dateModified\":\"2023-02-16T11:58:27+00:00\",\"author\":{\"@id\":\"https:\/\/www.tafeldeko.de\/news\/#\/schema\/person\/d2acd86447ed0b6336089a8ba83164a0\"},\"description\":\"Die sommerliche Tischdeko im maritimen Look l\u00e4sst eine ganz besondere Stimmung aufkommen und man kreiert ein einzigartiges Flair.\",\"breadcrumb\":{\"@id\":\"https:\/\/www.tafeldeko.de\/news\/eine-sommerliche-tischdeko-im-maritimen-look\/#breadcrumb\"},\"inLanguage\":\"de-DE\",\"potentialAction\":[{\"@type\":\"ReadAction\",\"target\":[\"https:\/\/www.tafeldeko.de\/news\/eine-sommerliche-tischdeko-im-maritimen-look\/\"]}]},{\"@type\":\"BreadcrumbList\",\"@id\":\"https:\/\/www.tafeldeko.de\/news\/eine-sommerliche-tischdeko-im-maritimen-look\/#breadcrumb\",\"itemListElement\":[{\"@type\":\"ListItem\",\"position\":1,\"name\":\"Tafeldeko\",\"item\":\"https:\/\/www.tafeldeko.de\/news\/\"},{\"@type\":\"ListItem\",\"position\":2,\"name\":\"Alte Beitr\u00e4ge\",\"item\":\"https:\/\/www.tafeldeko.de\/news\/alte-beitraege\/\"},{\"@type\":\"ListItem\",\"position\":3,\"name\":\"Tischdeko - Blog\",\"item\":\"https:\/\/www.tafeldeko.de\/news\/alte-beitraege\/tischdeko-blog\/\"},{\"@type\":\"ListItem\",\"position\":4,\"name\":\"Eine sommerliche Tischdeko im maritimen Look\"}]},{\"@type\":\"WebSite\",\"@id\":\"https:\/\/www.tafeldeko.de\/news\/#website\",\"url\":\"https:\/\/www.tafeldeko.de\/news\/\",\"name\":\"Tafeldeko\",\"description\":\"Blog mit Tischdeko und Tischdekoration Ideen\",\"potentialAction\":[{\"@type\":\"SearchAction\",\"target\":{\"@type\":\"EntryPoint\",\"urlTemplate\":\"https:\/\/www.tafeldeko.de\/news\/?s={search_term_string}\"},\"query-input\":\"required name=search_term_string\"}],\"inLanguage\":\"de-DE\"},{\"@type\":\"Person\",\"@id\":\"https:\/\/www.tafeldeko.de\/news\/#\/schema\/person\/d2acd86447ed0b6336089a8ba83164a0\",\"name\":\"Christiane Stein\",\"image\":{\"@type\":\"ImageObject\",\"inLanguage\":\"de-DE\",\"@id\":\"https:\/\/www.tafeldeko.de\/news\/#\/schema\/person\/image\/\",\"url\":\"https:\/\/secure.gravatar.com\/avatar\/2054729fbfd1ebc9d3cf1fd55361d0b6?s=96&d=mm&r=g\",\"contentUrl\":\"https:\/\/secure.gravatar.com\/avatar\/2054729fbfd1ebc9d3cf1fd55361d0b6?s=96&d=mm&r=g\",\"caption\":\"Christiane Stein\"}}]}<\/script>\n<!-- \/ Yoast SEO plugin. -->","yoast_head_json":{"title":"Eine sommerliche Tischdeko im maritimen Look - Tafeldeko","description":"Die sommerliche Tischdeko im maritimen Look l\u00e4sst eine ganz besondere Stimmung aufkommen und man kreiert ein einzigartiges Flair.","robots":{"index":"index","follow":"follow","max-snippet":"max-snippet:-1","max-image-preview":"max-image-preview:large","max-video-preview":"max-video-preview:-1"},"canonical":"https:\/\/www.tafeldeko.de\/news\/eine-sommerliche-tischdeko-im-maritimen-look\/","og_locale":"de_DE","og_type":"article","og_title":"Eine sommerliche Tischdeko im maritimen Look - Tafeldeko","og_description":"Die sommerliche Tischdeko im maritimen Look l\u00e4sst eine ganz besondere Stimmung aufkommen und man kreiert ein einzigartiges Flair.","og_url":"https:\/\/www.tafeldeko.de\/news\/eine-sommerliche-tischdeko-im-maritimen-look\/","og_site_name":"Tafeldeko","article_publisher":"https:\/\/www.facebook.com\/pages\/Tafeldeko-einzigartige-Tischdekoration\/174202655894","article_published_time":"2014-07-25T17:36:42+00:00","article_modified_time":"2023-02-16T11:58:27+00:00","og_image":[{"width":443,"height":283,"url":"https:\/\/www.tafeldeko.de\/news\/wp-content\/uploads\/2014\/09\/sommer_maritim.jpg","type":"image\/jpeg"}],"author":"Christiane Stein","twitter_misc":{"Verfasst von":"Christiane Stein","Gesch\u00e4tzte Lesezeit":"2 Minuten"},"schema":{"@context":"https:\/\/schema.org","@graph":[{"@type":"WebPage","@id":"https:\/\/www.tafeldeko.de\/news\/eine-sommerliche-tischdeko-im-maritimen-look\/","url":"https:\/\/www.tafeldeko.de\/news\/eine-sommerliche-tischdeko-im-maritimen-look\/","name":"Eine sommerliche Tischdeko im maritimen Look - Tafeldeko","isPartOf":{"@id":"https:\/\/www.tafeldeko.de\/news\/#website"},"datePublished":"2014-07-25T17:36:42+00:00","dateModified":"2023-02-16T11:58:27+00:00","author":{"@id":"https:\/\/www.tafeldeko.de\/news\/#\/schema\/person\/d2acd86447ed0b6336089a8ba83164a0"},"description":"Die sommerliche Tischdeko im maritimen Look l\u00e4sst eine ganz besondere Stimmung aufkommen und man kreiert ein einzigartiges Flair.","breadcrumb":{"@id":"https:\/\/www.tafeldeko.de\/news\/eine-sommerliche-tischdeko-im-maritimen-look\/#breadcrumb"},"inLanguage":"de-DE","potentialAction":[{"@type":"ReadAction","target":["https:\/\/www.tafeldeko.de\/news\/eine-sommerliche-tischdeko-im-maritimen-look\/"]}]},{"@type":"BreadcrumbList","@id":"https:\/\/www.tafeldeko.de\/news\/eine-sommerliche-tischdeko-im-maritimen-look\/#breadcrumb","itemListElement":[{"@type":"ListItem","position":1,"name":"Tafeldeko","item":"https:\/\/www.tafeldeko.de\/news\/"},{"@type":"ListItem","position":2,"name":"Alte Beitr\u00e4ge","item":"https:\/\/www.tafeldeko.de\/news\/alte-beitraege\/"},{"@type":"ListItem","position":3,"name":"Tischdeko - Blog","item":"https:\/\/www.tafeldeko.de\/news\/alte-beitraege\/tischdeko-blog\/"},{"@type":"ListItem","position":4,"name":"Eine sommerliche Tischdeko im maritimen Look"}]},{"@type":"WebSite","@id":"https:\/\/www.tafeldeko.de\/news\/#website","url":"https:\/\/www.tafeldeko.de\/news\/","name":"Tafeldeko","description":"Blog mit Tischdeko und Tischdekoration Ideen","potentialAction":[{"@type":"SearchAction","target":{"@type":"EntryPoint","urlTemplate":"https:\/\/www.tafeldeko.de\/news\/?s={search_term_string}"},"query-input":"required name=search_term_string"}],"inLanguage":"de-DE"},{"@type":"Person","@id":"https:\/\/www.tafeldeko.de\/news\/#\/schema\/person\/d2acd86447ed0b6336089a8ba83164a0","name":"Christiane Stein","image":{"@type":"ImageObject","inLanguage":"de-DE","@id":"https:\/\/www.tafeldeko.de\/news\/#\/schema\/person\/image\/","url":"https:\/\/secure.gravatar.com\/avatar\/2054729fbfd1ebc9d3cf1fd55361d0b6?s=96&d=mm&r=g","contentUrl":"https:\/\/secure.gravatar.com\/avatar\/2054729fbfd1ebc9d3cf1fd55361d0b6?s=96&d=mm&r=g","caption":"Christiane Stein"}}]}},"_links":{"self":[{"href":"https:\/\/www.tafeldeko.de\/news\/wp-json\/wp\/v2\/posts\/532"}],"collection":[{"href":"https:\/\/www.tafeldeko.de\/news\/wp-json\/wp\/v2\/posts"}],"about":[{"href":"https:\/\/www.tafeldeko.de\/news\/wp-json\/wp\/v2\/types\/post"}],"author":[{"embeddable":true,"href":"https:\/\/www.tafeldeko.de\/news\/wp-json\/wp\/v2\/users\/2"}],"replies":[{"embeddable":true,"href":"https:\/\/www.tafeldeko.de\/news\/wp-json\/wp\/v2\/comments?post=532"}],"version-history":[{"count":6,"href":"https:\/\/www.tafeldeko.de\/news\/wp-json\/wp\/v2\/posts\/532\/revisions"}],"predecessor-version":[{"id":23629,"href":"https:\/\/www.tafeldeko.de\/news\/wp-json\/wp\/v2\/posts\/532\/revisions\/23629"}],"wp:featuredmedia":[{"embeddable":true,"href":"https:\/\/www.tafeldeko.de\/news\/wp-json\/wp\/v2\/media\/533"}],"wp:attachment":[{"href":"https:\/\/www.tafeldeko.de\/news\/wp-json\/wp\/v2\/media?parent=532"}],"wp:term":[{"taxonomy":"category","embeddable":true,"href":"https:\/\/www.tafeldeko.de\/news\/wp-json\/wp\/v2\/categories?post=532"},{"taxonomy":"post_tag","embeddable":true,"href":"https:\/\/www.tafeldeko.de\/news\/wp-json\/wp\/v2\/tags?post=532"}],"curies":[{"name":"wp","href":"https:\/\/api.w.org\/{rel}","templated":true}]}}