{"id":531,"date":"2014-07-18T19:45:23","date_gmt":"2014-07-18T17:45:23","guid":{"rendered":"http:\/\/www.tafeldeko.de\/news\/?p=531"},"modified":"2023-02-16T13:26:02","modified_gmt":"2023-02-16T12:26:02","slug":"den-schulanfang-gebuehrend-feiern-und-das-nicht-ohne-eine-passende-tischdeko","status":"publish","type":"post","link":"https:\/\/www.tafeldeko.de\/news\/den-schulanfang-gebuehrend-feiern-und-das-nicht-ohne-eine-passende-tischdeko\/","title":{"rendered":"Den Schulanfang geb\u00fchrend feiern und das nicht ohne eine passende Tischdeko"},"content":{"rendered":"<div class=\"textumfliessenrechts\"><img decoding=\"async\" loading=\"lazy\" title=\"Servietten Erster Schultag\" src=\"https:\/\/www.tafeldeko.de\/news\/media\/users\/schnurchristian\/servietten_firstschoolday.jpg\" alt=\"Servietten Erster Schultag\" width=\"225\" height=\"225\" \/><br \/>\n<b><a title=\"Tischdeko 1. Schultag\" href=\"https:\/\/www.tafeldeko.de\/product_info.php\/products_id\/8660_20er-Pack-Servietten-Erster-Schultag-33-x-33-cm.html\">Tischdeko 1. Schultag<\/a><\/b><\/div>\n<p>Der erste Schultag ist sehr aufregend und das nicht nur f\u00fcr den ABC- Sch\u00fctzen selbst, sondern auch f\u00fcr die Familie. Das Kindergartenkind wird zu einem Schulkind und es beginnt ein neuer Lebensabschnitt f\u00fcr alle Beteiligten. Dies sollte man nat\u00fcrlich entsprechend feiern, denn der Schulanfang ist ein sehr entscheidendes und vor allem pr\u00e4gendes Ereignis.<br \/>\nF\u00fcr den Schulanfang gibt es f\u00fcr die Kinder einen sch\u00f6nen Ranzen und eine tolle Schult\u00fcte, worauf sich die Kinder wohl am meisten freuen werden. Wenn der Morgen der Einschulung geschafft ist, sollte eine kleine Feier zu Hause stattfinden &#8211; dies macht den Tag perfekt.<br \/>\nEine Feier anl\u00e4sslich zum Schulanfang braucht auch eine passende Tischdekoration. Schlie\u00dflich m\u00f6chte man eine <b>unvergessliche Atmosph\u00e4re <\/b>schaffen und da ist die Tischdekoration sehr entscheidend. Am besten stellt man eine sch\u00f6ne Auswahl an dekorativen Accessoires zusammen und wertet den Tisch optisch auf.<br \/>\nWie w\u00e4re es beispielsweise mit den Servietten \u201eErster Schultag?\u201c Diese farbenfrohen Servietten bringen Leben und nat\u00fcrlich Farbe auf den Tisch. Mit dem bunten Motiv Stifte, Tafel und Bl\u00fcmchen stellt man eine Parallele zum ersten Schultag dar und ist eine sch\u00f6ne M\u00f6glichkeit, um die G\u00e4ste herzlich willkommen zu hei\u00dfen.<br \/>\nDes Weiteren kann man Streuteile, kleine Buntstifte, Buchstaben aus Papier und vieles mehr auf der Festtagstafel zum Schulanfang platzieren. An Ideen wird es nicht mangeln und letztlich wird man eine sch\u00f6ne <b><a href=\"https:\/\/www.tafeldeko.de\">Tischdekoration<\/a><\/b> f\u00fcr den ABC-Sch\u00fctzen und seine G\u00e4ste kreieren. Des Weiteren kann man dem Schulanf\u00e4nger ein kleines Mitbringsel \u00fcberreichen und so wird der Tag in sch\u00f6ner Erinnerung bleiben.<\/p>\n","protected":false},"excerpt":{"rendered":"<p>Der erste Schultag ist sehr aufregend und das nicht nur f\u00fcr den ABC- Sch\u00fctzen selbst, sondern auch f\u00fcr die Familie. Das Kindergartenkind wird zu einem Schulkind und es beginnt ein neuer Lebensabschnitt f\u00fcr alle Beteiligten. Dies sollte man nat\u00fcrlich entsprechend feiern, denn der Schulanfang ist ein sehr entscheidendes und vor allem pr\u00e4gendes Ereignis.<br \/>\nF\u00fcr den Schulanfang gibt es f\u00fcr die Kinder einen sch\u00f6nen Ranzen und eine tolle Schult\u00fcte, worauf sich die Kinder wohl am meisten freuen werden. Wenn der Morgen der Einschulung geschafft ist, sollte eine kleine Feier zu Hause stattfinden &#8211; dies macht den Tag perfekt.<\/p>\n","protected":false},"author":2,"featured_media":416,"comment_status":"closed","ping_status":"closed","sticky":false,"template":"","format":"standard","meta":{"footnotes":""},"categories":[1],"tags":[],"yoast_head":"<!-- This site is optimized with the Yoast SEO plugin v20.4 - https:\/\/yoast.com\/wordpress\/plugins\/seo\/ -->\n<title>Den Schulanfang geb\u00fchrend feiern und das nicht ohne eine passende Tischdeko - Tafeldeko<\/title>\n<meta name=\"description\" content=\"Eine Feier anl\u00e4sslich zum Schulanfang braucht auch eine passende Tischdekoration. Ideen und Accessoires finden Sie hier.\" \/>\n<meta name=\"robots\" content=\"index, follow, max-snippet:-1, max-image-preview:large, max-video-preview:-1\" \/>\n<link rel=\"canonical\" href=\"https:\/\/www.tafeldeko.de\/news\/den-schulanfang-gebuehrend-feiern-und-das-nicht-ohne-eine-passende-tischdeko\/\" \/>\n<meta property=\"og:locale\" content=\"de_DE\" \/>\n<meta property=\"og:type\" content=\"article\" \/>\n<meta property=\"og:title\" content=\"Den Schulanfang geb\u00fchrend feiern und das nicht ohne eine passende Tischdeko - Tafeldeko\" \/>\n<meta property=\"og:description\" content=\"Eine Feier anl\u00e4sslich zum Schulanfang braucht auch eine passende Tischdekoration. Ideen und Accessoires finden Sie hier.\" \/>\n<meta property=\"og:url\" content=\"https:\/\/www.tafeldeko.de\/news\/den-schulanfang-gebuehrend-feiern-und-das-nicht-ohne-eine-passende-tischdeko\/\" \/>\n<meta property=\"og:site_name\" content=\"Tafeldeko\" \/>\n<meta property=\"article:publisher\" content=\"https:\/\/www.facebook.com\/pages\/Tafeldeko-einzigartige-Tischdekoration\/174202655894\" \/>\n<meta property=\"article:published_time\" content=\"2014-07-18T17:45:23+00:00\" \/>\n<meta property=\"article:modified_time\" content=\"2023-02-16T12:26:02+00:00\" \/>\n<meta property=\"og:image\" content=\"https:\/\/www.tafeldeko.de\/news\/wp-content\/uploads\/2014\/09\/servietten_firstschoolday.jpg\" \/>\n\t<meta property=\"og:image:width\" content=\"225\" \/>\n\t<meta property=\"og:image:height\" content=\"225\" \/>\n\t<meta property=\"og:image:type\" content=\"image\/jpeg\" \/>\n<meta name=\"author\" content=\"Christiane Stein\" \/>\n<meta name=\"twitter:label1\" content=\"Verfasst von\" \/>\n\t<meta name=\"twitter:data1\" content=\"Christiane Stein\" \/>\n\t<meta name=\"twitter:label2\" content=\"Gesch\u00e4tzte Lesezeit\" \/>\n\t<meta name=\"twitter:data2\" content=\"2 Minuten\" \/>\n<script type=\"application\/ld+json\" class=\"yoast-schema-graph\">{\"@context\":\"https:\/\/schema.org\",\"@graph\":[{\"@type\":\"WebPage\",\"@id\":\"https:\/\/www.tafeldeko.de\/news\/den-schulanfang-gebuehrend-feiern-und-das-nicht-ohne-eine-passende-tischdeko\/\",\"url\":\"https:\/\/www.tafeldeko.de\/news\/den-schulanfang-gebuehrend-feiern-und-das-nicht-ohne-eine-passende-tischdeko\/\",\"name\":\"Den Schulanfang geb\u00fchrend feiern und das nicht ohne eine passende Tischdeko - Tafeldeko\",\"isPartOf\":{\"@id\":\"https:\/\/www.tafeldeko.de\/news\/#website\"},\"datePublished\":\"2014-07-18T17:45:23+00:00\",\"dateModified\":\"2023-02-16T12:26:02+00:00\",\"author\":{\"@id\":\"https:\/\/www.tafeldeko.de\/news\/#\/schema\/person\/d2acd86447ed0b6336089a8ba83164a0\"},\"description\":\"Eine Feier anl\u00e4sslich zum Schulanfang braucht auch eine passende Tischdekoration. Ideen und Accessoires finden Sie hier.\",\"breadcrumb\":{\"@id\":\"https:\/\/www.tafeldeko.de\/news\/den-schulanfang-gebuehrend-feiern-und-das-nicht-ohne-eine-passende-tischdeko\/#breadcrumb\"},\"inLanguage\":\"de-DE\",\"potentialAction\":[{\"@type\":\"ReadAction\",\"target\":[\"https:\/\/www.tafeldeko.de\/news\/den-schulanfang-gebuehrend-feiern-und-das-nicht-ohne-eine-passende-tischdeko\/\"]}]},{\"@type\":\"BreadcrumbList\",\"@id\":\"https:\/\/www.tafeldeko.de\/news\/den-schulanfang-gebuehrend-feiern-und-das-nicht-ohne-eine-passende-tischdeko\/#breadcrumb\",\"itemListElement\":[{\"@type\":\"ListItem\",\"position\":1,\"name\":\"Tafeldeko\",\"item\":\"https:\/\/www.tafeldeko.de\/news\/\"},{\"@type\":\"ListItem\",\"position\":2,\"name\":\"Alte Beitr\u00e4ge\",\"item\":\"https:\/\/www.tafeldeko.de\/news\/alte-beitraege\/\"},{\"@type\":\"ListItem\",\"position\":3,\"name\":\"Tischdeko - Blog\",\"item\":\"https:\/\/www.tafeldeko.de\/news\/alte-beitraege\/tischdeko-blog\/\"},{\"@type\":\"ListItem\",\"position\":4,\"name\":\"Den Schulanfang geb\u00fchrend feiern und das nicht ohne eine passende Tischdeko\"}]},{\"@type\":\"WebSite\",\"@id\":\"https:\/\/www.tafeldeko.de\/news\/#website\",\"url\":\"https:\/\/www.tafeldeko.de\/news\/\",\"name\":\"Tafeldeko\",\"description\":\"Blog mit Tischdeko und Tischdekoration Ideen\",\"potentialAction\":[{\"@type\":\"SearchAction\",\"target\":{\"@type\":\"EntryPoint\",\"urlTemplate\":\"https:\/\/www.tafeldeko.de\/news\/?s={search_term_string}\"},\"query-input\":\"required name=search_term_string\"}],\"inLanguage\":\"de-DE\"},{\"@type\":\"Person\",\"@id\":\"https:\/\/www.tafeldeko.de\/news\/#\/schema\/person\/d2acd86447ed0b6336089a8ba83164a0\",\"name\":\"Christiane Stein\",\"image\":{\"@type\":\"ImageObject\",\"inLanguage\":\"de-DE\",\"@id\":\"https:\/\/www.tafeldeko.de\/news\/#\/schema\/person\/image\/\",\"url\":\"https:\/\/secure.gravatar.com\/avatar\/2054729fbfd1ebc9d3cf1fd55361d0b6?s=96&d=mm&r=g\",\"contentUrl\":\"https:\/\/secure.gravatar.com\/avatar\/2054729fbfd1ebc9d3cf1fd55361d0b6?s=96&d=mm&r=g\",\"caption\":\"Christiane Stein\"}}]}<\/script>\n<!-- \/ Yoast SEO plugin. -->","yoast_head_json":{"title":"Den Schulanfang geb\u00fchrend feiern und das nicht ohne eine passende Tischdeko - Tafeldeko","description":"Eine Feier anl\u00e4sslich zum Schulanfang braucht auch eine passende Tischdekoration. Ideen und Accessoires finden Sie hier.","robots":{"index":"index","follow":"follow","max-snippet":"max-snippet:-1","max-image-preview":"max-image-preview:large","max-video-preview":"max-video-preview:-1"},"canonical":"https:\/\/www.tafeldeko.de\/news\/den-schulanfang-gebuehrend-feiern-und-das-nicht-ohne-eine-passende-tischdeko\/","og_locale":"de_DE","og_type":"article","og_title":"Den Schulanfang geb\u00fchrend feiern und das nicht ohne eine passende Tischdeko - Tafeldeko","og_description":"Eine Feier anl\u00e4sslich zum Schulanfang braucht auch eine passende Tischdekoration. Ideen und Accessoires finden Sie hier.","og_url":"https:\/\/www.tafeldeko.de\/news\/den-schulanfang-gebuehrend-feiern-und-das-nicht-ohne-eine-passende-tischdeko\/","og_site_name":"Tafeldeko","article_publisher":"https:\/\/www.facebook.com\/pages\/Tafeldeko-einzigartige-Tischdekoration\/174202655894","article_published_time":"2014-07-18T17:45:23+00:00","article_modified_time":"2023-02-16T12:26:02+00:00","og_image":[{"width":225,"height":225,"url":"https:\/\/www.tafeldeko.de\/news\/wp-content\/uploads\/2014\/09\/servietten_firstschoolday.jpg","type":"image\/jpeg"}],"author":"Christiane Stein","twitter_misc":{"Verfasst von":"Christiane Stein","Gesch\u00e4tzte Lesezeit":"2 Minuten"},"schema":{"@context":"https:\/\/schema.org","@graph":[{"@type":"WebPage","@id":"https:\/\/www.tafeldeko.de\/news\/den-schulanfang-gebuehrend-feiern-und-das-nicht-ohne-eine-passende-tischdeko\/","url":"https:\/\/www.tafeldeko.de\/news\/den-schulanfang-gebuehrend-feiern-und-das-nicht-ohne-eine-passende-tischdeko\/","name":"Den Schulanfang geb\u00fchrend feiern und das nicht ohne eine passende Tischdeko - Tafeldeko","isPartOf":{"@id":"https:\/\/www.tafeldeko.de\/news\/#website"},"datePublished":"2014-07-18T17:45:23+00:00","dateModified":"2023-02-16T12:26:02+00:00","author":{"@id":"https:\/\/www.tafeldeko.de\/news\/#\/schema\/person\/d2acd86447ed0b6336089a8ba83164a0"},"description":"Eine Feier anl\u00e4sslich zum Schulanfang braucht auch eine passende Tischdekoration. Ideen und Accessoires finden Sie hier.","breadcrumb":{"@id":"https:\/\/www.tafeldeko.de\/news\/den-schulanfang-gebuehrend-feiern-und-das-nicht-ohne-eine-passende-tischdeko\/#breadcrumb"},"inLanguage":"de-DE","potentialAction":[{"@type":"ReadAction","target":["https:\/\/www.tafeldeko.de\/news\/den-schulanfang-gebuehrend-feiern-und-das-nicht-ohne-eine-passende-tischdeko\/"]}]},{"@type":"BreadcrumbList","@id":"https:\/\/www.tafeldeko.de\/news\/den-schulanfang-gebuehrend-feiern-und-das-nicht-ohne-eine-passende-tischdeko\/#breadcrumb","itemListElement":[{"@type":"ListItem","position":1,"name":"Tafeldeko","item":"https:\/\/www.tafeldeko.de\/news\/"},{"@type":"ListItem","position":2,"name":"Alte Beitr\u00e4ge","item":"https:\/\/www.tafeldeko.de\/news\/alte-beitraege\/"},{"@type":"ListItem","position":3,"name":"Tischdeko - Blog","item":"https:\/\/www.tafeldeko.de\/news\/alte-beitraege\/tischdeko-blog\/"},{"@type":"ListItem","position":4,"name":"Den Schulanfang geb\u00fchrend feiern und das nicht ohne eine passende Tischdeko"}]},{"@type":"WebSite","@id":"https:\/\/www.tafeldeko.de\/news\/#website","url":"https:\/\/www.tafeldeko.de\/news\/","name":"Tafeldeko","description":"Blog mit Tischdeko und Tischdekoration Ideen","potentialAction":[{"@type":"SearchAction","target":{"@type":"EntryPoint","urlTemplate":"https:\/\/www.tafeldeko.de\/news\/?s={search_term_string}"},"query-input":"required name=search_term_string"}],"inLanguage":"de-DE"},{"@type":"Person","@id":"https:\/\/www.tafeldeko.de\/news\/#\/schema\/person\/d2acd86447ed0b6336089a8ba83164a0","name":"Christiane Stein","image":{"@type":"ImageObject","inLanguage":"de-DE","@id":"https:\/\/www.tafeldeko.de\/news\/#\/schema\/person\/image\/","url":"https:\/\/secure.gravatar.com\/avatar\/2054729fbfd1ebc9d3cf1fd55361d0b6?s=96&d=mm&r=g","contentUrl":"https:\/\/secure.gravatar.com\/avatar\/2054729fbfd1ebc9d3cf1fd55361d0b6?s=96&d=mm&r=g","caption":"Christiane Stein"}}]}},"_links":{"self":[{"href":"https:\/\/www.tafeldeko.de\/news\/wp-json\/wp\/v2\/posts\/531"}],"collection":[{"href":"https:\/\/www.tafeldeko.de\/news\/wp-json\/wp\/v2\/posts"}],"about":[{"href":"https:\/\/www.tafeldeko.de\/news\/wp-json\/wp\/v2\/types\/post"}],"author":[{"embeddable":true,"href":"https:\/\/www.tafeldeko.de\/news\/wp-json\/wp\/v2\/users\/2"}],"replies":[{"embeddable":true,"href":"https:\/\/www.tafeldeko.de\/news\/wp-json\/wp\/v2\/comments?post=531"}],"version-history":[{"count":3,"href":"https:\/\/www.tafeldeko.de\/news\/wp-json\/wp\/v2\/posts\/531\/revisions"}],"predecessor-version":[{"id":24918,"href":"https:\/\/www.tafeldeko.de\/news\/wp-json\/wp\/v2\/posts\/531\/revisions\/24918"}],"wp:featuredmedia":[{"embeddable":true,"href":"https:\/\/www.tafeldeko.de\/news\/wp-json\/wp\/v2\/media\/416"}],"wp:attachment":[{"href":"https:\/\/www.tafeldeko.de\/news\/wp-json\/wp\/v2\/media?parent=531"}],"wp:term":[{"taxonomy":"category","embeddable":true,"href":"https:\/\/www.tafeldeko.de\/news\/wp-json\/wp\/v2\/categories?post=531"},{"taxonomy":"post_tag","embeddable":true,"href":"https:\/\/www.tafeldeko.de\/news\/wp-json\/wp\/v2\/tags?post=531"}],"curies":[{"name":"wp","href":"https:\/\/api.w.org\/{rel}","templated":true}]}}