{"id":527,"date":"2014-06-06T18:37:16","date_gmt":"2014-06-06T16:37:16","guid":{"rendered":"http:\/\/www.tafeldeko.de\/news\/?p=527"},"modified":"2023-02-17T09:06:28","modified_gmt":"2023-02-17T08:06:28","slug":"mit-einer-sommerlichen-tischdeko-fuer-tolle-akzente-sorgen","status":"publish","type":"post","link":"https:\/\/www.tafeldeko.de\/news\/mit-einer-sommerlichen-tischdeko-fuer-tolle-akzente-sorgen\/","title":{"rendered":"Sommerliche Tischdeko f\u00fcr tolle Akzente"},"content":{"rendered":"<p>Der <b>Sommer <\/b>kommt in gro\u00dfen Schritten auf uns zu und dann wird es allerh\u00f6chste Zeit f\u00fcr eine sch\u00f6ne sommerliche Tischdeko. Gerade im Sommer sitzt man gerne auf Balkon, Terrasse oder im Garten und genie\u00dft das sch\u00f6ne Wetter. Da geht es \u00fcberwiegend um den Gem\u00fctlichkeits- und Wohlf\u00fchlcharakter und eine Tischdeko sollte hierbei nicht fehlen. Wer eine sommerliche Tischdeko zusammenstellen m\u00f6chte, kann sich an einer Vielzahl von <b><a title=\"Mustertischen\" href=\"https:\/\/www.tafeldeko.de\/index.php\/cat\/c2074_Mustertisch-Ideen.html\">Mustertischen<\/a><\/b> im Internet orientieren und inspirieren lassen. Auf dem Mustertisch wurden die unterschiedlichsten dekorativen Accessoires gekonnt in Szene gesetzt und verleihen dem Tisch das gewisse Etwas.<\/p>\n<p>\t\t\t\t\t\t\t\t\t\t\t\t<img decoding=\"async\" width=\"383\" height=\"244\" src=\"https:\/\/www.tafeldeko.de\/news\/wp-content\/uploads\/2014\/09\/Mustertisch-retro.jpg\" alt=\"Sommerliche Tischdeko\" loading=\"lazy\" srcset=\"https:\/\/www.tafeldeko.de\/news\/wp-content\/uploads\/2014\/09\/Mustertisch-retro.jpg 383w, https:\/\/www.tafeldeko.de\/news\/wp-content\/uploads\/2014\/09\/Mustertisch-retro-300x191.jpg 300w\" sizes=\"(max-width: 383px) 100vw, 383px\" \/>\t\t\t\t\t\t\t\t\t\t\t\t\t\t<\/p>\n<h2>Sommerliche Tischdeko &#8211; die richtigen Accessoires<\/h2>\n<p>Es kommt eben auf die Zusammenstellung der Accessoires an &#8211; so wird man ein tolles Ergebnis zaubern.<br \/>Die Kombination aus den bunt gemusterten Stoff Tischsets, den Rattan Kugeln in Orange oder auch den Glas Windlichtern schaffen eine sch\u00f6ne Tischdekoration, die sich definitiv sehen lassen kann. Dar\u00fcber hinaus sollte man darauf achten, dass man nicht zu viele Farben oder zu viele Deko-Artikel ins Spiel bringt, damit der Tisch am Ende nicht \u00fcberladen wirkt. Das sollte man vermeiden.<br \/>Die sommerliche Tischdeko ist nur eine M\u00f6glichkeit von vielen und man sollte zu jedem Anlass zu einer tollen Tischdeko greifen. Mit der Deko auf dem Tisch l\u00e4sst man <b>tolle Akzente<\/b> aufkommen und die G\u00e4ste werden sich wohlf\u00fchlen. Genau dies m\u00f6chte man erreichen und letztlich wird einem unvergesslichen Abend bzw. Tag nichts mehr im Wege stehen.<br \/>Nicht nur die Tischdeko ist von Wichtigkeit, sondern auch das leibliche Wohl der G\u00e4ste. Die Liebe zum Detail wird sich ausbezahlen und wenn die G\u00e4ste sich \u201ewie zu Hause\u201c f\u00fchlen. Wem dies gelingt, kann sich gl\u00fccklich sch\u00e4tzen und es wird zu einer gro\u00dfen Portion Freude kommen.<\/p>\n<p>\t\t\t<a href=\"https:\/\/www.tafeldeko.de\/tischdeko-ideen\/sommer-tischdeko\/\" role=\"button\"><br \/>\n\t\t\t\t\t\t>> Zu den Mustertischen <<\n\t\t\t\t\t<\/a><\/p>\n<h2>Weitere Beitr\u00e4ge:<\/h2>\n<h2>Dekoartikel von A-Z<\/h2>\n<p>\t\t\t\t\t<a href=\"https:\/\/www.tafeldeko.de\/tischdeko-artikel\/\"><br \/>\n\t\t\t\t\t\tJetzt entdecken\t\t\t\t\t<\/a><\/p>\n","protected":false},"excerpt":{"rendered":"<p>Der Sommer kommt in gro\u00dfen Schritten auf uns zu und dann wird es allerh\u00f6chste Zeit f\u00fcr eine sch\u00f6ne sommerliche Tischdeko. Gerade im Sommer sitzt man gerne auf Balkon, Terrasse oder im Garten und genie\u00dft das sch\u00f6ne Wetter. Da geht es \u00fcberwiegend um den Gem\u00fctlichkeits- und Wohlf\u00fchlcharakter und eine Tischdeko sollte hierbei nicht fehlen.<\/p>\n","protected":false},"author":2,"featured_media":528,"comment_status":"open","ping_status":"open","sticky":false,"template":"","format":"standard","meta":{"footnotes":""},"categories":[1],"tags":[],"yoast_head":"<!-- This site is optimized with the Yoast SEO plugin v20.4 - https:\/\/yoast.com\/wordpress\/plugins\/seo\/ -->\n<title>Sommerliche Tischdeko f\u00fcr tolle Akzente - Tafeldeko<\/title>\n<meta name=\"description\" content=\"Wer eine sommerliche Tischdeko zusammenstellen m\u00f6chte, kann sich an einer Vielzahl von Mustertischen im Internet orientieren und inspirieren lassen.\" \/>\n<meta name=\"robots\" content=\"index, follow, max-snippet:-1, max-image-preview:large, max-video-preview:-1\" \/>\n<link rel=\"canonical\" href=\"https:\/\/www.tafeldeko.de\/news\/mit-einer-sommerlichen-tischdeko-fuer-tolle-akzente-sorgen\/\" \/>\n<meta property=\"og:locale\" content=\"de_DE\" \/>\n<meta property=\"og:type\" content=\"article\" \/>\n<meta property=\"og:title\" content=\"Sommerliche Tischdeko f\u00fcr tolle Akzente - Tafeldeko\" \/>\n<meta property=\"og:description\" content=\"Wer eine sommerliche Tischdeko zusammenstellen m\u00f6chte, kann sich an einer Vielzahl von Mustertischen im Internet orientieren und inspirieren lassen.\" \/>\n<meta property=\"og:url\" content=\"https:\/\/www.tafeldeko.de\/news\/mit-einer-sommerlichen-tischdeko-fuer-tolle-akzente-sorgen\/\" \/>\n<meta property=\"og:site_name\" content=\"Tafeldeko\" \/>\n<meta property=\"article:publisher\" content=\"https:\/\/www.facebook.com\/pages\/Tafeldeko-einzigartige-Tischdekoration\/174202655894\" \/>\n<meta property=\"article:published_time\" content=\"2014-06-06T16:37:16+00:00\" \/>\n<meta property=\"article:modified_time\" content=\"2023-02-17T08:06:28+00:00\" \/>\n<meta property=\"og:image\" content=\"https:\/\/www.tafeldeko.de\/news\/wp-content\/uploads\/2014\/09\/Mustertisch-retro.jpg\" \/>\n\t<meta property=\"og:image:width\" content=\"383\" \/>\n\t<meta property=\"og:image:height\" content=\"244\" \/>\n\t<meta property=\"og:image:type\" content=\"image\/jpeg\" \/>\n<meta name=\"author\" content=\"Christiane Stein\" \/>\n<meta name=\"twitter:label1\" content=\"Verfasst von\" \/>\n\t<meta name=\"twitter:data1\" content=\"Christiane Stein\" \/>\n\t<meta name=\"twitter:label2\" content=\"Gesch\u00e4tzte Lesezeit\" \/>\n\t<meta name=\"twitter:data2\" content=\"3 Minuten\" \/>\n<script type=\"application\/ld+json\" class=\"yoast-schema-graph\">{\"@context\":\"https:\/\/schema.org\",\"@graph\":[{\"@type\":\"WebPage\",\"@id\":\"https:\/\/www.tafeldeko.de\/news\/mit-einer-sommerlichen-tischdeko-fuer-tolle-akzente-sorgen\/\",\"url\":\"https:\/\/www.tafeldeko.de\/news\/mit-einer-sommerlichen-tischdeko-fuer-tolle-akzente-sorgen\/\",\"name\":\"Sommerliche Tischdeko f\u00fcr tolle Akzente - Tafeldeko\",\"isPartOf\":{\"@id\":\"https:\/\/www.tafeldeko.de\/news\/#website\"},\"datePublished\":\"2014-06-06T16:37:16+00:00\",\"dateModified\":\"2023-02-17T08:06:28+00:00\",\"author\":{\"@id\":\"https:\/\/www.tafeldeko.de\/news\/#\/schema\/person\/d2acd86447ed0b6336089a8ba83164a0\"},\"description\":\"Wer eine sommerliche Tischdeko zusammenstellen m\u00f6chte, kann sich an einer Vielzahl von Mustertischen im Internet orientieren und inspirieren lassen.\",\"breadcrumb\":{\"@id\":\"https:\/\/www.tafeldeko.de\/news\/mit-einer-sommerlichen-tischdeko-fuer-tolle-akzente-sorgen\/#breadcrumb\"},\"inLanguage\":\"de-DE\",\"potentialAction\":[{\"@type\":\"ReadAction\",\"target\":[\"https:\/\/www.tafeldeko.de\/news\/mit-einer-sommerlichen-tischdeko-fuer-tolle-akzente-sorgen\/\"]}]},{\"@type\":\"BreadcrumbList\",\"@id\":\"https:\/\/www.tafeldeko.de\/news\/mit-einer-sommerlichen-tischdeko-fuer-tolle-akzente-sorgen\/#breadcrumb\",\"itemListElement\":[{\"@type\":\"ListItem\",\"position\":1,\"name\":\"Tafeldeko\",\"item\":\"https:\/\/www.tafeldeko.de\/news\/\"},{\"@type\":\"ListItem\",\"position\":2,\"name\":\"Alte Beitr\u00e4ge\",\"item\":\"https:\/\/www.tafeldeko.de\/news\/alte-beitraege\/\"},{\"@type\":\"ListItem\",\"position\":3,\"name\":\"Tischdeko - Blog\",\"item\":\"https:\/\/www.tafeldeko.de\/news\/alte-beitraege\/tischdeko-blog\/\"},{\"@type\":\"ListItem\",\"position\":4,\"name\":\"Sommerliche Tischdeko f\u00fcr tolle Akzente\"}]},{\"@type\":\"WebSite\",\"@id\":\"https:\/\/www.tafeldeko.de\/news\/#website\",\"url\":\"https:\/\/www.tafeldeko.de\/news\/\",\"name\":\"Tafeldeko\",\"description\":\"Blog mit Tischdeko und Tischdekoration Ideen\",\"potentialAction\":[{\"@type\":\"SearchAction\",\"target\":{\"@type\":\"EntryPoint\",\"urlTemplate\":\"https:\/\/www.tafeldeko.de\/news\/?s={search_term_string}\"},\"query-input\":\"required name=search_term_string\"}],\"inLanguage\":\"de-DE\"},{\"@type\":\"Person\",\"@id\":\"https:\/\/www.tafeldeko.de\/news\/#\/schema\/person\/d2acd86447ed0b6336089a8ba83164a0\",\"name\":\"Christiane Stein\",\"image\":{\"@type\":\"ImageObject\",\"inLanguage\":\"de-DE\",\"@id\":\"https:\/\/www.tafeldeko.de\/news\/#\/schema\/person\/image\/\",\"url\":\"https:\/\/secure.gravatar.com\/avatar\/2054729fbfd1ebc9d3cf1fd55361d0b6?s=96&d=mm&r=g\",\"contentUrl\":\"https:\/\/secure.gravatar.com\/avatar\/2054729fbfd1ebc9d3cf1fd55361d0b6?s=96&d=mm&r=g\",\"caption\":\"Christiane Stein\"}}]}<\/script>\n<!-- \/ Yoast SEO plugin. -->","yoast_head_json":{"title":"Sommerliche Tischdeko f\u00fcr tolle Akzente - Tafeldeko","description":"Wer eine sommerliche Tischdeko zusammenstellen m\u00f6chte, kann sich an einer Vielzahl von Mustertischen im Internet orientieren und inspirieren lassen.","robots":{"index":"index","follow":"follow","max-snippet":"max-snippet:-1","max-image-preview":"max-image-preview:large","max-video-preview":"max-video-preview:-1"},"canonical":"https:\/\/www.tafeldeko.de\/news\/mit-einer-sommerlichen-tischdeko-fuer-tolle-akzente-sorgen\/","og_locale":"de_DE","og_type":"article","og_title":"Sommerliche Tischdeko f\u00fcr tolle Akzente - Tafeldeko","og_description":"Wer eine sommerliche Tischdeko zusammenstellen m\u00f6chte, kann sich an einer Vielzahl von Mustertischen im Internet orientieren und inspirieren lassen.","og_url":"https:\/\/www.tafeldeko.de\/news\/mit-einer-sommerlichen-tischdeko-fuer-tolle-akzente-sorgen\/","og_site_name":"Tafeldeko","article_publisher":"https:\/\/www.facebook.com\/pages\/Tafeldeko-einzigartige-Tischdekoration\/174202655894","article_published_time":"2014-06-06T16:37:16+00:00","article_modified_time":"2023-02-17T08:06:28+00:00","og_image":[{"width":383,"height":244,"url":"https:\/\/www.tafeldeko.de\/news\/wp-content\/uploads\/2014\/09\/Mustertisch-retro.jpg","type":"image\/jpeg"}],"author":"Christiane Stein","twitter_misc":{"Verfasst von":"Christiane Stein","Gesch\u00e4tzte Lesezeit":"3 Minuten"},"schema":{"@context":"https:\/\/schema.org","@graph":[{"@type":"WebPage","@id":"https:\/\/www.tafeldeko.de\/news\/mit-einer-sommerlichen-tischdeko-fuer-tolle-akzente-sorgen\/","url":"https:\/\/www.tafeldeko.de\/news\/mit-einer-sommerlichen-tischdeko-fuer-tolle-akzente-sorgen\/","name":"Sommerliche Tischdeko f\u00fcr tolle Akzente - Tafeldeko","isPartOf":{"@id":"https:\/\/www.tafeldeko.de\/news\/#website"},"datePublished":"2014-06-06T16:37:16+00:00","dateModified":"2023-02-17T08:06:28+00:00","author":{"@id":"https:\/\/www.tafeldeko.de\/news\/#\/schema\/person\/d2acd86447ed0b6336089a8ba83164a0"},"description":"Wer eine sommerliche Tischdeko zusammenstellen m\u00f6chte, kann sich an einer Vielzahl von Mustertischen im Internet orientieren und inspirieren lassen.","breadcrumb":{"@id":"https:\/\/www.tafeldeko.de\/news\/mit-einer-sommerlichen-tischdeko-fuer-tolle-akzente-sorgen\/#breadcrumb"},"inLanguage":"de-DE","potentialAction":[{"@type":"ReadAction","target":["https:\/\/www.tafeldeko.de\/news\/mit-einer-sommerlichen-tischdeko-fuer-tolle-akzente-sorgen\/"]}]},{"@type":"BreadcrumbList","@id":"https:\/\/www.tafeldeko.de\/news\/mit-einer-sommerlichen-tischdeko-fuer-tolle-akzente-sorgen\/#breadcrumb","itemListElement":[{"@type":"ListItem","position":1,"name":"Tafeldeko","item":"https:\/\/www.tafeldeko.de\/news\/"},{"@type":"ListItem","position":2,"name":"Alte Beitr\u00e4ge","item":"https:\/\/www.tafeldeko.de\/news\/alte-beitraege\/"},{"@type":"ListItem","position":3,"name":"Tischdeko - Blog","item":"https:\/\/www.tafeldeko.de\/news\/alte-beitraege\/tischdeko-blog\/"},{"@type":"ListItem","position":4,"name":"Sommerliche Tischdeko f\u00fcr tolle Akzente"}]},{"@type":"WebSite","@id":"https:\/\/www.tafeldeko.de\/news\/#website","url":"https:\/\/www.tafeldeko.de\/news\/","name":"Tafeldeko","description":"Blog mit Tischdeko und Tischdekoration Ideen","potentialAction":[{"@type":"SearchAction","target":{"@type":"EntryPoint","urlTemplate":"https:\/\/www.tafeldeko.de\/news\/?s={search_term_string}"},"query-input":"required name=search_term_string"}],"inLanguage":"de-DE"},{"@type":"Person","@id":"https:\/\/www.tafeldeko.de\/news\/#\/schema\/person\/d2acd86447ed0b6336089a8ba83164a0","name":"Christiane Stein","image":{"@type":"ImageObject","inLanguage":"de-DE","@id":"https:\/\/www.tafeldeko.de\/news\/#\/schema\/person\/image\/","url":"https:\/\/secure.gravatar.com\/avatar\/2054729fbfd1ebc9d3cf1fd55361d0b6?s=96&d=mm&r=g","contentUrl":"https:\/\/secure.gravatar.com\/avatar\/2054729fbfd1ebc9d3cf1fd55361d0b6?s=96&d=mm&r=g","caption":"Christiane Stein"}}]}},"_links":{"self":[{"href":"https:\/\/www.tafeldeko.de\/news\/wp-json\/wp\/v2\/posts\/527"}],"collection":[{"href":"https:\/\/www.tafeldeko.de\/news\/wp-json\/wp\/v2\/posts"}],"about":[{"href":"https:\/\/www.tafeldeko.de\/news\/wp-json\/wp\/v2\/types\/post"}],"author":[{"embeddable":true,"href":"https:\/\/www.tafeldeko.de\/news\/wp-json\/wp\/v2\/users\/2"}],"replies":[{"embeddable":true,"href":"https:\/\/www.tafeldeko.de\/news\/wp-json\/wp\/v2\/comments?post=527"}],"version-history":[{"count":4,"href":"https:\/\/www.tafeldeko.de\/news\/wp-json\/wp\/v2\/posts\/527\/revisions"}],"predecessor-version":[{"id":23713,"href":"https:\/\/www.tafeldeko.de\/news\/wp-json\/wp\/v2\/posts\/527\/revisions\/23713"}],"wp:featuredmedia":[{"embeddable":true,"href":"https:\/\/www.tafeldeko.de\/news\/wp-json\/wp\/v2\/media\/528"}],"wp:attachment":[{"href":"https:\/\/www.tafeldeko.de\/news\/wp-json\/wp\/v2\/media?parent=527"}],"wp:term":[{"taxonomy":"category","embeddable":true,"href":"https:\/\/www.tafeldeko.de\/news\/wp-json\/wp\/v2\/categories?post=527"},{"taxonomy":"post_tag","embeddable":true,"href":"https:\/\/www.tafeldeko.de\/news\/wp-json\/wp\/v2\/tags?post=527"}],"curies":[{"name":"wp","href":"https:\/\/api.w.org\/{rel}","templated":true}]}}