{"id":523,"date":"2014-05-09T08:46:16","date_gmt":"2014-05-09T06:46:16","guid":{"rendered":"http:\/\/www.tafeldeko.de\/news\/?p=523"},"modified":"2023-02-17T12:28:25","modified_gmt":"2023-02-17T11:28:25","slug":"eine-gartenparty-organisieren-da-darf-die-tischdeko-nicht-in-vergessenheit-geraten","status":"publish","type":"post","link":"https:\/\/www.tafeldeko.de\/news\/eine-gartenparty-organisieren-da-darf-die-tischdeko-nicht-in-vergessenheit-geraten\/","title":{"rendered":"Eine Gartenparty organisieren- da darf die Tischdeko nicht in Vergessenheit geraten"},"content":{"rendered":"<p>Eine Lieblingsbesch\u00e4ftigung im Sommer ist h\u00e4ufig das Grillen und stellt eine besondere Art des Entspannens dar. Nach dem Feierabend oder auch am Wochenende ist es sch\u00f6n, Freunde zum Grillen einzuladen, sowie W\u00fcrstchen und Schwenkbraten vom Grill zu genie\u00dfen. Die Beilagen, wie Salate oder auch Baguette machen die <b>Gartenparty <\/b>zu einem wahren Gaumenschmaus &#8211; da sollte f\u00fcr jeden Gast etwas Leckers zum Essen zu finden sein. Wir zeigen euch heute wie ihr ganz einfach eine Gartenparty organisieren k\u00f6nnt.<\/p>\n<p><img decoding=\"async\" loading=\"lazy\" src=\"https:\/\/www.tafeldeko.de\/news\/wp-content\/uploads\/2014\/09\/konfetti_sommergarten.jpg\" alt=\"Gartenparty organisieren\" width=\"136\" height=\"136\" \/><\/p>\n<h2>Gartenparty organisieren &#8211; wir zeigen euch wie!<\/h2>\n<p>Da das Auge bekanntlich mitisst, ist die <b>Tischdeko f\u00fcr die Gartenparty<\/b> auch ein wichtiger Punkt.<br \/>\nEine <b>sch\u00f6ne Atmosph\u00e4re<\/b> w\u00fcnscht man sich auch f\u00fcr die Gartenparty mit der Familie und Freunden. Um Farbe auf den Tisch zu bringen, sind die \u201eKonfetti Sommergarten\u201c eine sehr sch\u00f6ne M\u00f6glichkeit. Die Konfetti sorgen f\u00fcr eine au\u00dfergew\u00f6hnliche Tischdeko, die bei den G\u00e4sten Begeisterung ausl\u00f6sen wird. Schlie\u00dflich kommt Farbe auf den Tisch und im Garten ist es keinesfalls schlimm, wenn einige der Kunststoff-Konfetti herumfliegen sollten.<br \/>\nAuch <b><a title=\"Kerzen\" href=\"https:\/\/www.tafeldeko.de\/index.php\/cat\/c528_Runde-Stumpenkerzen.html\">Kerzen<\/a><\/b>, Windlichtgl\u00e4ser in sch\u00f6nen Farben oder kleine K\u00f6stlichkeiten, wie Oliven, Dips oder Brot k\u00f6nnen ihren Platz auf dem Tisch finden. F\u00fcr die Gartenparty kommt alles in Fragen, was zum Anlass passt und den Tisch <b>optisch aufwertet<\/b>.<br \/>\nZu jedem Anlass &#8211; ob zur Gartenparty, Taufe, Hochzeit oder zum Geburtstag &#8211; die Tischdeko darf unter keinen Umst\u00e4nden fehlen. Erst ein stimmiges Gesamtbild macht den Tag perfekt und l\u00e4sst Freude aufkommen. Sobald sich die G\u00e4ste wohlf\u00fchlen, ist man als Gastgeber gl\u00fccklich und wei\u00df, dass sich die Arbeit und M\u00fche gelohnt haben. F\u00fcr Ideen und Anregungen rund um das Thema \u201eTischdekoration\u201c ist das Internet eine ideale Informationsquelle f\u00fcr Jung und Alt.<br \/>\nLassen Sie sich von den <b><a title=\"Mustertischen\" href=\"https:\/\/www.tafeldeko.de\/index.php\/cat\/c2074_Mustertisch-Ideen.html\">Mustertischen<\/a><\/b> von Tafeldeko inspirieren, Sie werden von den M\u00f6glichkeiten der Tischdekoration begeistert sein.<\/p>\n<p><a role=\"button\" href=\"https:\/\/www.tafeldeko.de\/tischdeko-ideen\/sommer-tischdeko\/\"><br \/>\n&gt;&gt; Zu den Mustertischen &lt;&lt;<br \/>\n<\/a><\/p>\n<h2>Weitere Beitr\u00e4ge:<\/h2>\n<h2>Dekoartikel von A-Z<\/h2>\n<p><a href=\"https:\/\/www.tafeldeko.de\/tischdeko-artikel\/\"><br \/>\nJetzt entdecken <\/a><\/p>\n","protected":false},"excerpt":{"rendered":"<p>Eine Lieblingsbesch\u00e4ftigung im Sommer ist h\u00e4ufig das Grillen und stellt eine besondere Art des Entspannens dar. Nach dem Feierabend oder auch am Wochenende ist es sch\u00f6n, Freunde zum Grillen einzuladen, sowie W\u00fcrstchen und Schwenkbraten vom Grill zu genie\u00dfen. Die Beilagen, wie Salate oder auch Baguette machen die Gartenparty zu einem wahren Gaumenschmaus &#8211; da sollte f\u00fcr jeden Gast etwas Leckers zum Essen zu finden sein.<br \/>\nDa das Auge bekanntlich mitisst, ist die Tischdeko f\u00fcr die Gartenparty auch ein wichtiger Punkt.<\/p>\n","protected":false},"author":2,"featured_media":524,"comment_status":"open","ping_status":"open","sticky":false,"template":"","format":"standard","meta":{"footnotes":""},"categories":[1],"tags":[],"yoast_head":"<!-- This site is optimized with the Yoast SEO plugin v20.4 - https:\/\/yoast.com\/wordpress\/plugins\/seo\/ -->\n<title>Eine Gartenparty organisieren- da darf die Tischdeko nicht in Vergessenheit geraten - Tafeldeko<\/title>\n<meta name=\"description\" content=\"Gartenparty organisieren. Da das Auge bekanntlich mitisst, ist dieTischdeko f\u00fcr die Gartenparty auch ein wichtiger Punkt. Ideen und ...\" \/>\n<meta name=\"robots\" content=\"index, follow, max-snippet:-1, max-image-preview:large, max-video-preview:-1\" \/>\n<link rel=\"canonical\" href=\"https:\/\/www.tafeldeko.de\/news\/eine-gartenparty-organisieren-da-darf-die-tischdeko-nicht-in-vergessenheit-geraten\/\" \/>\n<meta property=\"og:locale\" content=\"de_DE\" \/>\n<meta property=\"og:type\" content=\"article\" \/>\n<meta property=\"og:title\" content=\"Eine Gartenparty organisieren- da darf die Tischdeko nicht in Vergessenheit geraten - Tafeldeko\" \/>\n<meta property=\"og:description\" content=\"Gartenparty organisieren. Da das Auge bekanntlich mitisst, ist dieTischdeko f\u00fcr die Gartenparty auch ein wichtiger Punkt. Ideen und ...\" \/>\n<meta property=\"og:url\" content=\"https:\/\/www.tafeldeko.de\/news\/eine-gartenparty-organisieren-da-darf-die-tischdeko-nicht-in-vergessenheit-geraten\/\" \/>\n<meta property=\"og:site_name\" content=\"Tafeldeko\" \/>\n<meta property=\"article:publisher\" content=\"https:\/\/www.facebook.com\/pages\/Tafeldeko-einzigartige-Tischdekoration\/174202655894\" \/>\n<meta property=\"article:published_time\" content=\"2014-05-09T06:46:16+00:00\" \/>\n<meta property=\"article:modified_time\" content=\"2023-02-17T11:28:25+00:00\" \/>\n<meta property=\"og:image\" content=\"https:\/\/www.tafeldeko.de\/news\/wp-content\/uploads\/2014\/09\/konfetti_sommergarten.jpg\" \/>\n\t<meta property=\"og:image:width\" content=\"136\" \/>\n\t<meta property=\"og:image:height\" content=\"136\" \/>\n\t<meta property=\"og:image:type\" content=\"image\/jpeg\" \/>\n<meta name=\"author\" content=\"Christiane Stein\" \/>\n<meta name=\"twitter:label1\" content=\"Verfasst von\" \/>\n\t<meta name=\"twitter:data1\" content=\"Christiane Stein\" \/>\n\t<meta name=\"twitter:label2\" content=\"Gesch\u00e4tzte Lesezeit\" \/>\n\t<meta name=\"twitter:data2\" content=\"2 Minuten\" \/>\n<script type=\"application\/ld+json\" class=\"yoast-schema-graph\">{\"@context\":\"https:\/\/schema.org\",\"@graph\":[{\"@type\":\"WebPage\",\"@id\":\"https:\/\/www.tafeldeko.de\/news\/eine-gartenparty-organisieren-da-darf-die-tischdeko-nicht-in-vergessenheit-geraten\/\",\"url\":\"https:\/\/www.tafeldeko.de\/news\/eine-gartenparty-organisieren-da-darf-die-tischdeko-nicht-in-vergessenheit-geraten\/\",\"name\":\"Eine Gartenparty organisieren- da darf die Tischdeko nicht in Vergessenheit geraten - Tafeldeko\",\"isPartOf\":{\"@id\":\"https:\/\/www.tafeldeko.de\/news\/#website\"},\"datePublished\":\"2014-05-09T06:46:16+00:00\",\"dateModified\":\"2023-02-17T11:28:25+00:00\",\"author\":{\"@id\":\"https:\/\/www.tafeldeko.de\/news\/#\/schema\/person\/d2acd86447ed0b6336089a8ba83164a0\"},\"description\":\"Gartenparty organisieren. Da das Auge bekanntlich mitisst, ist dieTischdeko f\u00fcr die Gartenparty auch ein wichtiger Punkt. Ideen und ...\",\"breadcrumb\":{\"@id\":\"https:\/\/www.tafeldeko.de\/news\/eine-gartenparty-organisieren-da-darf-die-tischdeko-nicht-in-vergessenheit-geraten\/#breadcrumb\"},\"inLanguage\":\"de-DE\",\"potentialAction\":[{\"@type\":\"ReadAction\",\"target\":[\"https:\/\/www.tafeldeko.de\/news\/eine-gartenparty-organisieren-da-darf-die-tischdeko-nicht-in-vergessenheit-geraten\/\"]}]},{\"@type\":\"BreadcrumbList\",\"@id\":\"https:\/\/www.tafeldeko.de\/news\/eine-gartenparty-organisieren-da-darf-die-tischdeko-nicht-in-vergessenheit-geraten\/#breadcrumb\",\"itemListElement\":[{\"@type\":\"ListItem\",\"position\":1,\"name\":\"Tafeldeko\",\"item\":\"https:\/\/www.tafeldeko.de\/news\/\"},{\"@type\":\"ListItem\",\"position\":2,\"name\":\"Alte Beitr\u00e4ge\",\"item\":\"https:\/\/www.tafeldeko.de\/news\/alte-beitraege\/\"},{\"@type\":\"ListItem\",\"position\":3,\"name\":\"Tischdeko - Blog\",\"item\":\"https:\/\/www.tafeldeko.de\/news\/alte-beitraege\/tischdeko-blog\/\"},{\"@type\":\"ListItem\",\"position\":4,\"name\":\"Eine Gartenparty organisieren- da darf die Tischdeko nicht in Vergessenheit geraten\"}]},{\"@type\":\"WebSite\",\"@id\":\"https:\/\/www.tafeldeko.de\/news\/#website\",\"url\":\"https:\/\/www.tafeldeko.de\/news\/\",\"name\":\"Tafeldeko\",\"description\":\"Blog mit Tischdeko und Tischdekoration Ideen\",\"potentialAction\":[{\"@type\":\"SearchAction\",\"target\":{\"@type\":\"EntryPoint\",\"urlTemplate\":\"https:\/\/www.tafeldeko.de\/news\/?s={search_term_string}\"},\"query-input\":\"required name=search_term_string\"}],\"inLanguage\":\"de-DE\"},{\"@type\":\"Person\",\"@id\":\"https:\/\/www.tafeldeko.de\/news\/#\/schema\/person\/d2acd86447ed0b6336089a8ba83164a0\",\"name\":\"Christiane Stein\",\"image\":{\"@type\":\"ImageObject\",\"inLanguage\":\"de-DE\",\"@id\":\"https:\/\/www.tafeldeko.de\/news\/#\/schema\/person\/image\/\",\"url\":\"https:\/\/secure.gravatar.com\/avatar\/2054729fbfd1ebc9d3cf1fd55361d0b6?s=96&d=mm&r=g\",\"contentUrl\":\"https:\/\/secure.gravatar.com\/avatar\/2054729fbfd1ebc9d3cf1fd55361d0b6?s=96&d=mm&r=g\",\"caption\":\"Christiane Stein\"}}]}<\/script>\n<!-- \/ Yoast SEO plugin. -->","yoast_head_json":{"title":"Eine Gartenparty organisieren- da darf die Tischdeko nicht in Vergessenheit geraten - Tafeldeko","description":"Gartenparty organisieren. Da das Auge bekanntlich mitisst, ist dieTischdeko f\u00fcr die Gartenparty auch ein wichtiger Punkt. Ideen und ...","robots":{"index":"index","follow":"follow","max-snippet":"max-snippet:-1","max-image-preview":"max-image-preview:large","max-video-preview":"max-video-preview:-1"},"canonical":"https:\/\/www.tafeldeko.de\/news\/eine-gartenparty-organisieren-da-darf-die-tischdeko-nicht-in-vergessenheit-geraten\/","og_locale":"de_DE","og_type":"article","og_title":"Eine Gartenparty organisieren- da darf die Tischdeko nicht in Vergessenheit geraten - Tafeldeko","og_description":"Gartenparty organisieren. Da das Auge bekanntlich mitisst, ist dieTischdeko f\u00fcr die Gartenparty auch ein wichtiger Punkt. Ideen und ...","og_url":"https:\/\/www.tafeldeko.de\/news\/eine-gartenparty-organisieren-da-darf-die-tischdeko-nicht-in-vergessenheit-geraten\/","og_site_name":"Tafeldeko","article_publisher":"https:\/\/www.facebook.com\/pages\/Tafeldeko-einzigartige-Tischdekoration\/174202655894","article_published_time":"2014-05-09T06:46:16+00:00","article_modified_time":"2023-02-17T11:28:25+00:00","og_image":[{"width":136,"height":136,"url":"https:\/\/www.tafeldeko.de\/news\/wp-content\/uploads\/2014\/09\/konfetti_sommergarten.jpg","type":"image\/jpeg"}],"author":"Christiane Stein","twitter_misc":{"Verfasst von":"Christiane Stein","Gesch\u00e4tzte Lesezeit":"2 Minuten"},"schema":{"@context":"https:\/\/schema.org","@graph":[{"@type":"WebPage","@id":"https:\/\/www.tafeldeko.de\/news\/eine-gartenparty-organisieren-da-darf-die-tischdeko-nicht-in-vergessenheit-geraten\/","url":"https:\/\/www.tafeldeko.de\/news\/eine-gartenparty-organisieren-da-darf-die-tischdeko-nicht-in-vergessenheit-geraten\/","name":"Eine Gartenparty organisieren- da darf die Tischdeko nicht in Vergessenheit geraten - Tafeldeko","isPartOf":{"@id":"https:\/\/www.tafeldeko.de\/news\/#website"},"datePublished":"2014-05-09T06:46:16+00:00","dateModified":"2023-02-17T11:28:25+00:00","author":{"@id":"https:\/\/www.tafeldeko.de\/news\/#\/schema\/person\/d2acd86447ed0b6336089a8ba83164a0"},"description":"Gartenparty organisieren. Da das Auge bekanntlich mitisst, ist dieTischdeko f\u00fcr die Gartenparty auch ein wichtiger Punkt. Ideen und ...","breadcrumb":{"@id":"https:\/\/www.tafeldeko.de\/news\/eine-gartenparty-organisieren-da-darf-die-tischdeko-nicht-in-vergessenheit-geraten\/#breadcrumb"},"inLanguage":"de-DE","potentialAction":[{"@type":"ReadAction","target":["https:\/\/www.tafeldeko.de\/news\/eine-gartenparty-organisieren-da-darf-die-tischdeko-nicht-in-vergessenheit-geraten\/"]}]},{"@type":"BreadcrumbList","@id":"https:\/\/www.tafeldeko.de\/news\/eine-gartenparty-organisieren-da-darf-die-tischdeko-nicht-in-vergessenheit-geraten\/#breadcrumb","itemListElement":[{"@type":"ListItem","position":1,"name":"Tafeldeko","item":"https:\/\/www.tafeldeko.de\/news\/"},{"@type":"ListItem","position":2,"name":"Alte Beitr\u00e4ge","item":"https:\/\/www.tafeldeko.de\/news\/alte-beitraege\/"},{"@type":"ListItem","position":3,"name":"Tischdeko - Blog","item":"https:\/\/www.tafeldeko.de\/news\/alte-beitraege\/tischdeko-blog\/"},{"@type":"ListItem","position":4,"name":"Eine Gartenparty organisieren- da darf die Tischdeko nicht in Vergessenheit geraten"}]},{"@type":"WebSite","@id":"https:\/\/www.tafeldeko.de\/news\/#website","url":"https:\/\/www.tafeldeko.de\/news\/","name":"Tafeldeko","description":"Blog mit Tischdeko und Tischdekoration Ideen","potentialAction":[{"@type":"SearchAction","target":{"@type":"EntryPoint","urlTemplate":"https:\/\/www.tafeldeko.de\/news\/?s={search_term_string}"},"query-input":"required name=search_term_string"}],"inLanguage":"de-DE"},{"@type":"Person","@id":"https:\/\/www.tafeldeko.de\/news\/#\/schema\/person\/d2acd86447ed0b6336089a8ba83164a0","name":"Christiane Stein","image":{"@type":"ImageObject","inLanguage":"de-DE","@id":"https:\/\/www.tafeldeko.de\/news\/#\/schema\/person\/image\/","url":"https:\/\/secure.gravatar.com\/avatar\/2054729fbfd1ebc9d3cf1fd55361d0b6?s=96&d=mm&r=g","contentUrl":"https:\/\/secure.gravatar.com\/avatar\/2054729fbfd1ebc9d3cf1fd55361d0b6?s=96&d=mm&r=g","caption":"Christiane Stein"}}]}},"_links":{"self":[{"href":"https:\/\/www.tafeldeko.de\/news\/wp-json\/wp\/v2\/posts\/523"}],"collection":[{"href":"https:\/\/www.tafeldeko.de\/news\/wp-json\/wp\/v2\/posts"}],"about":[{"href":"https:\/\/www.tafeldeko.de\/news\/wp-json\/wp\/v2\/types\/post"}],"author":[{"embeddable":true,"href":"https:\/\/www.tafeldeko.de\/news\/wp-json\/wp\/v2\/users\/2"}],"replies":[{"embeddable":true,"href":"https:\/\/www.tafeldeko.de\/news\/wp-json\/wp\/v2\/comments?post=523"}],"version-history":[{"count":8,"href":"https:\/\/www.tafeldeko.de\/news\/wp-json\/wp\/v2\/posts\/523\/revisions"}],"predecessor-version":[{"id":23738,"href":"https:\/\/www.tafeldeko.de\/news\/wp-json\/wp\/v2\/posts\/523\/revisions\/23738"}],"wp:featuredmedia":[{"embeddable":true,"href":"https:\/\/www.tafeldeko.de\/news\/wp-json\/wp\/v2\/media\/524"}],"wp:attachment":[{"href":"https:\/\/www.tafeldeko.de\/news\/wp-json\/wp\/v2\/media?parent=523"}],"wp:term":[{"taxonomy":"category","embeddable":true,"href":"https:\/\/www.tafeldeko.de\/news\/wp-json\/wp\/v2\/categories?post=523"},{"taxonomy":"post_tag","embeddable":true,"href":"https:\/\/www.tafeldeko.de\/news\/wp-json\/wp\/v2\/tags?post=523"}],"curies":[{"name":"wp","href":"https:\/\/api.w.org\/{rel}","templated":true}]}}